{"id":41404,"date":"2026-09-03T18:20:20","date_gmt":"2026-09-03T21:20:20","guid":{"rendered":"https:\/\/webpe.colegiomayor.cl\/?p=41404"},"modified":"2026-09-03T18:20:43","modified_gmt":"2026-09-03T21:20:43","slug":"actividades-deportivas-sabado-5-de-septiembre","status":"publish","type":"post","link":"https:\/\/webpe.colegiomayor.cl\/?p=41404","title":{"rendered":"Actividades deportivas &#8211; S\u00e1bado 5 de septiembre"},"content":{"rendered":"\n<figure class=\"wp-block-table\"><table class=\"has-black-color has-pale-pink-background-color has-text-color has-background has-link-color has-fixed-layout\"><tbody><tr><td class=\"has-text-align-center\" data-align=\"center\"><strong>SELECCI\u00d3N<\/strong><strong><\/strong><\/td><td class=\"has-text-align-center\" data-align=\"center\" colspan=\"2\"><strong>ATLETISMO<\/strong><strong><\/strong> <strong>S\u00e1bado 5 de Septiembre<\/strong><\/td><\/tr><tr><td class=\"has-text-align-center\" data-align=\"center\"><strong>Torneo o entrenamiento<\/strong><\/td><td class=\"has-text-align-center\" data-align=\"center\">Grand Prix UC 4ta Fecha<\/td><td class=\"has-text-align-center\" data-align=\"center\">Grand Prix UC 4ta Fecha<\/td><\/tr><tr><td class=\"has-text-align-center\" data-align=\"center\"><strong>Categor\u00edas<\/strong><strong><\/strong><\/td><td class=\"has-text-align-center\" data-align=\"center\">Preparatoria<\/td><td class=\"has-text-align-center\" data-align=\"center\">Infantil<\/td><\/tr><tr><td class=\"has-text-align-center\" data-align=\"center\"><strong>Horario de citaci\u00f3n<\/strong><\/td><td class=\"has-text-align-center\" data-align=\"center\">Presentarse 1 hora antes de su competencia<\/td><td class=\"has-text-align-center\" data-align=\"center\">Presentarse 1 hora antes de su competencia<\/td><\/tr><tr><td class=\"has-text-align-center\" data-align=\"center\"><strong>Horario de partido o competencia<\/strong><\/td><td class=\"has-text-align-center\" data-align=\"center\">&#8211;\u00a0<\/td><td class=\"has-text-align-center\" data-align=\"center\">\u00a0&#8211;<\/td><\/tr><tr><td class=\"has-text-align-center\" data-align=\"center\"><strong>Lugar de Entrenamiento<\/strong><\/td><td class=\"has-text-align-center\" data-align=\"center\">\u00a0&#8211;<\/td><td class=\"has-text-align-center\" data-align=\"center\">\u00a0&#8211;<\/td><\/tr><tr><td class=\"has-text-align-center\" data-align=\"center\"><strong>Lugar o direcci\u00f3n de competencia<\/strong><\/td><td class=\"has-text-align-center\" data-align=\"center\">Estadio San Carlos de Apoquindo<\/td><td class=\"has-text-align-center\" data-align=\"center\">Estadio San Carlos de Apoquindo<\/td><\/tr><tr><td class=\"has-text-align-center\" data-align=\"center\"><strong>Entrenadores<\/strong> <strong>A cargo<\/strong><\/td><td class=\"has-text-align-center\" data-align=\"center\">\u00darsula Rebolledo <br>Carlos Soto<\/td><td class=\"has-text-align-center\" data-align=\"center\">Mario G\u00f3mez <br>Claudio Ulloa<\/td><\/tr><\/tbody><\/table><\/figure>\n\n\n\n<h5 class=\"wp-block-heading\">***Entrenamiento Suspendido s\u00e1bado 5 de septiembre<\/h5>\n\n\n\n<p class=\"wp-block-paragraph\"><strong><em><br><\/em><\/strong><\/p>\n\n\n\n<figure class=\"wp-block-table\"><table class=\"has-black-color has-pale-pink-background-color has-text-color has-background has-link-color has-fixed-layout\"><tbody><tr><td><strong>SELECCI\u00d3N<\/strong><strong><\/strong><\/td><td class=\"has-text-align-center\" data-align=\"center\" colspan=\"4\"><strong>ATLETISMO<\/strong> <strong>Domingo 6 de Septiembre<\/strong><\/td><\/tr><tr><td><strong>Torneo o entrenamiento<\/strong><\/td><td class=\"has-text-align-center\" data-align=\"center\">Cross Country<\/td><td class=\"has-text-align-center\" data-align=\"center\">Cross Country<\/td><td class=\"has-text-align-center\" data-align=\"center\">Cross Country<\/td><td class=\"has-text-align-center\" data-align=\"center\">Cross Country<\/td><\/tr><tr><td><strong>Categor\u00edas<\/strong><strong><\/strong><\/td><td class=\"has-text-align-center\" data-align=\"center\">Preparatoria<\/td><td class=\"has-text-align-center\" data-align=\"center\">Infantil<\/td><td class=\"has-text-align-center\" data-align=\"center\">Intermedia<\/td><td class=\"has-text-align-center\" data-align=\"center\">Superior<\/td><\/tr><tr><td><strong>Horario de citaci\u00f3n<\/strong><\/td><td class=\"has-text-align-center\" data-align=\"center\">09:00<\/td><td class=\"has-text-align-center\" data-align=\"center\">09:00<\/td><td class=\"has-text-align-center\" data-align=\"center\">09:00<\/td><td class=\"has-text-align-center\" data-align=\"center\">09:00<\/td><\/tr><tr><td><strong>Horario de partido o competencia<\/strong><\/td><td class=\"has-text-align-center\" data-align=\"center\">&#8211;<\/td><td class=\"has-text-align-center\" data-align=\"center\">&#8211;<\/td><td class=\"has-text-align-center\" data-align=\"center\">&#8211;<\/td><td class=\"has-text-align-center\" data-align=\"center\">&#8211;<\/td><\/tr><tr><td><strong>Lugar de Entrenamiento<\/strong><\/td><td class=\"has-text-align-center\" data-align=\"center\">&#8211;<\/td><td class=\"has-text-align-center\" data-align=\"center\">&#8211;<\/td><td class=\"has-text-align-center\" data-align=\"center\">&#8211;<\/td><td class=\"has-text-align-center\" data-align=\"center\">&#8211;<\/td><\/tr><tr><td><strong>Lugar o direcci\u00f3n de competencia<\/strong><\/td><td class=\"has-text-align-center\" data-align=\"center\">Parque Tegualda de Talagante, ubicada en Avda. Bernardo O\u2019Higgins # 3201, de la comuna de Talagante.<\/td><td class=\"has-text-align-center\" data-align=\"center\">Parque Tegualda de Talagante, ubicada en Avda. Bernardo O\u2019Higgins # 3201, de la comuna de Talagante.<\/td><td class=\"has-text-align-center\" data-align=\"center\">Parque Tegualda de Talagante, ubicada en Avda. Bernardo O\u2019Higgins # 3201, de la comuna de Talagante.<\/td><td class=\"has-text-align-center\" data-align=\"center\">Parque Tegualda de Talagante, ubicada en Avda. Bernardo O\u2019Higgins # 3201, de la comuna de Talagante.<\/td><\/tr><tr><td><strong>Entrenadores<\/strong> <strong>A cargo<\/strong><\/td><td class=\"has-text-align-center\" data-align=\"center\">Claudio Ulloa<\/td><td class=\"has-text-align-center\" data-align=\"center\">Claudio Ulloa<\/td><td class=\"has-text-align-center\" data-align=\"center\">Claudio Ulloa<\/td><td class=\"has-text-align-center\" data-align=\"center\">Claudio Ulloa<\/td><\/tr><\/tbody><\/table><\/figure>\n\n\n\n<figure class=\"wp-block-table\"><table class=\"has-black-color has-vivid-purple-background-color has-text-color has-background has-link-color has-fixed-layout\"><tbody><tr><td><strong>SELECCI\u00d3N<\/strong><strong><\/strong><\/td><td class=\"has-text-align-center\" data-align=\"center\" colspan=\"4\"><strong>B\u00c1SQUETBOL<\/strong><strong><\/strong><\/td><\/tr><tr><td><strong>Torneo o entrenamiento<\/strong><\/td><td class=\"has-text-align-center\" data-align=\"center\">COPA UC<\/td><td class=\"has-text-align-center\" data-align=\"center\">COPA UC<\/td><td class=\"has-text-align-center\" data-align=\"center\">LIFORBASKET<\/td><td class=\"has-text-align-center\" data-align=\"center\">SUSPENDIDO<\/td><\/tr><tr><td><strong>Series o categor\u00edas<\/strong><\/td><td class=\"has-text-align-center\" data-align=\"center\">MINI 2 A\u00d1O<\/td><td class=\"has-text-align-center\" data-align=\"center\">INFANTIL<\/td><td class=\"has-text-align-center\" data-align=\"center\">MINI 1 A\u00d1O<\/td><td class=\"has-text-align-center\" data-align=\"center\">INTERMEDIA SUPERIOR<\/td><\/tr><tr><td><strong>Horario de citaci\u00f3n<\/strong><\/td><td class=\"has-text-align-center\" data-align=\"center\">9:30<\/td><td class=\"has-text-align-center\" data-align=\"center\">8:30<\/td><td class=\"has-text-align-center\" data-align=\"center\">11:00<\/td><td class=\"has-text-align-center\" data-align=\"center\">&#8211;<\/td><\/tr><tr><td><strong>Horario de partido o competencia<\/strong><\/td><td class=\"has-text-align-center\" data-align=\"center\">10:15<\/td><td class=\"has-text-align-center\" data-align=\"center\">9:00<\/td><td class=\"has-text-align-center\" data-align=\"center\">11:30<\/td><td class=\"has-text-align-center\" data-align=\"center\">&#8211;<\/td><\/tr><tr><td><strong>Rival<\/strong><strong><\/strong><\/td><td class=\"has-text-align-center\" data-align=\"center\">C. The Greenland School<\/td><td class=\"has-text-align-center\" data-align=\"center\">C. The Greenland School<\/td><td class=\"has-text-align-center\" data-align=\"center\">LIDIA BASKET<\/td><td class=\"has-text-align-center\" data-align=\"center\">&#8211;<\/td><\/tr><tr><td><strong>Lugar de Entrenamiento<\/strong><\/td><td class=\"has-text-align-center\" data-align=\"center\">&#8211;<\/td><td class=\"has-text-align-center\" data-align=\"center\">&#8211;<\/td><td class=\"has-text-align-center\" data-align=\"center\">&#8211;<\/td><td class=\"has-text-align-center\" data-align=\"center\">&#8211;<\/td><\/tr><tr><td><strong>Lugar o direcci\u00f3n de Partido<\/strong><\/td><td class=\"has-text-align-center\" data-align=\"center\">Gimnasio Colegio Mayor<\/td><td class=\"has-text-align-center\" data-align=\"center\">Gimnasio Colegio Mayor<\/td><td class=\"has-text-align-center\" data-align=\"center\">SAN IGNACIO EL BOSQUE<\/td><td class=\"has-text-align-center\" data-align=\"center\">&#8211;<\/td><\/tr><tr><td><strong>Entrenadores<\/strong> <strong>A cargo<\/strong><\/td><td class=\"has-text-align-center\" data-align=\"center\">Carlos Cerecera<\/td><td class=\"has-text-align-center\" data-align=\"center\">Carlos Cerecera<\/td><td class=\"has-text-align-center\" data-align=\"center\">Nicolas Ortiz<\/td><td class=\"has-text-align-center\" data-align=\"center\">&#8211;<\/td><\/tr><\/tbody><\/table><\/figure>\n\n\n\n<figure class=\"wp-block-table\"><table class=\"has-black-color has-vivid-green-cyan-background-color has-text-color has-background has-link-color has-fixed-layout\"><tbody><tr><td class=\"has-text-align-center\" data-align=\"center\"><strong>SELECCI\u00d3N<\/strong><strong><\/strong><\/td><td class=\"has-text-align-center\" data-align=\"center\" colspan=\"4\"><strong>GIMNASIA ART\u00cdSTICA<\/strong><\/td><\/tr><tr><td class=\"has-text-align-center\" data-align=\"center\"><strong>Torneo o entrenamiento<\/strong><\/td><td class=\"has-text-align-center\" data-align=\"center\">LEGA<\/td><td class=\"has-text-align-center\" data-align=\"center\">Entrenamiento<\/td><td class=\"has-text-align-center\" data-align=\"center\">Entrenamiento<\/td><td class=\"has-text-align-center\" data-align=\"center\">Entrenamiento<\/td><\/tr><tr><td class=\"has-text-align-center\" data-align=\"center\"><strong>Series o categor\u00edas<\/strong><\/td><td class=\"has-text-align-center\" data-align=\"center\">Nivel 3<\/td><td class=\"has-text-align-center\" data-align=\"center\">Inicial- 0-1 suspendido<\/td><td class=\"has-text-align-center\" data-align=\"center\">2-3 suspendido<\/td><td class=\"has-text-align-center\" data-align=\"center\">4-5-6 suspendido<\/td><\/tr><tr><td class=\"has-text-align-center\" data-align=\"center\"><strong>Horario de citaci\u00f3n<\/strong><\/td><td class=\"has-text-align-center\" data-align=\"center\">11:00<\/td><td class=\"has-text-align-center\" data-align=\"center\">&#8211;<\/td><td class=\"has-text-align-center\" data-align=\"center\">&#8211;<\/td><td class=\"has-text-align-center\" data-align=\"center\">&#8211;<\/td><\/tr><tr><td class=\"has-text-align-center\" data-align=\"center\"><strong>Lugar de Entrenamiento<\/strong><\/td><td class=\"has-text-align-center\" data-align=\"center\">&#8211;<\/td><td class=\"has-text-align-center\" data-align=\"center\">&#8211;<\/td><td class=\"has-text-align-center\" data-align=\"center\">&#8211;<\/td><td class=\"has-text-align-center\" data-align=\"center\">&#8211;<\/td><\/tr><tr><td class=\"has-text-align-center\" data-align=\"center\"><strong>Horario de partido o competencia<\/strong><\/td><td class=\"has-text-align-center\" data-align=\"center\">11:15<\/td><td class=\"has-text-align-center\" data-align=\"center\">&#8211;<\/td><td class=\"has-text-align-center\" data-align=\"center\">&#8211;<\/td><td class=\"has-text-align-center\" data-align=\"center\">&#8211;<\/td><\/tr><tr><td class=\"has-text-align-center\" data-align=\"center\"><strong>Lugar y\/o direcci\u00f3n de competencia<\/strong><\/td><td class=\"has-text-align-center\" data-align=\"center\">SSCC Alameda Alameda #2062.<\/td><td class=\"has-text-align-center\" data-align=\"center\">&#8211;<\/td><td class=\"has-text-align-center\" data-align=\"center\">&#8211;<\/td><td class=\"has-text-align-center\" data-align=\"center\">&#8211;<\/td><\/tr><tr><td class=\"has-text-align-center\" data-align=\"center\"><strong>Entrenadores<\/strong> <strong>A cargo<\/strong><\/td><td class=\"has-text-align-center\" data-align=\"center\">Loreto Erazo <br>Patricio Araya<\/td><td class=\"has-text-align-center\" data-align=\"center\">&#8211;<\/td><td class=\"has-text-align-center\" data-align=\"center\">&#8211;<\/td><td class=\"has-text-align-center\" data-align=\"center\">&#8211;<\/td><\/tr><\/tbody><\/table><\/figure>\n\n\n\n<figure class=\"wp-block-table\"><table class=\"has-black-color has-vivid-cyan-blue-background-color has-text-color has-background has-link-color has-fixed-layout\"><tbody><tr><td class=\"has-text-align-center\" data-align=\"center\"><strong>SELECCI\u00d3N<\/strong><strong><\/strong><\/td><td class=\"has-text-align-center\" data-align=\"center\" colspan=\"4\"><strong>NATACI\u00d3N<\/strong><strong><\/strong><\/td><\/tr><tr><td class=\"has-text-align-center\" data-align=\"center\"><strong>Torneo o Entrenamiento<\/strong><\/td><td class=\"has-text-align-center\" data-align=\"center\">Entrenamiento<\/td><td class=\"has-text-align-center\" data-align=\"center\">Entrenamiento<\/td><td class=\"has-text-align-center\" data-align=\"center\">Entrenamiento<\/td><td class=\"has-text-align-center\" data-align=\"center\">Entrenamiento<\/td><\/tr><tr><td class=\"has-text-align-center\" data-align=\"center\"><strong>Series, grupos o categor\u00edas<\/strong><\/td><td class=\"has-text-align-center\" data-align=\"center\">Iniciantes<\/td><td class=\"has-text-align-center\" data-align=\"center\">Menor<\/td><td class=\"has-text-align-center\" data-align=\"center\">Infantil<\/td><td class=\"has-text-align-center\" data-align=\"center\">Competitivo<\/td><\/tr><tr><td class=\"has-text-align-center\" data-align=\"center\"><strong>Horario de citaci\u00f3n<\/strong><\/td><td class=\"has-text-align-center\" data-align=\"center\">11:00 &#8211; 12:00<\/td><td class=\"has-text-align-center\" data-align=\"center\">11:00 &#8211; 12:00<\/td><td class=\"has-text-align-center\" data-align=\"center\">11:00 &#8211; 12:00<\/td><td class=\"has-text-align-center\" data-align=\"center\">09:00 &#8211; 11:00<\/td><\/tr><tr><td class=\"has-text-align-center\" data-align=\"center\"><strong>Lugar de Entrenamiento<\/strong><\/td><td class=\"has-text-align-center\" data-align=\"center\">Piscina Estadio Mayor<\/td><td class=\"has-text-align-center\" data-align=\"center\">Piscina Estadio Mayor<\/td><td class=\"has-text-align-center\" data-align=\"center\">Piscina Estadio Mayor<\/td><td class=\"has-text-align-center\" data-align=\"center\">Piscina Estadio Mayor<\/td><\/tr><tr><td class=\"has-text-align-center\" data-align=\"center\"><strong>Horario de partido o competencia<\/strong><\/td><td class=\"has-text-align-center\" data-align=\"center\">&#8211;<\/td><td class=\"has-text-align-center\" data-align=\"center\">&#8211;<\/td><td class=\"has-text-align-center\" data-align=\"center\">&#8211;<\/td><td class=\"has-text-align-center\" data-align=\"center\">&#8211;<\/td><\/tr><tr><td class=\"has-text-align-center\" data-align=\"center\"><strong>Lugar o direcci\u00f3n de competencia<\/strong><\/td><td class=\"has-text-align-center\" data-align=\"center\">&#8211;<\/td><td class=\"has-text-align-center\" data-align=\"center\">&#8211;<\/td><td class=\"has-text-align-center\" data-align=\"center\">&#8211;<\/td><td class=\"has-text-align-center\" data-align=\"center\">&#8211;<\/td><\/tr><tr><td class=\"has-text-align-center\" data-align=\"center\"><strong>Entrenadores<\/strong> <strong>A cargo<\/strong><\/td><td class=\"has-text-align-center\" data-align=\"center\">Paula Moya <br>Mat\u00edas Jaque <br>Sim\u00f3n Fern\u00e1ndez<\/td><td class=\"has-text-align-center\" data-align=\"center\">Paula Moya <br>Mat\u00edas Jaque <br>Sim\u00f3n Fern\u00e1ndez<\/td><td class=\"has-text-align-center\" data-align=\"center\">Paula Moya <br>Mat\u00edas Jaque <br>Sim\u00f3n Fern\u00e1ndez<\/td><td class=\"has-text-align-center\" data-align=\"center\">Paula Moya <br>Mat\u00edas Jaque <br>Sim\u00f3n Fern\u00e1ndez<\/td><\/tr><\/tbody><\/table><\/figure>\n\n\n\n<figure class=\"wp-block-table\"><table class=\"has-black-color has-luminous-vivid-amber-background-color has-text-color has-background has-link-color has-fixed-layout\"><tbody><tr><td class=\"has-text-align-center\" data-align=\"center\"><strong>SELECCI\u00d3N<\/strong><strong><\/strong><\/td><td class=\"has-text-align-center\" data-align=\"center\" colspan=\"3\"><strong>CHEERLEADER<\/strong><strong><\/strong><\/td><\/tr><tr><td class=\"has-text-align-center\" data-align=\"center\"><strong>Torneo o entrenamiento<\/strong><\/td><td class=\"has-text-align-center\" data-align=\"center\">Entrenamiento<\/td><td class=\"has-text-align-center\" data-align=\"center\">Entrenamiento<\/td><td class=\"has-text-align-center\" data-align=\"center\">Entrenamiento<\/td><\/tr><tr><td class=\"has-text-align-center\" data-align=\"center\"><strong>Series o categor\u00edas<\/strong><\/td><td class=\"has-text-align-center\" data-align=\"center\">Senior<\/td><td class=\"has-text-align-center\" data-align=\"center\">Junior<\/td><td class=\"has-text-align-center\" data-align=\"center\">Senior<\/td><\/tr><tr><td class=\"has-text-align-center\" data-align=\"center\"><strong>Horario de citaci\u00f3n<\/strong><\/td><td class=\"has-text-align-center\" data-align=\"center\">08:00 -10:00<\/td><td class=\"has-text-align-center\" data-align=\"center\">09:00 &#8211; 11:00<\/td><td class=\"has-text-align-center\" data-align=\"center\">10:00 &#8211; 12:00<\/td><\/tr><tr><td class=\"has-text-align-center\" data-align=\"center\"><strong>Horario de partido o competencia<\/strong><\/td><td class=\"has-text-align-center\" data-align=\"center\">&#8211;<\/td><td class=\"has-text-align-center\" data-align=\"center\">&#8211;<\/td><td class=\"has-text-align-center\" data-align=\"center\">&#8211;<\/td><\/tr><tr><td class=\"has-text-align-center\" data-align=\"center\"><strong>Lugar de Entrenamiento<\/strong><\/td><td class=\"has-text-align-center\" data-align=\"center\">Foro Colegio Mayor de Pe\u00f1alol\u00e9n<\/td><td class=\"has-text-align-center\" data-align=\"center\">Foro Colegio Mayor de Pe\u00f1alol\u00e9n<\/td><td class=\"has-text-align-center\" data-align=\"center\">Foro Colegio Mayor de Pe\u00f1alol\u00e9n<\/td><\/tr><tr><td class=\"has-text-align-center\" data-align=\"center\"><strong>Lugar o direcci\u00f3n de competencia<\/strong><\/td><td class=\"has-text-align-center\" data-align=\"center\">&#8211;<\/td><td class=\"has-text-align-center\" data-align=\"center\">&#8211;<\/td><td class=\"has-text-align-center\" data-align=\"center\">&#8211;<\/td><\/tr><tr><td class=\"has-text-align-center\" data-align=\"center\"><strong>Entrenadores<\/strong> <strong>A cargo<\/strong><\/td><td class=\"has-text-align-center\" data-align=\"center\">Daniela Acu\u00f1a <br>Ricardo Vergara<\/td><td class=\"has-text-align-center\" data-align=\"center\">Daniela Acu\u00f1a <br>Ricardo Vergara<\/td><td class=\"has-text-align-center\" data-align=\"center\">Daniela Acu\u00f1a <br>Ricardo Vergara<\/td><\/tr><\/tbody><\/table><\/figure>\n\n\n\n<figure class=\"wp-block-table\"><table class=\"has-black-color has-pale-cyan-blue-background-color has-text-color has-background has-link-color has-fixed-layout\"><tbody><tr><td class=\"has-text-align-center\" data-align=\"center\"><strong>SELECCI\u00d3N<\/strong><strong><\/strong><\/td><td class=\"has-text-align-center\" data-align=\"center\" colspan=\"4\"><strong>VOLEIBOL FEMENINO<\/strong><\/td><\/tr><tr><td class=\"has-text-align-center\" data-align=\"center\"><strong>Torneo o entrenamiento<\/strong><\/td><td class=\"has-text-align-center\" data-align=\"center\"><strong><em>&nbsp;<\/em><\/strong> Sin actividad<\/td><td class=\"has-text-align-center\" data-align=\"center\"><strong><em>&nbsp;<\/em><\/strong> Liga Metropolitana<\/td><td class=\"has-text-align-center\" data-align=\"center\"><strong><em>&nbsp;<\/em><\/strong> Liga Metropolitana<\/td><td class=\"has-text-align-center\" data-align=\"center\"><strong><em>&nbsp;<\/em><\/strong> Liga Metropolitana<\/td><\/tr><tr><td class=\"has-text-align-center\" data-align=\"center\"><strong>Series o categor\u00edas<\/strong><\/td><td class=\"has-text-align-center\" data-align=\"center\"><strong><em>&nbsp;<\/em><\/strong> Sub 12<\/td><td class=\"has-text-align-center\" data-align=\"center\"><strong><em>&nbsp;<\/em><\/strong> Sub 14<\/td><td class=\"has-text-align-center\" data-align=\"center\"><strong><em>&nbsp;<\/em><\/strong> Sub 16<\/td><td class=\"has-text-align-center\" data-align=\"center\"><strong><em>&nbsp;<\/em><\/strong> Sub 18<\/td><\/tr><tr><td class=\"has-text-align-center\" data-align=\"center\"><strong>Rival<\/strong><strong><\/strong><\/td><td class=\"has-text-align-center\" data-align=\"center\">&#8211;<\/td><td class=\"has-text-align-center\" data-align=\"center\"><strong><em>&nbsp;<\/em><\/strong> Colegio Cumbres<\/td><td class=\"has-text-align-center\" data-align=\"center\"><strong><em>&nbsp;<\/em><\/strong> Colegio Cumbres<\/td><td class=\"has-text-align-center\" data-align=\"center\"><strong><em>&nbsp;<\/em><\/strong> Colegio Cumbres<\/td><\/tr><tr><td class=\"has-text-align-center\" data-align=\"center\"><strong>Horario de citaci\u00f3n<\/strong><\/td><td class=\"has-text-align-center\" data-align=\"center\">&#8211;<\/td><td class=\"has-text-align-center\" data-align=\"center\"><strong><em>&nbsp;<\/em><\/strong> 09:00<\/td><td class=\"has-text-align-center\" data-align=\"center\"><strong><em>&nbsp;<\/em><\/strong> 10:00<\/td><td class=\"has-text-align-center\" data-align=\"center\"><strong><em>&nbsp;<\/em><\/strong> 11:00<\/td><\/tr><tr><td class=\"has-text-align-center\" data-align=\"center\"><strong>Horario de partido o competencia<\/strong><\/td><td class=\"has-text-align-center\" data-align=\"center\">&#8211;<\/td><td class=\"has-text-align-center\" data-align=\"center\"><strong><em>&nbsp;<\/em><\/strong> 10:00<\/td><td class=\"has-text-align-center\" data-align=\"center\"><strong><em>&nbsp;<\/em><\/strong> 11:00<\/td><td class=\"has-text-align-center\" data-align=\"center\"><strong><em>&nbsp;<\/em><\/strong> 12:00<\/td><\/tr><tr><td class=\"has-text-align-center\" data-align=\"center\"><strong>Lugar de Entrenamiento<\/strong><\/td><td class=\"has-text-align-center\" data-align=\"center\">&#8211;<\/td><td class=\"has-text-align-center\" data-align=\"center\">&#8211;<\/td><td class=\"has-text-align-center\" data-align=\"center\">&#8211;<\/td><td class=\"has-text-align-center\" data-align=\"center\">&#8211;<\/td><\/tr><tr><td class=\"has-text-align-center\" data-align=\"center\"><strong>Direcci\u00f3n de partido o encuentro<\/strong><\/td><td class=\"has-text-align-center\" data-align=\"center\">&#8211;<\/td><td class=\"has-text-align-center\" data-align=\"center\">Carpeta Estadio Mayor<\/td><td class=\"has-text-align-center\" data-align=\"center\">Carpeta Estadio Mayor<\/td><td class=\"has-text-align-center\" data-align=\"center\">Carpeta Estadio Mayor<\/td><\/tr><tr><td class=\"has-text-align-center\" data-align=\"center\"><strong>Entrenadores<\/strong> <strong>A cargo<\/strong><\/td><td class=\"has-text-align-center\" data-align=\"center\">&#8211;<\/td><td class=\"has-text-align-center\" data-align=\"center\">Pablo Beltr\u00e1n <br>Joaqu\u00edn M\u00e9ndez<\/td><td class=\"has-text-align-center\" data-align=\"center\">Pablo Beltr\u00e1n <br>Joaqu\u00edn M\u00e9ndez<\/td><td class=\"has-text-align-center\" data-align=\"center\">Pablo Beltr\u00e1n <br>Joaqu\u00edn M\u00e9ndez<\/td><\/tr><\/tbody><\/table><\/figure>\n\n\n\n<figure class=\"wp-block-table\"><table class=\"has-black-color has-pale-cyan-blue-background-color has-text-color has-background has-link-color has-fixed-layout\"><tbody><tr><td class=\"has-text-align-center\" data-align=\"center\"><strong><em>&nbsp;<\/em><\/strong> <strong>SELECCI\u00d3N<\/strong><strong><\/strong><\/td><td class=\"has-text-align-center\" data-align=\"center\" colspan=\"4\"><strong><em>&nbsp;<\/em><\/strong> <strong>VOLEIBOL MASCULINO<\/strong><\/td><\/tr><tr><td class=\"has-text-align-center\" data-align=\"center\"><strong>Torneo o entrenamiento<\/strong><\/td><td class=\"has-text-align-center\" data-align=\"center\">Copa LINAES San Gabriel<\/td><td class=\"has-text-align-center\" data-align=\"center\">Copa LINAES San Gabriel<\/td><td class=\"has-text-align-center\" data-align=\"center\">Copa LINAES San Gabriel<\/td><td class=\"has-text-align-center\" data-align=\"center\">Copa LINAES San Gabriel<\/td><\/tr><tr><td class=\"has-text-align-center\" data-align=\"center\"><strong>Series o categor\u00edas<\/strong><\/td><td class=\"has-text-align-center\" data-align=\"center\">Sub 12<\/td><td class=\"has-text-align-center\" data-align=\"center\">sub 14<\/td><td class=\"has-text-align-center\" data-align=\"center\">sub 16<\/td><td class=\"has-text-align-center\" data-align=\"center\">sub 18<\/td><\/tr><tr><td class=\"has-text-align-center\" data-align=\"center\"><strong>Horario de citaci\u00f3n<\/strong><\/td><td class=\"has-text-align-center\" data-align=\"center\">Viernes &#8211; S\u00e1bado y Domingo<\/td><td class=\"has-text-align-center\" data-align=\"center\">Viernes &#8211; S\u00e1bado y Domingo<\/td><td class=\"has-text-align-center\" data-align=\"center\">Viernes &#8211; S\u00e1bado y Domingo<\/td><td class=\"has-text-align-center\" data-align=\"center\">Viernes &#8211; S\u00e1bado y Domingo<\/td><\/tr><tr><td class=\"has-text-align-center\" data-align=\"center\"><strong><em>&nbsp;<\/em><\/strong> <strong>Rival<\/strong><strong><\/strong><\/td><td class=\"has-text-align-center\" data-align=\"center\">Colegios invitados<\/td><td class=\"has-text-align-center\" data-align=\"center\">Colegios invitados<\/td><td class=\"has-text-align-center\" data-align=\"center\">Colegios invitados<\/td><td class=\"has-text-align-center\" data-align=\"center\">Colegios invitados<\/td><\/tr><tr><td class=\"has-text-align-center\" data-align=\"center\"><strong>Horario de partido o competencia<\/strong><\/td><td class=\"has-text-align-center\" data-align=\"center\">Viernes de 15:00 a 19:00 hrs. S\u00e1bado de 09:00 a 19:00 hrs. Domingo de 09:00 a 15:00 hrs.<\/td><td class=\"has-text-align-center\" data-align=\"center\">Viernes de 15:00 a 19:00 hrs. S\u00e1bado de 09:00 a 19:00 hrs. Domingo de 09:00 a 15:00 hrs.<\/td><td class=\"has-text-align-center\" data-align=\"center\">Viernes de 15:00 a 19:00 hrs. S\u00e1bado de 09:00 a 19:00 hrs. Domingo de 09:00 a 15:00 hrs.<\/td><td class=\"has-text-align-center\" data-align=\"center\">Viernes de 15:00 a 19:00 hrs. S\u00e1bado de 09:00 a 19:00 hrs. Domingo de 09:00 a 15:00 hrs.<\/td><\/tr><tr><td class=\"has-text-align-center\" data-align=\"center\"><strong>Lugar de Entrenamiento<\/strong><\/td><td class=\"has-text-align-center\" data-align=\"center\">&#8211;<\/td><td class=\"has-text-align-center\" data-align=\"center\">&#8211;<\/td><td class=\"has-text-align-center\" data-align=\"center\">&#8211;<\/td><td class=\"has-text-align-center\" data-align=\"center\">&#8211;<\/td><\/tr><tr><td class=\"has-text-align-center\" data-align=\"center\"><strong>Lugar o direcci\u00f3n de partido<\/strong><\/td><td class=\"has-text-align-center\" data-align=\"center\">Estadio San Gabriel Lo Fontecilla #440, Las Condes.<\/td><td class=\"has-text-align-center\" data-align=\"center\">Estadio San Gabriel Lo Fontecilla #440, Las -Condes.<\/td><td class=\"has-text-align-center\" data-align=\"center\">Estadio San Gabriel Lo Fontecilla #440, Las Condes.<\/td><td class=\"has-text-align-center\" data-align=\"center\">Estadio San Gabriel Lo Fontecilla #440, Las Condes.<\/td><\/tr><tr><td class=\"has-text-align-center\" data-align=\"center\"><strong>Direcci\u00f3n de partido o encuentro<\/strong><\/td><td class=\"has-text-align-center\" data-align=\"center\">&#8211;<\/td><td class=\"has-text-align-center\" data-align=\"center\">&#8211;<\/td><td class=\"has-text-align-center\" data-align=\"center\">&#8211;<\/td><td class=\"has-text-align-center\" data-align=\"center\">&#8211;<\/td><\/tr><tr><td class=\"has-text-align-center\" data-align=\"center\"><strong>Entrenadores<\/strong> <strong>A cargo<\/strong><\/td><td class=\"has-text-align-center\" data-align=\"center\">Cristi\u00e1n Henr\u00edquez Joaqu\u00edn M\u00e9ndez <br>Pablo Beltr\u00e1n <br>Valent\u00edn Tamayo<\/td><td class=\"has-text-align-center\" data-align=\"center\">Cristi\u00e1n Henr\u00edquez Joaqu\u00edn M\u00e9ndez <br>Pablo Beltr\u00e1n <br>Valent\u00edn Tamayo<\/td><td class=\"has-text-align-center\" data-align=\"center\">Cristi\u00e1n Henr\u00edquez Joaqu\u00edn M\u00e9ndez <br>Pablo Beltr\u00e1n <br>Valent\u00edn Tamayo<\/td><td class=\"has-text-align-center\" data-align=\"center\">Cristi\u00e1n Henr\u00edquez Joaqu\u00edn M\u00e9ndez <br>Pablo Beltr\u00e1n <br>Valent\u00edn Tamayo<\/td><\/tr><\/tbody><\/table><\/figure>\n\n\n\n<p class=\"wp-block-paragraph\"><\/p>\n","protected":false},"excerpt":{"rendered":"<p>SELECCI\u00d3N ATLETISMO S\u00e1bado 5 de Septiembre Torneo o entrenamiento Grand Prix UC 4ta Fecha Grand Prix UC 4ta Fecha Categor\u00edas Preparatoria Infantil Horario de citaci\u00f3n Presentarse 1 hora antes de su competencia Presentarse 1 hora antes de su competencia Horario de partido o competencia &#8211;\u00a0&nbsp;<a href=\"https:\/\/webpe.colegiomayor.cl\/?p=41404\">&hellip;<\/a><\/p>\n","protected":false},"author":12,"featured_media":41409,"comment_status":"closed","ping_status":"closed","sticky":false,"template":"","format":"standard","meta":{"content-type":"","footnotes":""},"categories":[1],"tags":[],"class_list":["post-41404","post","type-post","status-publish","format-standard","has-post-thumbnail","hentry","category-categoria-3","odd"],"rttpg_featured_image_url":{"full":["https:\/\/webpe.colegiomayor.cl\/wp-content\/uploads\/2026\/09\/Captura-de-pantalla-2025-11-10-111358.png",1614,1065,false],"landscape":["https:\/\/webpe.colegiomayor.cl\/wp-content\/uploads\/2026\/09\/Captura-de-pantalla-2025-11-10-111358.png",1614,1065,false],"portraits":["https:\/\/webpe.colegiomayor.cl\/wp-content\/uploads\/2026\/09\/Captura-de-pantalla-2025-11-10-111358.png",1614,1065,false],"thumbnail":["https:\/\/webpe.colegiomayor.cl\/wp-content\/uploads\/2026\/09\/Captura-de-pantalla-2025-11-10-111358-150x150.png",150,150,true],"medium":["https:\/\/webpe.colegiomayor.cl\/wp-content\/uploads\/2026\/09\/Captura-de-pantalla-2025-11-10-111358-300x198.png",300,198,true],"large":["https:\/\/webpe.colegiomayor.cl\/wp-content\/uploads\/2026\/09\/Captura-de-pantalla-2025-11-10-111358-1024x676.png",1024,676,true],"1536x1536":["https:\/\/webpe.colegiomayor.cl\/wp-content\/uploads\/2026\/09\/Captura-de-pantalla-2025-11-10-111358-1536x1014.png",1536,1014,true],"2048x2048":["https:\/\/webpe.colegiomayor.cl\/wp-content\/uploads\/2026\/09\/Captura-de-pantalla-2025-11-10-111358-1614x1065.png",1614,1065,true],"post-thumbnail":["https:\/\/webpe.colegiomayor.cl\/wp-content\/uploads\/2026\/09\/Captura-de-pantalla-2025-11-10-111358-150x99.png",150,99,true],"ed-school-featured-image":["https:\/\/webpe.colegiomayor.cl\/wp-content\/uploads\/2026\/09\/Captura-de-pantalla-2025-11-10-111358-990x500.png",990,500,true],"ed-school-medium":["https:\/\/webpe.colegiomayor.cl\/wp-content\/uploads\/2026\/09\/Captura-de-pantalla-2025-11-10-111358-768x510.png",768,510,true],"ed-school-medium-alt":["https:\/\/webpe.colegiomayor.cl\/wp-content\/uploads\/2026\/09\/Captura-de-pantalla-2025-11-10-111358-768x410.png",768,410,true],"ed-school-square":["https:\/\/webpe.colegiomayor.cl\/wp-content\/uploads\/2026\/09\/Captura-de-pantalla-2025-11-10-111358-768x768.png",768,768,true],"ed-school-square-small":["https:\/\/webpe.colegiomayor.cl\/wp-content\/uploads\/2026\/09\/Captura-de-pantalla-2025-11-10-111358-420x420.png",420,420,true]},"rttpg_author":{"display_name":"Valentina Alegria","author_link":"https:\/\/webpe.colegiomayor.cl\/?author=12"},"rttpg_comment":0,"rttpg_category":"<a href=\"https:\/\/webpe.colegiomayor.cl\/?cat=1\" rel=\"category\">NOTICIAS<\/a>","rttpg_excerpt":"SELECCI\u00d3N ATLETISMO S\u00e1bado 5 de Septiembre Torneo o entrenamiento Grand Prix UC 4ta Fecha Grand Prix UC 4ta Fecha Categor\u00edas Preparatoria Infantil Horario de citaci\u00f3n Presentarse 1 hora antes de su competencia Presentarse 1 hora antes de su competencia Horario de partido o competencia &#8211;\u00a0&nbsp;&hellip;","_links":{"self":[{"href":"https:\/\/webpe.colegiomayor.cl\/index.php?rest_route=\/wp\/v2\/posts\/41404","targetHints":{"allow":["GET"]}}],"collection":[{"href":"https:\/\/webpe.colegiomayor.cl\/index.php?rest_route=\/wp\/v2\/posts"}],"about":[{"href":"https:\/\/webpe.colegiomayor.cl\/index.php?rest_route=\/wp\/v2\/types\/post"}],"author":[{"embeddable":true,"href":"https:\/\/webpe.colegiomayor.cl\/index.php?rest_route=\/wp\/v2\/users\/12"}],"replies":[{"embeddable":true,"href":"https:\/\/webpe.colegiomayor.cl\/index.php?rest_route=%2Fwp%2Fv2%2Fcomments&post=41404"}],"version-history":[{"count":5,"href":"https:\/\/webpe.colegiomayor.cl\/index.php?rest_route=\/wp\/v2\/posts\/41404\/revisions"}],"predecessor-version":[{"id":41410,"href":"https:\/\/webpe.colegiomayor.cl\/index.php?rest_route=\/wp\/v2\/posts\/41404\/revisions\/41410"}],"wp:featuredmedia":[{"embeddable":true,"href":"https:\/\/webpe.colegiomayor.cl\/index.php?rest_route=\/wp\/v2\/media\/41409"}],"wp:attachment":[{"href":"https:\/\/webpe.colegiomayor.cl\/index.php?rest_route=%2Fwp%2Fv2%2Fmedia&parent=41404"}],"wp:term":[{"taxonomy":"category","embeddable":true,"href":"https:\/\/webpe.colegiomayor.cl\/index.php?rest_route=%2Fwp%2Fv2%2Fcategories&post=41404"},{"taxonomy":"post_tag","embeddable":true,"href":"https:\/\/webpe.colegiomayor.cl\/index.php?rest_route=%2Fwp%2Fv2%2Ftags&post=41404"}],"curies":[{"name":"wp","href":"https:\/\/api.w.org\/{rel}","templated":true}]}}