{"id":40579,"date":"2026-03-13T09:49:15","date_gmt":"2026-03-13T12:49:15","guid":{"rendered":"https:\/\/webpe.colegiomayor.cl\/?p=40579"},"modified":"2026-03-13T09:49:17","modified_gmt":"2026-03-13T12:49:17","slug":"prueba-de-selecciones-deportivas-sabado-14-de-marzo","status":"publish","type":"post","link":"https:\/\/webpe.colegiomayor.cl\/?p=40579","title":{"rendered":"Prueba de Selecciones Deportivas &#8211; s\u00e1bado 14 de marzo"},"content":{"rendered":"\n<p class=\"has-text-align-center\"><em>Compartimos las actividades programadas para \u00e9ste s\u00e1bado 14 de marzo, recordamos que es la segunda fecha y final de pruebas de deportistas para nuestras selecciones deportivas.<\/em><br><\/p>\n\n\n\n<ul class=\"wp-block-list\">\n<li><strong><em>Atletismo (Mixto)<\/em><\/strong><\/li>\n<\/ul>\n\n\n\n<p><strong><em>Cupos: Ilimitado<\/em><\/strong><\/p>\n\n\n\n<p>Lugar: Pista atl\u00e9tica, Estadio Mayor.<\/p>\n\n\n\n<p>5\u00ba, 6\u00ba, 7\u00ba y 8\u00ba B\u00e1sico.<\/p>\n\n\n\n<p>Hora: 09:00 a 10:30 hrs.<\/p>\n\n\n\n<p>Ense\u00f1anza Media.&nbsp;&nbsp;&nbsp;&nbsp;&nbsp;<\/p>\n\n\n\n<p>Hora: 10:30 a 12:00 hrs.<\/p>\n\n\n\n<p>Tabla de requisitos por \u00e1reas.<\/p>\n\n\n\n<p>\u00c1rea de Velocidad: ingresan al \u00e1rea de velocidad los estudiantes que corren m\u00e1s r\u00e1pido o igual a:<\/p>\n\n\n\n<figure class=\"wp-block-table\"><table class=\"has-fixed-layout\"><tbody><tr><td><a>Nacidos los a\u00f1os<\/a><\/td><td>Distancia<\/td><td>Tiempo<\/td><\/tr><tr><td>2014-2015 (5\u00ba y 6\u00ba B\u00e1sicos)<\/td><td>60 metros con partida de pie.<\/td><td>Damas: 10 segundos 20 cent\u00e9simas. Varones: 10 segundos 20 cent\u00e9simas.<\/td><\/tr><tr><td>2012-2013 (7\u00ba y 8\u00ba B\u00e1sicos)<\/td><td>80 metros con partida de pie.<\/td><td>Damas: 12 segundos 50 cent\u00e9simas. Varones: 11 segundos 80 cent\u00e9simas.<\/td><\/tr><tr><td>2010-2011 (I y II Medio)<\/td><td>100 metros con partida de pie.<\/td><td>Damas: 15 segundos 50 cent\u00e9simas. Varones: 14 segundos.<\/td><\/tr><tr><td>2008-2009 (III y IV Medio)<\/td><td>100 metros con partida de pie.<\/td><td>Damas: 15 segundos 50 cent\u00e9simas. Varones: 14 segundos.<\/td><\/tr><\/tbody><\/table><\/figure>\n\n\n\n<p>\u00c1rea de Medio Fondo: Ingresan al \u00e1rea de Medio Fondo los estudiantes que trotan 10 minutos a ritmo constante y sin detenerse.<\/p>\n\n\n\n<p><a>\u00c1rea de Lanzamientos: Ingresan al \u00e1rea de Lanzamiento los estudiantes que lanzan el implemento m\u00e1s lejos o igual a:<\/a><\/p>\n\n\n\n<figure class=\"wp-block-table\"><table class=\"has-fixed-layout\"><tbody><tr><td>Nacidos los a\u00f1os<\/td><td>Prueba<\/td><td>Distancia<\/td><\/tr><tr><td>2014-2015 (5\u00ba y 6\u00ba B\u00e1sicos)<\/td><td>Lanzamiento de la pelotita para las damas 120 gramos y para los varones 200 gramos.<\/td><td>Damas: 20 metros Varones: 22 metros<\/td><\/tr><tr><td>2012-2013 (7\u00ba y 8\u00ba B\u00e1sicos)<\/td><td>Lanzamiento del bal\u00f3n medicinal de espalda y sobre la cabeza para las damas 2 kg y para los varones 3 kg.<\/td><td>Damas: 4 metros. Varones: 5 metros.<\/td><\/tr><tr><td>2010-2011 (I y II Medio)<\/td><td>Lanzamiento del bal\u00f3n medicinal de espalda y sobre la cabeza para las damas 3 kg y para los varones 4 kg.<\/td><td>Damas: 4 metros 50 cent\u00edmetros. Varones: 5 metros 50 cent\u00edmetros.<\/td><\/tr><tr><td>2008-2009 (III y IV Medio)<\/td><td>Lanzamiento del bal\u00f3n medicinal de espalda y sobre la cabeza para las damas 3 kg y para los varones 4 kg.<\/td><td>Damas: 4 metros 50 cent\u00edmetros. Varones: 5 metros 50 cent\u00edmetros.<\/td><\/tr><\/tbody><\/table><\/figure>\n\n\n\n<p>\u00c1rea de Saltos: Ingresan al \u00e1rea de Saltos los estudiantes que saltan m\u00e1s lejos o igual a:<\/p>\n\n\n\n<figure class=\"wp-block-table\"><table class=\"has-fixed-layout\"><tbody><tr><td>Nacidos los a\u00f1os<\/td><td>Prueba 1: Salto a pies juntos hacia adelante.<\/td><td>Prueba 2: Salto Largo.<\/td><\/tr><tr><td>2014-2015 (5\u00ba y 6\u00ba B\u00e1sicos)<\/td><td>Damas: 1 metro 50 cent\u00edmetros. Varones: 1 metro 50 cent\u00edmetros.<\/td><td>Damas: 3 metros. Varones: 3 metros.<\/td><\/tr><tr><td>2012-2013 (7\u00ba y 8\u00ba B\u00e1sicos)<\/td><td>Damas: 1 metro 70 cent\u00edmetros. Varones: 1 metro 80 cent\u00edmetros.<\/td><td>Damas: 3 metros 50 cent\u00edmetros. Varones: 4 metros 20 cent\u00edmetros.<\/td><\/tr><tr><td>2010-2011 (I y II Medio)<\/td><td>Damas: 1 metro 90 cent\u00edmetros. Varones: 2 metros.<\/td><td>Damas: 4 metros. Varones: 4 metros 70 cent\u00edmetros.<\/td><\/tr><tr><td>2008-2009 (III y IV Medio)<\/td><td>Damas: 1 metro 90 cent\u00edmetros. Varones: 2 metros.<\/td><td>Damas: 4 metros. Varones: 4 metros 70 cent\u00edmetros.<\/td><\/tr><\/tbody><\/table><\/figure>\n\n\n\n<p><strong><em>Profesores a cargo:<\/em><\/strong><\/p>\n\n\n\n<p><strong><em>Carlos Soto<\/em><\/strong><\/p>\n\n\n\n<p><strong><em>Mario G\u00f3mez<\/em><\/strong><\/p>\n\n\n\n<p><strong><em>Claudio Ulloa<\/em><\/strong><\/p>\n\n\n\n<p><strong><em>\u00darsula Rebolledo<\/em><\/strong><\/p>\n\n\n\n<ul class=\"wp-block-list\">\n<li><strong><em>B\u00e1squetbol (Masculino)<\/em><\/strong><\/li>\n<\/ul>\n\n\n\n<p><strong>5to y 6to b\u00e1sico<\/strong><\/p>\n\n\n\n<p><strong>Hora: 09:00-10:00 hrs.<\/strong><\/p>\n\n\n\n<p>Requisitos:&nbsp;<\/p>\n\n\n\n<ul class=\"wp-block-list\">\n<li>Conocimiento b\u00e1sico del reglamento del b\u00e1squetbol.<\/li>\n\n\n\n<li>Forma f\u00edsica \u00f3ptima para la actividad.<\/li>\n\n\n\n<li>Ropa deportiva.<\/li>\n<\/ul>\n\n\n\n<p><strong>7mo y 8vo b\u00e1sico<\/strong><\/p>\n\n\n\n<p><strong>Hora: 10:00 a 11:00 hrs.<\/strong><\/p>\n\n\n\n<p>Requisitos:<\/p>\n\n\n\n<ul class=\"wp-block-list\">\n<li>manejo de los fundamentos + condici\u00f3n f\u00edsica.<\/li>\n\n\n\n<li>Ropa deportiva<\/li>\n<\/ul>\n\n\n\n<p><strong>Categor\u00eda I-IV medio<\/strong><\/p>\n\n\n\n<p><strong>Hora: 11:00 a 12:00 hrs.<\/strong><\/p>\n\n\n\n<p>Requisitos:<\/p>\n\n\n\n<ul class=\"wp-block-list\">\n<li>Condici\u00f3n f\u00edsica + manejo de fundamentos y t\u00e1cticas de juego (5 abierto y defensas)<\/li>\n\n\n\n<li>Ropa deportiva.<\/li>\n<\/ul>\n\n\n\n<p><strong><em>Profesor a cargo:<\/em><\/strong><\/p>\n\n\n\n<p><strong><em>Carlos Cerecera<\/em><\/strong><\/p>\n\n\n\n<p><strong><em>Nicol\u00e1s Ortiz<\/em><\/strong><\/p>\n\n\n\n<ul class=\"wp-block-list\">\n<li><strong><em>Gimnasia Art\u00edstica (Femenino)<\/em><\/strong><\/li>\n<\/ul>\n\n\n\n<p><br><strong>Pruebas selecci\u00f3n de gimnasia art\u00edstica<br><\/strong>Lugar: Carpeta sector sur (Estadio Mayor)<br>Se solicita puntualidad para poder dar las pruebas<br>Citaci\u00f3n: 10:30 a 12:00 hrs.<\/p>\n\n\n\n<p><br><strong>Cupos para postulantes de 1\u00ba y 4\u00ba b\u00e1sico.<br><\/strong>Requisitos m\u00ednimos para postular<br>1. Fuerza de brazos (auto carga)<br>2. Noci\u00f3n b\u00e1sica de la gimnasia<br>3. Equilibrio en altura.<\/p>\n\n\n\n<p><strong>Gimnastas de nivel 0- 1- 2 y de nivel 3<\/strong><\/p>\n\n\n\n<p>Citadas por correo por los entrenadores<br>Hora: 09:00 a 10:30 hrs.<\/p>\n\n\n\n<p><strong><em>Profesores a cargo:<\/em><\/strong><\/p>\n\n\n\n<p><strong><em>Loreto Erazo<\/em><\/strong><\/p>\n\n\n\n<p><strong><em>Catalina Cuevas<\/em><\/strong><\/p>\n\n\n\n<p><strong><em>Patricio Araya<\/em><\/strong><\/p>\n\n\n\n<ul class=\"wp-block-list\">\n<li><strong><em>Nataci\u00f3n (Mixto)<\/em><\/strong><\/li>\n<\/ul>\n\n\n\n<p>Prueba de deportistas (2\u00b0 jornada)<\/p>\n\n\n\n<p>Horario:<\/p>\n\n\n\n<p>10:30 a 11:30 hrs.<\/p>\n\n\n\n<p><strong><em>4to b\u00e1sico a IV medio SIN CUPOS<\/em><\/strong><strong><em><\/em><\/strong><\/p>\n\n\n\n<p>Requisitos m\u00ednimos:<\/p>\n\n\n\n<p>1\u00b0 b\u00e1sico:<\/p>\n\n\n\n<p>&#8211; Flotaci\u00f3n (Sin ayuda)<\/p>\n\n\n\n<p>&#8211; \u2060Desplazamientos en el agua<\/p>\n\n\n\n<p>&#8211; Inmersi\u00f3n (no tapar nariz)<\/p>\n\n\n\n<p>&#8211; \u2060Saltos al agua de partidores<\/p>\n\n\n\n<p>2\u00b0 y 3\u00b0 b\u00e1sico:<\/p>\n\n\n\n<p>&#8211; Dominar fundamentos b\u00e1sicos del estilo crol (brazada, patada, respiraci\u00f3n, coordinaci\u00f3n)<\/p>\n\n\n\n<p>&#8211; \u2060Dominar desplazamientos de espalda<\/p>\n\n\n\n<p>&#8211; \u2060Entrada al agua desde partidor<\/p>\n\n\n\n<p><strong><em>Profesores a cargo:<\/em><\/strong><\/p>\n\n\n\n<p><strong><em>\u2060\u2060<\/em><\/strong><strong><em>Sim\u00f3n Fern\u00e1ndez<\/em><\/strong><\/p>\n\n\n\n<p><strong><em>\u2060<\/em><\/strong><strong><em>Mat\u00edas jaque<\/em><\/strong><\/p>\n\n\n\n<p><strong><em>Katalina Bravo<\/em><\/strong><\/p>\n\n\n\n<ul class=\"wp-block-list\">\n<li><strong><em>Tenis (Mixto)<\/em><\/strong><\/li>\n<\/ul>\n\n\n\n<p><strong>S\u00e1bado 14 de marzo, NO HAY PRUEBA DE DEPORTISTAS, NI ENTRENAMIENTO.<\/strong><strong><\/strong><\/p>\n\n\n\n<p>Las fechas en donde se continuar\u00e1 con las pruebas ser\u00e1n los d\u00edas <strong>16, 18 y 20 de marzo<\/strong>, y ser\u00e1 para quienes no participaron de la prueba del 7 de marzo.<\/p>\n\n\n\n<p>Quienes deseen postular a la selecci\u00f3n de tenis, deben enviar un correo a&nbsp;los profesores; <a href=\"mailto:claudio.catalan@cmpe.cl\" target=\"_blank\" rel=\"noreferrer noopener\"><strong>claudio.catalan@cmpe.cl<\/strong><\/a>&nbsp;y&nbsp;<a href=\"mailto:hernan.perez@cmpe.cl\" target=\"_blank\" rel=\"noreferrer noopener\"><strong>hernan.perez@cmpe.cl<\/strong><\/a>&nbsp;para agendar el d\u00eda y horario en que realizar\u00e1n su prueba.<\/p>\n\n\n\n<p>Para ingresar a la selecci\u00f3n se evaluar\u00e1 la aplicaci\u00f3n de fundamentos t\u00e9cnicos y t\u00e1cticos del tenis.<\/p>\n\n\n\n<p>Los estudiantes deber\u00e1n demostrar los siguientes aspectos:<\/p>\n\n\n\n<ul class=\"wp-block-list\">\n<li>Golpe de\u00a0<strong>derecha<\/strong><strong>,\u00a0<\/strong><strong>rev\u00e9s<\/strong><strong>\u00a0<\/strong>y<strong>servicio<\/strong>, ejecutando cada uno con la t\u00e9cnica correspondiente.<\/li>\n\n\n\n<li><strong>Regularidad sobre la red<\/strong>, realizando golpes de derecha y rev\u00e9s de manera continua y controlada.<\/li>\n<\/ul>\n\n\n\n<p><strong><em>Profesor a cargo:<\/em><\/strong><\/p>\n\n\n\n<p><strong><em>Hern\u00e1n P\u00e9rez<\/em><\/strong><\/p>\n\n\n\n<p><strong><em>Claudio Catal\u00e1n<\/em><\/strong><\/p>\n\n\n\n<ul class=\"wp-block-list\">\n<li><strong><em>Cheerleader (Femenino)<\/em><\/strong><\/li>\n<\/ul>\n\n\n\n<p><strong><em>ACTIVIDADES SUSPENDIDAS POR GIRA EN ESTADOS UNIDOS<\/em><\/strong><strong><em><\/em><\/strong><\/p>\n\n\n\n<ul class=\"wp-block-list\">\n<li><strong><em>Las actividades se reanudan el lunes 23 de marzo.<\/em><\/strong><\/li>\n\n\n\n<li><strong><em>Para poder asistir a una prueba, debe enviar correo a la profesora Daniela Acu\u00f1a, al correo <\/em><\/strong><a href=\"mailto:daniela.acuna@cmpe.cl\"><strong><em>daniela.acuna@cmpe.cl<\/em><\/strong><\/a><strong><em> y ah\u00ed recibir\u00e1 la fecha y hora en la que podr\u00e1 participar de una evaluaci\u00f3n, para ver opciones de ser parte de la selecci\u00f3n.<\/em><\/strong><\/li>\n<\/ul>\n\n\n\n<ul class=\"wp-block-list\">\n<li><strong><em>Voleibol (Masculino)<\/em><\/strong><\/li>\n<\/ul>\n\n\n\n<p>Pruebas de deportistas<\/p>\n\n\n\n<p>Lugar: Carpeta norte, Estadio Mayor<\/p>\n\n\n\n<p>Bloque 1<\/p>\n\n\n\n<p>Hora: 09:00 a 10:15 hrs.<\/p>\n\n\n\n<p>Sub 12 (2014-2015) y sub 14 (2012-2013)<\/p>\n\n\n\n<p>Requisitos materiales:<\/p>\n\n\n\n<p>Ropa deportiva c\u00f3moda, botella con agua, zapatillas deportivas y rodilleras.<\/p>\n\n\n\n<p>Condici\u00f3n f\u00edsica: resistencia, fuerza, velocidad y coordinaci\u00f3n.<\/p>\n\n\n\n<p>Fundamentos t\u00e9cnicos: Golpe de dedos y golpe de antebrazos.<\/p>\n\n\n\n<p>Segundo bloque:<\/p>\n\n\n\n<p>Reuni\u00f3n de apoderados.<\/p>\n\n\n\n<p>Hora: 10:30 a 12:00 hrs.<\/p>\n\n\n\n<p>Lugar: Auditorio<\/p>\n\n\n\n<p><strong><em>Profesores a cargo:<\/em><\/strong><\/p>\n\n\n\n<p><strong><em>Valent\u00edn Tamayo<\/em><\/strong><\/p>\n\n\n\n<p><strong><em>Joaqu\u00edn M\u00e9ndez<\/em><\/strong><\/p>\n\n\n\n<ul class=\"wp-block-list\">\n<li><strong><em>Voleibol (Femenino)<\/em><\/strong><\/li>\n<\/ul>\n\n\n\n<p>Bloque 1 09:00 a 10:15 horas<\/p>\n\n\n\n<p>Sub 12 (2014-2015) y sub 14 (2012-2013)<\/p>\n\n\n\n<p>Requisitos materiales:<\/p>\n\n\n\n<p>Ropa deportiva c\u00f3moda, botella con agua, zapatillas deportivas y rodilleras.<\/p>\n\n\n\n<p>Condici\u00f3n f\u00edsica: resistencia, fuerza, velocidad y coordinaci\u00f3n.<\/p>\n\n\n\n<p>Fundamentos t\u00e9cnicos: Golpe de dedos y golpe de antebrazos.<\/p>\n\n\n\n<p>Segundo bloque:<\/p>\n\n\n\n<p>Reuni\u00f3n de apoderados<\/p>\n\n\n\n<p>Hora: 10:30 a 12:00 hrs.<\/p>\n\n\n\n<p>Lugar: Auditorio<\/p>\n\n\n\n<p><strong><em>Profesores a cargo:<\/em><\/strong><\/p>\n\n\n\n<p><strong><em>\u2060<\/em><\/strong><strong><em>Pablo Beltr\u00e1n<\/em><\/strong><\/p>\n\n\n\n<ul class=\"wp-block-list\">\n<li><strong><em>F\u00fatbol (Masculino)<\/em><\/strong><\/li>\n<\/ul>\n\n\n\n<p>Prueba de jugadores (2\u00b0 Jornada)<\/p>\n\n\n\n<p>Lugar: Cancha de f\u00fatbol, Estadio Mayor.<\/p>\n\n\n\n<p>Mini (a\u00f1o 2015 &#8211; 2014)<\/p>\n\n\n\n<p>Hora: 09:00 a 10:00 hrs.<\/p>\n\n\n\n<p>Infantil (a\u00f1o 2013 &#8211; 2012)<\/p>\n\n\n\n<p>Hora: 10:00 a 11:00 hrs.<\/p>\n\n\n\n<p>Intermedia y Superior (a\u00f1o 2011 a 2008)<\/p>\n\n\n\n<p>Hora: 11:00 a 12:00 hrs.<\/p>\n\n\n\n<p><em>Para postular, los estudiantes deben cumplir con los siguientes requisitos:<\/em><\/p>\n\n\n\n<p><em>Nivel avanzado de cualidades f\u00edsicas acorde a su edad.<\/em><\/p>\n\n\n\n<p><em>(resistencia, velocidad, fuerza y flexibilidad).<\/em><\/p>\n\n\n\n<p><em>Nivel avanzado en conocimiento y ejecuci\u00f3n de fundamentos t\u00e9cnicos y t\u00e1cticos en el f\u00fatbol.<\/em><\/p>\n\n\n\n<p><strong><em>Profesores a cargo:<\/em><\/strong><\/p>\n\n\n\n<p><strong><em>Pablo S\u00e1nchez<\/em><\/strong><\/p>\n\n\n\n<p><strong><em>Edgard Vargas<\/em><\/strong><\/p>\n\n\n\n<p><strong><em>Clemente Jerez<\/em><\/strong><\/p>\n","protected":false},"excerpt":{"rendered":"<p>Compartimos las actividades programadas para \u00e9ste s\u00e1bado 14 de marzo, recordamos que es la segunda fecha y final de pruebas de deportistas para nuestras selecciones deportivas. Cupos: Ilimitado Lugar: Pista atl\u00e9tica, Estadio Mayor. 5\u00ba, 6\u00ba, 7\u00ba y 8\u00ba B\u00e1sico. Hora: 09:00 a 10:30 hrs. Ense\u00f1anza&nbsp;<a href=\"https:\/\/webpe.colegiomayor.cl\/?p=40579\">&hellip;<\/a><\/p>\n","protected":false},"author":9,"featured_media":40580,"comment_status":"closed","ping_status":"closed","sticky":false,"template":"","format":"standard","meta":{"content-type":"","footnotes":""},"categories":[1],"tags":[],"class_list":["post-40579","post","type-post","status-publish","format-standard","has-post-thumbnail","hentry","category-categoria-3","odd"],"rttpg_featured_image_url":{"full":["https:\/\/webpe.colegiomayor.cl\/wp-content\/uploads\/2026\/03\/EN1A9444.jpg",768,510,false],"landscape":["https:\/\/webpe.colegiomayor.cl\/wp-content\/uploads\/2026\/03\/EN1A9444.jpg",768,510,false],"portraits":["https:\/\/webpe.colegiomayor.cl\/wp-content\/uploads\/2026\/03\/EN1A9444.jpg",768,510,false],"thumbnail":["https:\/\/webpe.colegiomayor.cl\/wp-content\/uploads\/2026\/03\/EN1A9444-150x150.jpg",150,150,true],"medium":["https:\/\/webpe.colegiomayor.cl\/wp-content\/uploads\/2026\/03\/EN1A9444-300x199.jpg",300,199,true],"large":["https:\/\/webpe.colegiomayor.cl\/wp-content\/uploads\/2026\/03\/EN1A9444-768x510.jpg",768,510,true],"1536x1536":["https:\/\/webpe.colegiomayor.cl\/wp-content\/uploads\/2026\/03\/EN1A9444-768x510.jpg",768,510,true],"2048x2048":["https:\/\/webpe.colegiomayor.cl\/wp-content\/uploads\/2026\/03\/EN1A9444-768x510.jpg",768,510,true],"post-thumbnail":["https:\/\/webpe.colegiomayor.cl\/wp-content\/uploads\/2026\/03\/EN1A9444-150x100.jpg",150,100,true],"ed-school-featured-image":["https:\/\/webpe.colegiomayor.cl\/wp-content\/uploads\/2026\/03\/EN1A9444-768x500.jpg",768,500,true],"ed-school-medium":["https:\/\/webpe.colegiomayor.cl\/wp-content\/uploads\/2026\/03\/EN1A9444-768x510.jpg",768,510,true],"ed-school-medium-alt":["https:\/\/webpe.colegiomayor.cl\/wp-content\/uploads\/2026\/03\/EN1A9444-768x410.jpg",768,410,true],"ed-school-square":["https:\/\/webpe.colegiomayor.cl\/wp-content\/uploads\/2026\/03\/EN1A9444-768x510.jpg",768,510,true],"ed-school-square-small":["https:\/\/webpe.colegiomayor.cl\/wp-content\/uploads\/2026\/03\/EN1A9444-420x420.jpg",420,420,true]},"rttpg_author":{"display_name":"Catherine Le\u00f3n","author_link":"https:\/\/webpe.colegiomayor.cl\/?author=9"},"rttpg_comment":0,"rttpg_category":"<a href=\"https:\/\/webpe.colegiomayor.cl\/?cat=1\" rel=\"category\">NOTICIAS<\/a>","rttpg_excerpt":"Compartimos las actividades programadas para \u00e9ste s\u00e1bado 14 de marzo, recordamos que es la segunda fecha y final de pruebas de deportistas para nuestras selecciones deportivas. Cupos: Ilimitado Lugar: Pista atl\u00e9tica, Estadio Mayor. 5\u00ba, 6\u00ba, 7\u00ba y 8\u00ba B\u00e1sico. Hora: 09:00 a 10:30 hrs. Ense\u00f1anza&nbsp;&hellip;","_links":{"self":[{"href":"https:\/\/webpe.colegiomayor.cl\/index.php?rest_route=\/wp\/v2\/posts\/40579","targetHints":{"allow":["GET"]}}],"collection":[{"href":"https:\/\/webpe.colegiomayor.cl\/index.php?rest_route=\/wp\/v2\/posts"}],"about":[{"href":"https:\/\/webpe.colegiomayor.cl\/index.php?rest_route=\/wp\/v2\/types\/post"}],"author":[{"embeddable":true,"href":"https:\/\/webpe.colegiomayor.cl\/index.php?rest_route=\/wp\/v2\/users\/9"}],"replies":[{"embeddable":true,"href":"https:\/\/webpe.colegiomayor.cl\/index.php?rest_route=%2Fwp%2Fv2%2Fcomments&post=40579"}],"version-history":[{"count":1,"href":"https:\/\/webpe.colegiomayor.cl\/index.php?rest_route=\/wp\/v2\/posts\/40579\/revisions"}],"predecessor-version":[{"id":40581,"href":"https:\/\/webpe.colegiomayor.cl\/index.php?rest_route=\/wp\/v2\/posts\/40579\/revisions\/40581"}],"wp:featuredmedia":[{"embeddable":true,"href":"https:\/\/webpe.colegiomayor.cl\/index.php?rest_route=\/wp\/v2\/media\/40580"}],"wp:attachment":[{"href":"https:\/\/webpe.colegiomayor.cl\/index.php?rest_route=%2Fwp%2Fv2%2Fmedia&parent=40579"}],"wp:term":[{"taxonomy":"category","embeddable":true,"href":"https:\/\/webpe.colegiomayor.cl\/index.php?rest_route=%2Fwp%2Fv2%2Fcategories&post=40579"},{"taxonomy":"post_tag","embeddable":true,"href":"https:\/\/webpe.colegiomayor.cl\/index.php?rest_route=%2Fwp%2Fv2%2Ftags&post=40579"}],"curies":[{"name":"wp","href":"https:\/\/api.w.org\/{rel}","templated":true}]}}