{"id":40570,"date":"2026-03-10T13:32:40","date_gmt":"2026-03-10T16:32:40","guid":{"rendered":"https:\/\/webpe.colegiomayor.cl\/?p=40570"},"modified":"2026-03-10T13:32:43","modified_gmt":"2026-03-10T16:32:43","slug":"nuestro-estudiante-david-valenzuela-debuto-en-la-copa-chile-de-bmx-race-en-temuco-como-doble-tetracampeon-nacional","status":"publish","type":"post","link":"https:\/\/webpe.colegiomayor.cl\/?p=40570","title":{"rendered":"Nuestro estudiante David Valenzuela debut\u00f3 en la Copa Chile de BMX Race en Temuco como doble tetracampe\u00f3n nacional"},"content":{"rendered":"\n<p><strong>El deportista inici\u00f3 este fin de semana la defensa de su t\u00edtulo en el circuito local, mientras proyecta su mirada hacia el Campeonato Mundial de su categor\u00eda, que se disputar\u00e1 durante julio en Australia.<\/strong><\/p>\n\n\n\n<p>Con apenas 11 a\u00f1os reci\u00e9n cumplidos, nuestro estudiante David Valenzuela ya exhibe una trayectoria deportiva poco habitual para su edad. Sobre su bicicleta se ha consolidado como doble tetracampe\u00f3n nacional de BMX Race, disciplina ol\u00edmpica del ciclismo que practica desde muy peque\u00f1o. Este fin de semana, el joven deportista viaj\u00f3 hasta Temuco para disputar el inicio de la Copa Chile, uno de los primeros desaf\u00edos de su temporada.<\/p>\n\n\n<div class=\"wp-block-image is-style-rounded\">\n<figure class=\"alignleft size-large is-resized\"><img loading=\"lazy\" decoding=\"async\" width=\"576\" height=\"1024\" src=\"https:\/\/webpe.colegiomayor.cl\/wp-content\/uploads\/2026\/03\/DV4-576x1024.jpeg\" alt=\"\" class=\"wp-image-40574\" style=\"width:227px;height:auto\" srcset=\"https:\/\/webpe.colegiomayor.cl\/wp-content\/uploads\/2026\/03\/DV4-576x1024.jpeg 576w, https:\/\/webpe.colegiomayor.cl\/wp-content\/uploads\/2026\/03\/DV4-169x300.jpeg 169w, https:\/\/webpe.colegiomayor.cl\/wp-content\/uploads\/2026\/03\/DV4.jpeg 900w\" sizes=\"auto, (max-width: 576px) 100vw, 576px\" \/><\/figure>\n<\/div>\n\n\n<p>Desde 2022, David ha logrado destacarse en su categor\u00eda dentro de las competencias organizadas por la Federaci\u00f3n Chilena de Ciclismo, encadenando importantes resultados a nivel nacional. En diciembre pasado, por ejemplo, conquist\u00f3 su cuarto t\u00edtulo consecutivo en el Campeonato Nacional de BMX Race, logro que se suma a las cuatro coronas que tambi\u00e9n ha obtenido en la Copa Chile, circuito que re\u00fane distintas fechas competitivas a lo largo del pa\u00eds.<\/p>\n\n\n\n<p>Para nuestro estudiante, estos logros son fruto de la constancia y del trabajo que ha desarrollado durante los \u00faltimos a\u00f1os. \u201cMis expectativas siempre son dar lo mejor y pelear los primeros lugares. Entren\u00e9 mucho durante el verano, as\u00ed es que espero seguir compitiendo a buen nivel\u201d, comenta David, quien reconoce que cada resultado es parte de un proceso de esfuerzo sostenido.<\/p>\n\n\n<div class=\"wp-block-image is-style-rounded\">\n<figure class=\"alignright size-large is-resized\"><img loading=\"lazy\" decoding=\"async\" width=\"1024\" height=\"683\" src=\"https:\/\/webpe.colegiomayor.cl\/wp-content\/uploads\/2026\/03\/DV2-1024x683.jpeg\" alt=\"\" class=\"wp-image-40572\" style=\"aspect-ratio:1.4992732765254069;width:428px;height:auto\" srcset=\"https:\/\/webpe.colegiomayor.cl\/wp-content\/uploads\/2026\/03\/DV2-1024x683.jpeg 1024w, https:\/\/webpe.colegiomayor.cl\/wp-content\/uploads\/2026\/03\/DV2-300x200.jpeg 300w, https:\/\/webpe.colegiomayor.cl\/wp-content\/uploads\/2026\/03\/DV2.jpeg 1280w\" sizes=\"auto, (max-width: 1024px) 100vw, 1024px\" \/><\/figure>\n<\/div>\n\n\n<p>Aunque hoy su foco est\u00e1 puesto en las competencias nacionales, el joven ciclista tambi\u00e9n mira hacia uno de los grandes desaf\u00edos que aparecen en su horizonte deportivo: el Campeonato Mundial de Ciclismo BMX 2026, que se disputar\u00e1 en Brisbane, Australia. \u201cYa estoy pensando en ese torneo. En 2024 tuve la oportunidad de participar y ahora espero seguir sumando experiencia y continuar creciendo como deportista\u201d, se\u00f1ala.<\/p>\n\n\n\n<p>Detr\u00e1s de su desarrollo deportivo existe tambi\u00e9n un importante acompa\u00f1amiento familiar. Ingrid P\u00e9rez, su madre, destaca el compromiso que David ha demostrado desde comienzos de a\u00f1o. \u201cSe ha preparado durante todo el verano para esta temporada. Lo vemos cada vez m\u00e1s seguro y muy contento con su progreso\u201d, comenta. En la misma l\u00ednea, su padre, Juan Valenzuela, valora la dedicaci\u00f3n que el joven pone en cada entrenamiento. \u201cNo falta ni al gimnasio ni a la pista. Ama su deporte y trabaja con mucha disciplina\u201d, afirma.<\/p>\n\n\n<div class=\"wp-block-image is-style-rounded\">\n<figure class=\"alignleft size-large is-resized\"><img loading=\"lazy\" decoding=\"async\" width=\"682\" height=\"1024\" src=\"https:\/\/webpe.colegiomayor.cl\/wp-content\/uploads\/2026\/03\/DV3-scaled-682x1024.jpeg\" alt=\"\" class=\"wp-image-40573\" style=\"width:253px;height:auto\" srcset=\"https:\/\/webpe.colegiomayor.cl\/wp-content\/uploads\/2026\/03\/DV3-scaled-682x1024.jpeg 682w, https:\/\/webpe.colegiomayor.cl\/wp-content\/uploads\/2026\/03\/DV3-scaled-200x300.jpeg 200w, https:\/\/webpe.colegiomayor.cl\/wp-content\/uploads\/2026\/03\/DV3-scaled.jpeg 1706w\" sizes=\"auto, (max-width: 682px) 100vw, 682px\" \/><\/figure>\n<\/div>\n\n\n<p>Compatibilizar el deporte de alto rendimiento con la vida escolar no siempre es sencillo, pero David ha logrado encontrar un equilibrio. \u201cEmpec\u00e9 el colegio, aunque tuve que viajar a Temuco para competir. Estoy muy agradecido del colegio, porque siempre me da facilidades para poder entrenar y participar en torneos\u201d, comenta nuestro estudiante, quien sue\u00f1a en un futuro con t\u00edtulos mundiales y participaciones en Juegos Ol\u00edmpicos. \u201cEse es mi norte\u201d, asegura.<\/p>\n\n\n\n<p>Desde nuestra comunidad educativa valoramos profundamente el compromiso, la perseverancia y la pasi\u00f3n que David demuestra tanto en el \u00e1mbito deportivo como en sus responsabilidades escolares. Su historia refleja el esp\u00edritu de superaci\u00f3n que buscamos fomentar.<\/p>\n","protected":false},"excerpt":{"rendered":"<p>El deportista inici\u00f3 este fin de semana la defensa de su t\u00edtulo en el circuito local, mientras proyecta su mirada hacia el Campeonato Mundial de su categor\u00eda, que se disputar\u00e1 durante julio en Australia. Con apenas 11 a\u00f1os reci\u00e9n cumplidos, nuestro estudiante David Valenzuela ya&nbsp;<a href=\"https:\/\/webpe.colegiomayor.cl\/?p=40570\">&hellip;<\/a><\/p>\n","protected":false},"author":9,"featured_media":40571,"comment_status":"closed","ping_status":"closed","sticky":false,"template":"","format":"standard","meta":{"content-type":"","footnotes":""},"categories":[1],"tags":[],"class_list":["post-40570","post","type-post","status-publish","format-standard","has-post-thumbnail","hentry","category-categoria-3","odd"],"rttpg_featured_image_url":{"full":["https:\/\/webpe.colegiomayor.cl\/wp-content\/uploads\/2026\/03\/David-Valenzuela1.jpeg",768,510,false],"landscape":["https:\/\/webpe.colegiomayor.cl\/wp-content\/uploads\/2026\/03\/David-Valenzuela1.jpeg",768,510,false],"portraits":["https:\/\/webpe.colegiomayor.cl\/wp-content\/uploads\/2026\/03\/David-Valenzuela1.jpeg",768,510,false],"thumbnail":["https:\/\/webpe.colegiomayor.cl\/wp-content\/uploads\/2026\/03\/David-Valenzuela1-150x150.jpeg",150,150,true],"medium":["https:\/\/webpe.colegiomayor.cl\/wp-content\/uploads\/2026\/03\/David-Valenzuela1-300x199.jpeg",300,199,true],"large":["https:\/\/webpe.colegiomayor.cl\/wp-content\/uploads\/2026\/03\/David-Valenzuela1-768x510.jpeg",768,510,true],"1536x1536":["https:\/\/webpe.colegiomayor.cl\/wp-content\/uploads\/2026\/03\/David-Valenzuela1-768x510.jpeg",768,510,true],"2048x2048":["https:\/\/webpe.colegiomayor.cl\/wp-content\/uploads\/2026\/03\/David-Valenzuela1-768x510.jpeg",768,510,true],"post-thumbnail":["https:\/\/webpe.colegiomayor.cl\/wp-content\/uploads\/2026\/03\/David-Valenzuela1-150x100.jpeg",150,100,true],"ed-school-featured-image":["https:\/\/webpe.colegiomayor.cl\/wp-content\/uploads\/2026\/03\/David-Valenzuela1-768x500.jpeg",768,500,true],"ed-school-medium":["https:\/\/webpe.colegiomayor.cl\/wp-content\/uploads\/2026\/03\/David-Valenzuela1-768x510.jpeg",768,510,true],"ed-school-medium-alt":["https:\/\/webpe.colegiomayor.cl\/wp-content\/uploads\/2026\/03\/David-Valenzuela1-768x410.jpeg",768,410,true],"ed-school-square":["https:\/\/webpe.colegiomayor.cl\/wp-content\/uploads\/2026\/03\/David-Valenzuela1-768x510.jpeg",768,510,true],"ed-school-square-small":["https:\/\/webpe.colegiomayor.cl\/wp-content\/uploads\/2026\/03\/David-Valenzuela1-420x420.jpeg",420,420,true]},"rttpg_author":{"display_name":"Catherine Le\u00f3n","author_link":"https:\/\/webpe.colegiomayor.cl\/?author=9"},"rttpg_comment":0,"rttpg_category":"<a href=\"https:\/\/webpe.colegiomayor.cl\/?cat=1\" rel=\"category\">NOTICIAS<\/a>","rttpg_excerpt":"El deportista inici\u00f3 este fin de semana la defensa de su t\u00edtulo en el circuito local, mientras proyecta su mirada hacia el Campeonato Mundial de su categor\u00eda, que se disputar\u00e1 durante julio en Australia. Con apenas 11 a\u00f1os reci\u00e9n cumplidos, nuestro estudiante David Valenzuela ya&nbsp;&hellip;","_links":{"self":[{"href":"https:\/\/webpe.colegiomayor.cl\/index.php?rest_route=\/wp\/v2\/posts\/40570","targetHints":{"allow":["GET"]}}],"collection":[{"href":"https:\/\/webpe.colegiomayor.cl\/index.php?rest_route=\/wp\/v2\/posts"}],"about":[{"href":"https:\/\/webpe.colegiomayor.cl\/index.php?rest_route=\/wp\/v2\/types\/post"}],"author":[{"embeddable":true,"href":"https:\/\/webpe.colegiomayor.cl\/index.php?rest_route=\/wp\/v2\/users\/9"}],"replies":[{"embeddable":true,"href":"https:\/\/webpe.colegiomayor.cl\/index.php?rest_route=%2Fwp%2Fv2%2Fcomments&post=40570"}],"version-history":[{"count":1,"href":"https:\/\/webpe.colegiomayor.cl\/index.php?rest_route=\/wp\/v2\/posts\/40570\/revisions"}],"predecessor-version":[{"id":40575,"href":"https:\/\/webpe.colegiomayor.cl\/index.php?rest_route=\/wp\/v2\/posts\/40570\/revisions\/40575"}],"wp:featuredmedia":[{"embeddable":true,"href":"https:\/\/webpe.colegiomayor.cl\/index.php?rest_route=\/wp\/v2\/media\/40571"}],"wp:attachment":[{"href":"https:\/\/webpe.colegiomayor.cl\/index.php?rest_route=%2Fwp%2Fv2%2Fmedia&parent=40570"}],"wp:term":[{"taxonomy":"category","embeddable":true,"href":"https:\/\/webpe.colegiomayor.cl\/index.php?rest_route=%2Fwp%2Fv2%2Fcategories&post=40570"},{"taxonomy":"post_tag","embeddable":true,"href":"https:\/\/webpe.colegiomayor.cl\/index.php?rest_route=%2Fwp%2Fv2%2Ftags&post=40570"}],"curies":[{"name":"wp","href":"https:\/\/api.w.org\/{rel}","templated":true}]}}