{"id":40471,"date":"2026-01-09T11:24:55","date_gmt":"2026-01-09T14:24:55","guid":{"rendered":"https:\/\/webpe.colegiomayor.cl\/?p=40471"},"modified":"2026-01-26T18:20:43","modified_gmt":"2026-01-26T21:20:43","slug":"lista-de-utiles-escolares-2026","status":"publish","type":"post","link":"https:\/\/webpe.colegiomayor.cl\/?p=40471","title":{"rendered":"Lista de \u00fatiles escolares 2026"},"content":{"rendered":"\n<p class=\"has-text-align-center has-white-background-color has-background\"><em>Estimada Comunidad ponemos a su disposici\u00f3n las&nbsp;<a href=\"https:\/\/webpe.colegiomayor.cl\/?page_id=40418\">listas de&nbsp;\u00fatiles 2026&nbsp;<\/a>e informaci\u00f3n respecto al uniforme institucional.<\/em><\/p>\n\n\n\n<p class=\"has-text-align-left\">La recepci\u00f3n de \u00fatiles y reconocimiento de salas de &nbsp;Play Group&nbsp; a 2\u00b0 B\u00e1sico&nbsp; es el 2 y 3 de marzo de 9.30 a 13:00 horas.&nbsp;<\/p>\n\n\n\n<p class=\"has-text-align-left\">El buzo institucional es de Play Group a Cuarto B\u00e1sico, desde 5\u00b0 a IV\u00b0 Medio se utilizar\u00e1 uniforme y buzo institucional, seg\u00fan lo indican las listas de \u00fatiles.<\/p>\n\n\n\n<p><strong>Venta de Uniforme\u00a0 Institucional\u00a0<\/strong><br><br>FALABELLA \u2013 Mall Plaza Ega\u00f1a &#8211; <a href=\"https:\/\/www.falabella.com\/falabella-cl\/shop\/uniforme-colegio-mayor\">www.falabella.cl<\/a><\/p>\n\n\n\n<p>ARTE Y DISE\u00d1O Las Am\u00e9ricas 4836, Pe\u00f1alol\u00e9n  +569 68440881<\/p>\n\n\n\n<p>VMA UNIFORMES Las Perdices 2990, 2\u00b0piso local 22  \/ +56975115240<\/p>\n\n\n\n<p><\/p>\n\n\n\n<p><\/p>\n","protected":false},"excerpt":{"rendered":"<p>Estimada Comunidad ponemos a su disposici\u00f3n las&nbsp;listas de&nbsp;\u00fatiles 2026&nbsp;e informaci\u00f3n respecto al uniforme institucional. La recepci\u00f3n de \u00fatiles y reconocimiento de salas de &nbsp;Play Group&nbsp; a 2\u00b0 B\u00e1sico&nbsp; es el 2 y 3 de marzo de 9.30 a 13:00 horas.&nbsp; El buzo institucional es de&nbsp;<a href=\"https:\/\/webpe.colegiomayor.cl\/?p=40471\">&hellip;<\/a><\/p>\n","protected":false},"author":9,"featured_media":40534,"comment_status":"closed","ping_status":"closed","sticky":false,"template":"","format":"standard","meta":{"content-type":"","footnotes":""},"categories":[1],"tags":[],"class_list":["post-40471","post","type-post","status-publish","format-standard","has-post-thumbnail","hentry","category-categoria-3","odd"],"rttpg_featured_image_url":{"full":["https:\/\/webpe.colegiomayor.cl\/wp-content\/uploads\/2026\/01\/web_lista_utiles-2.jpg",768,510,false],"landscape":["https:\/\/webpe.colegiomayor.cl\/wp-content\/uploads\/2026\/01\/web_lista_utiles-2.jpg",768,510,false],"portraits":["https:\/\/webpe.colegiomayor.cl\/wp-content\/uploads\/2026\/01\/web_lista_utiles-2.jpg",768,510,false],"thumbnail":["https:\/\/webpe.colegiomayor.cl\/wp-content\/uploads\/2026\/01\/web_lista_utiles-2-150x150.jpg",150,150,true],"medium":["https:\/\/webpe.colegiomayor.cl\/wp-content\/uploads\/2026\/01\/web_lista_utiles-2-300x199.jpg",300,199,true],"large":["https:\/\/webpe.colegiomayor.cl\/wp-content\/uploads\/2026\/01\/web_lista_utiles-2-768x510.jpg",768,510,true],"1536x1536":["https:\/\/webpe.colegiomayor.cl\/wp-content\/uploads\/2026\/01\/web_lista_utiles-2-768x510.jpg",768,510,true],"2048x2048":["https:\/\/webpe.colegiomayor.cl\/wp-content\/uploads\/2026\/01\/web_lista_utiles-2-768x510.jpg",768,510,true],"post-thumbnail":["https:\/\/webpe.colegiomayor.cl\/wp-content\/uploads\/2026\/01\/web_lista_utiles-2-150x100.jpg",150,100,true],"ed-school-featured-image":["https:\/\/webpe.colegiomayor.cl\/wp-content\/uploads\/2026\/01\/web_lista_utiles-2-768x500.jpg",768,500,true],"ed-school-medium":["https:\/\/webpe.colegiomayor.cl\/wp-content\/uploads\/2026\/01\/web_lista_utiles-2-768x510.jpg",768,510,true],"ed-school-medium-alt":["https:\/\/webpe.colegiomayor.cl\/wp-content\/uploads\/2026\/01\/web_lista_utiles-2-768x410.jpg",768,410,true],"ed-school-square":["https:\/\/webpe.colegiomayor.cl\/wp-content\/uploads\/2026\/01\/web_lista_utiles-2-768x510.jpg",768,510,true],"ed-school-square-small":["https:\/\/webpe.colegiomayor.cl\/wp-content\/uploads\/2026\/01\/web_lista_utiles-2-420x420.jpg",420,420,true]},"rttpg_author":{"display_name":"Catherine Le\u00f3n","author_link":"https:\/\/webpe.colegiomayor.cl\/?author=9"},"rttpg_comment":0,"rttpg_category":"<a href=\"https:\/\/webpe.colegiomayor.cl\/?cat=1\" rel=\"category\">NOTICIAS<\/a>","rttpg_excerpt":"Estimada Comunidad ponemos a su disposici\u00f3n las&nbsp;listas de&nbsp;\u00fatiles 2026&nbsp;e informaci\u00f3n respecto al uniforme institucional. La recepci\u00f3n de \u00fatiles y reconocimiento de salas de &nbsp;Play Group&nbsp; a 2\u00b0 B\u00e1sico&nbsp; es el 2 y 3 de marzo de 9.30 a 13:00 horas.&nbsp; El buzo institucional es de&nbsp;&hellip;","_links":{"self":[{"href":"https:\/\/webpe.colegiomayor.cl\/index.php?rest_route=\/wp\/v2\/posts\/40471","targetHints":{"allow":["GET"]}}],"collection":[{"href":"https:\/\/webpe.colegiomayor.cl\/index.php?rest_route=\/wp\/v2\/posts"}],"about":[{"href":"https:\/\/webpe.colegiomayor.cl\/index.php?rest_route=\/wp\/v2\/types\/post"}],"author":[{"embeddable":true,"href":"https:\/\/webpe.colegiomayor.cl\/index.php?rest_route=\/wp\/v2\/users\/9"}],"replies":[{"embeddable":true,"href":"https:\/\/webpe.colegiomayor.cl\/index.php?rest_route=%2Fwp%2Fv2%2Fcomments&post=40471"}],"version-history":[{"count":8,"href":"https:\/\/webpe.colegiomayor.cl\/index.php?rest_route=\/wp\/v2\/posts\/40471\/revisions"}],"predecessor-version":[{"id":40535,"href":"https:\/\/webpe.colegiomayor.cl\/index.php?rest_route=\/wp\/v2\/posts\/40471\/revisions\/40535"}],"wp:featuredmedia":[{"embeddable":true,"href":"https:\/\/webpe.colegiomayor.cl\/index.php?rest_route=\/wp\/v2\/media\/40534"}],"wp:attachment":[{"href":"https:\/\/webpe.colegiomayor.cl\/index.php?rest_route=%2Fwp%2Fv2%2Fmedia&parent=40471"}],"wp:term":[{"taxonomy":"category","embeddable":true,"href":"https:\/\/webpe.colegiomayor.cl\/index.php?rest_route=%2Fwp%2Fv2%2Fcategories&post=40471"},{"taxonomy":"post_tag","embeddable":true,"href":"https:\/\/webpe.colegiomayor.cl\/index.php?rest_route=%2Fwp%2Fv2%2Ftags&post=40471"}],"curies":[{"name":"wp","href":"https:\/\/api.w.org\/{rel}","templated":true}]}}