{"id":39891,"date":"2025-11-28T16:17:02","date_gmt":"2025-11-28T19:17:02","guid":{"rendered":"https:\/\/webpe.colegiomayor.cl\/?p=39891"},"modified":"2025-11-28T16:17:02","modified_gmt":"2025-11-28T19:17:02","slug":"la-seleccion-mini-del-colegio-mayor-penalolen-va-por-la-gran-final","status":"publish","type":"post","link":"https:\/\/webpe.colegiomayor.cl\/?p=39891","title":{"rendered":"La Selecci\u00f3n Mini del Colegio Mayor Pe\u00f1alol\u00e9n va por la gran final"},"content":{"rendered":"\n<p>La selecci\u00f3n <strong>Mini de B\u00e1squetbol del Colegio Mayor<\/strong> disputar\u00e1 <strong>este s\u00e1bado 29 de noviembre, a las 09:00 horas<\/strong>, la gran final del campeonato de mini basket. El encuentro se llevar\u00e1 a cabo en el <strong>Edificio de Deportes Colectivo del Club Universidad Cat\u00f3lica<\/strong>, donde nuestros peque\u00f1os representantes buscar\u00e1n coronar un a\u00f1o simplemente extraordinario.<\/p>\n\n\n\n<p>Con m\u00e1s de <strong>30 partidos invictos<\/strong>, este equipo ha demostrado constancia, disciplina y un compromiso ejemplar tanto dentro como fuera de la cancha. Cada entrenamiento, cada esfuerzo y cada minuto de juego ha sido el reflejo de un grupo que entiende que el deporte no solo se trata de competir, sino tambi\u00e9n de crecer, aprender y representar con orgullo a su colegio.<\/p>\n\n\n\n<p>Bajo la gu\u00eda de sus entrenadores <strong>Carlos Cerecera<\/strong> y <strong>Nicol\u00e1s Ortiz<\/strong>, los jugadores han fortalecido valores fundamentales: el respeto, la responsabilidad, la perseverancia y el trabajo en equipo. Este proceso formativo ha sido clave para que la categor\u00eda Mini llegue a esta instancia final con madurez deportiva y humana.<\/p>\n\n\n\n<p>Invitamos a <strong>toda la comunidad del Colegio Mayor<\/strong> \u2014familias, estudiantes, funcionarios y exalumnos\u2014 a acompa\u00f1arnos y alentar a nuestros deportistas en este desaf\u00edo decisivo. Su apoyo ser\u00e1 fundamental para que los ni\u00f1os vivan una final memorable y sigan construyendo momentos que quedar\u00e1n para siempre en su historia deportiva.<\/p>\n\n\n\n<p><strong>\u00a1Vamos Colegio Mayor!<br>\u00a1Sigamos so\u00f1ando juntos!<\/strong><\/p>\n\n\n<style>.uid-aa8150605dcd72b8  .gt3pg-isotope-item {\n\tpadding-right: 20px;\n\tpadding-bottom: 20px;\n}\n.uid-aa8150605dcd72b8  .gallery-isotope-wrapper {\n\tmargin-right: -20px;\n\tmargin-bottom: -20px;\n}\n<\/style><div id=\"uid-aa8150605dcd72b8\" data-gt3pg-block=\"masonry\" data-index=\"1\" class=\"gt3-photo-gallery-pro--isotope_gallery uid-aa8150605dcd72b8 gt3pg-pro--wrapper gt3pg-pro--masonry \">\t\t<div data-cols=\"3\" data-cols-tablet=\"3\" data-cols-mobile=\"2\" class=\"gt3pg-isotope-gallery columns-3 hover-default gallery-masonry corner-standard\" data-settings=\"{&quot;lightbox&quot;:{&quot;enable&quot;:true,&quot;options&quot;:{&quot;instance&quot;:1}},&quot;id&quot;:1,&quot;uid&quot;:&quot;uid-aa8150605dcd72b8&quot;,&quot;modules&quot;:[&quot;Lightbox&quot;],&quot;lightboxArray&quot;:[{&quot;href&quot;:&quot;https:\\\/\\\/webpe.colegiomayor.cl\\\/wp-content\\\/uploads\\\/2025\\\/11\\\/WhatsApp-Image-2025-11-27-at-16.07.09-1.jpeg&quot;,&quot;title&quot;:&quot;WhatsApp Image 2025-11-27 at 16.07.09 (1)&quot;,&quot;thumbnail&quot;:&quot;https:\\\/\\\/webpe.colegiomayor.cl\\\/wp-content\\\/uploads\\\/2025\\\/11\\\/WhatsApp-Image-2025-11-27-at-16.07.09-1-150x150.jpeg&quot;,&quot;description&quot;:&quot;&quot;,&quot;is_video&quot;:0,&quot;image_id&quot;:39892,&quot;width&quot;:1280,&quot;height&quot;:963},{&quot;href&quot;:&quot;https:\\\/\\\/webpe.colegiomayor.cl\\\/wp-content\\\/uploads\\\/2025\\\/11\\\/WhatsApp-Image-2025-11-27-at-16.07.09-2.jpeg&quot;,&quot;title&quot;:&quot;WhatsApp Image 2025-11-27 at 16.07.09 (2)&quot;,&quot;thumbnail&quot;:&quot;https:\\\/\\\/webpe.colegiomayor.cl\\\/wp-content\\\/uploads\\\/2025\\\/11\\\/WhatsApp-Image-2025-11-27-at-16.07.09-2-150x150.jpeg&quot;,&quot;description&quot;:&quot;&quot;,&quot;is_video&quot;:0,&quot;image_id&quot;:39893,&quot;width&quot;:1280,&quot;height&quot;:963},{&quot;href&quot;:&quot;https:\\\/\\\/webpe.colegiomayor.cl\\\/wp-content\\\/uploads\\\/2025\\\/11\\\/WhatsApp-Image-2025-11-27-at-16.07.09.jpeg&quot;,&quot;title&quot;:&quot;WhatsApp Image 2025-11-27 at 16.07.09&quot;,&quot;thumbnail&quot;:&quot;https:\\\/\\\/webpe.colegiomayor.cl\\\/wp-content\\\/uploads\\\/2025\\\/11\\\/WhatsApp-Image-2025-11-27-at-16.07.09-150x150.jpeg&quot;,&quot;description&quot;:&quot;&quot;,&quot;is_video&quot;:0,&quot;image_id&quot;:39894,&quot;width&quot;:1200,&quot;height&quot;:1600}],&quot;items&quot;:[{&quot;href&quot;:&quot;https:\\\/\\\/webpe.colegiomayor.cl\\\/wp-content\\\/uploads\\\/2025\\\/11\\\/WhatsApp-Image-2025-11-27-at-16.07.09-1.jpeg&quot;,&quot;title&quot;:&quot;WhatsApp Image 2025-11-27 at 16.07.09 (1)&quot;,&quot;thumbnail&quot;:&quot;https:\\\/\\\/webpe.colegiomayor.cl\\\/wp-content\\\/uploads\\\/2025\\\/11\\\/WhatsApp-Image-2025-11-27-at-16.07.09-1-150x150.jpeg&quot;,&quot;description&quot;:&quot;&quot;,&quot;is_video&quot;:0,&quot;image_id&quot;:39892,&quot;width&quot;:1280,&quot;height&quot;:963},{&quot;href&quot;:&quot;https:\\\/\\\/webpe.colegiomayor.cl\\\/wp-content\\\/uploads\\\/2025\\\/11\\\/WhatsApp-Image-2025-11-27-at-16.07.09-2.jpeg&quot;,&quot;title&quot;:&quot;WhatsApp Image 2025-11-27 at 16.07.09 (2)&quot;,&quot;thumbnail&quot;:&quot;https:\\\/\\\/webpe.colegiomayor.cl\\\/wp-content\\\/uploads\\\/2025\\\/11\\\/WhatsApp-Image-2025-11-27-at-16.07.09-2-150x150.jpeg&quot;,&quot;description&quot;:&quot;&quot;,&quot;is_video&quot;:0,&quot;image_id&quot;:39893,&quot;width&quot;:1280,&quot;height&quot;:963},{&quot;href&quot;:&quot;https:\\\/\\\/webpe.colegiomayor.cl\\\/wp-content\\\/uploads\\\/2025\\\/11\\\/WhatsApp-Image-2025-11-27-at-16.07.09.jpeg&quot;,&quot;title&quot;:&quot;WhatsApp Image 2025-11-27 at 16.07.09&quot;,&quot;thumbnail&quot;:&quot;https:\\\/\\\/webpe.colegiomayor.cl\\\/wp-content\\\/uploads\\\/2025\\\/11\\\/WhatsApp-Image-2025-11-27-at-16.07.09-150x150.jpeg&quot;,&quot;description&quot;:&quot;&quot;,&quot;is_video&quot;:0,&quot;image_id&quot;:39894,&quot;width&quot;:1200,&quot;height&quot;:1600}]}\">\r\n\t\t\t<div class=\"gallery-isotope-wrapper\">\r\n\t\t\t\t<div class=\"gt3pg-isotope-item loading \" ><div class=\"isotope_item-wrapper\"><a href=\"https:\/\/webpe.colegiomayor.cl\/wp-content\/uploads\/2025\/11\/WhatsApp-Image-2025-11-27-at-16.07.09-1.jpeg\" class=\"gt3pg-lightbox\" data-elementor-open-lightbox=\"no\"><div class=\"img-wrapper \"><img loading=\"lazy\" decoding=\"async\" width=\"768\" height=\"578\" src=\"https:\/\/webpe.colegiomayor.cl\/wp-content\/uploads\/2025\/11\/WhatsApp-Image-2025-11-27-at-16.07.09-1.jpeg\" class=\"skip-lazy gt3-lazy-image\" alt=\"\" data-lazy-srcset=\"https:\/\/webpe.colegiomayor.cl\/wp-content\/uploads\/2025\/11\/WhatsApp-Image-2025-11-27-at-16.07.09-1.jpeg 1280w, https:\/\/webpe.colegiomayor.cl\/wp-content\/uploads\/2025\/11\/WhatsApp-Image-2025-11-27-at-16.07.09-1-300x226.jpeg 300w, https:\/\/webpe.colegiomayor.cl\/wp-content\/uploads\/2025\/11\/WhatsApp-Image-2025-11-27-at-16.07.09-1-150x113.jpeg 150w\" data-lazy-sizes=\"(max-width: 768px) 100vw, 768px\" data-lazy-src=\"https:\/\/webpe.colegiomayor.cl\/wp-content\/uploads\/2025\/11\/WhatsApp-Image-2025-11-27-at-16.07.09-1.jpeg?is-pending-load=1\" srcset=\"data:image\/png;base64,iVBORw0KGgoAAAANSUhEUgAAAE0AAAA5CAYAAABzuqZnAAAACXBIWXMAAA7EAAAOxAGVKw4bAAAAKElEQVR42u3BMQEAAADCoPVPbQlPoAAAAAAAAAAAAAAAAAAAAAAADgZEzQABzhJDggAAAABJRU5ErkJggg==\" \/><\/div><\/a><\/div><\/div><div class=\"gt3pg-isotope-item loading \" ><div class=\"isotope_item-wrapper\"><a href=\"https:\/\/webpe.colegiomayor.cl\/wp-content\/uploads\/2025\/11\/WhatsApp-Image-2025-11-27-at-16.07.09-2.jpeg\" class=\"gt3pg-lightbox\" data-elementor-open-lightbox=\"no\"><div class=\"img-wrapper \"><img loading=\"lazy\" decoding=\"async\" width=\"768\" height=\"578\" src=\"https:\/\/webpe.colegiomayor.cl\/wp-content\/uploads\/2025\/11\/WhatsApp-Image-2025-11-27-at-16.07.09-2.jpeg\" class=\"skip-lazy gt3-lazy-image\" alt=\"\" data-lazy-srcset=\"https:\/\/webpe.colegiomayor.cl\/wp-content\/uploads\/2025\/11\/WhatsApp-Image-2025-11-27-at-16.07.09-2.jpeg 1280w, https:\/\/webpe.colegiomayor.cl\/wp-content\/uploads\/2025\/11\/WhatsApp-Image-2025-11-27-at-16.07.09-2-300x226.jpeg 300w\" data-lazy-sizes=\"(max-width: 768px) 100vw, 768px\" data-lazy-src=\"https:\/\/webpe.colegiomayor.cl\/wp-content\/uploads\/2025\/11\/WhatsApp-Image-2025-11-27-at-16.07.09-2.jpeg?is-pending-load=1\" srcset=\"data:image\/png;base64,iVBORw0KGgoAAAANSUhEUgAAAE0AAAA5CAYAAABzuqZnAAAACXBIWXMAAA7EAAAOxAGVKw4bAAAAKElEQVR42u3BMQEAAADCoPVPbQlPoAAAAAAAAAAAAAAAAAAAAAAADgZEzQABzhJDggAAAABJRU5ErkJggg==\" \/><\/div><\/a><\/div><\/div><div class=\"gt3pg-isotope-item loading \" ><div class=\"isotope_item-wrapper\"><a href=\"https:\/\/webpe.colegiomayor.cl\/wp-content\/uploads\/2025\/11\/WhatsApp-Image-2025-11-27-at-16.07.09.jpeg\" class=\"gt3pg-lightbox\" data-elementor-open-lightbox=\"no\"><div class=\"img-wrapper \"><img loading=\"lazy\" decoding=\"async\" width=\"768\" height=\"1024\" src=\"https:\/\/webpe.colegiomayor.cl\/wp-content\/uploads\/2025\/11\/WhatsApp-Image-2025-11-27-at-16.07.09.jpeg\" class=\"skip-lazy gt3-lazy-image\" alt=\"\" data-lazy-srcset=\"https:\/\/webpe.colegiomayor.cl\/wp-content\/uploads\/2025\/11\/WhatsApp-Image-2025-11-27-at-16.07.09.jpeg 1200w, https:\/\/webpe.colegiomayor.cl\/wp-content\/uploads\/2025\/11\/WhatsApp-Image-2025-11-27-at-16.07.09-225x300.jpeg 225w, https:\/\/webpe.colegiomayor.cl\/wp-content\/uploads\/2025\/11\/WhatsApp-Image-2025-11-27-at-16.07.09-768x1024.jpeg 768w\" data-lazy-sizes=\"(max-width: 768px) 100vw, 768px\" data-lazy-src=\"https:\/\/webpe.colegiomayor.cl\/wp-content\/uploads\/2025\/11\/WhatsApp-Image-2025-11-27-at-16.07.09.jpeg?is-pending-load=1\" srcset=\"data:image\/png;base64,iVBORw0KGgoAAAANSUhEUgAAAE0AAABmCAYAAACOYhxFAAAACXBIWXMAAA7EAAAOxAGVKw4bAAAANUlEQVR42u3BgQAAAADDoPlTX+EAVQEAAAAAAAAAAAAAAAAAAAAAAAAAAAAAAAAAAAAAAMBrex4AARQEIPwAAAAASUVORK5CYII=\" \/><\/div><\/a><\/div><\/div>\t\t\t<\/div>\r\n\t\t<\/div>\r\n\t\t<script type=\"application\/json\" id=\"settings--uid-aa8150605dcd72b8\">{\"lightbox\":{\"enable\":true,\"options\":{\"instance\":1}},\"id\":1,\"uid\":\"uid-aa8150605dcd72b8\",\"modules\":[\"Lightbox\"],\"lightboxArray\":[{\"href\":\"https:\\\/\\\/webpe.colegiomayor.cl\\\/wp-content\\\/uploads\\\/2025\\\/11\\\/WhatsApp-Image-2025-11-27-at-16.07.09-1.jpeg\",\"title\":\"WhatsApp Image 2025-11-27 at 16.07.09 (1)\",\"thumbnail\":\"https:\\\/\\\/webpe.colegiomayor.cl\\\/wp-content\\\/uploads\\\/2025\\\/11\\\/WhatsApp-Image-2025-11-27-at-16.07.09-1-150x150.jpeg\",\"description\":\"\",\"is_video\":0,\"image_id\":39892,\"width\":1280,\"height\":963},{\"href\":\"https:\\\/\\\/webpe.colegiomayor.cl\\\/wp-content\\\/uploads\\\/2025\\\/11\\\/WhatsApp-Image-2025-11-27-at-16.07.09-2.jpeg\",\"title\":\"WhatsApp Image 2025-11-27 at 16.07.09 (2)\",\"thumbnail\":\"https:\\\/\\\/webpe.colegiomayor.cl\\\/wp-content\\\/uploads\\\/2025\\\/11\\\/WhatsApp-Image-2025-11-27-at-16.07.09-2-150x150.jpeg\",\"description\":\"\",\"is_video\":0,\"image_id\":39893,\"width\":1280,\"height\":963},{\"href\":\"https:\\\/\\\/webpe.colegiomayor.cl\\\/wp-content\\\/uploads\\\/2025\\\/11\\\/WhatsApp-Image-2025-11-27-at-16.07.09.jpeg\",\"title\":\"WhatsApp Image 2025-11-27 at 16.07.09\",\"thumbnail\":\"https:\\\/\\\/webpe.colegiomayor.cl\\\/wp-content\\\/uploads\\\/2025\\\/11\\\/WhatsApp-Image-2025-11-27-at-16.07.09-150x150.jpeg\",\"description\":\"\",\"is_video\":0,\"image_id\":39894,\"width\":1200,\"height\":1600}],\"items\":[{\"href\":\"https:\\\/\\\/webpe.colegiomayor.cl\\\/wp-content\\\/uploads\\\/2025\\\/11\\\/WhatsApp-Image-2025-11-27-at-16.07.09-1.jpeg\",\"title\":\"WhatsApp Image 2025-11-27 at 16.07.09 (1)\",\"thumbnail\":\"https:\\\/\\\/webpe.colegiomayor.cl\\\/wp-content\\\/uploads\\\/2025\\\/11\\\/WhatsApp-Image-2025-11-27-at-16.07.09-1-150x150.jpeg\",\"description\":\"\",\"is_video\":0,\"image_id\":39892,\"width\":1280,\"height\":963},{\"href\":\"https:\\\/\\\/webpe.colegiomayor.cl\\\/wp-content\\\/uploads\\\/2025\\\/11\\\/WhatsApp-Image-2025-11-27-at-16.07.09-2.jpeg\",\"title\":\"WhatsApp Image 2025-11-27 at 16.07.09 (2)\",\"thumbnail\":\"https:\\\/\\\/webpe.colegiomayor.cl\\\/wp-content\\\/uploads\\\/2025\\\/11\\\/WhatsApp-Image-2025-11-27-at-16.07.09-2-150x150.jpeg\",\"description\":\"\",\"is_video\":0,\"image_id\":39893,\"width\":1280,\"height\":963},{\"href\":\"https:\\\/\\\/webpe.colegiomayor.cl\\\/wp-content\\\/uploads\\\/2025\\\/11\\\/WhatsApp-Image-2025-11-27-at-16.07.09.jpeg\",\"title\":\"WhatsApp Image 2025-11-27 at 16.07.09\",\"thumbnail\":\"https:\\\/\\\/webpe.colegiomayor.cl\\\/wp-content\\\/uploads\\\/2025\\\/11\\\/WhatsApp-Image-2025-11-27-at-16.07.09-150x150.jpeg\",\"description\":\"\",\"is_video\":0,\"image_id\":39894,\"width\":1200,\"height\":1600}]}<\/script>\r\n\t\t<\/div>","protected":false},"excerpt":{"rendered":"<p>La selecci\u00f3n Mini de B\u00e1squetbol del Colegio Mayor disputar\u00e1 este s\u00e1bado 29 de noviembre, a las 09:00 horas, la gran final del campeonato de mini basket. El encuentro se llevar\u00e1 a cabo en el Edificio de Deportes Colectivo del Club Universidad Cat\u00f3lica, donde nuestros peque\u00f1os&nbsp;<a href=\"https:\/\/webpe.colegiomayor.cl\/?p=39891\">&hellip;<\/a><\/p>\n","protected":false},"author":11,"featured_media":39892,"comment_status":"closed","ping_status":"closed","sticky":false,"template":"","format":"standard","meta":{"content-type":"","footnotes":""},"categories":[23,24,25,1],"tags":[224,223,225,102,181],"class_list":["post-39891","post","type-post","status-publish","format-standard","has-post-thumbnail","hentry","category-actualidad","category-comunicaciones","category-deportes","category-categoria-3","tag-basketball","tag-basquetbol","tag-mini","tag-selecciones","tag-torneos-y-competencias","odd"],"rttpg_featured_image_url":{"full":["https:\/\/webpe.colegiomayor.cl\/wp-content\/uploads\/2025\/11\/WhatsApp-Image-2025-11-27-at-16.07.09-1.jpeg",1280,963,false],"landscape":["https:\/\/webpe.colegiomayor.cl\/wp-content\/uploads\/2025\/11\/WhatsApp-Image-2025-11-27-at-16.07.09-1.jpeg",1280,963,false],"portraits":["https:\/\/webpe.colegiomayor.cl\/wp-content\/uploads\/2025\/11\/WhatsApp-Image-2025-11-27-at-16.07.09-1.jpeg",1280,963,false],"thumbnail":["https:\/\/webpe.colegiomayor.cl\/wp-content\/uploads\/2025\/11\/WhatsApp-Image-2025-11-27-at-16.07.09-1-150x150.jpeg",150,150,true],"medium":["https:\/\/webpe.colegiomayor.cl\/wp-content\/uploads\/2025\/11\/WhatsApp-Image-2025-11-27-at-16.07.09-1-300x226.jpeg",300,226,true],"large":["https:\/\/webpe.colegiomayor.cl\/wp-content\/uploads\/2025\/11\/WhatsApp-Image-2025-11-27-at-16.07.09-1-1024x770.jpeg",1024,770,true],"1536x1536":["https:\/\/webpe.colegiomayor.cl\/wp-content\/uploads\/2025\/11\/WhatsApp-Image-2025-11-27-at-16.07.09-1-1280x963.jpeg",1280,963,true],"2048x2048":["https:\/\/webpe.colegiomayor.cl\/wp-content\/uploads\/2025\/11\/WhatsApp-Image-2025-11-27-at-16.07.09-1-1280x963.jpeg",1280,963,true],"post-thumbnail":["https:\/\/webpe.colegiomayor.cl\/wp-content\/uploads\/2025\/11\/WhatsApp-Image-2025-11-27-at-16.07.09-1-150x113.jpeg",150,113,true],"ed-school-featured-image":["https:\/\/webpe.colegiomayor.cl\/wp-content\/uploads\/2025\/11\/WhatsApp-Image-2025-11-27-at-16.07.09-1-990x500.jpeg",990,500,true],"ed-school-medium":["https:\/\/webpe.colegiomayor.cl\/wp-content\/uploads\/2025\/11\/WhatsApp-Image-2025-11-27-at-16.07.09-1-768x510.jpeg",768,510,true],"ed-school-medium-alt":["https:\/\/webpe.colegiomayor.cl\/wp-content\/uploads\/2025\/11\/WhatsApp-Image-2025-11-27-at-16.07.09-1-768x410.jpeg",768,410,true],"ed-school-square":["https:\/\/webpe.colegiomayor.cl\/wp-content\/uploads\/2025\/11\/WhatsApp-Image-2025-11-27-at-16.07.09-1-768x768.jpeg",768,768,true],"ed-school-square-small":["https:\/\/webpe.colegiomayor.cl\/wp-content\/uploads\/2025\/11\/WhatsApp-Image-2025-11-27-at-16.07.09-1-420x420.jpeg",420,420,true]},"rttpg_author":{"display_name":"Francisco Arriagada","author_link":"https:\/\/webpe.colegiomayor.cl\/?author=11"},"rttpg_comment":0,"rttpg_category":"<a href=\"https:\/\/webpe.colegiomayor.cl\/?cat=23\" rel=\"category\">COLEGIO<\/a> <a href=\"https:\/\/webpe.colegiomayor.cl\/?cat=24\" rel=\"category\">COMUNICACIONES<\/a> <a href=\"https:\/\/webpe.colegiomayor.cl\/?cat=25\" rel=\"category\">DEPORTES<\/a> <a href=\"https:\/\/webpe.colegiomayor.cl\/?cat=1\" rel=\"category\">NOTICIAS<\/a>","rttpg_excerpt":"La selecci\u00f3n Mini de B\u00e1squetbol del Colegio Mayor disputar\u00e1 este s\u00e1bado 29 de noviembre, a las 09:00 horas, la gran final del campeonato de mini basket. El encuentro se llevar\u00e1 a cabo en el Edificio de Deportes Colectivo del Club Universidad Cat\u00f3lica, donde nuestros peque\u00f1os&nbsp;&hellip;","_links":{"self":[{"href":"https:\/\/webpe.colegiomayor.cl\/index.php?rest_route=\/wp\/v2\/posts\/39891","targetHints":{"allow":["GET"]}}],"collection":[{"href":"https:\/\/webpe.colegiomayor.cl\/index.php?rest_route=\/wp\/v2\/posts"}],"about":[{"href":"https:\/\/webpe.colegiomayor.cl\/index.php?rest_route=\/wp\/v2\/types\/post"}],"author":[{"embeddable":true,"href":"https:\/\/webpe.colegiomayor.cl\/index.php?rest_route=\/wp\/v2\/users\/11"}],"replies":[{"embeddable":true,"href":"https:\/\/webpe.colegiomayor.cl\/index.php?rest_route=%2Fwp%2Fv2%2Fcomments&post=39891"}],"version-history":[{"count":1,"href":"https:\/\/webpe.colegiomayor.cl\/index.php?rest_route=\/wp\/v2\/posts\/39891\/revisions"}],"predecessor-version":[{"id":39895,"href":"https:\/\/webpe.colegiomayor.cl\/index.php?rest_route=\/wp\/v2\/posts\/39891\/revisions\/39895"}],"wp:featuredmedia":[{"embeddable":true,"href":"https:\/\/webpe.colegiomayor.cl\/index.php?rest_route=\/wp\/v2\/media\/39892"}],"wp:attachment":[{"href":"https:\/\/webpe.colegiomayor.cl\/index.php?rest_route=%2Fwp%2Fv2%2Fmedia&parent=39891"}],"wp:term":[{"taxonomy":"category","embeddable":true,"href":"https:\/\/webpe.colegiomayor.cl\/index.php?rest_route=%2Fwp%2Fv2%2Fcategories&post=39891"},{"taxonomy":"post_tag","embeddable":true,"href":"https:\/\/webpe.colegiomayor.cl\/index.php?rest_route=%2Fwp%2Fv2%2Ftags&post=39891"}],"curies":[{"name":"wp","href":"https:\/\/api.w.org\/{rel}","templated":true}]}}