{"id":39865,"date":"2025-11-17T14:07:44","date_gmt":"2025-11-17T17:07:44","guid":{"rendered":"https:\/\/webpe.colegiomayor.cl\/?p=39865"},"modified":"2025-11-17T14:07:44","modified_gmt":"2025-11-17T17:07:44","slug":"primera-version-del-tetratlon-atletico-reunio-a-tres-instituciones-en-el-estadio-mayor","status":"publish","type":"post","link":"https:\/\/webpe.colegiomayor.cl\/?p=39865","title":{"rendered":"Primera versi\u00f3n del Tetratl\u00f3n Atl\u00e9tico reuni\u00f3 a tres instituciones en el Estadio Mayor"},"content":{"rendered":"\n<p>El s\u00e1bado 15 de noviembre se llev\u00f3 a cabo en la pista atl\u00e9tica del Estadio Mayor la primera versi\u00f3n del Tetratl\u00f3n Atl\u00e9tico, encuentro deportivo que reuni\u00f3 a representantes del Estadio Mayor, Colegio Mayor y Colegio Nuestra Se\u00f1ora del Camino.<\/p>\n\n\n\n<p>La jornada estuvo marcada por el entusiasmo y la sana competencia entre los participantes, quienes demostraron gran compromiso y esp\u00edritu deportivo. En esta primera edici\u00f3n, los estudiantes Joaqu\u00edn Jerez y Lucas Badilla se coronaron campeones en sus respectivas categor\u00edas, destacando por su excelente desempe\u00f1o en las pruebas.<\/p>\n\n\n\n<p>Asimismo, subieron al podio los estudiantes Constanza Figueroa, Constanza Araya, Sof\u00eda Latapiat, Javiera Figueroa, Mart\u00edn Flores, Rafael N\u00fa\u00f1ez, Alonso Coloma, Agust\u00edn Espinoza y Crist\u00f3bal Ar\u00e9valo, quienes fueron reconocidos por sus sobresalientes resultados.<\/p>\n\n\n\n<p>Desde la comunidad educativa se extendieron felicitaciones a todos los integrantes del equipo por su entrega, competitividad y compa\u00f1erismo, valores que reflejan el esp\u00edritu de esta iniciativa. <br><br>\u201cSeguir en la senda del alto vuelo, buscando proyectar a este maravilloso grupo de deportistas\u201d.<\/p>\n\n\n<style>.uid-e7e8cfdf41ef1087  .gt3pg-isotope-item {\n\tpadding-right: 20px;\n\tpadding-bottom: 20px;\n}\n.uid-e7e8cfdf41ef1087  .gallery-isotope-wrapper {\n\tmargin-right: -20px;\n\tmargin-bottom: -20px;\n}\n<\/style><div id=\"uid-e7e8cfdf41ef1087\" data-gt3pg-block=\"masonry\" data-index=\"1\" class=\"gt3-photo-gallery-pro--isotope_gallery uid-e7e8cfdf41ef1087 gt3pg-pro--wrapper gt3pg-pro--masonry \">\t\t<div data-cols=\"3\" data-cols-tablet=\"3\" data-cols-mobile=\"2\" class=\"gt3pg-isotope-gallery columns-3 hover-default gallery-masonry corner-standard\" data-settings=\"{&quot;lightbox&quot;:{&quot;enable&quot;:true,&quot;options&quot;:{&quot;instance&quot;:1}},&quot;id&quot;:1,&quot;uid&quot;:&quot;uid-e7e8cfdf41ef1087&quot;,&quot;modules&quot;:[&quot;Lightbox&quot;],&quot;lightboxArray&quot;:[{&quot;href&quot;:&quot;https:\\\/\\\/webpe.colegiomayor.cl\\\/wp-content\\\/uploads\\\/2025\\\/11\\\/WhatsApp-Image-2025-11-15-at-9.43.35-PM.jpeg&quot;,&quot;title&quot;:&quot;WhatsApp Image 2025-11-15 at 9.43.35 PM&quot;,&quot;thumbnail&quot;:&quot;https:\\\/\\\/webpe.colegiomayor.cl\\\/wp-content\\\/uploads\\\/2025\\\/11\\\/WhatsApp-Image-2025-11-15-at-9.43.35-PM-150x150.jpeg&quot;,&quot;description&quot;:&quot;&quot;,&quot;is_video&quot;:0,&quot;image_id&quot;:39866,&quot;width&quot;:1600,&quot;height&quot;:900},{&quot;href&quot;:&quot;https:\\\/\\\/webpe.colegiomayor.cl\\\/wp-content\\\/uploads\\\/2025\\\/11\\\/WhatsApp-Image-2025-11-15-at-9.46.11-PM-1.jpeg&quot;,&quot;title&quot;:&quot;WhatsApp Image 2025-11-15 at 9.46.11 PM (1)&quot;,&quot;thumbnail&quot;:&quot;https:\\\/\\\/webpe.colegiomayor.cl\\\/wp-content\\\/uploads\\\/2025\\\/11\\\/WhatsApp-Image-2025-11-15-at-9.46.11-PM-1-150x150.jpeg&quot;,&quot;description&quot;:&quot;&quot;,&quot;is_video&quot;:0,&quot;image_id&quot;:39867,&quot;width&quot;:1391,&quot;height&quot;:1600},{&quot;href&quot;:&quot;https:\\\/\\\/webpe.colegiomayor.cl\\\/wp-content\\\/uploads\\\/2025\\\/11\\\/WhatsApp-Image-2025-11-15-at-9.46.11-PM-2.jpeg&quot;,&quot;title&quot;:&quot;WhatsApp Image 2025-11-15 at 9.46.11 PM (2)&quot;,&quot;thumbnail&quot;:&quot;https:\\\/\\\/webpe.colegiomayor.cl\\\/wp-content\\\/uploads\\\/2025\\\/11\\\/WhatsApp-Image-2025-11-15-at-9.46.11-PM-2-150x150.jpeg&quot;,&quot;description&quot;:&quot;&quot;,&quot;is_video&quot;:0,&quot;image_id&quot;:39868,&quot;width&quot;:1355,&quot;height&quot;:1600},{&quot;href&quot;:&quot;https:\\\/\\\/webpe.colegiomayor.cl\\\/wp-content\\\/uploads\\\/2025\\\/11\\\/WhatsApp-Image-2025-11-15-at-9.46.11-PM.jpeg&quot;,&quot;title&quot;:&quot;WhatsApp Image 2025-11-15 at 9.46.11 PM&quot;,&quot;thumbnail&quot;:&quot;https:\\\/\\\/webpe.colegiomayor.cl\\\/wp-content\\\/uploads\\\/2025\\\/11\\\/WhatsApp-Image-2025-11-15-at-9.46.11-PM-150x150.jpeg&quot;,&quot;description&quot;:&quot;&quot;,&quot;is_video&quot;:0,&quot;image_id&quot;:39869,&quot;width&quot;:1600,&quot;height&quot;:1270},{&quot;href&quot;:&quot;https:\\\/\\\/webpe.colegiomayor.cl\\\/wp-content\\\/uploads\\\/2025\\\/11\\\/WhatsApp-Image-2025-11-15-at-9.46.12-PM.jpeg&quot;,&quot;title&quot;:&quot;WhatsApp Image 2025-11-15 at 9.46.12 PM&quot;,&quot;thumbnail&quot;:&quot;https:\\\/\\\/webpe.colegiomayor.cl\\\/wp-content\\\/uploads\\\/2025\\\/11\\\/WhatsApp-Image-2025-11-15-at-9.46.12-PM-150x150.jpeg&quot;,&quot;description&quot;:&quot;&quot;,&quot;is_video&quot;:0,&quot;image_id&quot;:39870,&quot;width&quot;:1282,&quot;height&quot;:1600}],&quot;items&quot;:[{&quot;href&quot;:&quot;https:\\\/\\\/webpe.colegiomayor.cl\\\/wp-content\\\/uploads\\\/2025\\\/11\\\/WhatsApp-Image-2025-11-15-at-9.43.35-PM.jpeg&quot;,&quot;title&quot;:&quot;WhatsApp Image 2025-11-15 at 9.43.35 PM&quot;,&quot;thumbnail&quot;:&quot;https:\\\/\\\/webpe.colegiomayor.cl\\\/wp-content\\\/uploads\\\/2025\\\/11\\\/WhatsApp-Image-2025-11-15-at-9.43.35-PM-150x150.jpeg&quot;,&quot;description&quot;:&quot;&quot;,&quot;is_video&quot;:0,&quot;image_id&quot;:39866,&quot;width&quot;:1600,&quot;height&quot;:900},{&quot;href&quot;:&quot;https:\\\/\\\/webpe.colegiomayor.cl\\\/wp-content\\\/uploads\\\/2025\\\/11\\\/WhatsApp-Image-2025-11-15-at-9.46.11-PM-1.jpeg&quot;,&quot;title&quot;:&quot;WhatsApp Image 2025-11-15 at 9.46.11 PM (1)&quot;,&quot;thumbnail&quot;:&quot;https:\\\/\\\/webpe.colegiomayor.cl\\\/wp-content\\\/uploads\\\/2025\\\/11\\\/WhatsApp-Image-2025-11-15-at-9.46.11-PM-1-150x150.jpeg&quot;,&quot;description&quot;:&quot;&quot;,&quot;is_video&quot;:0,&quot;image_id&quot;:39867,&quot;width&quot;:1391,&quot;height&quot;:1600},{&quot;href&quot;:&quot;https:\\\/\\\/webpe.colegiomayor.cl\\\/wp-content\\\/uploads\\\/2025\\\/11\\\/WhatsApp-Image-2025-11-15-at-9.46.11-PM-2.jpeg&quot;,&quot;title&quot;:&quot;WhatsApp Image 2025-11-15 at 9.46.11 PM (2)&quot;,&quot;thumbnail&quot;:&quot;https:\\\/\\\/webpe.colegiomayor.cl\\\/wp-content\\\/uploads\\\/2025\\\/11\\\/WhatsApp-Image-2025-11-15-at-9.46.11-PM-2-150x150.jpeg&quot;,&quot;description&quot;:&quot;&quot;,&quot;is_video&quot;:0,&quot;image_id&quot;:39868,&quot;width&quot;:1355,&quot;height&quot;:1600},{&quot;href&quot;:&quot;https:\\\/\\\/webpe.colegiomayor.cl\\\/wp-content\\\/uploads\\\/2025\\\/11\\\/WhatsApp-Image-2025-11-15-at-9.46.11-PM.jpeg&quot;,&quot;title&quot;:&quot;WhatsApp Image 2025-11-15 at 9.46.11 PM&quot;,&quot;thumbnail&quot;:&quot;https:\\\/\\\/webpe.colegiomayor.cl\\\/wp-content\\\/uploads\\\/2025\\\/11\\\/WhatsApp-Image-2025-11-15-at-9.46.11-PM-150x150.jpeg&quot;,&quot;description&quot;:&quot;&quot;,&quot;is_video&quot;:0,&quot;image_id&quot;:39869,&quot;width&quot;:1600,&quot;height&quot;:1270},{&quot;href&quot;:&quot;https:\\\/\\\/webpe.colegiomayor.cl\\\/wp-content\\\/uploads\\\/2025\\\/11\\\/WhatsApp-Image-2025-11-15-at-9.46.12-PM.jpeg&quot;,&quot;title&quot;:&quot;WhatsApp Image 2025-11-15 at 9.46.12 PM&quot;,&quot;thumbnail&quot;:&quot;https:\\\/\\\/webpe.colegiomayor.cl\\\/wp-content\\\/uploads\\\/2025\\\/11\\\/WhatsApp-Image-2025-11-15-at-9.46.12-PM-150x150.jpeg&quot;,&quot;description&quot;:&quot;&quot;,&quot;is_video&quot;:0,&quot;image_id&quot;:39870,&quot;width&quot;:1282,&quot;height&quot;:1600}]}\">\r\n\t\t\t<div class=\"gallery-isotope-wrapper\">\r\n\t\t\t\t<div class=\"gt3pg-isotope-item loading \" ><div class=\"isotope_item-wrapper\"><a href=\"https:\/\/webpe.colegiomayor.cl\/wp-content\/uploads\/2025\/11\/WhatsApp-Image-2025-11-15-at-9.43.35-PM.jpeg\" class=\"gt3pg-lightbox\" data-elementor-open-lightbox=\"no\"><div class=\"img-wrapper \"><img loading=\"lazy\" decoding=\"async\" width=\"768\" height=\"432\" src=\"https:\/\/webpe.colegiomayor.cl\/wp-content\/uploads\/2025\/11\/WhatsApp-Image-2025-11-15-at-9.43.35-PM.jpeg\" class=\"skip-lazy gt3-lazy-image\" alt=\"\" data-lazy-srcset=\"https:\/\/webpe.colegiomayor.cl\/wp-content\/uploads\/2025\/11\/WhatsApp-Image-2025-11-15-at-9.43.35-PM.jpeg 1600w, https:\/\/webpe.colegiomayor.cl\/wp-content\/uploads\/2025\/11\/WhatsApp-Image-2025-11-15-at-9.43.35-PM-300x169.jpeg 300w, https:\/\/webpe.colegiomayor.cl\/wp-content\/uploads\/2025\/11\/WhatsApp-Image-2025-11-15-at-9.43.35-PM-150x84.jpeg 150w\" data-lazy-sizes=\"(max-width: 768px) 100vw, 768px\" data-lazy-src=\"https:\/\/webpe.colegiomayor.cl\/wp-content\/uploads\/2025\/11\/WhatsApp-Image-2025-11-15-at-9.43.35-PM.jpeg?is-pending-load=1\" srcset=\"data:image\/png;base64,iVBORw0KGgoAAAANSUhEUgAAAE0AAAArCAYAAAA9pAX3AAAACXBIWXMAAA7EAAAOxAGVKw4bAAAAJElEQVRo3u3BMQEAAADCoPVPbQwfoAAAAAAAAAAAAAAAAICzATPnAAGZbRrQAAAAAElFTkSuQmCC\" \/><\/div><\/a><\/div><\/div><div class=\"gt3pg-isotope-item loading \" ><div class=\"isotope_item-wrapper\"><a href=\"https:\/\/webpe.colegiomayor.cl\/wp-content\/uploads\/2025\/11\/WhatsApp-Image-2025-11-15-at-9.46.11-PM-1.jpeg\" class=\"gt3pg-lightbox\" data-elementor-open-lightbox=\"no\"><div class=\"img-wrapper \"><img loading=\"lazy\" decoding=\"async\" width=\"768\" height=\"883\" src=\"https:\/\/webpe.colegiomayor.cl\/wp-content\/uploads\/2025\/11\/WhatsApp-Image-2025-11-15-at-9.46.11-PM-1.jpeg\" class=\"skip-lazy gt3-lazy-image\" alt=\"\" data-lazy-srcset=\"https:\/\/webpe.colegiomayor.cl\/wp-content\/uploads\/2025\/11\/WhatsApp-Image-2025-11-15-at-9.46.11-PM-1.jpeg 1391w, https:\/\/webpe.colegiomayor.cl\/wp-content\/uploads\/2025\/11\/WhatsApp-Image-2025-11-15-at-9.46.11-PM-1-261x300.jpeg 261w\" data-lazy-sizes=\"(max-width: 768px) 100vw, 768px\" data-lazy-src=\"https:\/\/webpe.colegiomayor.cl\/wp-content\/uploads\/2025\/11\/WhatsApp-Image-2025-11-15-at-9.46.11-PM-1.jpeg?is-pending-load=1\" srcset=\"data:image\/png;base64,iVBORw0KGgoAAAANSUhEUgAAAE0AAABYCAYAAACwEnqYAAAACXBIWXMAAA7EAAAOxAGVKw4bAAAAMUlEQVR42u3BMQEAAADCoPVPbQsvoAAAAAAAAAAAAAAAAAAAAAAAAAAAAAAAAAAAeBhqOAABvKutWQAAAABJRU5ErkJggg==\" \/><\/div><\/a><\/div><\/div><div class=\"gt3pg-isotope-item loading \" ><div class=\"isotope_item-wrapper\"><a href=\"https:\/\/webpe.colegiomayor.cl\/wp-content\/uploads\/2025\/11\/WhatsApp-Image-2025-11-15-at-9.46.11-PM-2.jpeg\" class=\"gt3pg-lightbox\" data-elementor-open-lightbox=\"no\"><div class=\"img-wrapper \"><img loading=\"lazy\" decoding=\"async\" width=\"768\" height=\"907\" src=\"https:\/\/webpe.colegiomayor.cl\/wp-content\/uploads\/2025\/11\/WhatsApp-Image-2025-11-15-at-9.46.11-PM-2.jpeg\" class=\"skip-lazy gt3-lazy-image\" alt=\"\" data-lazy-srcset=\"https:\/\/webpe.colegiomayor.cl\/wp-content\/uploads\/2025\/11\/WhatsApp-Image-2025-11-15-at-9.46.11-PM-2.jpeg 1355w, https:\/\/webpe.colegiomayor.cl\/wp-content\/uploads\/2025\/11\/WhatsApp-Image-2025-11-15-at-9.46.11-PM-2-254x300.jpeg 254w\" data-lazy-sizes=\"(max-width: 768px) 100vw, 768px\" data-lazy-src=\"https:\/\/webpe.colegiomayor.cl\/wp-content\/uploads\/2025\/11\/WhatsApp-Image-2025-11-15-at-9.46.11-PM-2.jpeg?is-pending-load=1\" srcset=\"data:image\/png;base64,iVBORw0KGgoAAAANSUhEUgAAAE0AAABaCAYAAAD92tuTAAAACXBIWXMAAA7EAAAOxAGVKw4bAAAAMUlEQVR42u3BAQ0AAADCoPdPbQ8HFAAAAAAAAAAAAAAAAAAAAAAAAAAAAAAAAAAA8GNsogABk54Y3QAAAABJRU5ErkJggg==\" \/><\/div><\/a><\/div><\/div><div class=\"gt3pg-isotope-item loading \" ><div class=\"isotope_item-wrapper\"><a href=\"https:\/\/webpe.colegiomayor.cl\/wp-content\/uploads\/2025\/11\/WhatsApp-Image-2025-11-15-at-9.46.11-PM.jpeg\" class=\"gt3pg-lightbox\" data-elementor-open-lightbox=\"no\"><div class=\"img-wrapper \"><img loading=\"lazy\" decoding=\"async\" width=\"768\" height=\"610\" src=\"https:\/\/webpe.colegiomayor.cl\/wp-content\/uploads\/2025\/11\/WhatsApp-Image-2025-11-15-at-9.46.11-PM.jpeg\" class=\"skip-lazy gt3-lazy-image\" alt=\"\" data-lazy-srcset=\"https:\/\/webpe.colegiomayor.cl\/wp-content\/uploads\/2025\/11\/WhatsApp-Image-2025-11-15-at-9.46.11-PM.jpeg 1600w, https:\/\/webpe.colegiomayor.cl\/wp-content\/uploads\/2025\/11\/WhatsApp-Image-2025-11-15-at-9.46.11-PM-300x238.jpeg 300w\" data-lazy-sizes=\"(max-width: 768px) 100vw, 768px\" data-lazy-src=\"https:\/\/webpe.colegiomayor.cl\/wp-content\/uploads\/2025\/11\/WhatsApp-Image-2025-11-15-at-9.46.11-PM.jpeg?is-pending-load=1\" srcset=\"data:image\/png;base64,iVBORw0KGgoAAAANSUhEUgAAAE0AAAA9CAYAAADoK+RxAAAACXBIWXMAAA7EAAAOxAGVKw4bAAAAKUlEQVR42u3BMQEAAADCoPVP7W0HoAAAAAAAAAAAAAAAAAAAAAAAADgDSaEAAbV9wxIAAAAASUVORK5CYII=\" \/><\/div><\/a><\/div><\/div><div class=\"gt3pg-isotope-item loading \" ><div class=\"isotope_item-wrapper\"><a href=\"https:\/\/webpe.colegiomayor.cl\/wp-content\/uploads\/2025\/11\/WhatsApp-Image-2025-11-15-at-9.46.12-PM.jpeg\" class=\"gt3pg-lightbox\" data-elementor-open-lightbox=\"no\"><div class=\"img-wrapper \"><img loading=\"lazy\" decoding=\"async\" width=\"768\" height=\"959\" src=\"https:\/\/webpe.colegiomayor.cl\/wp-content\/uploads\/2025\/11\/WhatsApp-Image-2025-11-15-at-9.46.12-PM.jpeg\" class=\"skip-lazy gt3-lazy-image\" alt=\"\" data-lazy-srcset=\"https:\/\/webpe.colegiomayor.cl\/wp-content\/uploads\/2025\/11\/WhatsApp-Image-2025-11-15-at-9.46.12-PM.jpeg 1282w, https:\/\/webpe.colegiomayor.cl\/wp-content\/uploads\/2025\/11\/WhatsApp-Image-2025-11-15-at-9.46.12-PM-240x300.jpeg 240w\" data-lazy-sizes=\"(max-width: 768px) 100vw, 768px\" data-lazy-src=\"https:\/\/webpe.colegiomayor.cl\/wp-content\/uploads\/2025\/11\/WhatsApp-Image-2025-11-15-at-9.46.12-PM.jpeg?is-pending-load=1\" srcset=\"data:image\/png;base64,iVBORw0KGgoAAAANSUhEUgAAAE0AAABgCAYAAABYO\/9YAAAACXBIWXMAAA7EAAAOxAGVKw4bAAAAM0lEQVR42u3BAQEAAACCIP+vbkhAAQAAAAAAAAAAAAAAAAAAAAAAAAAAAAAAAAAAAMCvAXPgAAGrlAKSAAAAAElFTkSuQmCC\" \/><\/div><\/a><\/div><\/div>\t\t\t<\/div>\r\n\t\t<\/div>\r\n\t\t<script type=\"application\/json\" id=\"settings--uid-e7e8cfdf41ef1087\">{\"lightbox\":{\"enable\":true,\"options\":{\"instance\":1}},\"id\":1,\"uid\":\"uid-e7e8cfdf41ef1087\",\"modules\":[\"Lightbox\"],\"lightboxArray\":[{\"href\":\"https:\\\/\\\/webpe.colegiomayor.cl\\\/wp-content\\\/uploads\\\/2025\\\/11\\\/WhatsApp-Image-2025-11-15-at-9.43.35-PM.jpeg\",\"title\":\"WhatsApp Image 2025-11-15 at 9.43.35 PM\",\"thumbnail\":\"https:\\\/\\\/webpe.colegiomayor.cl\\\/wp-content\\\/uploads\\\/2025\\\/11\\\/WhatsApp-Image-2025-11-15-at-9.43.35-PM-150x150.jpeg\",\"description\":\"\",\"is_video\":0,\"image_id\":39866,\"width\":1600,\"height\":900},{\"href\":\"https:\\\/\\\/webpe.colegiomayor.cl\\\/wp-content\\\/uploads\\\/2025\\\/11\\\/WhatsApp-Image-2025-11-15-at-9.46.11-PM-1.jpeg\",\"title\":\"WhatsApp Image 2025-11-15 at 9.46.11 PM (1)\",\"thumbnail\":\"https:\\\/\\\/webpe.colegiomayor.cl\\\/wp-content\\\/uploads\\\/2025\\\/11\\\/WhatsApp-Image-2025-11-15-at-9.46.11-PM-1-150x150.jpeg\",\"description\":\"\",\"is_video\":0,\"image_id\":39867,\"width\":1391,\"height\":1600},{\"href\":\"https:\\\/\\\/webpe.colegiomayor.cl\\\/wp-content\\\/uploads\\\/2025\\\/11\\\/WhatsApp-Image-2025-11-15-at-9.46.11-PM-2.jpeg\",\"title\":\"WhatsApp Image 2025-11-15 at 9.46.11 PM (2)\",\"thumbnail\":\"https:\\\/\\\/webpe.colegiomayor.cl\\\/wp-content\\\/uploads\\\/2025\\\/11\\\/WhatsApp-Image-2025-11-15-at-9.46.11-PM-2-150x150.jpeg\",\"description\":\"\",\"is_video\":0,\"image_id\":39868,\"width\":1355,\"height\":1600},{\"href\":\"https:\\\/\\\/webpe.colegiomayor.cl\\\/wp-content\\\/uploads\\\/2025\\\/11\\\/WhatsApp-Image-2025-11-15-at-9.46.11-PM.jpeg\",\"title\":\"WhatsApp Image 2025-11-15 at 9.46.11 PM\",\"thumbnail\":\"https:\\\/\\\/webpe.colegiomayor.cl\\\/wp-content\\\/uploads\\\/2025\\\/11\\\/WhatsApp-Image-2025-11-15-at-9.46.11-PM-150x150.jpeg\",\"description\":\"\",\"is_video\":0,\"image_id\":39869,\"width\":1600,\"height\":1270},{\"href\":\"https:\\\/\\\/webpe.colegiomayor.cl\\\/wp-content\\\/uploads\\\/2025\\\/11\\\/WhatsApp-Image-2025-11-15-at-9.46.12-PM.jpeg\",\"title\":\"WhatsApp Image 2025-11-15 at 9.46.12 PM\",\"thumbnail\":\"https:\\\/\\\/webpe.colegiomayor.cl\\\/wp-content\\\/uploads\\\/2025\\\/11\\\/WhatsApp-Image-2025-11-15-at-9.46.12-PM-150x150.jpeg\",\"description\":\"\",\"is_video\":0,\"image_id\":39870,\"width\":1282,\"height\":1600}],\"items\":[{\"href\":\"https:\\\/\\\/webpe.colegiomayor.cl\\\/wp-content\\\/uploads\\\/2025\\\/11\\\/WhatsApp-Image-2025-11-15-at-9.43.35-PM.jpeg\",\"title\":\"WhatsApp Image 2025-11-15 at 9.43.35 PM\",\"thumbnail\":\"https:\\\/\\\/webpe.colegiomayor.cl\\\/wp-content\\\/uploads\\\/2025\\\/11\\\/WhatsApp-Image-2025-11-15-at-9.43.35-PM-150x150.jpeg\",\"description\":\"\",\"is_video\":0,\"image_id\":39866,\"width\":1600,\"height\":900},{\"href\":\"https:\\\/\\\/webpe.colegiomayor.cl\\\/wp-content\\\/uploads\\\/2025\\\/11\\\/WhatsApp-Image-2025-11-15-at-9.46.11-PM-1.jpeg\",\"title\":\"WhatsApp Image 2025-11-15 at 9.46.11 PM (1)\",\"thumbnail\":\"https:\\\/\\\/webpe.colegiomayor.cl\\\/wp-content\\\/uploads\\\/2025\\\/11\\\/WhatsApp-Image-2025-11-15-at-9.46.11-PM-1-150x150.jpeg\",\"description\":\"\",\"is_video\":0,\"image_id\":39867,\"width\":1391,\"height\":1600},{\"href\":\"https:\\\/\\\/webpe.colegiomayor.cl\\\/wp-content\\\/uploads\\\/2025\\\/11\\\/WhatsApp-Image-2025-11-15-at-9.46.11-PM-2.jpeg\",\"title\":\"WhatsApp Image 2025-11-15 at 9.46.11 PM (2)\",\"thumbnail\":\"https:\\\/\\\/webpe.colegiomayor.cl\\\/wp-content\\\/uploads\\\/2025\\\/11\\\/WhatsApp-Image-2025-11-15-at-9.46.11-PM-2-150x150.jpeg\",\"description\":\"\",\"is_video\":0,\"image_id\":39868,\"width\":1355,\"height\":1600},{\"href\":\"https:\\\/\\\/webpe.colegiomayor.cl\\\/wp-content\\\/uploads\\\/2025\\\/11\\\/WhatsApp-Image-2025-11-15-at-9.46.11-PM.jpeg\",\"title\":\"WhatsApp Image 2025-11-15 at 9.46.11 PM\",\"thumbnail\":\"https:\\\/\\\/webpe.colegiomayor.cl\\\/wp-content\\\/uploads\\\/2025\\\/11\\\/WhatsApp-Image-2025-11-15-at-9.46.11-PM-150x150.jpeg\",\"description\":\"\",\"is_video\":0,\"image_id\":39869,\"width\":1600,\"height\":1270},{\"href\":\"https:\\\/\\\/webpe.colegiomayor.cl\\\/wp-content\\\/uploads\\\/2025\\\/11\\\/WhatsApp-Image-2025-11-15-at-9.46.12-PM.jpeg\",\"title\":\"WhatsApp Image 2025-11-15 at 9.46.12 PM\",\"thumbnail\":\"https:\\\/\\\/webpe.colegiomayor.cl\\\/wp-content\\\/uploads\\\/2025\\\/11\\\/WhatsApp-Image-2025-11-15-at-9.46.12-PM-150x150.jpeg\",\"description\":\"\",\"is_video\":0,\"image_id\":39870,\"width\":1282,\"height\":1600}]}<\/script>\r\n\t\t<\/div>","protected":false},"excerpt":{"rendered":"<p>El s\u00e1bado 15 de noviembre se llev\u00f3 a cabo en la pista atl\u00e9tica del Estadio Mayor la primera versi\u00f3n del Tetratl\u00f3n Atl\u00e9tico, encuentro deportivo que reuni\u00f3 a representantes del Estadio Mayor, Colegio Mayor y Colegio Nuestra Se\u00f1ora del Camino. La jornada estuvo marcada por el&nbsp;<a href=\"https:\/\/webpe.colegiomayor.cl\/?p=39865\">&hellip;<\/a><\/p>\n","protected":false},"author":11,"featured_media":39866,"comment_status":"closed","ping_status":"closed","sticky":false,"template":"","format":"standard","meta":{"content-type":"","footnotes":""},"categories":[23,24,25,1],"tags":[220,68,219,66,218,217],"class_list":["post-39865","post","type-post","status-publish","format-standard","has-post-thumbnail","hentry","category-actualidad","category-comunicaciones","category-deportes","category-categoria-3","tag-atletismo-juvenil","tag-colegio-mayor","tag-competencia-intercolegios","tag-deporte-escolar","tag-estadio-mayor","tag-tetratlon-atletico","odd"],"rttpg_featured_image_url":{"full":["https:\/\/webpe.colegiomayor.cl\/wp-content\/uploads\/2025\/11\/WhatsApp-Image-2025-11-15-at-9.43.35-PM.jpeg",1600,900,false],"landscape":["https:\/\/webpe.colegiomayor.cl\/wp-content\/uploads\/2025\/11\/WhatsApp-Image-2025-11-15-at-9.43.35-PM.jpeg",1600,900,false],"portraits":["https:\/\/webpe.colegiomayor.cl\/wp-content\/uploads\/2025\/11\/WhatsApp-Image-2025-11-15-at-9.43.35-PM.jpeg",1600,900,false],"thumbnail":["https:\/\/webpe.colegiomayor.cl\/wp-content\/uploads\/2025\/11\/WhatsApp-Image-2025-11-15-at-9.43.35-PM-150x150.jpeg",150,150,true],"medium":["https:\/\/webpe.colegiomayor.cl\/wp-content\/uploads\/2025\/11\/WhatsApp-Image-2025-11-15-at-9.43.35-PM-300x169.jpeg",300,169,true],"large":["https:\/\/webpe.colegiomayor.cl\/wp-content\/uploads\/2025\/11\/WhatsApp-Image-2025-11-15-at-9.43.35-PM-1024x576.jpeg",1024,576,true],"1536x1536":["https:\/\/webpe.colegiomayor.cl\/wp-content\/uploads\/2025\/11\/WhatsApp-Image-2025-11-15-at-9.43.35-PM-1536x864.jpeg",1536,864,true],"2048x2048":["https:\/\/webpe.colegiomayor.cl\/wp-content\/uploads\/2025\/11\/WhatsApp-Image-2025-11-15-at-9.43.35-PM-1600x900.jpeg",1600,900,true],"post-thumbnail":["https:\/\/webpe.colegiomayor.cl\/wp-content\/uploads\/2025\/11\/WhatsApp-Image-2025-11-15-at-9.43.35-PM-150x84.jpeg",150,84,true],"ed-school-featured-image":["https:\/\/webpe.colegiomayor.cl\/wp-content\/uploads\/2025\/11\/WhatsApp-Image-2025-11-15-at-9.43.35-PM-990x500.jpeg",990,500,true],"ed-school-medium":["https:\/\/webpe.colegiomayor.cl\/wp-content\/uploads\/2025\/11\/WhatsApp-Image-2025-11-15-at-9.43.35-PM-768x510.jpeg",768,510,true],"ed-school-medium-alt":["https:\/\/webpe.colegiomayor.cl\/wp-content\/uploads\/2025\/11\/WhatsApp-Image-2025-11-15-at-9.43.35-PM-768x410.jpeg",768,410,true],"ed-school-square":["https:\/\/webpe.colegiomayor.cl\/wp-content\/uploads\/2025\/11\/WhatsApp-Image-2025-11-15-at-9.43.35-PM-768x768.jpeg",768,768,true],"ed-school-square-small":["https:\/\/webpe.colegiomayor.cl\/wp-content\/uploads\/2025\/11\/WhatsApp-Image-2025-11-15-at-9.43.35-PM-420x420.jpeg",420,420,true]},"rttpg_author":{"display_name":"Francisco Arriagada","author_link":"https:\/\/webpe.colegiomayor.cl\/?author=11"},"rttpg_comment":0,"rttpg_category":"<a href=\"https:\/\/webpe.colegiomayor.cl\/?cat=23\" rel=\"category\">COLEGIO<\/a> <a href=\"https:\/\/webpe.colegiomayor.cl\/?cat=24\" rel=\"category\">COMUNICACIONES<\/a> <a href=\"https:\/\/webpe.colegiomayor.cl\/?cat=25\" rel=\"category\">DEPORTES<\/a> <a href=\"https:\/\/webpe.colegiomayor.cl\/?cat=1\" rel=\"category\">NOTICIAS<\/a>","rttpg_excerpt":"El s\u00e1bado 15 de noviembre se llev\u00f3 a cabo en la pista atl\u00e9tica del Estadio Mayor la primera versi\u00f3n del Tetratl\u00f3n Atl\u00e9tico, encuentro deportivo que reuni\u00f3 a representantes del Estadio Mayor, Colegio Mayor y Colegio Nuestra Se\u00f1ora del Camino. La jornada estuvo marcada por el&nbsp;&hellip;","_links":{"self":[{"href":"https:\/\/webpe.colegiomayor.cl\/index.php?rest_route=\/wp\/v2\/posts\/39865","targetHints":{"allow":["GET"]}}],"collection":[{"href":"https:\/\/webpe.colegiomayor.cl\/index.php?rest_route=\/wp\/v2\/posts"}],"about":[{"href":"https:\/\/webpe.colegiomayor.cl\/index.php?rest_route=\/wp\/v2\/types\/post"}],"author":[{"embeddable":true,"href":"https:\/\/webpe.colegiomayor.cl\/index.php?rest_route=\/wp\/v2\/users\/11"}],"replies":[{"embeddable":true,"href":"https:\/\/webpe.colegiomayor.cl\/index.php?rest_route=%2Fwp%2Fv2%2Fcomments&post=39865"}],"version-history":[{"count":1,"href":"https:\/\/webpe.colegiomayor.cl\/index.php?rest_route=\/wp\/v2\/posts\/39865\/revisions"}],"predecessor-version":[{"id":39871,"href":"https:\/\/webpe.colegiomayor.cl\/index.php?rest_route=\/wp\/v2\/posts\/39865\/revisions\/39871"}],"wp:featuredmedia":[{"embeddable":true,"href":"https:\/\/webpe.colegiomayor.cl\/index.php?rest_route=\/wp\/v2\/media\/39866"}],"wp:attachment":[{"href":"https:\/\/webpe.colegiomayor.cl\/index.php?rest_route=%2Fwp%2Fv2%2Fmedia&parent=39865"}],"wp:term":[{"taxonomy":"category","embeddable":true,"href":"https:\/\/webpe.colegiomayor.cl\/index.php?rest_route=%2Fwp%2Fv2%2Fcategories&post=39865"},{"taxonomy":"post_tag","embeddable":true,"href":"https:\/\/webpe.colegiomayor.cl\/index.php?rest_route=%2Fwp%2Fv2%2Ftags&post=39865"}],"curies":[{"name":"wp","href":"https:\/\/api.w.org\/{rel}","templated":true}]}}