{"id":39853,"date":"2025-11-17T12:29:19","date_gmt":"2025-11-17T15:29:19","guid":{"rendered":"https:\/\/webpe.colegiomayor.cl\/?p=39853"},"modified":"2025-11-17T12:37:04","modified_gmt":"2025-11-17T15:37:04","slug":"campeonas-totales-colegio-mayor-penalolen-conquista-el-podio-en-la-liga-escolar-de-gimnasia-artistica-lega","status":"publish","type":"post","link":"https:\/\/webpe.colegiomayor.cl\/?p=39853","title":{"rendered":"\u00a1Campeonas totales! Colegio Mayor Pe\u00f1alol\u00e9n conquista el podio en la Liga Escolar de Gimnasia Art\u00edstica (LEGA)"},"content":{"rendered":"\n<p><strong>Nuestro colegio se corona bicampe\u00f3n en la Liga Escolar de Gimnasia Art\u00edstica 2025<\/strong><\/p>\n\n\n\n<p>Con gran orgullo y alegr\u00eda, nuestro colegio celebr\u00f3 los destacados resultados obtenidos en la Premiaci\u00f3n Anual de la Liga Escolar de Gimnasia Art\u00edstica (LEGA), realizada el s\u00e1bado 15 de noviembre. El evento reuni\u00f3 a m\u00e1s de 25 instituciones de la Regi\u00f3n Metropolitana, reconociendo el esfuerzo y la dedicaci\u00f3n de j\u00f3venes deportistas que durante todo el a\u00f1o dieron lo mejor de s\u00ed en cada competencia.<\/p>\n\n\n\n<p>Nuestra selecci\u00f3n, integrada por 87 talentosas gimnastas, particip\u00f3 en 20 competencias que abarcaron desde el nivel inicial 0 hasta el avanzado 7. A lo largo de toda la temporada, el equipo se mantuvo constantemente en los primeros lugares del podio, reflejando el compromiso, la disciplina y el trabajo conjunto de cada integrante y su equipo t\u00e9cnico.<\/p>\n\n\n\n<p>Durante la ceremonia, se entregaron distinciones a algunas de nuestras gimnastas m\u00e1s destacadas:<\/p>\n\n\n\n<ul class=\"wp-block-list\">\n<li>Promesa Deportiva: Maite Burboa, de segundo b\u00e1sico A.<\/li>\n\n\n\n<li>Premio al Esfuerzo: Valentina Bucarey, de cuarto b\u00e1sico B.<\/li>\n\n\n\n<li>Premio LEGA: Josefina S\u00e1nchez, de s\u00e9ptimo b\u00e1sico E.<\/li>\n<\/ul>\n\n\n\n<p>El punto m\u00e1s alto de la jornada fue el reconocimiento de nuestro colegio como Campe\u00f3n del Primer Semestre, Campe\u00f3n del Segundo Semestre y Campe\u00f3n Anual 2025 de la Liga Escolar de Gimnasia Art\u00edstica LEGA. Este logro consolida adem\u00e1s un bicampeonato, ya que la instituci\u00f3n tambi\u00e9n obtuvo el primer lugar en 2024.<\/p>\n\n\n\n<p>El equipo de gimnasia se despide de una temporada llena de triunfos y aprendizajes, con la mirada puesta en los desaf\u00edos del 2026. Desde la comunidad educativa, se extienden las m\u00e1s sinceras felicitaciones a todas las gimnastas, a sus familias, al Departamento de Educaci\u00f3n F\u00edsica, a la Rector\u00eda y especialmente a los entrenadores, por su compromiso y acompa\u00f1amiento en este camino de crecimiento deportivo y personal.<\/p>\n\n\n\n<p>\u00a1Felicitaciones a todo el equipo por este nuevo e inspirador logro!<\/p>\n\n\n<style>.uid-69545861777d667b  .gt3pg-isotope-item {\n\tpadding-right: 20px;\n\tpadding-bottom: 20px;\n}\n.uid-69545861777d667b  .gallery-isotope-wrapper {\n\tmargin-right: -20px;\n\tmargin-bottom: -20px;\n}\n<\/style><div id=\"uid-69545861777d667b\" data-gt3pg-block=\"masonry\" data-index=\"1\" class=\"gt3-photo-gallery-pro--isotope_gallery uid-69545861777d667b gt3pg-pro--wrapper gt3pg-pro--masonry \">\t\t<div data-cols=\"3\" data-cols-tablet=\"3\" data-cols-mobile=\"2\" class=\"gt3pg-isotope-gallery columns-3 hover-default gallery-masonry corner-standard\" data-settings=\"{&quot;lightbox&quot;:{&quot;enable&quot;:true,&quot;options&quot;:{&quot;instance&quot;:1}},&quot;id&quot;:1,&quot;uid&quot;:&quot;uid-69545861777d667b&quot;,&quot;modules&quot;:[&quot;Lightbox&quot;],&quot;lightboxArray&quot;:[{&quot;href&quot;:&quot;https:\\\/\\\/webpe.colegiomayor.cl\\\/wp-content\\\/uploads\\\/2025\\\/11\\\/WhatsApp-Image-2025-11-17-at-08.17.09-1.jpeg&quot;,&quot;title&quot;:&quot;WhatsApp Image 2025-11-17 at 08.17.09 (1)&quot;,&quot;thumbnail&quot;:&quot;https:\\\/\\\/webpe.colegiomayor.cl\\\/wp-content\\\/uploads\\\/2025\\\/11\\\/WhatsApp-Image-2025-11-17-at-08.17.09-1-150x150.jpeg&quot;,&quot;description&quot;:&quot;&quot;,&quot;is_video&quot;:0,&quot;image_id&quot;:39854,&quot;width&quot;:1280,&quot;height&quot;:864},{&quot;href&quot;:&quot;https:\\\/\\\/webpe.colegiomayor.cl\\\/wp-content\\\/uploads\\\/2025\\\/11\\\/WhatsApp-Image-2025-11-17-at-08.17.09-2.jpeg&quot;,&quot;title&quot;:&quot;WhatsApp Image 2025-11-17 at 08.17.09 (2)&quot;,&quot;thumbnail&quot;:&quot;https:\\\/\\\/webpe.colegiomayor.cl\\\/wp-content\\\/uploads\\\/2025\\\/11\\\/WhatsApp-Image-2025-11-17-at-08.17.09-2-150x150.jpeg&quot;,&quot;description&quot;:&quot;&quot;,&quot;is_video&quot;:0,&quot;image_id&quot;:39855,&quot;width&quot;:1280,&quot;height&quot;:736},{&quot;href&quot;:&quot;https:\\\/\\\/webpe.colegiomayor.cl\\\/wp-content\\\/uploads\\\/2025\\\/11\\\/WhatsApp-Image-2025-11-17-at-08.17.09.jpeg&quot;,&quot;title&quot;:&quot;WhatsApp Image 2025-11-17 at 08.17.09&quot;,&quot;thumbnail&quot;:&quot;https:\\\/\\\/webpe.colegiomayor.cl\\\/wp-content\\\/uploads\\\/2025\\\/11\\\/WhatsApp-Image-2025-11-17-at-08.17.09-150x150.jpeg&quot;,&quot;description&quot;:&quot;&quot;,&quot;is_video&quot;:0,&quot;image_id&quot;:39856,&quot;width&quot;:1381,&quot;height&quot;:1600},{&quot;href&quot;:&quot;https:\\\/\\\/webpe.colegiomayor.cl\\\/wp-content\\\/uploads\\\/2025\\\/11\\\/WhatsApp-Image-2025-11-17-at-08.17.10-1.jpeg&quot;,&quot;title&quot;:&quot;WhatsApp Image 2025-11-17 at 08.17.10 (1)&quot;,&quot;thumbnail&quot;:&quot;https:\\\/\\\/webpe.colegiomayor.cl\\\/wp-content\\\/uploads\\\/2025\\\/11\\\/WhatsApp-Image-2025-11-17-at-08.17.10-1-150x150.jpeg&quot;,&quot;description&quot;:&quot;&quot;,&quot;is_video&quot;:0,&quot;image_id&quot;:39857,&quot;width&quot;:1280,&quot;height&quot;:866},{&quot;href&quot;:&quot;https:\\\/\\\/webpe.colegiomayor.cl\\\/wp-content\\\/uploads\\\/2025\\\/11\\\/WhatsApp-Image-2025-11-17-at-08.17.10.jpeg&quot;,&quot;title&quot;:&quot;WhatsApp Image 2025-11-17 at 08.17.10&quot;,&quot;thumbnail&quot;:&quot;https:\\\/\\\/webpe.colegiomayor.cl\\\/wp-content\\\/uploads\\\/2025\\\/11\\\/WhatsApp-Image-2025-11-17-at-08.17.10-150x150.jpeg&quot;,&quot;description&quot;:&quot;&quot;,&quot;is_video&quot;:0,&quot;image_id&quot;:39858,&quot;width&quot;:1280,&quot;height&quot;:874},{&quot;href&quot;:&quot;https:\\\/\\\/webpe.colegiomayor.cl\\\/wp-content\\\/uploads\\\/2025\\\/11\\\/WhatsApp-Image-2025-11-17-at-08.23.53-1.jpeg&quot;,&quot;title&quot;:&quot;WhatsApp Image 2025-11-17 at 08.23.53 (1)&quot;,&quot;thumbnail&quot;:&quot;https:\\\/\\\/webpe.colegiomayor.cl\\\/wp-content\\\/uploads\\\/2025\\\/11\\\/WhatsApp-Image-2025-11-17-at-08.23.53-1-150x150.jpeg&quot;,&quot;description&quot;:&quot;&quot;,&quot;is_video&quot;:0,&quot;image_id&quot;:39859,&quot;width&quot;:959,&quot;height&quot;:1280},{&quot;href&quot;:&quot;https:\\\/\\\/webpe.colegiomayor.cl\\\/wp-content\\\/uploads\\\/2025\\\/11\\\/WhatsApp-Image-2025-11-17-at-08.23.53-2.jpeg&quot;,&quot;title&quot;:&quot;WhatsApp Image 2025-11-17 at 08.23.53 (2)&quot;,&quot;thumbnail&quot;:&quot;https:\\\/\\\/webpe.colegiomayor.cl\\\/wp-content\\\/uploads\\\/2025\\\/11\\\/WhatsApp-Image-2025-11-17-at-08.23.53-2-150x150.jpeg&quot;,&quot;description&quot;:&quot;&quot;,&quot;is_video&quot;:0,&quot;image_id&quot;:39860,&quot;width&quot;:960,&quot;height&quot;:1280},{&quot;href&quot;:&quot;https:\\\/\\\/webpe.colegiomayor.cl\\\/wp-content\\\/uploads\\\/2025\\\/11\\\/WhatsApp-Image-2025-11-17-at-08.23.53.jpeg&quot;,&quot;title&quot;:&quot;WhatsApp Image 2025-11-17 at 08.23.53&quot;,&quot;thumbnail&quot;:&quot;https:\\\/\\\/webpe.colegiomayor.cl\\\/wp-content\\\/uploads\\\/2025\\\/11\\\/WhatsApp-Image-2025-11-17-at-08.23.53-150x150.jpeg&quot;,&quot;description&quot;:&quot;&quot;,&quot;is_video&quot;:0,&quot;image_id&quot;:39861,&quot;width&quot;:1200,&quot;height&quot;:1600}],&quot;items&quot;:[{&quot;href&quot;:&quot;https:\\\/\\\/webpe.colegiomayor.cl\\\/wp-content\\\/uploads\\\/2025\\\/11\\\/WhatsApp-Image-2025-11-17-at-08.17.09-1.jpeg&quot;,&quot;title&quot;:&quot;WhatsApp Image 2025-11-17 at 08.17.09 (1)&quot;,&quot;thumbnail&quot;:&quot;https:\\\/\\\/webpe.colegiomayor.cl\\\/wp-content\\\/uploads\\\/2025\\\/11\\\/WhatsApp-Image-2025-11-17-at-08.17.09-1-150x150.jpeg&quot;,&quot;description&quot;:&quot;&quot;,&quot;is_video&quot;:0,&quot;image_id&quot;:39854,&quot;width&quot;:1280,&quot;height&quot;:864},{&quot;href&quot;:&quot;https:\\\/\\\/webpe.colegiomayor.cl\\\/wp-content\\\/uploads\\\/2025\\\/11\\\/WhatsApp-Image-2025-11-17-at-08.17.09-2.jpeg&quot;,&quot;title&quot;:&quot;WhatsApp Image 2025-11-17 at 08.17.09 (2)&quot;,&quot;thumbnail&quot;:&quot;https:\\\/\\\/webpe.colegiomayor.cl\\\/wp-content\\\/uploads\\\/2025\\\/11\\\/WhatsApp-Image-2025-11-17-at-08.17.09-2-150x150.jpeg&quot;,&quot;description&quot;:&quot;&quot;,&quot;is_video&quot;:0,&quot;image_id&quot;:39855,&quot;width&quot;:1280,&quot;height&quot;:736},{&quot;href&quot;:&quot;https:\\\/\\\/webpe.colegiomayor.cl\\\/wp-content\\\/uploads\\\/2025\\\/11\\\/WhatsApp-Image-2025-11-17-at-08.17.09.jpeg&quot;,&quot;title&quot;:&quot;WhatsApp Image 2025-11-17 at 08.17.09&quot;,&quot;thumbnail&quot;:&quot;https:\\\/\\\/webpe.colegiomayor.cl\\\/wp-content\\\/uploads\\\/2025\\\/11\\\/WhatsApp-Image-2025-11-17-at-08.17.09-150x150.jpeg&quot;,&quot;description&quot;:&quot;&quot;,&quot;is_video&quot;:0,&quot;image_id&quot;:39856,&quot;width&quot;:1381,&quot;height&quot;:1600},{&quot;href&quot;:&quot;https:\\\/\\\/webpe.colegiomayor.cl\\\/wp-content\\\/uploads\\\/2025\\\/11\\\/WhatsApp-Image-2025-11-17-at-08.17.10-1.jpeg&quot;,&quot;title&quot;:&quot;WhatsApp Image 2025-11-17 at 08.17.10 (1)&quot;,&quot;thumbnail&quot;:&quot;https:\\\/\\\/webpe.colegiomayor.cl\\\/wp-content\\\/uploads\\\/2025\\\/11\\\/WhatsApp-Image-2025-11-17-at-08.17.10-1-150x150.jpeg&quot;,&quot;description&quot;:&quot;&quot;,&quot;is_video&quot;:0,&quot;image_id&quot;:39857,&quot;width&quot;:1280,&quot;height&quot;:866},{&quot;href&quot;:&quot;https:\\\/\\\/webpe.colegiomayor.cl\\\/wp-content\\\/uploads\\\/2025\\\/11\\\/WhatsApp-Image-2025-11-17-at-08.17.10.jpeg&quot;,&quot;title&quot;:&quot;WhatsApp Image 2025-11-17 at 08.17.10&quot;,&quot;thumbnail&quot;:&quot;https:\\\/\\\/webpe.colegiomayor.cl\\\/wp-content\\\/uploads\\\/2025\\\/11\\\/WhatsApp-Image-2025-11-17-at-08.17.10-150x150.jpeg&quot;,&quot;description&quot;:&quot;&quot;,&quot;is_video&quot;:0,&quot;image_id&quot;:39858,&quot;width&quot;:1280,&quot;height&quot;:874},{&quot;href&quot;:&quot;https:\\\/\\\/webpe.colegiomayor.cl\\\/wp-content\\\/uploads\\\/2025\\\/11\\\/WhatsApp-Image-2025-11-17-at-08.23.53-1.jpeg&quot;,&quot;title&quot;:&quot;WhatsApp Image 2025-11-17 at 08.23.53 (1)&quot;,&quot;thumbnail&quot;:&quot;https:\\\/\\\/webpe.colegiomayor.cl\\\/wp-content\\\/uploads\\\/2025\\\/11\\\/WhatsApp-Image-2025-11-17-at-08.23.53-1-150x150.jpeg&quot;,&quot;description&quot;:&quot;&quot;,&quot;is_video&quot;:0,&quot;image_id&quot;:39859,&quot;width&quot;:959,&quot;height&quot;:1280},{&quot;href&quot;:&quot;https:\\\/\\\/webpe.colegiomayor.cl\\\/wp-content\\\/uploads\\\/2025\\\/11\\\/WhatsApp-Image-2025-11-17-at-08.23.53-2.jpeg&quot;,&quot;title&quot;:&quot;WhatsApp Image 2025-11-17 at 08.23.53 (2)&quot;,&quot;thumbnail&quot;:&quot;https:\\\/\\\/webpe.colegiomayor.cl\\\/wp-content\\\/uploads\\\/2025\\\/11\\\/WhatsApp-Image-2025-11-17-at-08.23.53-2-150x150.jpeg&quot;,&quot;description&quot;:&quot;&quot;,&quot;is_video&quot;:0,&quot;image_id&quot;:39860,&quot;width&quot;:960,&quot;height&quot;:1280},{&quot;href&quot;:&quot;https:\\\/\\\/webpe.colegiomayor.cl\\\/wp-content\\\/uploads\\\/2025\\\/11\\\/WhatsApp-Image-2025-11-17-at-08.23.53.jpeg&quot;,&quot;title&quot;:&quot;WhatsApp Image 2025-11-17 at 08.23.53&quot;,&quot;thumbnail&quot;:&quot;https:\\\/\\\/webpe.colegiomayor.cl\\\/wp-content\\\/uploads\\\/2025\\\/11\\\/WhatsApp-Image-2025-11-17-at-08.23.53-150x150.jpeg&quot;,&quot;description&quot;:&quot;&quot;,&quot;is_video&quot;:0,&quot;image_id&quot;:39861,&quot;width&quot;:1200,&quot;height&quot;:1600}]}\">\r\n\t\t\t<div class=\"gallery-isotope-wrapper\">\r\n\t\t\t\t<div class=\"gt3pg-isotope-item loading \" ><div class=\"isotope_item-wrapper\"><a href=\"https:\/\/webpe.colegiomayor.cl\/wp-content\/uploads\/2025\/11\/WhatsApp-Image-2025-11-17-at-08.17.09-1.jpeg\" class=\"gt3pg-lightbox\" data-elementor-open-lightbox=\"no\"><div class=\"img-wrapper \"><img loading=\"lazy\" decoding=\"async\" width=\"768\" height=\"518\" src=\"https:\/\/webpe.colegiomayor.cl\/wp-content\/uploads\/2025\/11\/WhatsApp-Image-2025-11-17-at-08.17.09-1.jpeg\" class=\"skip-lazy gt3-lazy-image\" alt=\"\" data-lazy-srcset=\"https:\/\/webpe.colegiomayor.cl\/wp-content\/uploads\/2025\/11\/WhatsApp-Image-2025-11-17-at-08.17.09-1.jpeg 1280w, https:\/\/webpe.colegiomayor.cl\/wp-content\/uploads\/2025\/11\/WhatsApp-Image-2025-11-17-at-08.17.09-1-300x203.jpeg 300w\" data-lazy-sizes=\"(max-width: 768px) 100vw, 768px\" data-lazy-src=\"https:\/\/webpe.colegiomayor.cl\/wp-content\/uploads\/2025\/11\/WhatsApp-Image-2025-11-17-at-08.17.09-1.jpeg?is-pending-load=1\" srcset=\"data:image\/png;base64,iVBORw0KGgoAAAANSUhEUgAAAE0AAAA0CAYAAADPJLW5AAAACXBIWXMAAA7EAAAOxAGVKw4bAAAAJklEQVRo3u3BMQEAAADCoPVPbQlPoAAAAAAAAAAAAAAAAAAAAOBjPsQAAWkYmjAAAAAASUVORK5CYII=\" \/><\/div><\/a><\/div><\/div><div class=\"gt3pg-isotope-item loading \" ><div class=\"isotope_item-wrapper\"><a href=\"https:\/\/webpe.colegiomayor.cl\/wp-content\/uploads\/2025\/11\/WhatsApp-Image-2025-11-17-at-08.17.09-2.jpeg\" class=\"gt3pg-lightbox\" data-elementor-open-lightbox=\"no\"><div class=\"img-wrapper \"><img loading=\"lazy\" decoding=\"async\" width=\"768\" height=\"442\" src=\"https:\/\/webpe.colegiomayor.cl\/wp-content\/uploads\/2025\/11\/WhatsApp-Image-2025-11-17-at-08.17.09-2.jpeg\" class=\"skip-lazy gt3-lazy-image\" alt=\"\" data-lazy-srcset=\"https:\/\/webpe.colegiomayor.cl\/wp-content\/uploads\/2025\/11\/WhatsApp-Image-2025-11-17-at-08.17.09-2.jpeg 1280w, https:\/\/webpe.colegiomayor.cl\/wp-content\/uploads\/2025\/11\/WhatsApp-Image-2025-11-17-at-08.17.09-2-300x173.jpeg 300w\" data-lazy-sizes=\"(max-width: 768px) 100vw, 768px\" data-lazy-src=\"https:\/\/webpe.colegiomayor.cl\/wp-content\/uploads\/2025\/11\/WhatsApp-Image-2025-11-17-at-08.17.09-2.jpeg?is-pending-load=1\" srcset=\"data:image\/png;base64,iVBORw0KGgoAAAANSUhEUgAAAE0AAAAsCAYAAAAgoTVPAAAACXBIWXMAAA7EAAAOxAGVKw4bAAAAJElEQVRo3u3BAQ0AAADCoPdPbQ43oAAAAAAAAAAAAAAAAAD+DDUcAAGhkHtIAAAAAElFTkSuQmCC\" \/><\/div><\/a><\/div><\/div><div class=\"gt3pg-isotope-item loading \" ><div class=\"isotope_item-wrapper\"><a href=\"https:\/\/webpe.colegiomayor.cl\/wp-content\/uploads\/2025\/11\/WhatsApp-Image-2025-11-17-at-08.17.09.jpeg\" class=\"gt3pg-lightbox\" data-elementor-open-lightbox=\"no\"><div class=\"img-wrapper \"><img loading=\"lazy\" decoding=\"async\" width=\"768\" height=\"890\" src=\"https:\/\/webpe.colegiomayor.cl\/wp-content\/uploads\/2025\/11\/WhatsApp-Image-2025-11-17-at-08.17.09.jpeg\" class=\"skip-lazy gt3-lazy-image\" alt=\"\" data-lazy-srcset=\"https:\/\/webpe.colegiomayor.cl\/wp-content\/uploads\/2025\/11\/WhatsApp-Image-2025-11-17-at-08.17.09.jpeg 1381w, https:\/\/webpe.colegiomayor.cl\/wp-content\/uploads\/2025\/11\/WhatsApp-Image-2025-11-17-at-08.17.09-259x300.jpeg 259w\" data-lazy-sizes=\"(max-width: 768px) 100vw, 768px\" data-lazy-src=\"https:\/\/webpe.colegiomayor.cl\/wp-content\/uploads\/2025\/11\/WhatsApp-Image-2025-11-17-at-08.17.09.jpeg?is-pending-load=1\" srcset=\"data:image\/png;base64,iVBORw0KGgoAAAANSUhEUgAAAE0AAABZCAYAAAB7Tqk9AAAACXBIWXMAAA7EAAAOxAGVKw4bAAAAMklEQVR42u3BMQEAAADCoPVPbQ0PoAAAAAAAAAAAAAAAAAAAAAAAAAAAAAAAAAAA4NQAa20AAQgZoooAAAAASUVORK5CYII=\" \/><\/div><\/a><\/div><\/div><div class=\"gt3pg-isotope-item loading \" ><div class=\"isotope_item-wrapper\"><a href=\"https:\/\/webpe.colegiomayor.cl\/wp-content\/uploads\/2025\/11\/WhatsApp-Image-2025-11-17-at-08.17.10-1.jpeg\" class=\"gt3pg-lightbox\" data-elementor-open-lightbox=\"no\"><div class=\"img-wrapper \"><img loading=\"lazy\" decoding=\"async\" width=\"768\" height=\"520\" src=\"https:\/\/webpe.colegiomayor.cl\/wp-content\/uploads\/2025\/11\/WhatsApp-Image-2025-11-17-at-08.17.10-1.jpeg\" class=\"skip-lazy gt3-lazy-image\" alt=\"\" data-lazy-srcset=\"https:\/\/webpe.colegiomayor.cl\/wp-content\/uploads\/2025\/11\/WhatsApp-Image-2025-11-17-at-08.17.10-1.jpeg 1280w, https:\/\/webpe.colegiomayor.cl\/wp-content\/uploads\/2025\/11\/WhatsApp-Image-2025-11-17-at-08.17.10-1-300x203.jpeg 300w\" data-lazy-sizes=\"(max-width: 768px) 100vw, 768px\" data-lazy-src=\"https:\/\/webpe.colegiomayor.cl\/wp-content\/uploads\/2025\/11\/WhatsApp-Image-2025-11-17-at-08.17.10-1.jpeg?is-pending-load=1\" srcset=\"data:image\/png;base64,iVBORw0KGgoAAAANSUhEUgAAAE0AAAA0CAYAAADPJLW5AAAACXBIWXMAAA7EAAAOxAGVKw4bAAAAJklEQVRo3u3BMQEAAADCoPVPbQlPoAAAAAAAAAAAAAAAAAAAAOBjPsQAAWkYmjAAAAAASUVORK5CYII=\" \/><\/div><\/a><\/div><\/div><div class=\"gt3pg-isotope-item loading \" ><div class=\"isotope_item-wrapper\"><a href=\"https:\/\/webpe.colegiomayor.cl\/wp-content\/uploads\/2025\/11\/WhatsApp-Image-2025-11-17-at-08.17.10.jpeg\" class=\"gt3pg-lightbox\" data-elementor-open-lightbox=\"no\"><div class=\"img-wrapper \"><img loading=\"lazy\" decoding=\"async\" width=\"768\" height=\"524\" src=\"https:\/\/webpe.colegiomayor.cl\/wp-content\/uploads\/2025\/11\/WhatsApp-Image-2025-11-17-at-08.17.10.jpeg\" class=\"skip-lazy gt3-lazy-image\" alt=\"\" data-lazy-srcset=\"https:\/\/webpe.colegiomayor.cl\/wp-content\/uploads\/2025\/11\/WhatsApp-Image-2025-11-17-at-08.17.10.jpeg 1280w, https:\/\/webpe.colegiomayor.cl\/wp-content\/uploads\/2025\/11\/WhatsApp-Image-2025-11-17-at-08.17.10-300x205.jpeg 300w, https:\/\/webpe.colegiomayor.cl\/wp-content\/uploads\/2025\/11\/WhatsApp-Image-2025-11-17-at-08.17.10-150x102.jpeg 150w\" data-lazy-sizes=\"(max-width: 768px) 100vw, 768px\" data-lazy-src=\"https:\/\/webpe.colegiomayor.cl\/wp-content\/uploads\/2025\/11\/WhatsApp-Image-2025-11-17-at-08.17.10.jpeg?is-pending-load=1\" srcset=\"data:image\/png;base64,iVBORw0KGgoAAAANSUhEUgAAAE0AAAA0CAYAAADPJLW5AAAACXBIWXMAAA7EAAAOxAGVKw4bAAAAJklEQVRo3u3BMQEAAADCoPVPbQlPoAAAAAAAAAAAAAAAAAAAAOBjPsQAAWkYmjAAAAAASUVORK5CYII=\" \/><\/div><\/a><\/div><\/div><div class=\"gt3pg-isotope-item loading \" ><div class=\"isotope_item-wrapper\"><a href=\"https:\/\/webpe.colegiomayor.cl\/wp-content\/uploads\/2025\/11\/WhatsApp-Image-2025-11-17-at-08.23.53-1.jpeg\" class=\"gt3pg-lightbox\" data-elementor-open-lightbox=\"no\"><div class=\"img-wrapper \"><img loading=\"lazy\" decoding=\"async\" width=\"768\" height=\"1025\" src=\"https:\/\/webpe.colegiomayor.cl\/wp-content\/uploads\/2025\/11\/WhatsApp-Image-2025-11-17-at-08.23.53-1.jpeg\" class=\"skip-lazy gt3-lazy-image\" alt=\"\" data-lazy-srcset=\"https:\/\/webpe.colegiomayor.cl\/wp-content\/uploads\/2025\/11\/WhatsApp-Image-2025-11-17-at-08.23.53-1.jpeg 959w, https:\/\/webpe.colegiomayor.cl\/wp-content\/uploads\/2025\/11\/WhatsApp-Image-2025-11-17-at-08.23.53-1-225x300.jpeg 225w, https:\/\/webpe.colegiomayor.cl\/wp-content\/uploads\/2025\/11\/WhatsApp-Image-2025-11-17-at-08.23.53-1-767x1024.jpeg 767w\" data-lazy-sizes=\"(max-width: 768px) 100vw, 768px\" data-lazy-src=\"https:\/\/webpe.colegiomayor.cl\/wp-content\/uploads\/2025\/11\/WhatsApp-Image-2025-11-17-at-08.23.53-1.jpeg?is-pending-load=1\" srcset=\"data:image\/png;base64,iVBORw0KGgoAAAANSUhEUgAAAE0AAABmCAYAAACOYhxFAAAACXBIWXMAAA7EAAAOxAGVKw4bAAAANUlEQVR42u3BgQAAAADDoPlTX+EAVQEAAAAAAAAAAAAAAAAAAAAAAAAAAAAAAAAAAAAAAMBrex4AARQEIPwAAAAASUVORK5CYII=\" \/><\/div><\/a><\/div><\/div><div class=\"gt3pg-isotope-item loading \" ><div class=\"isotope_item-wrapper\"><a href=\"https:\/\/webpe.colegiomayor.cl\/wp-content\/uploads\/2025\/11\/WhatsApp-Image-2025-11-17-at-08.23.53-2.jpeg\" class=\"gt3pg-lightbox\" data-elementor-open-lightbox=\"no\"><div class=\"img-wrapper \"><img loading=\"lazy\" decoding=\"async\" width=\"768\" height=\"1024\" src=\"https:\/\/webpe.colegiomayor.cl\/wp-content\/uploads\/2025\/11\/WhatsApp-Image-2025-11-17-at-08.23.53-2.jpeg\" class=\"skip-lazy gt3-lazy-image\" alt=\"\" data-lazy-srcset=\"https:\/\/webpe.colegiomayor.cl\/wp-content\/uploads\/2025\/11\/WhatsApp-Image-2025-11-17-at-08.23.53-2.jpeg 960w, https:\/\/webpe.colegiomayor.cl\/wp-content\/uploads\/2025\/11\/WhatsApp-Image-2025-11-17-at-08.23.53-2-225x300.jpeg 225w, https:\/\/webpe.colegiomayor.cl\/wp-content\/uploads\/2025\/11\/WhatsApp-Image-2025-11-17-at-08.23.53-2-768x1024.jpeg 768w\" data-lazy-sizes=\"(max-width: 768px) 100vw, 768px\" data-lazy-src=\"https:\/\/webpe.colegiomayor.cl\/wp-content\/uploads\/2025\/11\/WhatsApp-Image-2025-11-17-at-08.23.53-2.jpeg?is-pending-load=1\" srcset=\"data:image\/png;base64,iVBORw0KGgoAAAANSUhEUgAAAE0AAABmCAYAAACOYhxFAAAACXBIWXMAAA7EAAAOxAGVKw4bAAAANUlEQVR42u3BgQAAAADDoPlTX+EAVQEAAAAAAAAAAAAAAAAAAAAAAAAAAAAAAAAAAAAAAMBrex4AARQEIPwAAAAASUVORK5CYII=\" \/><\/div><\/a><\/div><\/div><div class=\"gt3pg-isotope-item loading \" ><div class=\"isotope_item-wrapper\"><a href=\"https:\/\/webpe.colegiomayor.cl\/wp-content\/uploads\/2025\/11\/WhatsApp-Image-2025-11-17-at-08.23.53.jpeg\" class=\"gt3pg-lightbox\" data-elementor-open-lightbox=\"no\"><div class=\"img-wrapper \"><img loading=\"lazy\" decoding=\"async\" width=\"768\" height=\"1024\" src=\"https:\/\/webpe.colegiomayor.cl\/wp-content\/uploads\/2025\/11\/WhatsApp-Image-2025-11-17-at-08.23.53.jpeg\" class=\"skip-lazy gt3-lazy-image\" alt=\"\" data-lazy-srcset=\"https:\/\/webpe.colegiomayor.cl\/wp-content\/uploads\/2025\/11\/WhatsApp-Image-2025-11-17-at-08.23.53.jpeg 1200w, https:\/\/webpe.colegiomayor.cl\/wp-content\/uploads\/2025\/11\/WhatsApp-Image-2025-11-17-at-08.23.53-225x300.jpeg 225w, https:\/\/webpe.colegiomayor.cl\/wp-content\/uploads\/2025\/11\/WhatsApp-Image-2025-11-17-at-08.23.53-768x1024.jpeg 768w\" data-lazy-sizes=\"(max-width: 768px) 100vw, 768px\" data-lazy-src=\"https:\/\/webpe.colegiomayor.cl\/wp-content\/uploads\/2025\/11\/WhatsApp-Image-2025-11-17-at-08.23.53.jpeg?is-pending-load=1\" srcset=\"data:image\/png;base64,iVBORw0KGgoAAAANSUhEUgAAAE0AAABmCAYAAACOYhxFAAAACXBIWXMAAA7EAAAOxAGVKw4bAAAANUlEQVR42u3BgQAAAADDoPlTX+EAVQEAAAAAAAAAAAAAAAAAAAAAAAAAAAAAAAAAAAAAAMBrex4AARQEIPwAAAAASUVORK5CYII=\" \/><\/div><\/a><\/div><\/div>\t\t\t<\/div>\r\n\t\t<\/div>\r\n\t\t<script type=\"application\/json\" id=\"settings--uid-69545861777d667b\">{\"lightbox\":{\"enable\":true,\"options\":{\"instance\":1}},\"id\":1,\"uid\":\"uid-69545861777d667b\",\"modules\":[\"Lightbox\"],\"lightboxArray\":[{\"href\":\"https:\\\/\\\/webpe.colegiomayor.cl\\\/wp-content\\\/uploads\\\/2025\\\/11\\\/WhatsApp-Image-2025-11-17-at-08.17.09-1.jpeg\",\"title\":\"WhatsApp Image 2025-11-17 at 08.17.09 (1)\",\"thumbnail\":\"https:\\\/\\\/webpe.colegiomayor.cl\\\/wp-content\\\/uploads\\\/2025\\\/11\\\/WhatsApp-Image-2025-11-17-at-08.17.09-1-150x150.jpeg\",\"description\":\"\",\"is_video\":0,\"image_id\":39854,\"width\":1280,\"height\":864},{\"href\":\"https:\\\/\\\/webpe.colegiomayor.cl\\\/wp-content\\\/uploads\\\/2025\\\/11\\\/WhatsApp-Image-2025-11-17-at-08.17.09-2.jpeg\",\"title\":\"WhatsApp Image 2025-11-17 at 08.17.09 (2)\",\"thumbnail\":\"https:\\\/\\\/webpe.colegiomayor.cl\\\/wp-content\\\/uploads\\\/2025\\\/11\\\/WhatsApp-Image-2025-11-17-at-08.17.09-2-150x150.jpeg\",\"description\":\"\",\"is_video\":0,\"image_id\":39855,\"width\":1280,\"height\":736},{\"href\":\"https:\\\/\\\/webpe.colegiomayor.cl\\\/wp-content\\\/uploads\\\/2025\\\/11\\\/WhatsApp-Image-2025-11-17-at-08.17.09.jpeg\",\"title\":\"WhatsApp Image 2025-11-17 at 08.17.09\",\"thumbnail\":\"https:\\\/\\\/webpe.colegiomayor.cl\\\/wp-content\\\/uploads\\\/2025\\\/11\\\/WhatsApp-Image-2025-11-17-at-08.17.09-150x150.jpeg\",\"description\":\"\",\"is_video\":0,\"image_id\":39856,\"width\":1381,\"height\":1600},{\"href\":\"https:\\\/\\\/webpe.colegiomayor.cl\\\/wp-content\\\/uploads\\\/2025\\\/11\\\/WhatsApp-Image-2025-11-17-at-08.17.10-1.jpeg\",\"title\":\"WhatsApp Image 2025-11-17 at 08.17.10 (1)\",\"thumbnail\":\"https:\\\/\\\/webpe.colegiomayor.cl\\\/wp-content\\\/uploads\\\/2025\\\/11\\\/WhatsApp-Image-2025-11-17-at-08.17.10-1-150x150.jpeg\",\"description\":\"\",\"is_video\":0,\"image_id\":39857,\"width\":1280,\"height\":866},{\"href\":\"https:\\\/\\\/webpe.colegiomayor.cl\\\/wp-content\\\/uploads\\\/2025\\\/11\\\/WhatsApp-Image-2025-11-17-at-08.17.10.jpeg\",\"title\":\"WhatsApp Image 2025-11-17 at 08.17.10\",\"thumbnail\":\"https:\\\/\\\/webpe.colegiomayor.cl\\\/wp-content\\\/uploads\\\/2025\\\/11\\\/WhatsApp-Image-2025-11-17-at-08.17.10-150x150.jpeg\",\"description\":\"\",\"is_video\":0,\"image_id\":39858,\"width\":1280,\"height\":874},{\"href\":\"https:\\\/\\\/webpe.colegiomayor.cl\\\/wp-content\\\/uploads\\\/2025\\\/11\\\/WhatsApp-Image-2025-11-17-at-08.23.53-1.jpeg\",\"title\":\"WhatsApp Image 2025-11-17 at 08.23.53 (1)\",\"thumbnail\":\"https:\\\/\\\/webpe.colegiomayor.cl\\\/wp-content\\\/uploads\\\/2025\\\/11\\\/WhatsApp-Image-2025-11-17-at-08.23.53-1-150x150.jpeg\",\"description\":\"\",\"is_video\":0,\"image_id\":39859,\"width\":959,\"height\":1280},{\"href\":\"https:\\\/\\\/webpe.colegiomayor.cl\\\/wp-content\\\/uploads\\\/2025\\\/11\\\/WhatsApp-Image-2025-11-17-at-08.23.53-2.jpeg\",\"title\":\"WhatsApp Image 2025-11-17 at 08.23.53 (2)\",\"thumbnail\":\"https:\\\/\\\/webpe.colegiomayor.cl\\\/wp-content\\\/uploads\\\/2025\\\/11\\\/WhatsApp-Image-2025-11-17-at-08.23.53-2-150x150.jpeg\",\"description\":\"\",\"is_video\":0,\"image_id\":39860,\"width\":960,\"height\":1280},{\"href\":\"https:\\\/\\\/webpe.colegiomayor.cl\\\/wp-content\\\/uploads\\\/2025\\\/11\\\/WhatsApp-Image-2025-11-17-at-08.23.53.jpeg\",\"title\":\"WhatsApp Image 2025-11-17 at 08.23.53\",\"thumbnail\":\"https:\\\/\\\/webpe.colegiomayor.cl\\\/wp-content\\\/uploads\\\/2025\\\/11\\\/WhatsApp-Image-2025-11-17-at-08.23.53-150x150.jpeg\",\"description\":\"\",\"is_video\":0,\"image_id\":39861,\"width\":1200,\"height\":1600}],\"items\":[{\"href\":\"https:\\\/\\\/webpe.colegiomayor.cl\\\/wp-content\\\/uploads\\\/2025\\\/11\\\/WhatsApp-Image-2025-11-17-at-08.17.09-1.jpeg\",\"title\":\"WhatsApp Image 2025-11-17 at 08.17.09 (1)\",\"thumbnail\":\"https:\\\/\\\/webpe.colegiomayor.cl\\\/wp-content\\\/uploads\\\/2025\\\/11\\\/WhatsApp-Image-2025-11-17-at-08.17.09-1-150x150.jpeg\",\"description\":\"\",\"is_video\":0,\"image_id\":39854,\"width\":1280,\"height\":864},{\"href\":\"https:\\\/\\\/webpe.colegiomayor.cl\\\/wp-content\\\/uploads\\\/2025\\\/11\\\/WhatsApp-Image-2025-11-17-at-08.17.09-2.jpeg\",\"title\":\"WhatsApp Image 2025-11-17 at 08.17.09 (2)\",\"thumbnail\":\"https:\\\/\\\/webpe.colegiomayor.cl\\\/wp-content\\\/uploads\\\/2025\\\/11\\\/WhatsApp-Image-2025-11-17-at-08.17.09-2-150x150.jpeg\",\"description\":\"\",\"is_video\":0,\"image_id\":39855,\"width\":1280,\"height\":736},{\"href\":\"https:\\\/\\\/webpe.colegiomayor.cl\\\/wp-content\\\/uploads\\\/2025\\\/11\\\/WhatsApp-Image-2025-11-17-at-08.17.09.jpeg\",\"title\":\"WhatsApp Image 2025-11-17 at 08.17.09\",\"thumbnail\":\"https:\\\/\\\/webpe.colegiomayor.cl\\\/wp-content\\\/uploads\\\/2025\\\/11\\\/WhatsApp-Image-2025-11-17-at-08.17.09-150x150.jpeg\",\"description\":\"\",\"is_video\":0,\"image_id\":39856,\"width\":1381,\"height\":1600},{\"href\":\"https:\\\/\\\/webpe.colegiomayor.cl\\\/wp-content\\\/uploads\\\/2025\\\/11\\\/WhatsApp-Image-2025-11-17-at-08.17.10-1.jpeg\",\"title\":\"WhatsApp Image 2025-11-17 at 08.17.10 (1)\",\"thumbnail\":\"https:\\\/\\\/webpe.colegiomayor.cl\\\/wp-content\\\/uploads\\\/2025\\\/11\\\/WhatsApp-Image-2025-11-17-at-08.17.10-1-150x150.jpeg\",\"description\":\"\",\"is_video\":0,\"image_id\":39857,\"width\":1280,\"height\":866},{\"href\":\"https:\\\/\\\/webpe.colegiomayor.cl\\\/wp-content\\\/uploads\\\/2025\\\/11\\\/WhatsApp-Image-2025-11-17-at-08.17.10.jpeg\",\"title\":\"WhatsApp Image 2025-11-17 at 08.17.10\",\"thumbnail\":\"https:\\\/\\\/webpe.colegiomayor.cl\\\/wp-content\\\/uploads\\\/2025\\\/11\\\/WhatsApp-Image-2025-11-17-at-08.17.10-150x150.jpeg\",\"description\":\"\",\"is_video\":0,\"image_id\":39858,\"width\":1280,\"height\":874},{\"href\":\"https:\\\/\\\/webpe.colegiomayor.cl\\\/wp-content\\\/uploads\\\/2025\\\/11\\\/WhatsApp-Image-2025-11-17-at-08.23.53-1.jpeg\",\"title\":\"WhatsApp Image 2025-11-17 at 08.23.53 (1)\",\"thumbnail\":\"https:\\\/\\\/webpe.colegiomayor.cl\\\/wp-content\\\/uploads\\\/2025\\\/11\\\/WhatsApp-Image-2025-11-17-at-08.23.53-1-150x150.jpeg\",\"description\":\"\",\"is_video\":0,\"image_id\":39859,\"width\":959,\"height\":1280},{\"href\":\"https:\\\/\\\/webpe.colegiomayor.cl\\\/wp-content\\\/uploads\\\/2025\\\/11\\\/WhatsApp-Image-2025-11-17-at-08.23.53-2.jpeg\",\"title\":\"WhatsApp Image 2025-11-17 at 08.23.53 (2)\",\"thumbnail\":\"https:\\\/\\\/webpe.colegiomayor.cl\\\/wp-content\\\/uploads\\\/2025\\\/11\\\/WhatsApp-Image-2025-11-17-at-08.23.53-2-150x150.jpeg\",\"description\":\"\",\"is_video\":0,\"image_id\":39860,\"width\":960,\"height\":1280},{\"href\":\"https:\\\/\\\/webpe.colegiomayor.cl\\\/wp-content\\\/uploads\\\/2025\\\/11\\\/WhatsApp-Image-2025-11-17-at-08.23.53.jpeg\",\"title\":\"WhatsApp Image 2025-11-17 at 08.23.53\",\"thumbnail\":\"https:\\\/\\\/webpe.colegiomayor.cl\\\/wp-content\\\/uploads\\\/2025\\\/11\\\/WhatsApp-Image-2025-11-17-at-08.23.53-150x150.jpeg\",\"description\":\"\",\"is_video\":0,\"image_id\":39861,\"width\":1200,\"height\":1600}]}<\/script>\r\n\t\t<\/div>","protected":false},"excerpt":{"rendered":"<p>Nuestro colegio se corona bicampe\u00f3n en la Liga Escolar de Gimnasia Art\u00edstica 2025 Con gran orgullo y alegr\u00eda, nuestro colegio celebr\u00f3 los destacados resultados obtenidos en la Premiaci\u00f3n Anual de la Liga Escolar de Gimnasia Art\u00edstica (LEGA), realizada el s\u00e1bado 15 de noviembre. El evento&nbsp;<a href=\"https:\/\/webpe.colegiomayor.cl\/?p=39853\">&hellip;<\/a><\/p>\n","protected":false},"author":11,"featured_media":39858,"comment_status":"closed","ping_status":"closed","sticky":false,"template":"","format":"standard","meta":{"content-type":"","footnotes":""},"categories":[23,24,25,44],"tags":[173,62,63,140,216,103,181],"class_list":["post-39853","post","type-post","status-publish","format-standard","has-post-thumbnail","hentry","category-actualidad","category-comunicaciones","category-deportes","category-noticias","tag-campeonatos","tag-gimnasia","tag-lega","tag-medallas","tag-podio","tag-selecciones-deportivas","tag-torneos-y-competencias","odd"],"rttpg_featured_image_url":{"full":["https:\/\/webpe.colegiomayor.cl\/wp-content\/uploads\/2025\/11\/WhatsApp-Image-2025-11-17-at-08.17.10.jpeg",1280,874,false],"landscape":["https:\/\/webpe.colegiomayor.cl\/wp-content\/uploads\/2025\/11\/WhatsApp-Image-2025-11-17-at-08.17.10.jpeg",1280,874,false],"portraits":["https:\/\/webpe.colegiomayor.cl\/wp-content\/uploads\/2025\/11\/WhatsApp-Image-2025-11-17-at-08.17.10.jpeg",1280,874,false],"thumbnail":["https:\/\/webpe.colegiomayor.cl\/wp-content\/uploads\/2025\/11\/WhatsApp-Image-2025-11-17-at-08.17.10-150x150.jpeg",150,150,true],"medium":["https:\/\/webpe.colegiomayor.cl\/wp-content\/uploads\/2025\/11\/WhatsApp-Image-2025-11-17-at-08.17.10-300x205.jpeg",300,205,true],"large":["https:\/\/webpe.colegiomayor.cl\/wp-content\/uploads\/2025\/11\/WhatsApp-Image-2025-11-17-at-08.17.10-1024x699.jpeg",1024,699,true],"1536x1536":["https:\/\/webpe.colegiomayor.cl\/wp-content\/uploads\/2025\/11\/WhatsApp-Image-2025-11-17-at-08.17.10-1280x874.jpeg",1280,874,true],"2048x2048":["https:\/\/webpe.colegiomayor.cl\/wp-content\/uploads\/2025\/11\/WhatsApp-Image-2025-11-17-at-08.17.10-1280x874.jpeg",1280,874,true],"post-thumbnail":["https:\/\/webpe.colegiomayor.cl\/wp-content\/uploads\/2025\/11\/WhatsApp-Image-2025-11-17-at-08.17.10-150x102.jpeg",150,102,true],"ed-school-featured-image":["https:\/\/webpe.colegiomayor.cl\/wp-content\/uploads\/2025\/11\/WhatsApp-Image-2025-11-17-at-08.17.10-990x500.jpeg",990,500,true],"ed-school-medium":["https:\/\/webpe.colegiomayor.cl\/wp-content\/uploads\/2025\/11\/WhatsApp-Image-2025-11-17-at-08.17.10-768x510.jpeg",768,510,true],"ed-school-medium-alt":["https:\/\/webpe.colegiomayor.cl\/wp-content\/uploads\/2025\/11\/WhatsApp-Image-2025-11-17-at-08.17.10-768x410.jpeg",768,410,true],"ed-school-square":["https:\/\/webpe.colegiomayor.cl\/wp-content\/uploads\/2025\/11\/WhatsApp-Image-2025-11-17-at-08.17.10-768x768.jpeg",768,768,true],"ed-school-square-small":["https:\/\/webpe.colegiomayor.cl\/wp-content\/uploads\/2025\/11\/WhatsApp-Image-2025-11-17-at-08.17.10-420x420.jpeg",420,420,true]},"rttpg_author":{"display_name":"Francisco Arriagada","author_link":"https:\/\/webpe.colegiomayor.cl\/?author=11"},"rttpg_comment":0,"rttpg_category":"<a href=\"https:\/\/webpe.colegiomayor.cl\/?cat=23\" rel=\"category\">COLEGIO<\/a> <a href=\"https:\/\/webpe.colegiomayor.cl\/?cat=24\" rel=\"category\">COMUNICACIONES<\/a> <a href=\"https:\/\/webpe.colegiomayor.cl\/?cat=25\" rel=\"category\">DEPORTES<\/a> <a href=\"https:\/\/webpe.colegiomayor.cl\/?cat=44\" rel=\"category\">NOTICIAS<\/a>","rttpg_excerpt":"Nuestro colegio se corona bicampe\u00f3n en la Liga Escolar de Gimnasia Art\u00edstica 2025 Con gran orgullo y alegr\u00eda, nuestro colegio celebr\u00f3 los destacados resultados obtenidos en la Premiaci\u00f3n Anual de la Liga Escolar de Gimnasia Art\u00edstica (LEGA), realizada el s\u00e1bado 15 de noviembre. El evento&nbsp;&hellip;","_links":{"self":[{"href":"https:\/\/webpe.colegiomayor.cl\/index.php?rest_route=\/wp\/v2\/posts\/39853","targetHints":{"allow":["GET"]}}],"collection":[{"href":"https:\/\/webpe.colegiomayor.cl\/index.php?rest_route=\/wp\/v2\/posts"}],"about":[{"href":"https:\/\/webpe.colegiomayor.cl\/index.php?rest_route=\/wp\/v2\/types\/post"}],"author":[{"embeddable":true,"href":"https:\/\/webpe.colegiomayor.cl\/index.php?rest_route=\/wp\/v2\/users\/11"}],"replies":[{"embeddable":true,"href":"https:\/\/webpe.colegiomayor.cl\/index.php?rest_route=%2Fwp%2Fv2%2Fcomments&post=39853"}],"version-history":[{"count":2,"href":"https:\/\/webpe.colegiomayor.cl\/index.php?rest_route=\/wp\/v2\/posts\/39853\/revisions"}],"predecessor-version":[{"id":39864,"href":"https:\/\/webpe.colegiomayor.cl\/index.php?rest_route=\/wp\/v2\/posts\/39853\/revisions\/39864"}],"wp:featuredmedia":[{"embeddable":true,"href":"https:\/\/webpe.colegiomayor.cl\/index.php?rest_route=\/wp\/v2\/media\/39858"}],"wp:attachment":[{"href":"https:\/\/webpe.colegiomayor.cl\/index.php?rest_route=%2Fwp%2Fv2%2Fmedia&parent=39853"}],"wp:term":[{"taxonomy":"category","embeddable":true,"href":"https:\/\/webpe.colegiomayor.cl\/index.php?rest_route=%2Fwp%2Fv2%2Fcategories&post=39853"},{"taxonomy":"post_tag","embeddable":true,"href":"https:\/\/webpe.colegiomayor.cl\/index.php?rest_route=%2Fwp%2Fv2%2Ftags&post=39853"}],"curies":[{"name":"wp","href":"https:\/\/api.w.org\/{rel}","templated":true}]}}