{"id":39823,"date":"2025-11-14T19:52:32","date_gmt":"2025-11-14T22:52:32","guid":{"rendered":"https:\/\/webpe.colegiomayor.cl\/?p=39823"},"modified":"2025-11-14T19:55:56","modified_gmt":"2025-11-14T22:55:56","slug":"actividades-selecciones-y-escuelas-deportivas-sabado-15-de-noviembre","status":"publish","type":"post","link":"https:\/\/webpe.colegiomayor.cl\/?p=39823","title":{"rendered":"Actividades Selecciones y Escuelas Deportivas &#8211; s\u00e1bado 15 de noviembre"},"content":{"rendered":"\n<title>Selecciones Deportivas<\/title>\n    \n<style>\n    body {\n        font-family: 'Montserrat', sans-serif;\n        background: #f4f4f4;\n        color: #333;\n        padding: 20px;\n        font-synthesis: none;\n        text-rendering: optimizeLegibility;\n        -webkit-font-smoothing: antialiased;\n        -moz-osx-font-smoothing: grayscale;\n    }\n    .container {\n        max-width: 850px;\n        margin: auto;\n        background: #fff;\n        padding: 30px;\n        border-radius: 12px;\n        box-shadow: 0 4px 12px rgba(0,0,0,0.1);\n        line-height: 1.7;\n    }\n    h2 {\n        text-align: center;\n        color: #2c3e50;\n        font-weight: 700;\n        margin-bottom: 5px;\n    }\n    h3 {\n        text-align: center;\n        color: #16a085;\n        font-weight: 600;\n        margin-top: 0;\n        margin-bottom: 25px;\n    }\n    .disciplina {\n        padding: 20px;\n        margin-bottom: 20px;\n        border-left: 8px solid;\n        border-radius: 8px;\n        background: #fafafa;\n    }\n    .disciplina strong {\n        font-size: 20px;\n        display: block;\n        margin-bottom: 5px;\n    }\n    .atletismo {border-color: #2980b9;}\n    .basket {border-color: #e67e22;}\n    .gimnasia {border-color: #c0392b;}\n    .natacion {border-color: #27ae60;}\n    .tenis {border-color: #8e44ad;}\n    .cheer {border-color: #e84393;}\n    .vmasc {border-color: #3498db;}\n    .vfem {border-color: #9b59b6;}\n    .futbol {border-color: #2ecc71;}\n\n    u {\n        color: #555;\n        text-decoration-color: #bdc3c7;\n        text-decoration-thickness: 2px;\n    }\n    em {\n        color: #666;\n        font-style: italic;\n    }\n    .fecha {\n        text-align: right;\n        font-size: 14px;\n        color: #777;\n        margin-bottom: 25px;\n    }\n    .nota {\n        font-weight: 600;\n        color: #c0392b;\n        display: block;\n        margin-top: 10px;\n    }\n<\/style>\n\n<div class=\"container\">\n    <div class=\"fecha\">Pe\u00f1alol\u00e9n, 13 de noviembre de 2025.<\/div>\n\n    <h2>Selecciones Deportivas<\/h2>\n    <h3>S\u00e1bado 15 de noviembre<\/h3>\n\n    <div class=\"disciplina atletismo\">\n        <strong>Atletismo<\/strong>\n        <u>Tetratl\u00f3n de Atletismo<\/u><br>\n        Organiza: Estadio Mayor<br>\n        Lugar: Pista atl\u00e9tica Estadio Mayor.<br>\n        Horario: 09:00 a 12:00 hrs.<br>\n        Citaci\u00f3n: 08:30 hrs.<br><br>\n        <em>Profesores a cargo:<\/em> \u00darsula Rebolledo, Carlos Soto, Mario G\u00f3mez, Claudio Ulloa<br>\n        <span class=\"nota\">Entrenamiento suspendido.<\/span>\n    <\/div>\n\n    <div class=\"disciplina basket\">\n        <strong>B\u00e1squetbol<\/strong>\n        <u>Liforbasket &#8211; Mini primer a\u00f1o<\/u><br>\n        Lugar: Colegio Notredame<br>\n        Citaci\u00f3n: 09:00 hrs.<br>\n        Partidos: 09:30 y 10:30 hrs.<br><br>\n        <em>Profesor a cargo:<\/em> Nicol\u00e1s Ortiz\n        <hr>\n        <u>Entrenamiento mini segundo a\u00f1o<\/u><br>\n        Lugar: Carpeta sur, Estadio Mayor.<br>\n        Horario: 09:00 a 11:00 hrs.<br>\n        <em>Profesor a cargo:<\/em> Carlos Cerecera<br><br>\n        <span class=\"nota\">Series Intermedia y Superior: Sin actividad.<\/span>\n    <\/div>\n\n    <div class=\"disciplina gimnasia\">\n        <strong>Gimnasia Art\u00edstica<\/strong>\n        <u>Premiaci\u00f3n anual L.E.G.A 2025<\/u><br>\n        Lugar: Colegio Santo Domingo.<br>\n        Direcci\u00f3n: \u00c1lvaro Casanova #366, La Reina.<br>\n        Horario: 09:00 hrs.<br>\n        Participa: Toda la selecci\u00f3n.<br><br>\n        <em>Profesores a cargo:<\/em> Catalina Cuevas, Loreto Erazo<br>\n        <span class=\"nota\">Entrenamiento suspendido.<\/span>\n    <\/div>\n\n    <div class=\"disciplina natacion\">\n        <strong>Nataci\u00f3n<\/strong>\n        <u>Entrenamiento<\/u><br>\n        Grupo competencia: 09:00 a 11:00 hrs.<br>\n        Grupo 1\u00b0 a 5\u00b0 b\u00e1sico: 11:00 a 12:00 hrs.<br>\n        Lugar: Piscina Estadio Mayor<br><br>\n        <em>Profesores:<\/em> Sim\u00f3n Fern\u00e1ndez, Mat\u00edas Jaque, Katalina Bravo\n    <\/div>\n\n    <div class=\"disciplina tenis\">\n        <strong>Tenis<\/strong>\n        <u>Entrenamiento<\/u><br>\n        Lugar: Canchas de tenis, Estadio Mayor.<br>\n        Primer grupo infantil: 09:00 a 10:30 hrs.<br>\n        Segundo grupo intermedia: 10:30 a 12:00 hrs.<br><br>\n        <em>Profesor a cargo:<\/em> Hern\u00e1n P\u00e9rez\n    <\/div>\n\n    <div class=\"disciplina cheer\">\n        <strong>Cheerleader<\/strong>\n        <u>Entrenamiento<\/u><br>\n        Lugar: Foro Colegio Mayor<br>\n        Senior: 09:00 a 10:30 hrs.<br>\n        Junior: 10:30 a 12:00 hrs.<br><br>\n        <em>Entrenadores:<\/em> Daniela Acu\u00f1a, Ricardo Vergara\n    <\/div>\n\n    <div class=\"disciplina vmasc\">\n        <strong>Voleibol Masculino<\/strong>\n        <u>Categor\u00eda Mini &#8211; Entrenamiento<\/u><br>\n        Lugar: Foro Colegio Mayor<br>\n        Citaci\u00f3n: 09:00 hrs.<br>\n        T\u00e9rmino: 11:00 hrs.<br><br>\n        <em>Profesor a cargo:<\/em> Cristian Henr\u00edquez\n        <hr>\n        <u>Categor\u00eda Infantil &#8211; Torneo UC<\/u><br>\n        Rival: Colegio Cordillera<br>\n        Lugar: Colegio Domingo Matte, Tocornal Grez #440, Puente Alto.<br>\n        Citaci\u00f3n: 08:15 hrs.<br>\n        Partido: 09:00 hrs.<br><br>\n        <em>Profesor a cargo:<\/em> Valent\u00edn Tamayo<br>\n        <span class=\"nota\">Categor\u00eda Superior: Sin actividades.<\/span>\n    <\/div>\n\n    <div class=\"disciplina vfem\">\n        <strong>Voleibol Femenino<\/strong>\n        <u>Categor\u00eda Infantil &#8211; Torneo UC<\/u><br>\n        Rival: Colegio Trewhelas Providencia<br>\n        Lugar: Colegio Mayor Pe\u00f1alol\u00e9n (Carpeta)<br>\n        Citaci\u00f3n: 10:00 hrs.<br>\n        <em>Profesor a cargo:<\/em> Pablo Beltr\u00e1n\n        <hr>\n        <u>Categor\u00eda 2012 &#8211; Encuentro Amistoso<\/u><br>\n        Rival: Club UC<br>\n        Lugar: Colegio Mayor Pe\u00f1alol\u00e9n (Foro)<br>\n        Citaci\u00f3n: 08:30 hrs.<br>\n        <hr>\n        <u>Categor\u00eda 2013 y 2014 &#8211; Encuentro Amistoso<\/u><br>\n        Rival: Club UC<br>\n        Lugar: Colegio Mayor Pe\u00f1alol\u00e9n (Foro)<br>\n        Citaci\u00f3n: 10:00 hrs.<br><br>\n        <em>Profesor a cargo:<\/em> Joaqu\u00edn M\u00e9ndez\n    <\/div>\n\n    <div class=\"disciplina futbol\">\n        <strong>F\u00fatbol<\/strong>\n        <u>Torneo UC &#8211; Semifinal Infantil (Divisi\u00f3n Honor)<\/u><br>\n        Rival: Instituto Ingl\u00e9s de Rancagua<br>\n        Lugar: Colegio San Benito<br>\n        Direcci\u00f3n: Av. Parque Antonio Rabat #6150, Vitacura.<br>\n        Citaci\u00f3n: 09:45 hrs.<br>\n        Partido: 10:45 hrs.<br><br>\n        <span class=\"nota\">Series Mini, Intermedia y Superior: Sin actividad.<\/span><br>\n        <em>Profesores a cargo:<\/em> Pablo S\u00e1nchez, Edgard Vargas\n    <\/div>\n<\/div>\n\n\n\n\n<p><br><\/p>\n","protected":false},"excerpt":{"rendered":"<p>Selecciones Deportivas Pe\u00f1alol\u00e9n, 13 de noviembre de 2025. Selecciones Deportivas S\u00e1bado 15 de noviembre Atletismo Tetratl\u00f3n de Atletismo Organiza: Estadio Mayor Lugar: Pista atl\u00e9tica Estadio Mayor. Horario: 09:00 a 12:00 hrs. Citaci\u00f3n: 08:30 hrs. Profesores a cargo: \u00darsula Rebolledo, Carlos Soto, Mario G\u00f3mez, Claudio Ulloa&nbsp;<a href=\"https:\/\/webpe.colegiomayor.cl\/?p=39823\">&hellip;<\/a><\/p>\n","protected":false},"author":11,"featured_media":37185,"comment_status":"closed","ping_status":"closed","sticky":false,"template":"","format":"standard","meta":{"content-type":"","footnotes":""},"categories":[25,44],"tags":[101,103],"class_list":["post-39823","post","type-post","status-publish","format-standard","has-post-thumbnail","hentry","category-deportes","category-noticias","tag-deportes","tag-selecciones-deportivas","odd"],"rttpg_featured_image_url":{"full":["https:\/\/webpe.colegiomayor.cl\/wp-content\/uploads\/2024\/12\/deportes.jpg",1085,611,false],"landscape":["https:\/\/webpe.colegiomayor.cl\/wp-content\/uploads\/2024\/12\/deportes.jpg",1085,611,false],"portraits":["https:\/\/webpe.colegiomayor.cl\/wp-content\/uploads\/2024\/12\/deportes.jpg",1085,611,false],"thumbnail":["https:\/\/webpe.colegiomayor.cl\/wp-content\/uploads\/2024\/12\/deportes-150x150.jpg",150,150,true],"medium":["https:\/\/webpe.colegiomayor.cl\/wp-content\/uploads\/2024\/12\/deportes-300x169.jpg",300,169,true],"large":["https:\/\/webpe.colegiomayor.cl\/wp-content\/uploads\/2024\/12\/deportes-1024x577.jpg",1024,577,true],"1536x1536":["https:\/\/webpe.colegiomayor.cl\/wp-content\/uploads\/2024\/12\/deportes-1085x611.jpg",1085,611,true],"2048x2048":["https:\/\/webpe.colegiomayor.cl\/wp-content\/uploads\/2024\/12\/deportes-1085x611.jpg",1085,611,true],"post-thumbnail":["https:\/\/webpe.colegiomayor.cl\/wp-content\/uploads\/2024\/12\/deportes-150x84.jpg",150,84,true],"ed-school-featured-image":["https:\/\/webpe.colegiomayor.cl\/wp-content\/uploads\/2024\/12\/deportes-990x500.jpg",990,500,true],"ed-school-medium":["https:\/\/webpe.colegiomayor.cl\/wp-content\/uploads\/2024\/12\/deportes-768x510.jpg",768,510,true],"ed-school-medium-alt":["https:\/\/webpe.colegiomayor.cl\/wp-content\/uploads\/2024\/12\/deportes-768x410.jpg",768,410,true],"ed-school-square":["https:\/\/webpe.colegiomayor.cl\/wp-content\/uploads\/2024\/12\/deportes-768x611.jpg",768,611,true],"ed-school-square-small":["https:\/\/webpe.colegiomayor.cl\/wp-content\/uploads\/2024\/12\/deportes-420x420.jpg",420,420,true]},"rttpg_author":{"display_name":"Francisco Arriagada","author_link":"https:\/\/webpe.colegiomayor.cl\/?author=11"},"rttpg_comment":0,"rttpg_category":"<a href=\"https:\/\/webpe.colegiomayor.cl\/?cat=25\" rel=\"category\">DEPORTES<\/a> <a href=\"https:\/\/webpe.colegiomayor.cl\/?cat=44\" rel=\"category\">NOTICIAS<\/a>","rttpg_excerpt":"Selecciones Deportivas Pe\u00f1alol\u00e9n, 13 de noviembre de 2025. Selecciones Deportivas S\u00e1bado 15 de noviembre Atletismo Tetratl\u00f3n de Atletismo Organiza: Estadio Mayor Lugar: Pista atl\u00e9tica Estadio Mayor. Horario: 09:00 a 12:00 hrs. Citaci\u00f3n: 08:30 hrs. Profesores a cargo: \u00darsula Rebolledo, Carlos Soto, Mario G\u00f3mez, Claudio Ulloa&nbsp;&hellip;","_links":{"self":[{"href":"https:\/\/webpe.colegiomayor.cl\/index.php?rest_route=\/wp\/v2\/posts\/39823","targetHints":{"allow":["GET"]}}],"collection":[{"href":"https:\/\/webpe.colegiomayor.cl\/index.php?rest_route=\/wp\/v2\/posts"}],"about":[{"href":"https:\/\/webpe.colegiomayor.cl\/index.php?rest_route=\/wp\/v2\/types\/post"}],"author":[{"embeddable":true,"href":"https:\/\/webpe.colegiomayor.cl\/index.php?rest_route=\/wp\/v2\/users\/11"}],"replies":[{"embeddable":true,"href":"https:\/\/webpe.colegiomayor.cl\/index.php?rest_route=%2Fwp%2Fv2%2Fcomments&post=39823"}],"version-history":[{"count":2,"href":"https:\/\/webpe.colegiomayor.cl\/index.php?rest_route=\/wp\/v2\/posts\/39823\/revisions"}],"predecessor-version":[{"id":39825,"href":"https:\/\/webpe.colegiomayor.cl\/index.php?rest_route=\/wp\/v2\/posts\/39823\/revisions\/39825"}],"wp:featuredmedia":[{"embeddable":true,"href":"https:\/\/webpe.colegiomayor.cl\/index.php?rest_route=\/wp\/v2\/media\/37185"}],"wp:attachment":[{"href":"https:\/\/webpe.colegiomayor.cl\/index.php?rest_route=%2Fwp%2Fv2%2Fmedia&parent=39823"}],"wp:term":[{"taxonomy":"category","embeddable":true,"href":"https:\/\/webpe.colegiomayor.cl\/index.php?rest_route=%2Fwp%2Fv2%2Fcategories&post=39823"},{"taxonomy":"post_tag","embeddable":true,"href":"https:\/\/webpe.colegiomayor.cl\/index.php?rest_route=%2Fwp%2Fv2%2Ftags&post=39823"}],"curies":[{"name":"wp","href":"https:\/\/api.w.org\/{rel}","templated":true}]}}