{"id":39806,"date":"2025-11-10T15:53:45","date_gmt":"2025-11-10T18:53:45","guid":{"rendered":"https:\/\/webpe.colegiomayor.cl\/?p=39806"},"modified":"2025-11-10T15:53:45","modified_gmt":"2025-11-10T18:53:45","slug":"seleccion-infantil-de-futbol-del-colegio-mayor-penalolen-hace-historia-y-avanza-a-semifinales-del-torneo-soprole-uc-division-honor","status":"publish","type":"post","link":"https:\/\/webpe.colegiomayor.cl\/?p=39806","title":{"rendered":"Selecci\u00f3n Infantil de F\u00fatbol del Colegio Mayor Pe\u00f1alol\u00e9n hace historia y avanza a semifinales del Torneo Soprole UC \u2013 Divisi\u00f3n Honor"},"content":{"rendered":"\n<p>La selecci\u00f3n infantil de f\u00fatbol del Colegio Mayor de Pe\u00f1alol\u00e9n escribi\u00f3 una p\u00e1gina hist\u00f3rica para nuestra comunidad deportiva al instalarse, por primera vez, en las semifinales del prestigioso Torneo Soprole UC en su Divisi\u00f3n Honor (Primera Divisi\u00f3n), instancia reservada para los mejores equipos escolares de Santiago.<\/p>\n\n\n\n<p>El camino no fue sencillo. En cuartos de final, nuestros estudiantes se enfrentaron al Colegio San Agust\u00edn de \u00d1u\u00f1oa. En el partido de ida, disputado como visitantes, el equipo cay\u00f3 por un estrecho 3-2, dejando la serie abierta para una vibrante definici\u00f3n en casa.<\/p>\n\n\n\n<p>En el partido de vuelta, jugado en nuestro colegio, la selecci\u00f3n mostr\u00f3 car\u00e1cter, disciplina y un esp\u00edritu competitivo ejemplar. Con un triunfo por 2-1, la llave qued\u00f3 igualada, obligando a definir todo desde el punto penal. Fue en ese momento donde emergi\u00f3 la figura de nuestro arquero Lucas Bravo (alumno del 8\u00b0D) , quien detuvo dos lanzamientos penales y se convirti\u00f3 en pieza clave para el triunfo por 4-2 en la tanda definitiva.<\/p>\n\n\n\n<p>Gracias a este resultado, el Colegio Mayor se posiciona entre los cuatro mejores colegios de Santiago, un logro que refleja el esfuerzo constante de nuestros deportistas, el trabajo del cuerpo t\u00e9cnico y el apoyo de las familias que siempre acompa\u00f1an con entusiasmo.<\/p>\n\n\n\n<p>La semifinal se disputar\u00e1 en nuestra cancha el s\u00e1bado 15 de noviembre a las 9:45 horas, con rival por confirmar. Invitamos a toda la comunidad escolar a alentar a nuestra selecci\u00f3n en esta hist\u00f3rica instancia.<\/p>\n\n\n\n<p>\u00a1Felicitaciones equipo! Sigamos haciendo historia juntos.<\/p>\n\n\n\n<p><\/p>\n","protected":false},"excerpt":{"rendered":"<p>La selecci\u00f3n infantil de f\u00fatbol del Colegio Mayor de Pe\u00f1alol\u00e9n escribi\u00f3 una p\u00e1gina hist\u00f3rica para nuestra comunidad deportiva al instalarse, por primera vez, en las semifinales del prestigioso Torneo Soprole UC en su Divisi\u00f3n Honor (Primera Divisi\u00f3n), instancia reservada para los mejores equipos escolares de&nbsp;<a href=\"https:\/\/webpe.colegiomayor.cl\/?p=39806\">&hellip;<\/a><\/p>\n","protected":false},"author":11,"featured_media":39807,"comment_status":"closed","ping_status":"closed","sticky":false,"template":"","format":"standard","meta":{"content-type":"","footnotes":""},"categories":[23,24,25,1],"tags":[134,210,211,212,102,181],"class_list":["post-39806","post","type-post","status-publish","format-standard","has-post-thumbnail","hentry","category-actualidad","category-comunicaciones","category-deportes","category-categoria-3","tag-deporte","tag-futbol","tag-seleccion-deportiva","tag-seleccion-futbol","tag-selecciones","tag-torneos-y-competencias","odd"],"rttpg_featured_image_url":{"full":["https:\/\/webpe.colegiomayor.cl\/wp-content\/uploads\/2025\/11\/a7b60a23-5035-4cd2-b29c-d2a09f7d13df.jpeg",1280,853,false],"landscape":["https:\/\/webpe.colegiomayor.cl\/wp-content\/uploads\/2025\/11\/a7b60a23-5035-4cd2-b29c-d2a09f7d13df.jpeg",1280,853,false],"portraits":["https:\/\/webpe.colegiomayor.cl\/wp-content\/uploads\/2025\/11\/a7b60a23-5035-4cd2-b29c-d2a09f7d13df.jpeg",1280,853,false],"thumbnail":["https:\/\/webpe.colegiomayor.cl\/wp-content\/uploads\/2025\/11\/a7b60a23-5035-4cd2-b29c-d2a09f7d13df-150x150.jpeg",150,150,true],"medium":["https:\/\/webpe.colegiomayor.cl\/wp-content\/uploads\/2025\/11\/a7b60a23-5035-4cd2-b29c-d2a09f7d13df-300x200.jpeg",300,200,true],"large":["https:\/\/webpe.colegiomayor.cl\/wp-content\/uploads\/2025\/11\/a7b60a23-5035-4cd2-b29c-d2a09f7d13df-1024x682.jpeg",1024,682,true],"1536x1536":["https:\/\/webpe.colegiomayor.cl\/wp-content\/uploads\/2025\/11\/a7b60a23-5035-4cd2-b29c-d2a09f7d13df-1280x853.jpeg",1280,853,true],"2048x2048":["https:\/\/webpe.colegiomayor.cl\/wp-content\/uploads\/2025\/11\/a7b60a23-5035-4cd2-b29c-d2a09f7d13df-1280x853.jpeg",1280,853,true],"post-thumbnail":["https:\/\/webpe.colegiomayor.cl\/wp-content\/uploads\/2025\/11\/a7b60a23-5035-4cd2-b29c-d2a09f7d13df-150x100.jpeg",150,100,true],"ed-school-featured-image":["https:\/\/webpe.colegiomayor.cl\/wp-content\/uploads\/2025\/11\/a7b60a23-5035-4cd2-b29c-d2a09f7d13df-990x500.jpeg",990,500,true],"ed-school-medium":["https:\/\/webpe.colegiomayor.cl\/wp-content\/uploads\/2025\/11\/a7b60a23-5035-4cd2-b29c-d2a09f7d13df-768x510.jpeg",768,510,true],"ed-school-medium-alt":["https:\/\/webpe.colegiomayor.cl\/wp-content\/uploads\/2025\/11\/a7b60a23-5035-4cd2-b29c-d2a09f7d13df-768x410.jpeg",768,410,true],"ed-school-square":["https:\/\/webpe.colegiomayor.cl\/wp-content\/uploads\/2025\/11\/a7b60a23-5035-4cd2-b29c-d2a09f7d13df-768x768.jpeg",768,768,true],"ed-school-square-small":["https:\/\/webpe.colegiomayor.cl\/wp-content\/uploads\/2025\/11\/a7b60a23-5035-4cd2-b29c-d2a09f7d13df-420x420.jpeg",420,420,true]},"rttpg_author":{"display_name":"Francisco Arriagada","author_link":"https:\/\/webpe.colegiomayor.cl\/?author=11"},"rttpg_comment":0,"rttpg_category":"<a href=\"https:\/\/webpe.colegiomayor.cl\/?cat=23\" rel=\"category\">COLEGIO<\/a> <a href=\"https:\/\/webpe.colegiomayor.cl\/?cat=24\" rel=\"category\">COMUNICACIONES<\/a> <a href=\"https:\/\/webpe.colegiomayor.cl\/?cat=25\" rel=\"category\">DEPORTES<\/a> <a href=\"https:\/\/webpe.colegiomayor.cl\/?cat=1\" rel=\"category\">NOTICIAS<\/a>","rttpg_excerpt":"La selecci\u00f3n infantil de f\u00fatbol del Colegio Mayor de Pe\u00f1alol\u00e9n escribi\u00f3 una p\u00e1gina hist\u00f3rica para nuestra comunidad deportiva al instalarse, por primera vez, en las semifinales del prestigioso Torneo Soprole UC en su Divisi\u00f3n Honor (Primera Divisi\u00f3n), instancia reservada para los mejores equipos escolares de&nbsp;&hellip;","_links":{"self":[{"href":"https:\/\/webpe.colegiomayor.cl\/index.php?rest_route=\/wp\/v2\/posts\/39806","targetHints":{"allow":["GET"]}}],"collection":[{"href":"https:\/\/webpe.colegiomayor.cl\/index.php?rest_route=\/wp\/v2\/posts"}],"about":[{"href":"https:\/\/webpe.colegiomayor.cl\/index.php?rest_route=\/wp\/v2\/types\/post"}],"author":[{"embeddable":true,"href":"https:\/\/webpe.colegiomayor.cl\/index.php?rest_route=\/wp\/v2\/users\/11"}],"replies":[{"embeddable":true,"href":"https:\/\/webpe.colegiomayor.cl\/index.php?rest_route=%2Fwp%2Fv2%2Fcomments&post=39806"}],"version-history":[{"count":1,"href":"https:\/\/webpe.colegiomayor.cl\/index.php?rest_route=\/wp\/v2\/posts\/39806\/revisions"}],"predecessor-version":[{"id":39808,"href":"https:\/\/webpe.colegiomayor.cl\/index.php?rest_route=\/wp\/v2\/posts\/39806\/revisions\/39808"}],"wp:featuredmedia":[{"embeddable":true,"href":"https:\/\/webpe.colegiomayor.cl\/index.php?rest_route=\/wp\/v2\/media\/39807"}],"wp:attachment":[{"href":"https:\/\/webpe.colegiomayor.cl\/index.php?rest_route=%2Fwp%2Fv2%2Fmedia&parent=39806"}],"wp:term":[{"taxonomy":"category","embeddable":true,"href":"https:\/\/webpe.colegiomayor.cl\/index.php?rest_route=%2Fwp%2Fv2%2Fcategories&post=39806"},{"taxonomy":"post_tag","embeddable":true,"href":"https:\/\/webpe.colegiomayor.cl\/index.php?rest_route=%2Fwp%2Fv2%2Ftags&post=39806"}],"curies":[{"name":"wp","href":"https:\/\/api.w.org\/{rel}","templated":true}]}}