{"id":39797,"date":"2025-11-10T13:35:27","date_gmt":"2025-11-10T16:35:27","guid":{"rendered":"https:\/\/webpe.colegiomayor.cl\/?p=39797"},"modified":"2025-11-10T13:36:19","modified_gmt":"2025-11-10T16:36:19","slug":"la-seleccion-de-cheerleaders-del-colegio-mayor-de-penalolen-destaca-nuevamente-en-vina-del-mar-durante-el-campeonato-the-minnors-cschile-2025","status":"publish","type":"post","link":"https:\/\/webpe.colegiomayor.cl\/?p=39797","title":{"rendered":"La Selecci\u00f3n de Cheerleaders del Colegio Mayor de Pe\u00f1alol\u00e9n destaca nuevamente en Vi\u00f1a del Mar durante el campeonato THE MINNORS CSChile 2025"},"content":{"rendered":"\n<p>El pasado s\u00e1bado 8 de noviembre, en la ciudad de Vi\u00f1a del Mar, la Selecci\u00f3n de Cheerleaders del Colegio Mayor de Pe\u00f1alol\u00e9n volvi\u00f3 a demostrar su excelencia y alto nivel competitivo en el campeonato THE MINNORS CSChile 2025, una de las competencias m\u00e1s destacadas del circuito nacional.<\/p>\n\n\n\n<p>Nuestra categor\u00eda Junior se luci\u00f3 con una impecable rutina que le vali\u00f3 el 1\u00b0 lugar nacional, adem\u00e1s de alcanzar la distinci\u00f3n Hit Zero, reconocimiento otorgado a las presentaciones sin deducciones ni errores.<\/p>\n\n\n\n<p>Por su parte, la categor\u00eda Senior Nivel 3 se consagr\u00f3 campeona nacional, obteniendo tambi\u00e9n Hit Zero y logrando el puntaje m\u00e1s alto entre todos los equipos escolares del evento. Este resultado las coron\u00f3 con el t\u00edtulo de Campe\u00f3n de Campeones, recibiendo como premio un anillo conmemorativo para cada una de sus deportistas, s\u00edmbolo del esfuerzo, la excelencia y la pasi\u00f3n que caracteriza a nuestro equipo.<\/p>\n\n\n\n<p>Queremos expresar un especial reconocimiento a sus entrenadores Daniela Acu\u00f1a y Ricardo Vergara, cuyo liderazgo, compromiso y visi\u00f3n t\u00e9cnica han sido fundamentales en el crecimiento deportivo y personal de cada una de nuestras atletas. Su dedicaci\u00f3n constante y su pasi\u00f3n por este deporte inspiran a nuestras seleccionadas a dar siempre lo mejor de s\u00ed.<\/p>\n\n\n\n<p>Agradecemos profundamente a las familias y apoderados que acompa\u00f1an con entusiasmo cada proceso, entrenamiento y competencia. Su apoyo incondicional y confianza son pilares esenciales en cada logro obtenido.<\/p>\n\n\n\n<p>Con este gran resultado, nuestras selecciones contin\u00faan su preparaci\u00f3n con energ\u00eda y determinaci\u00f3n para enfrentar las \u00faltimas finales nacionales del a\u00f1o 2025, reafirmando una vez m\u00e1s el compromiso, la excelencia y el orgullo de representar al Colegio Mayor de Pe\u00f1alol\u00e9n en lo m\u00e1s alto del cheerleading nacional.<\/p>\n\n\n\n<p>\u00a1Felicitamos con orgullo a nuestras campeonas, entrenadores y familias por este nuevo e hist\u00f3rico triunfo!<\/p>\n\n\n<style>.uid-b1bc2527e44835c8  .gt3pg-isotope-item {\n\tpadding-right: 20px;\n\tpadding-bottom: 20px;\n}\n.uid-b1bc2527e44835c8  .gallery-isotope-wrapper {\n\tmargin-right: -20px;\n\tmargin-bottom: -20px;\n}\n<\/style><div id=\"uid-b1bc2527e44835c8\" data-gt3pg-block=\"masonry\" data-index=\"1\" class=\"gt3-photo-gallery-pro--isotope_gallery uid-b1bc2527e44835c8 gt3pg-pro--wrapper gt3pg-pro--masonry \">\t\t<div data-cols=\"3\" data-cols-tablet=\"3\" data-cols-mobile=\"2\" class=\"gt3pg-isotope-gallery columns-3 hover-default gallery-masonry corner-standard\" data-settings=\"{&quot;lightbox&quot;:{&quot;enable&quot;:true,&quot;options&quot;:{&quot;instance&quot;:1}},&quot;id&quot;:1,&quot;uid&quot;:&quot;uid-b1bc2527e44835c8&quot;,&quot;modules&quot;:[&quot;Lightbox&quot;],&quot;lightboxArray&quot;:[{&quot;href&quot;:&quot;https:\\\/\\\/webpe.colegiomayor.cl\\\/wp-content\\\/uploads\\\/2025\\\/11\\\/WhatsApp-Image-2025-11-10-at-12.38.43-PM-scaled.jpeg&quot;,&quot;title&quot;:&quot;WhatsApp Image 2025-11-10 at 12.38.43 PM&quot;,&quot;thumbnail&quot;:&quot;https:\\\/\\\/webpe.colegiomayor.cl\\\/wp-content\\\/uploads\\\/2025\\\/11\\\/WhatsApp-Image-2025-11-10-at-12.38.43-PM-scaled-150x150.jpeg&quot;,&quot;description&quot;:&quot;&quot;,&quot;is_video&quot;:0,&quot;image_id&quot;:39798,&quot;width&quot;:2560,&quot;height&quot;:1920},{&quot;href&quot;:&quot;https:\\\/\\\/webpe.colegiomayor.cl\\\/wp-content\\\/uploads\\\/2025\\\/11\\\/WhatsApp-Image-2025-11-10-at-12.39.26-PM-scaled.jpeg&quot;,&quot;title&quot;:&quot;WhatsApp Image 2025-11-10 at 12.39.26 PM&quot;,&quot;thumbnail&quot;:&quot;https:\\\/\\\/webpe.colegiomayor.cl\\\/wp-content\\\/uploads\\\/2025\\\/11\\\/WhatsApp-Image-2025-11-10-at-12.39.26-PM-scaled-150x150.jpeg&quot;,&quot;description&quot;:&quot;&quot;,&quot;is_video&quot;:0,&quot;image_id&quot;:39799,&quot;width&quot;:2560,&quot;height&quot;:1920},{&quot;href&quot;:&quot;https:\\\/\\\/webpe.colegiomayor.cl\\\/wp-content\\\/uploads\\\/2025\\\/11\\\/WhatsApp-Image-2025-11-10-at-12.40.06-PM.jpeg&quot;,&quot;title&quot;:&quot;WhatsApp Image 2025-11-10 at 12.40.06 PM&quot;,&quot;thumbnail&quot;:&quot;https:\\\/\\\/webpe.colegiomayor.cl\\\/wp-content\\\/uploads\\\/2025\\\/11\\\/WhatsApp-Image-2025-11-10-at-12.40.06-PM-150x150.jpeg&quot;,&quot;description&quot;:&quot;&quot;,&quot;is_video&quot;:0,&quot;image_id&quot;:39800,&quot;width&quot;:1280,&quot;height&quot;:960},{&quot;href&quot;:&quot;https:\\\/\\\/webpe.colegiomayor.cl\\\/wp-content\\\/uploads\\\/2025\\\/11\\\/WhatsApp-Image-2025-11-10-at-12.40.43-PM-scaled.jpeg&quot;,&quot;title&quot;:&quot;WhatsApp Image 2025-11-10 at 12.40.43 PM&quot;,&quot;thumbnail&quot;:&quot;https:\\\/\\\/webpe.colegiomayor.cl\\\/wp-content\\\/uploads\\\/2025\\\/11\\\/WhatsApp-Image-2025-11-10-at-12.40.43-PM-scaled-150x150.jpeg&quot;,&quot;description&quot;:&quot;&quot;,&quot;is_video&quot;:0,&quot;image_id&quot;:39801,&quot;width&quot;:1920,&quot;height&quot;:2560},{&quot;href&quot;:&quot;https:\\\/\\\/webpe.colegiomayor.cl\\\/wp-content\\\/uploads\\\/2025\\\/11\\\/WhatsApp-Image-2025-11-10-at-12.41.00-PM-scaled.jpeg&quot;,&quot;title&quot;:&quot;WhatsApp Image 2025-11-10 at 12.41.00 PM&quot;,&quot;thumbnail&quot;:&quot;https:\\\/\\\/webpe.colegiomayor.cl\\\/wp-content\\\/uploads\\\/2025\\\/11\\\/WhatsApp-Image-2025-11-10-at-12.41.00-PM-scaled-150x150.jpeg&quot;,&quot;description&quot;:&quot;&quot;,&quot;is_video&quot;:0,&quot;image_id&quot;:39802,&quot;width&quot;:1920,&quot;height&quot;:2560},{&quot;href&quot;:&quot;https:\\\/\\\/webpe.colegiomayor.cl\\\/wp-content\\\/uploads\\\/2025\\\/11\\\/WhatsApp-Image-2025-11-10-at-12.41.39-PM.jpeg&quot;,&quot;title&quot;:&quot;WhatsApp Image 2025-11-10 at 12.41.39 PM&quot;,&quot;thumbnail&quot;:&quot;https:\\\/\\\/webpe.colegiomayor.cl\\\/wp-content\\\/uploads\\\/2025\\\/11\\\/WhatsApp-Image-2025-11-10-at-12.41.39-PM-150x150.jpeg&quot;,&quot;description&quot;:&quot;&quot;,&quot;is_video&quot;:0,&quot;image_id&quot;:39803,&quot;width&quot;:1200,&quot;height&quot;:1600},{&quot;href&quot;:&quot;https:\\\/\\\/webpe.colegiomayor.cl\\\/wp-content\\\/uploads\\\/2025\\\/11\\\/WhatsApp-Image-2025-11-10-at-12.43.03-PM.jpeg&quot;,&quot;title&quot;:&quot;WhatsApp Image 2025-11-10 at 12.43.03 PM&quot;,&quot;thumbnail&quot;:&quot;https:\\\/\\\/webpe.colegiomayor.cl\\\/wp-content\\\/uploads\\\/2025\\\/11\\\/WhatsApp-Image-2025-11-10-at-12.43.03-PM-150x150.jpeg&quot;,&quot;description&quot;:&quot;&quot;,&quot;is_video&quot;:0,&quot;image_id&quot;:39804,&quot;width&quot;:1600,&quot;height&quot;:900}],&quot;items&quot;:[{&quot;href&quot;:&quot;https:\\\/\\\/webpe.colegiomayor.cl\\\/wp-content\\\/uploads\\\/2025\\\/11\\\/WhatsApp-Image-2025-11-10-at-12.38.43-PM-scaled.jpeg&quot;,&quot;title&quot;:&quot;WhatsApp Image 2025-11-10 at 12.38.43 PM&quot;,&quot;thumbnail&quot;:&quot;https:\\\/\\\/webpe.colegiomayor.cl\\\/wp-content\\\/uploads\\\/2025\\\/11\\\/WhatsApp-Image-2025-11-10-at-12.38.43-PM-scaled-150x150.jpeg&quot;,&quot;description&quot;:&quot;&quot;,&quot;is_video&quot;:0,&quot;image_id&quot;:39798,&quot;width&quot;:2560,&quot;height&quot;:1920},{&quot;href&quot;:&quot;https:\\\/\\\/webpe.colegiomayor.cl\\\/wp-content\\\/uploads\\\/2025\\\/11\\\/WhatsApp-Image-2025-11-10-at-12.39.26-PM-scaled.jpeg&quot;,&quot;title&quot;:&quot;WhatsApp Image 2025-11-10 at 12.39.26 PM&quot;,&quot;thumbnail&quot;:&quot;https:\\\/\\\/webpe.colegiomayor.cl\\\/wp-content\\\/uploads\\\/2025\\\/11\\\/WhatsApp-Image-2025-11-10-at-12.39.26-PM-scaled-150x150.jpeg&quot;,&quot;description&quot;:&quot;&quot;,&quot;is_video&quot;:0,&quot;image_id&quot;:39799,&quot;width&quot;:2560,&quot;height&quot;:1920},{&quot;href&quot;:&quot;https:\\\/\\\/webpe.colegiomayor.cl\\\/wp-content\\\/uploads\\\/2025\\\/11\\\/WhatsApp-Image-2025-11-10-at-12.40.06-PM.jpeg&quot;,&quot;title&quot;:&quot;WhatsApp Image 2025-11-10 at 12.40.06 PM&quot;,&quot;thumbnail&quot;:&quot;https:\\\/\\\/webpe.colegiomayor.cl\\\/wp-content\\\/uploads\\\/2025\\\/11\\\/WhatsApp-Image-2025-11-10-at-12.40.06-PM-150x150.jpeg&quot;,&quot;description&quot;:&quot;&quot;,&quot;is_video&quot;:0,&quot;image_id&quot;:39800,&quot;width&quot;:1280,&quot;height&quot;:960},{&quot;href&quot;:&quot;https:\\\/\\\/webpe.colegiomayor.cl\\\/wp-content\\\/uploads\\\/2025\\\/11\\\/WhatsApp-Image-2025-11-10-at-12.40.43-PM-scaled.jpeg&quot;,&quot;title&quot;:&quot;WhatsApp Image 2025-11-10 at 12.40.43 PM&quot;,&quot;thumbnail&quot;:&quot;https:\\\/\\\/webpe.colegiomayor.cl\\\/wp-content\\\/uploads\\\/2025\\\/11\\\/WhatsApp-Image-2025-11-10-at-12.40.43-PM-scaled-150x150.jpeg&quot;,&quot;description&quot;:&quot;&quot;,&quot;is_video&quot;:0,&quot;image_id&quot;:39801,&quot;width&quot;:1920,&quot;height&quot;:2560},{&quot;href&quot;:&quot;https:\\\/\\\/webpe.colegiomayor.cl\\\/wp-content\\\/uploads\\\/2025\\\/11\\\/WhatsApp-Image-2025-11-10-at-12.41.00-PM-scaled.jpeg&quot;,&quot;title&quot;:&quot;WhatsApp Image 2025-11-10 at 12.41.00 PM&quot;,&quot;thumbnail&quot;:&quot;https:\\\/\\\/webpe.colegiomayor.cl\\\/wp-content\\\/uploads\\\/2025\\\/11\\\/WhatsApp-Image-2025-11-10-at-12.41.00-PM-scaled-150x150.jpeg&quot;,&quot;description&quot;:&quot;&quot;,&quot;is_video&quot;:0,&quot;image_id&quot;:39802,&quot;width&quot;:1920,&quot;height&quot;:2560},{&quot;href&quot;:&quot;https:\\\/\\\/webpe.colegiomayor.cl\\\/wp-content\\\/uploads\\\/2025\\\/11\\\/WhatsApp-Image-2025-11-10-at-12.41.39-PM.jpeg&quot;,&quot;title&quot;:&quot;WhatsApp Image 2025-11-10 at 12.41.39 PM&quot;,&quot;thumbnail&quot;:&quot;https:\\\/\\\/webpe.colegiomayor.cl\\\/wp-content\\\/uploads\\\/2025\\\/11\\\/WhatsApp-Image-2025-11-10-at-12.41.39-PM-150x150.jpeg&quot;,&quot;description&quot;:&quot;&quot;,&quot;is_video&quot;:0,&quot;image_id&quot;:39803,&quot;width&quot;:1200,&quot;height&quot;:1600},{&quot;href&quot;:&quot;https:\\\/\\\/webpe.colegiomayor.cl\\\/wp-content\\\/uploads\\\/2025\\\/11\\\/WhatsApp-Image-2025-11-10-at-12.43.03-PM.jpeg&quot;,&quot;title&quot;:&quot;WhatsApp Image 2025-11-10 at 12.43.03 PM&quot;,&quot;thumbnail&quot;:&quot;https:\\\/\\\/webpe.colegiomayor.cl\\\/wp-content\\\/uploads\\\/2025\\\/11\\\/WhatsApp-Image-2025-11-10-at-12.43.03-PM-150x150.jpeg&quot;,&quot;description&quot;:&quot;&quot;,&quot;is_video&quot;:0,&quot;image_id&quot;:39804,&quot;width&quot;:1600,&quot;height&quot;:900}]}\">\r\n\t\t\t<div class=\"gallery-isotope-wrapper\">\r\n\t\t\t\t<div class=\"gt3pg-isotope-item loading \" ><div class=\"isotope_item-wrapper\"><a href=\"https:\/\/webpe.colegiomayor.cl\/wp-content\/uploads\/2025\/11\/WhatsApp-Image-2025-11-10-at-12.38.43-PM-scaled.jpeg\" class=\"gt3pg-lightbox\" data-elementor-open-lightbox=\"no\"><div class=\"img-wrapper \"><img loading=\"lazy\" decoding=\"async\" width=\"768\" height=\"576\" src=\"https:\/\/webpe.colegiomayor.cl\/wp-content\/uploads\/2025\/11\/WhatsApp-Image-2025-11-10-at-12.38.43-PM-scaled.jpeg\" class=\"skip-lazy gt3-lazy-image\" alt=\"\" data-lazy-srcset=\"https:\/\/webpe.colegiomayor.cl\/wp-content\/uploads\/2025\/11\/WhatsApp-Image-2025-11-10-at-12.38.43-PM-scaled.jpeg 2560w, https:\/\/webpe.colegiomayor.cl\/wp-content\/uploads\/2025\/11\/WhatsApp-Image-2025-11-10-at-12.38.43-PM-scaled-300x225.jpeg 300w\" data-lazy-sizes=\"(max-width: 768px) 100vw, 768px\" data-lazy-src=\"https:\/\/webpe.colegiomayor.cl\/wp-content\/uploads\/2025\/11\/WhatsApp-Image-2025-11-10-at-12.38.43-PM-scaled.jpeg?is-pending-load=1\" srcset=\"data:image\/png;base64,iVBORw0KGgoAAAANSUhEUgAAAE0AAAA5CAYAAABzuqZnAAAACXBIWXMAAA7EAAAOxAGVKw4bAAAAKElEQVR42u3BMQEAAADCoPVPbQlPoAAAAAAAAAAAAAAAAAAAAAAADgZEzQABzhJDggAAAABJRU5ErkJggg==\" \/><\/div><\/a><\/div><\/div><div class=\"gt3pg-isotope-item loading \" ><div class=\"isotope_item-wrapper\"><a href=\"https:\/\/webpe.colegiomayor.cl\/wp-content\/uploads\/2025\/11\/WhatsApp-Image-2025-11-10-at-12.39.26-PM-scaled.jpeg\" class=\"gt3pg-lightbox\" data-elementor-open-lightbox=\"no\"><div class=\"img-wrapper \"><img loading=\"lazy\" decoding=\"async\" width=\"768\" height=\"576\" src=\"https:\/\/webpe.colegiomayor.cl\/wp-content\/uploads\/2025\/11\/WhatsApp-Image-2025-11-10-at-12.39.26-PM-scaled.jpeg\" class=\"skip-lazy gt3-lazy-image\" alt=\"\" data-lazy-srcset=\"https:\/\/webpe.colegiomayor.cl\/wp-content\/uploads\/2025\/11\/WhatsApp-Image-2025-11-10-at-12.39.26-PM-scaled.jpeg 2560w, https:\/\/webpe.colegiomayor.cl\/wp-content\/uploads\/2025\/11\/WhatsApp-Image-2025-11-10-at-12.39.26-PM-scaled-300x225.jpeg 300w, https:\/\/webpe.colegiomayor.cl\/wp-content\/uploads\/2025\/11\/WhatsApp-Image-2025-11-10-at-12.39.26-PM-scaled-150x113.jpeg 150w\" data-lazy-sizes=\"(max-width: 768px) 100vw, 768px\" data-lazy-src=\"https:\/\/webpe.colegiomayor.cl\/wp-content\/uploads\/2025\/11\/WhatsApp-Image-2025-11-10-at-12.39.26-PM-scaled.jpeg?is-pending-load=1\" srcset=\"data:image\/png;base64,iVBORw0KGgoAAAANSUhEUgAAAE0AAAA5CAYAAABzuqZnAAAACXBIWXMAAA7EAAAOxAGVKw4bAAAAKElEQVR42u3BMQEAAADCoPVPbQlPoAAAAAAAAAAAAAAAAAAAAAAADgZEzQABzhJDggAAAABJRU5ErkJggg==\" \/><\/div><\/a><\/div><\/div><div class=\"gt3pg-isotope-item loading \" ><div class=\"isotope_item-wrapper\"><a href=\"https:\/\/webpe.colegiomayor.cl\/wp-content\/uploads\/2025\/11\/WhatsApp-Image-2025-11-10-at-12.40.06-PM.jpeg\" class=\"gt3pg-lightbox\" data-elementor-open-lightbox=\"no\"><div class=\"img-wrapper \"><img loading=\"lazy\" decoding=\"async\" width=\"768\" height=\"576\" src=\"https:\/\/webpe.colegiomayor.cl\/wp-content\/uploads\/2025\/11\/WhatsApp-Image-2025-11-10-at-12.40.06-PM.jpeg\" class=\"skip-lazy gt3-lazy-image\" alt=\"\" data-lazy-srcset=\"https:\/\/webpe.colegiomayor.cl\/wp-content\/uploads\/2025\/11\/WhatsApp-Image-2025-11-10-at-12.40.06-PM.jpeg 1280w, https:\/\/webpe.colegiomayor.cl\/wp-content\/uploads\/2025\/11\/WhatsApp-Image-2025-11-10-at-12.40.06-PM-300x225.jpeg 300w\" data-lazy-sizes=\"(max-width: 768px) 100vw, 768px\" data-lazy-src=\"https:\/\/webpe.colegiomayor.cl\/wp-content\/uploads\/2025\/11\/WhatsApp-Image-2025-11-10-at-12.40.06-PM.jpeg?is-pending-load=1\" srcset=\"data:image\/png;base64,iVBORw0KGgoAAAANSUhEUgAAAE0AAAA5CAYAAABzuqZnAAAACXBIWXMAAA7EAAAOxAGVKw4bAAAAKElEQVR42u3BMQEAAADCoPVPbQlPoAAAAAAAAAAAAAAAAAAAAAAADgZEzQABzhJDggAAAABJRU5ErkJggg==\" \/><\/div><\/a><\/div><\/div><div class=\"gt3pg-isotope-item loading \" ><div class=\"isotope_item-wrapper\"><a href=\"https:\/\/webpe.colegiomayor.cl\/wp-content\/uploads\/2025\/11\/WhatsApp-Image-2025-11-10-at-12.40.43-PM-scaled.jpeg\" class=\"gt3pg-lightbox\" data-elementor-open-lightbox=\"no\"><div class=\"img-wrapper \"><img loading=\"lazy\" decoding=\"async\" width=\"768\" height=\"1024\" src=\"https:\/\/webpe.colegiomayor.cl\/wp-content\/uploads\/2025\/11\/WhatsApp-Image-2025-11-10-at-12.40.43-PM-scaled.jpeg\" class=\"skip-lazy gt3-lazy-image\" alt=\"\" data-lazy-srcset=\"https:\/\/webpe.colegiomayor.cl\/wp-content\/uploads\/2025\/11\/WhatsApp-Image-2025-11-10-at-12.40.43-PM-scaled.jpeg 1920w, https:\/\/webpe.colegiomayor.cl\/wp-content\/uploads\/2025\/11\/WhatsApp-Image-2025-11-10-at-12.40.43-PM-scaled-225x300.jpeg 225w, https:\/\/webpe.colegiomayor.cl\/wp-content\/uploads\/2025\/11\/WhatsApp-Image-2025-11-10-at-12.40.43-PM-scaled-768x1024.jpeg 768w\" data-lazy-sizes=\"(max-width: 768px) 100vw, 768px\" data-lazy-src=\"https:\/\/webpe.colegiomayor.cl\/wp-content\/uploads\/2025\/11\/WhatsApp-Image-2025-11-10-at-12.40.43-PM-scaled.jpeg?is-pending-load=1\" srcset=\"data:image\/png;base64,iVBORw0KGgoAAAANSUhEUgAAAE0AAABmCAYAAACOYhxFAAAACXBIWXMAAA7EAAAOxAGVKw4bAAAANUlEQVR42u3BgQAAAADDoPlTX+EAVQEAAAAAAAAAAAAAAAAAAAAAAAAAAAAAAAAAAAAAAMBrex4AARQEIPwAAAAASUVORK5CYII=\" \/><\/div><\/a><\/div><\/div><div class=\"gt3pg-isotope-item loading \" ><div class=\"isotope_item-wrapper\"><a href=\"https:\/\/webpe.colegiomayor.cl\/wp-content\/uploads\/2025\/11\/WhatsApp-Image-2025-11-10-at-12.41.00-PM-scaled.jpeg\" class=\"gt3pg-lightbox\" data-elementor-open-lightbox=\"no\"><div class=\"img-wrapper \"><img loading=\"lazy\" decoding=\"async\" width=\"768\" height=\"1024\" src=\"https:\/\/webpe.colegiomayor.cl\/wp-content\/uploads\/2025\/11\/WhatsApp-Image-2025-11-10-at-12.41.00-PM-scaled.jpeg\" class=\"skip-lazy gt3-lazy-image\" alt=\"\" data-lazy-srcset=\"https:\/\/webpe.colegiomayor.cl\/wp-content\/uploads\/2025\/11\/WhatsApp-Image-2025-11-10-at-12.41.00-PM-scaled.jpeg 1920w, https:\/\/webpe.colegiomayor.cl\/wp-content\/uploads\/2025\/11\/WhatsApp-Image-2025-11-10-at-12.41.00-PM-scaled-225x300.jpeg 225w, https:\/\/webpe.colegiomayor.cl\/wp-content\/uploads\/2025\/11\/WhatsApp-Image-2025-11-10-at-12.41.00-PM-scaled-768x1024.jpeg 768w\" data-lazy-sizes=\"(max-width: 768px) 100vw, 768px\" data-lazy-src=\"https:\/\/webpe.colegiomayor.cl\/wp-content\/uploads\/2025\/11\/WhatsApp-Image-2025-11-10-at-12.41.00-PM-scaled.jpeg?is-pending-load=1\" srcset=\"data:image\/png;base64,iVBORw0KGgoAAAANSUhEUgAAAE0AAABmCAYAAACOYhxFAAAACXBIWXMAAA7EAAAOxAGVKw4bAAAANUlEQVR42u3BgQAAAADDoPlTX+EAVQEAAAAAAAAAAAAAAAAAAAAAAAAAAAAAAAAAAAAAAMBrex4AARQEIPwAAAAASUVORK5CYII=\" \/><\/div><\/a><\/div><\/div><div class=\"gt3pg-isotope-item loading \" ><div class=\"isotope_item-wrapper\"><a href=\"https:\/\/webpe.colegiomayor.cl\/wp-content\/uploads\/2025\/11\/WhatsApp-Image-2025-11-10-at-12.41.39-PM.jpeg\" class=\"gt3pg-lightbox\" data-elementor-open-lightbox=\"no\"><div class=\"img-wrapper \"><img loading=\"lazy\" decoding=\"async\" width=\"768\" height=\"1024\" src=\"https:\/\/webpe.colegiomayor.cl\/wp-content\/uploads\/2025\/11\/WhatsApp-Image-2025-11-10-at-12.41.39-PM.jpeg\" class=\"skip-lazy gt3-lazy-image\" alt=\"\" data-lazy-srcset=\"https:\/\/webpe.colegiomayor.cl\/wp-content\/uploads\/2025\/11\/WhatsApp-Image-2025-11-10-at-12.41.39-PM.jpeg 1200w, https:\/\/webpe.colegiomayor.cl\/wp-content\/uploads\/2025\/11\/WhatsApp-Image-2025-11-10-at-12.41.39-PM-225x300.jpeg 225w, https:\/\/webpe.colegiomayor.cl\/wp-content\/uploads\/2025\/11\/WhatsApp-Image-2025-11-10-at-12.41.39-PM-768x1024.jpeg 768w\" data-lazy-sizes=\"(max-width: 768px) 100vw, 768px\" data-lazy-src=\"https:\/\/webpe.colegiomayor.cl\/wp-content\/uploads\/2025\/11\/WhatsApp-Image-2025-11-10-at-12.41.39-PM.jpeg?is-pending-load=1\" srcset=\"data:image\/png;base64,iVBORw0KGgoAAAANSUhEUgAAAE0AAABmCAYAAACOYhxFAAAACXBIWXMAAA7EAAAOxAGVKw4bAAAANUlEQVR42u3BgQAAAADDoPlTX+EAVQEAAAAAAAAAAAAAAAAAAAAAAAAAAAAAAAAAAAAAAMBrex4AARQEIPwAAAAASUVORK5CYII=\" \/><\/div><\/a><\/div><\/div><div class=\"gt3pg-isotope-item loading \" ><div class=\"isotope_item-wrapper\"><a href=\"https:\/\/webpe.colegiomayor.cl\/wp-content\/uploads\/2025\/11\/WhatsApp-Image-2025-11-10-at-12.43.03-PM.jpeg\" class=\"gt3pg-lightbox\" data-elementor-open-lightbox=\"no\"><div class=\"img-wrapper \"><img loading=\"lazy\" decoding=\"async\" width=\"768\" height=\"432\" src=\"https:\/\/webpe.colegiomayor.cl\/wp-content\/uploads\/2025\/11\/WhatsApp-Image-2025-11-10-at-12.43.03-PM.jpeg\" class=\"skip-lazy gt3-lazy-image\" alt=\"\" data-lazy-srcset=\"https:\/\/webpe.colegiomayor.cl\/wp-content\/uploads\/2025\/11\/WhatsApp-Image-2025-11-10-at-12.43.03-PM.jpeg 1600w, https:\/\/webpe.colegiomayor.cl\/wp-content\/uploads\/2025\/11\/WhatsApp-Image-2025-11-10-at-12.43.03-PM-300x169.jpeg 300w\" data-lazy-sizes=\"(max-width: 768px) 100vw, 768px\" data-lazy-src=\"https:\/\/webpe.colegiomayor.cl\/wp-content\/uploads\/2025\/11\/WhatsApp-Image-2025-11-10-at-12.43.03-PM.jpeg?is-pending-load=1\" srcset=\"data:image\/png;base64,iVBORw0KGgoAAAANSUhEUgAAAE0AAAArCAYAAAA9pAX3AAAACXBIWXMAAA7EAAAOxAGVKw4bAAAAJElEQVRo3u3BMQEAAADCoPVPbQwfoAAAAAAAAAAAAAAAAICzATPnAAGZbRrQAAAAAElFTkSuQmCC\" \/><\/div><\/a><\/div><\/div>\t\t\t<\/div>\r\n\t\t<\/div>\r\n\t\t<script type=\"application\/json\" id=\"settings--uid-b1bc2527e44835c8\">{\"lightbox\":{\"enable\":true,\"options\":{\"instance\":1}},\"id\":1,\"uid\":\"uid-b1bc2527e44835c8\",\"modules\":[\"Lightbox\"],\"lightboxArray\":[{\"href\":\"https:\\\/\\\/webpe.colegiomayor.cl\\\/wp-content\\\/uploads\\\/2025\\\/11\\\/WhatsApp-Image-2025-11-10-at-12.38.43-PM-scaled.jpeg\",\"title\":\"WhatsApp Image 2025-11-10 at 12.38.43 PM\",\"thumbnail\":\"https:\\\/\\\/webpe.colegiomayor.cl\\\/wp-content\\\/uploads\\\/2025\\\/11\\\/WhatsApp-Image-2025-11-10-at-12.38.43-PM-scaled-150x150.jpeg\",\"description\":\"\",\"is_video\":0,\"image_id\":39798,\"width\":2560,\"height\":1920},{\"href\":\"https:\\\/\\\/webpe.colegiomayor.cl\\\/wp-content\\\/uploads\\\/2025\\\/11\\\/WhatsApp-Image-2025-11-10-at-12.39.26-PM-scaled.jpeg\",\"title\":\"WhatsApp Image 2025-11-10 at 12.39.26 PM\",\"thumbnail\":\"https:\\\/\\\/webpe.colegiomayor.cl\\\/wp-content\\\/uploads\\\/2025\\\/11\\\/WhatsApp-Image-2025-11-10-at-12.39.26-PM-scaled-150x150.jpeg\",\"description\":\"\",\"is_video\":0,\"image_id\":39799,\"width\":2560,\"height\":1920},{\"href\":\"https:\\\/\\\/webpe.colegiomayor.cl\\\/wp-content\\\/uploads\\\/2025\\\/11\\\/WhatsApp-Image-2025-11-10-at-12.40.06-PM.jpeg\",\"title\":\"WhatsApp Image 2025-11-10 at 12.40.06 PM\",\"thumbnail\":\"https:\\\/\\\/webpe.colegiomayor.cl\\\/wp-content\\\/uploads\\\/2025\\\/11\\\/WhatsApp-Image-2025-11-10-at-12.40.06-PM-150x150.jpeg\",\"description\":\"\",\"is_video\":0,\"image_id\":39800,\"width\":1280,\"height\":960},{\"href\":\"https:\\\/\\\/webpe.colegiomayor.cl\\\/wp-content\\\/uploads\\\/2025\\\/11\\\/WhatsApp-Image-2025-11-10-at-12.40.43-PM-scaled.jpeg\",\"title\":\"WhatsApp Image 2025-11-10 at 12.40.43 PM\",\"thumbnail\":\"https:\\\/\\\/webpe.colegiomayor.cl\\\/wp-content\\\/uploads\\\/2025\\\/11\\\/WhatsApp-Image-2025-11-10-at-12.40.43-PM-scaled-150x150.jpeg\",\"description\":\"\",\"is_video\":0,\"image_id\":39801,\"width\":1920,\"height\":2560},{\"href\":\"https:\\\/\\\/webpe.colegiomayor.cl\\\/wp-content\\\/uploads\\\/2025\\\/11\\\/WhatsApp-Image-2025-11-10-at-12.41.00-PM-scaled.jpeg\",\"title\":\"WhatsApp Image 2025-11-10 at 12.41.00 PM\",\"thumbnail\":\"https:\\\/\\\/webpe.colegiomayor.cl\\\/wp-content\\\/uploads\\\/2025\\\/11\\\/WhatsApp-Image-2025-11-10-at-12.41.00-PM-scaled-150x150.jpeg\",\"description\":\"\",\"is_video\":0,\"image_id\":39802,\"width\":1920,\"height\":2560},{\"href\":\"https:\\\/\\\/webpe.colegiomayor.cl\\\/wp-content\\\/uploads\\\/2025\\\/11\\\/WhatsApp-Image-2025-11-10-at-12.41.39-PM.jpeg\",\"title\":\"WhatsApp Image 2025-11-10 at 12.41.39 PM\",\"thumbnail\":\"https:\\\/\\\/webpe.colegiomayor.cl\\\/wp-content\\\/uploads\\\/2025\\\/11\\\/WhatsApp-Image-2025-11-10-at-12.41.39-PM-150x150.jpeg\",\"description\":\"\",\"is_video\":0,\"image_id\":39803,\"width\":1200,\"height\":1600},{\"href\":\"https:\\\/\\\/webpe.colegiomayor.cl\\\/wp-content\\\/uploads\\\/2025\\\/11\\\/WhatsApp-Image-2025-11-10-at-12.43.03-PM.jpeg\",\"title\":\"WhatsApp Image 2025-11-10 at 12.43.03 PM\",\"thumbnail\":\"https:\\\/\\\/webpe.colegiomayor.cl\\\/wp-content\\\/uploads\\\/2025\\\/11\\\/WhatsApp-Image-2025-11-10-at-12.43.03-PM-150x150.jpeg\",\"description\":\"\",\"is_video\":0,\"image_id\":39804,\"width\":1600,\"height\":900}],\"items\":[{\"href\":\"https:\\\/\\\/webpe.colegiomayor.cl\\\/wp-content\\\/uploads\\\/2025\\\/11\\\/WhatsApp-Image-2025-11-10-at-12.38.43-PM-scaled.jpeg\",\"title\":\"WhatsApp Image 2025-11-10 at 12.38.43 PM\",\"thumbnail\":\"https:\\\/\\\/webpe.colegiomayor.cl\\\/wp-content\\\/uploads\\\/2025\\\/11\\\/WhatsApp-Image-2025-11-10-at-12.38.43-PM-scaled-150x150.jpeg\",\"description\":\"\",\"is_video\":0,\"image_id\":39798,\"width\":2560,\"height\":1920},{\"href\":\"https:\\\/\\\/webpe.colegiomayor.cl\\\/wp-content\\\/uploads\\\/2025\\\/11\\\/WhatsApp-Image-2025-11-10-at-12.39.26-PM-scaled.jpeg\",\"title\":\"WhatsApp Image 2025-11-10 at 12.39.26 PM\",\"thumbnail\":\"https:\\\/\\\/webpe.colegiomayor.cl\\\/wp-content\\\/uploads\\\/2025\\\/11\\\/WhatsApp-Image-2025-11-10-at-12.39.26-PM-scaled-150x150.jpeg\",\"description\":\"\",\"is_video\":0,\"image_id\":39799,\"width\":2560,\"height\":1920},{\"href\":\"https:\\\/\\\/webpe.colegiomayor.cl\\\/wp-content\\\/uploads\\\/2025\\\/11\\\/WhatsApp-Image-2025-11-10-at-12.40.06-PM.jpeg\",\"title\":\"WhatsApp Image 2025-11-10 at 12.40.06 PM\",\"thumbnail\":\"https:\\\/\\\/webpe.colegiomayor.cl\\\/wp-content\\\/uploads\\\/2025\\\/11\\\/WhatsApp-Image-2025-11-10-at-12.40.06-PM-150x150.jpeg\",\"description\":\"\",\"is_video\":0,\"image_id\":39800,\"width\":1280,\"height\":960},{\"href\":\"https:\\\/\\\/webpe.colegiomayor.cl\\\/wp-content\\\/uploads\\\/2025\\\/11\\\/WhatsApp-Image-2025-11-10-at-12.40.43-PM-scaled.jpeg\",\"title\":\"WhatsApp Image 2025-11-10 at 12.40.43 PM\",\"thumbnail\":\"https:\\\/\\\/webpe.colegiomayor.cl\\\/wp-content\\\/uploads\\\/2025\\\/11\\\/WhatsApp-Image-2025-11-10-at-12.40.43-PM-scaled-150x150.jpeg\",\"description\":\"\",\"is_video\":0,\"image_id\":39801,\"width\":1920,\"height\":2560},{\"href\":\"https:\\\/\\\/webpe.colegiomayor.cl\\\/wp-content\\\/uploads\\\/2025\\\/11\\\/WhatsApp-Image-2025-11-10-at-12.41.00-PM-scaled.jpeg\",\"title\":\"WhatsApp Image 2025-11-10 at 12.41.00 PM\",\"thumbnail\":\"https:\\\/\\\/webpe.colegiomayor.cl\\\/wp-content\\\/uploads\\\/2025\\\/11\\\/WhatsApp-Image-2025-11-10-at-12.41.00-PM-scaled-150x150.jpeg\",\"description\":\"\",\"is_video\":0,\"image_id\":39802,\"width\":1920,\"height\":2560},{\"href\":\"https:\\\/\\\/webpe.colegiomayor.cl\\\/wp-content\\\/uploads\\\/2025\\\/11\\\/WhatsApp-Image-2025-11-10-at-12.41.39-PM.jpeg\",\"title\":\"WhatsApp Image 2025-11-10 at 12.41.39 PM\",\"thumbnail\":\"https:\\\/\\\/webpe.colegiomayor.cl\\\/wp-content\\\/uploads\\\/2025\\\/11\\\/WhatsApp-Image-2025-11-10-at-12.41.39-PM-150x150.jpeg\",\"description\":\"\",\"is_video\":0,\"image_id\":39803,\"width\":1200,\"height\":1600},{\"href\":\"https:\\\/\\\/webpe.colegiomayor.cl\\\/wp-content\\\/uploads\\\/2025\\\/11\\\/WhatsApp-Image-2025-11-10-at-12.43.03-PM.jpeg\",\"title\":\"WhatsApp Image 2025-11-10 at 12.43.03 PM\",\"thumbnail\":\"https:\\\/\\\/webpe.colegiomayor.cl\\\/wp-content\\\/uploads\\\/2025\\\/11\\\/WhatsApp-Image-2025-11-10-at-12.43.03-PM-150x150.jpeg\",\"description\":\"\",\"is_video\":0,\"image_id\":39804,\"width\":1600,\"height\":900}]}<\/script>\r\n\t\t<\/div>","protected":false},"excerpt":{"rendered":"<p>El pasado s\u00e1bado 8 de noviembre, en la ciudad de Vi\u00f1a del Mar, la Selecci\u00f3n de Cheerleaders del Colegio Mayor de Pe\u00f1alol\u00e9n volvi\u00f3 a demostrar su excelencia y alto nivel competitivo en el campeonato THE MINNORS CSChile 2025, una de las competencias m\u00e1s destacadas del&nbsp;<a href=\"https:\/\/webpe.colegiomayor.cl\/?p=39797\">&hellip;<\/a><\/p>\n","protected":false},"author":11,"featured_media":39799,"comment_status":"closed","ping_status":"closed","sticky":false,"template":"","format":"standard","meta":{"content-type":"","footnotes":""},"categories":[23,24,25,1],"tags":[207,180,130,208,209,206],"class_list":["post-39797","post","type-post","status-publish","format-standard","has-post-thumbnail","hentry","category-actualidad","category-comunicaciones","category-deportes","category-categoria-3","tag-campeonato-the-minnors-cschile-2025","tag-cheerleading","tag-colegio-mayor-penalolen","tag-deportes-escolares","tag-eventos-deportivos-vina-del-mar","tag-seleccion-de-cheerleaders","odd"],"rttpg_featured_image_url":{"full":["https:\/\/webpe.colegiomayor.cl\/wp-content\/uploads\/2025\/11\/WhatsApp-Image-2025-11-10-at-12.39.26-PM-scaled.jpeg",2560,1920,false],"landscape":["https:\/\/webpe.colegiomayor.cl\/wp-content\/uploads\/2025\/11\/WhatsApp-Image-2025-11-10-at-12.39.26-PM-scaled.jpeg",2560,1920,false],"portraits":["https:\/\/webpe.colegiomayor.cl\/wp-content\/uploads\/2025\/11\/WhatsApp-Image-2025-11-10-at-12.39.26-PM-scaled.jpeg",2560,1920,false],"thumbnail":["https:\/\/webpe.colegiomayor.cl\/wp-content\/uploads\/2025\/11\/WhatsApp-Image-2025-11-10-at-12.39.26-PM-scaled-150x150.jpeg",150,150,true],"medium":["https:\/\/webpe.colegiomayor.cl\/wp-content\/uploads\/2025\/11\/WhatsApp-Image-2025-11-10-at-12.39.26-PM-scaled-300x225.jpeg",300,225,true],"large":["https:\/\/webpe.colegiomayor.cl\/wp-content\/uploads\/2025\/11\/WhatsApp-Image-2025-11-10-at-12.39.26-PM-scaled-1024x768.jpeg",1024,768,true],"1536x1536":["https:\/\/webpe.colegiomayor.cl\/wp-content\/uploads\/2025\/11\/WhatsApp-Image-2025-11-10-at-12.39.26-PM-scaled-1536x1152.jpeg",1536,1152,true],"2048x2048":["https:\/\/webpe.colegiomayor.cl\/wp-content\/uploads\/2025\/11\/WhatsApp-Image-2025-11-10-at-12.39.26-PM-scaled-2048x1536.jpeg",2048,1536,true],"post-thumbnail":["https:\/\/webpe.colegiomayor.cl\/wp-content\/uploads\/2025\/11\/WhatsApp-Image-2025-11-10-at-12.39.26-PM-scaled-150x113.jpeg",150,113,true],"ed-school-featured-image":["https:\/\/webpe.colegiomayor.cl\/wp-content\/uploads\/2025\/11\/WhatsApp-Image-2025-11-10-at-12.39.26-PM-scaled-990x500.jpeg",990,500,true],"ed-school-medium":["https:\/\/webpe.colegiomayor.cl\/wp-content\/uploads\/2025\/11\/WhatsApp-Image-2025-11-10-at-12.39.26-PM-scaled-768x510.jpeg",768,510,true],"ed-school-medium-alt":["https:\/\/webpe.colegiomayor.cl\/wp-content\/uploads\/2025\/11\/WhatsApp-Image-2025-11-10-at-12.39.26-PM-scaled-768x410.jpeg",768,410,true],"ed-school-square":["https:\/\/webpe.colegiomayor.cl\/wp-content\/uploads\/2025\/11\/WhatsApp-Image-2025-11-10-at-12.39.26-PM-scaled-768x768.jpeg",768,768,true],"ed-school-square-small":["https:\/\/webpe.colegiomayor.cl\/wp-content\/uploads\/2025\/11\/WhatsApp-Image-2025-11-10-at-12.39.26-PM-scaled-420x420.jpeg",420,420,true]},"rttpg_author":{"display_name":"Francisco Arriagada","author_link":"https:\/\/webpe.colegiomayor.cl\/?author=11"},"rttpg_comment":0,"rttpg_category":"<a href=\"https:\/\/webpe.colegiomayor.cl\/?cat=23\" rel=\"category\">COLEGIO<\/a> <a href=\"https:\/\/webpe.colegiomayor.cl\/?cat=24\" rel=\"category\">COMUNICACIONES<\/a> <a href=\"https:\/\/webpe.colegiomayor.cl\/?cat=25\" rel=\"category\">DEPORTES<\/a> <a href=\"https:\/\/webpe.colegiomayor.cl\/?cat=1\" rel=\"category\">NOTICIAS<\/a>","rttpg_excerpt":"El pasado s\u00e1bado 8 de noviembre, en la ciudad de Vi\u00f1a del Mar, la Selecci\u00f3n de Cheerleaders del Colegio Mayor de Pe\u00f1alol\u00e9n volvi\u00f3 a demostrar su excelencia y alto nivel competitivo en el campeonato THE MINNORS CSChile 2025, una de las competencias m\u00e1s destacadas del&nbsp;&hellip;","_links":{"self":[{"href":"https:\/\/webpe.colegiomayor.cl\/index.php?rest_route=\/wp\/v2\/posts\/39797","targetHints":{"allow":["GET"]}}],"collection":[{"href":"https:\/\/webpe.colegiomayor.cl\/index.php?rest_route=\/wp\/v2\/posts"}],"about":[{"href":"https:\/\/webpe.colegiomayor.cl\/index.php?rest_route=\/wp\/v2\/types\/post"}],"author":[{"embeddable":true,"href":"https:\/\/webpe.colegiomayor.cl\/index.php?rest_route=\/wp\/v2\/users\/11"}],"replies":[{"embeddable":true,"href":"https:\/\/webpe.colegiomayor.cl\/index.php?rest_route=%2Fwp%2Fv2%2Fcomments&post=39797"}],"version-history":[{"count":1,"href":"https:\/\/webpe.colegiomayor.cl\/index.php?rest_route=\/wp\/v2\/posts\/39797\/revisions"}],"predecessor-version":[{"id":39805,"href":"https:\/\/webpe.colegiomayor.cl\/index.php?rest_route=\/wp\/v2\/posts\/39797\/revisions\/39805"}],"wp:featuredmedia":[{"embeddable":true,"href":"https:\/\/webpe.colegiomayor.cl\/index.php?rest_route=\/wp\/v2\/media\/39799"}],"wp:attachment":[{"href":"https:\/\/webpe.colegiomayor.cl\/index.php?rest_route=%2Fwp%2Fv2%2Fmedia&parent=39797"}],"wp:term":[{"taxonomy":"category","embeddable":true,"href":"https:\/\/webpe.colegiomayor.cl\/index.php?rest_route=%2Fwp%2Fv2%2Fcategories&post=39797"},{"taxonomy":"post_tag","embeddable":true,"href":"https:\/\/webpe.colegiomayor.cl\/index.php?rest_route=%2Fwp%2Fv2%2Ftags&post=39797"}],"curies":[{"name":"wp","href":"https:\/\/api.w.org\/{rel}","templated":true}]}}