{"id":39791,"date":"2025-11-10T13:09:16","date_gmt":"2025-11-10T16:09:16","guid":{"rendered":"https:\/\/webpe.colegiomayor.cl\/?p=39791"},"modified":"2025-11-10T13:09:16","modified_gmt":"2025-11-10T16:09:16","slug":"el-colegio-mayor-penalolen-se-lucio-en-el-podio-del-new-balance-finals-2025","status":"publish","type":"post","link":"https:\/\/webpe.colegiomayor.cl\/?p=39791","title":{"rendered":"El Colegio Mayor Pe\u00f1alol\u00e9n se luci\u00f3 en el podio del New Balance Finals 2025"},"content":{"rendered":"\n<p>El Colegio Mayor de Pe\u00f1alol\u00e9n tuvo una destacada participaci\u00f3n en la octava versi\u00f3n del New Balance Finals, realizada el viernes 7 de noviembre en la pista atl\u00e9tica de San Carlos de Apoquindo. El certamen reuni\u00f3 a atletas de alto nivel provenientes de distintos pa\u00edses de Latinoam\u00e9rica.<\/p>\n\n\n\n<p>Las representantes del colegio brillaron entre las mejores. Emilia Belmar obtuvo el segundo lugar en los 80 metros vallas, categor\u00eda intermedia, mientras que Sof\u00eda Avil\u00e9s se qued\u00f3 con el tercer lugar en el lanzamiento del disco, categor\u00eda superior.<\/p>\n\n\n\n<p>Tambi\u00e9n sobresalieron otros deportistas del Mayor: Constanza Figueroa logr\u00f3 el cuarto puesto en el lanzamiento del disco (categor\u00eda intermedia), Florencia Badilla finaliz\u00f3 quinta en salto largo (categor\u00eda superior), y el relevo infantil varones \u2014integrado por Agust\u00edn Bustamante, Facundo Torres, Gabriel Cortez, Jos\u00e9 Tom\u00e1s Amar y Marcelo Meneses\u2014 alcanz\u00f3 el octavo lugar, estableciendo adem\u00e1s un nuevo r\u00e9cord institucional con un tiempo de 49 segundos y 65 cent\u00e9simas.<\/p>\n\n\n\n<p>El segundo r\u00e9cord para la instituci\u00f3n lleg\u00f3 gracias a la atleta Montserrat Flores, quien complet\u00f3 los 800 metros planos categor\u00eda intermedia en 2 minutos, 33 segundos y 56 cent\u00e9simas.<\/p>\n\n\n\n<p>El equipo de atletismo del Colegio Mayor cerr\u00f3 su participaci\u00f3n con orgullo y emoci\u00f3n, dejando en alto el esp\u00edritu competitivo y el compa\u00f1erismo que caracteriza a sus deportistas.<\/p>\n\n\n\n<p>\u201cA seguir en la senda del alto vuelo, proyectando a este maravilloso equipo.\u201d<\/p>\n\n\n<style>.uid-e7e7f24d891d7552  .gt3pg-isotope-item {\n\tpadding-right: 20px;\n\tpadding-bottom: 20px;\n}\n.uid-e7e7f24d891d7552  .gallery-isotope-wrapper {\n\tmargin-right: -20px;\n\tmargin-bottom: -20px;\n}\n<\/style><div id=\"uid-e7e7f24d891d7552\" data-gt3pg-block=\"masonry\" data-index=\"1\" class=\"gt3-photo-gallery-pro--isotope_gallery uid-e7e7f24d891d7552 gt3pg-pro--wrapper gt3pg-pro--masonry \">\t\t<div data-cols=\"3\" data-cols-tablet=\"3\" data-cols-mobile=\"2\" class=\"gt3pg-isotope-gallery columns-3 hover-default gallery-masonry corner-standard\" data-settings=\"{&quot;lightbox&quot;:{&quot;enable&quot;:true,&quot;options&quot;:{&quot;instance&quot;:1}},&quot;id&quot;:1,&quot;uid&quot;:&quot;uid-e7e7f24d891d7552&quot;,&quot;modules&quot;:[&quot;Lightbox&quot;],&quot;lightboxArray&quot;:[{&quot;href&quot;:&quot;https:\\\/\\\/webpe.colegiomayor.cl\\\/wp-content\\\/uploads\\\/2025\\\/11\\\/WhatsApp-Image-2025-11-07-at-4.06.01-PM.jpeg&quot;,&quot;title&quot;:&quot;WhatsApp Image 2025-11-07 at 4.06.01 PM&quot;,&quot;thumbnail&quot;:&quot;https:\\\/\\\/webpe.colegiomayor.cl\\\/wp-content\\\/uploads\\\/2025\\\/11\\\/WhatsApp-Image-2025-11-07-at-4.06.01-PM-150x150.jpeg&quot;,&quot;description&quot;:&quot;&quot;,&quot;is_video&quot;:0,&quot;image_id&quot;:39792,&quot;width&quot;:1327,&quot;height&quot;:1600},{&quot;href&quot;:&quot;https:\\\/\\\/webpe.colegiomayor.cl\\\/wp-content\\\/uploads\\\/2025\\\/11\\\/WhatsApp-Image-2025-11-07-at-11.03.38-PM.jpeg&quot;,&quot;title&quot;:&quot;WhatsApp Image 2025-11-07 at 11.03.38 PM&quot;,&quot;thumbnail&quot;:&quot;https:\\\/\\\/webpe.colegiomayor.cl\\\/wp-content\\\/uploads\\\/2025\\\/11\\\/WhatsApp-Image-2025-11-07-at-11.03.38-PM-150x150.jpeg&quot;,&quot;description&quot;:&quot;&quot;,&quot;is_video&quot;:0,&quot;image_id&quot;:39793,&quot;width&quot;:1280,&quot;height&quot;:960},{&quot;href&quot;:&quot;https:\\\/\\\/webpe.colegiomayor.cl\\\/wp-content\\\/uploads\\\/2025\\\/11\\\/WhatsApp-Image-2025-11-10-at-12.02.56-PM.jpeg&quot;,&quot;title&quot;:&quot;WhatsApp Image 2025-11-10 at 12.02.56 PM&quot;,&quot;thumbnail&quot;:&quot;https:\\\/\\\/webpe.colegiomayor.cl\\\/wp-content\\\/uploads\\\/2025\\\/11\\\/WhatsApp-Image-2025-11-10-at-12.02.56-PM-150x150.jpeg&quot;,&quot;description&quot;:&quot;&quot;,&quot;is_video&quot;:0,&quot;image_id&quot;:39794,&quot;width&quot;:496,&quot;height&quot;:372},{&quot;href&quot;:&quot;https:\\\/\\\/webpe.colegiomayor.cl\\\/wp-content\\\/uploads\\\/2025\\\/11\\\/WhatsApp-Image-2025-11-10-at-12.02.57-PM.jpeg&quot;,&quot;title&quot;:&quot;WhatsApp Image 2025-11-10 at 12.02.57 PM&quot;,&quot;thumbnail&quot;:&quot;https:\\\/\\\/webpe.colegiomayor.cl\\\/wp-content\\\/uploads\\\/2025\\\/11\\\/WhatsApp-Image-2025-11-10-at-12.02.57-PM-150x150.jpeg&quot;,&quot;description&quot;:&quot;&quot;,&quot;is_video&quot;:0,&quot;image_id&quot;:39795,&quot;width&quot;:409,&quot;height&quot;:545}],&quot;items&quot;:[{&quot;href&quot;:&quot;https:\\\/\\\/webpe.colegiomayor.cl\\\/wp-content\\\/uploads\\\/2025\\\/11\\\/WhatsApp-Image-2025-11-07-at-4.06.01-PM.jpeg&quot;,&quot;title&quot;:&quot;WhatsApp Image 2025-11-07 at 4.06.01 PM&quot;,&quot;thumbnail&quot;:&quot;https:\\\/\\\/webpe.colegiomayor.cl\\\/wp-content\\\/uploads\\\/2025\\\/11\\\/WhatsApp-Image-2025-11-07-at-4.06.01-PM-150x150.jpeg&quot;,&quot;description&quot;:&quot;&quot;,&quot;is_video&quot;:0,&quot;image_id&quot;:39792,&quot;width&quot;:1327,&quot;height&quot;:1600},{&quot;href&quot;:&quot;https:\\\/\\\/webpe.colegiomayor.cl\\\/wp-content\\\/uploads\\\/2025\\\/11\\\/WhatsApp-Image-2025-11-07-at-11.03.38-PM.jpeg&quot;,&quot;title&quot;:&quot;WhatsApp Image 2025-11-07 at 11.03.38 PM&quot;,&quot;thumbnail&quot;:&quot;https:\\\/\\\/webpe.colegiomayor.cl\\\/wp-content\\\/uploads\\\/2025\\\/11\\\/WhatsApp-Image-2025-11-07-at-11.03.38-PM-150x150.jpeg&quot;,&quot;description&quot;:&quot;&quot;,&quot;is_video&quot;:0,&quot;image_id&quot;:39793,&quot;width&quot;:1280,&quot;height&quot;:960},{&quot;href&quot;:&quot;https:\\\/\\\/webpe.colegiomayor.cl\\\/wp-content\\\/uploads\\\/2025\\\/11\\\/WhatsApp-Image-2025-11-10-at-12.02.56-PM.jpeg&quot;,&quot;title&quot;:&quot;WhatsApp Image 2025-11-10 at 12.02.56 PM&quot;,&quot;thumbnail&quot;:&quot;https:\\\/\\\/webpe.colegiomayor.cl\\\/wp-content\\\/uploads\\\/2025\\\/11\\\/WhatsApp-Image-2025-11-10-at-12.02.56-PM-150x150.jpeg&quot;,&quot;description&quot;:&quot;&quot;,&quot;is_video&quot;:0,&quot;image_id&quot;:39794,&quot;width&quot;:496,&quot;height&quot;:372},{&quot;href&quot;:&quot;https:\\\/\\\/webpe.colegiomayor.cl\\\/wp-content\\\/uploads\\\/2025\\\/11\\\/WhatsApp-Image-2025-11-10-at-12.02.57-PM.jpeg&quot;,&quot;title&quot;:&quot;WhatsApp Image 2025-11-10 at 12.02.57 PM&quot;,&quot;thumbnail&quot;:&quot;https:\\\/\\\/webpe.colegiomayor.cl\\\/wp-content\\\/uploads\\\/2025\\\/11\\\/WhatsApp-Image-2025-11-10-at-12.02.57-PM-150x150.jpeg&quot;,&quot;description&quot;:&quot;&quot;,&quot;is_video&quot;:0,&quot;image_id&quot;:39795,&quot;width&quot;:409,&quot;height&quot;:545}]}\">\r\n\t\t\t<div class=\"gallery-isotope-wrapper\">\r\n\t\t\t\t<div class=\"gt3pg-isotope-item loading \" ><div class=\"isotope_item-wrapper\"><a href=\"https:\/\/webpe.colegiomayor.cl\/wp-content\/uploads\/2025\/11\/WhatsApp-Image-2025-11-07-at-4.06.01-PM.jpeg\" class=\"gt3pg-lightbox\" data-elementor-open-lightbox=\"no\"><div class=\"img-wrapper \"><img loading=\"lazy\" decoding=\"async\" width=\"768\" height=\"926\" src=\"https:\/\/webpe.colegiomayor.cl\/wp-content\/uploads\/2025\/11\/WhatsApp-Image-2025-11-07-at-4.06.01-PM.jpeg\" class=\"skip-lazy gt3-lazy-image\" alt=\"\" data-lazy-srcset=\"https:\/\/webpe.colegiomayor.cl\/wp-content\/uploads\/2025\/11\/WhatsApp-Image-2025-11-07-at-4.06.01-PM.jpeg 1327w, https:\/\/webpe.colegiomayor.cl\/wp-content\/uploads\/2025\/11\/WhatsApp-Image-2025-11-07-at-4.06.01-PM-249x300.jpeg 249w\" data-lazy-sizes=\"(max-width: 768px) 100vw, 768px\" data-lazy-src=\"https:\/\/webpe.colegiomayor.cl\/wp-content\/uploads\/2025\/11\/WhatsApp-Image-2025-11-07-at-4.06.01-PM.jpeg?is-pending-load=1\" srcset=\"data:image\/png;base64,iVBORw0KGgoAAAANSUhEUgAAAE0AAABcCAYAAAArgziOAAAACXBIWXMAAA7EAAAOxAGVKw4bAAAAMklEQVR42u3BMQEAAADCoPVPbQZ\/oAAAAAAAAAAAAAAAAAAAAAAAAAAAAAAAAAAAAOAzbwwAAZRypFAAAAAASUVORK5CYII=\" \/><\/div><\/a><\/div><\/div><div class=\"gt3pg-isotope-item loading \" ><div class=\"isotope_item-wrapper\"><a href=\"https:\/\/webpe.colegiomayor.cl\/wp-content\/uploads\/2025\/11\/WhatsApp-Image-2025-11-07-at-11.03.38-PM.jpeg\" class=\"gt3pg-lightbox\" data-elementor-open-lightbox=\"no\"><div class=\"img-wrapper \"><img loading=\"lazy\" decoding=\"async\" width=\"768\" height=\"576\" src=\"https:\/\/webpe.colegiomayor.cl\/wp-content\/uploads\/2025\/11\/WhatsApp-Image-2025-11-07-at-11.03.38-PM.jpeg\" class=\"skip-lazy gt3-lazy-image\" alt=\"\" data-lazy-srcset=\"https:\/\/webpe.colegiomayor.cl\/wp-content\/uploads\/2025\/11\/WhatsApp-Image-2025-11-07-at-11.03.38-PM.jpeg 1280w, https:\/\/webpe.colegiomayor.cl\/wp-content\/uploads\/2025\/11\/WhatsApp-Image-2025-11-07-at-11.03.38-PM-300x225.jpeg 300w\" data-lazy-sizes=\"(max-width: 768px) 100vw, 768px\" data-lazy-src=\"https:\/\/webpe.colegiomayor.cl\/wp-content\/uploads\/2025\/11\/WhatsApp-Image-2025-11-07-at-11.03.38-PM.jpeg?is-pending-load=1\" srcset=\"data:image\/png;base64,iVBORw0KGgoAAAANSUhEUgAAAE0AAAA5CAYAAABzuqZnAAAACXBIWXMAAA7EAAAOxAGVKw4bAAAAKElEQVR42u3BMQEAAADCoPVPbQlPoAAAAAAAAAAAAAAAAAAAAAAADgZEzQABzhJDggAAAABJRU5ErkJggg==\" \/><\/div><\/a><\/div><\/div><div class=\"gt3pg-isotope-item loading \" ><div class=\"isotope_item-wrapper\"><a href=\"https:\/\/webpe.colegiomayor.cl\/wp-content\/uploads\/2025\/11\/WhatsApp-Image-2025-11-10-at-12.02.56-PM.jpeg\" class=\"gt3pg-lightbox\" data-elementor-open-lightbox=\"no\"><div class=\"img-wrapper \"><img loading=\"lazy\" decoding=\"async\" width=\"496\" height=\"372\" src=\"https:\/\/webpe.colegiomayor.cl\/wp-content\/uploads\/2025\/11\/WhatsApp-Image-2025-11-10-at-12.02.56-PM.jpeg\" class=\"skip-lazy gt3-lazy-image\" alt=\"\" data-lazy-srcset=\"https:\/\/webpe.colegiomayor.cl\/wp-content\/uploads\/2025\/11\/WhatsApp-Image-2025-11-10-at-12.02.56-PM.jpeg 496w, https:\/\/webpe.colegiomayor.cl\/wp-content\/uploads\/2025\/11\/WhatsApp-Image-2025-11-10-at-12.02.56-PM-300x225.jpeg 300w, https:\/\/webpe.colegiomayor.cl\/wp-content\/uploads\/2025\/11\/WhatsApp-Image-2025-11-10-at-12.02.56-PM-150x113.jpeg 150w\" data-lazy-sizes=\"(max-width: 496px) 100vw, 496px\" data-lazy-src=\"https:\/\/webpe.colegiomayor.cl\/wp-content\/uploads\/2025\/11\/WhatsApp-Image-2025-11-10-at-12.02.56-PM.jpeg?is-pending-load=1\" srcset=\"data:image\/png;base64,iVBORw0KGgoAAAANSUhEUgAAADIAAAAlCAYAAAAA7LqSAAAACXBIWXMAAA7EAAAOxAGVKw4bAAAAHklEQVRYw+3BAQ0AAADCoPdPbQ8HFAAAAAAAAMChAR0NAAE499W6AAAAAElFTkSuQmCC\" \/><\/div><\/a><\/div><\/div><div class=\"gt3pg-isotope-item loading \" ><div class=\"isotope_item-wrapper\"><a href=\"https:\/\/webpe.colegiomayor.cl\/wp-content\/uploads\/2025\/11\/WhatsApp-Image-2025-11-10-at-12.02.57-PM.jpeg\" class=\"gt3pg-lightbox\" data-elementor-open-lightbox=\"no\"><div class=\"img-wrapper \"><img loading=\"lazy\" decoding=\"async\" width=\"409\" height=\"545\" src=\"https:\/\/webpe.colegiomayor.cl\/wp-content\/uploads\/2025\/11\/WhatsApp-Image-2025-11-10-at-12.02.57-PM.jpeg\" class=\"skip-lazy gt3-lazy-image\" alt=\"\" data-lazy-srcset=\"https:\/\/webpe.colegiomayor.cl\/wp-content\/uploads\/2025\/11\/WhatsApp-Image-2025-11-10-at-12.02.57-PM.jpeg 409w, https:\/\/webpe.colegiomayor.cl\/wp-content\/uploads\/2025\/11\/WhatsApp-Image-2025-11-10-at-12.02.57-PM-225x300.jpeg 225w\" data-lazy-sizes=\"(max-width: 409px) 100vw, 409px\" data-lazy-src=\"https:\/\/webpe.colegiomayor.cl\/wp-content\/uploads\/2025\/11\/WhatsApp-Image-2025-11-10-at-12.02.57-PM.jpeg?is-pending-load=1\" srcset=\"data:image\/png;base64,iVBORw0KGgoAAAANSUhEUgAAACkAAAA2CAYAAABa4LC4AAAACXBIWXMAAA7EAAAOxAGVKw4bAAAAIElEQVRo3u3BMQEAAADCoPVPbQ0PoAAAAAAAAAAA4MUAIs4AAUiq4kwAAAAASUVORK5CYII=\" \/><\/div><\/a><\/div><\/div>\t\t\t<\/div>\r\n\t\t<\/div>\r\n\t\t<script type=\"application\/json\" id=\"settings--uid-e7e7f24d891d7552\">{\"lightbox\":{\"enable\":true,\"options\":{\"instance\":1}},\"id\":1,\"uid\":\"uid-e7e7f24d891d7552\",\"modules\":[\"Lightbox\"],\"lightboxArray\":[{\"href\":\"https:\\\/\\\/webpe.colegiomayor.cl\\\/wp-content\\\/uploads\\\/2025\\\/11\\\/WhatsApp-Image-2025-11-07-at-4.06.01-PM.jpeg\",\"title\":\"WhatsApp Image 2025-11-07 at 4.06.01 PM\",\"thumbnail\":\"https:\\\/\\\/webpe.colegiomayor.cl\\\/wp-content\\\/uploads\\\/2025\\\/11\\\/WhatsApp-Image-2025-11-07-at-4.06.01-PM-150x150.jpeg\",\"description\":\"\",\"is_video\":0,\"image_id\":39792,\"width\":1327,\"height\":1600},{\"href\":\"https:\\\/\\\/webpe.colegiomayor.cl\\\/wp-content\\\/uploads\\\/2025\\\/11\\\/WhatsApp-Image-2025-11-07-at-11.03.38-PM.jpeg\",\"title\":\"WhatsApp Image 2025-11-07 at 11.03.38 PM\",\"thumbnail\":\"https:\\\/\\\/webpe.colegiomayor.cl\\\/wp-content\\\/uploads\\\/2025\\\/11\\\/WhatsApp-Image-2025-11-07-at-11.03.38-PM-150x150.jpeg\",\"description\":\"\",\"is_video\":0,\"image_id\":39793,\"width\":1280,\"height\":960},{\"href\":\"https:\\\/\\\/webpe.colegiomayor.cl\\\/wp-content\\\/uploads\\\/2025\\\/11\\\/WhatsApp-Image-2025-11-10-at-12.02.56-PM.jpeg\",\"title\":\"WhatsApp Image 2025-11-10 at 12.02.56 PM\",\"thumbnail\":\"https:\\\/\\\/webpe.colegiomayor.cl\\\/wp-content\\\/uploads\\\/2025\\\/11\\\/WhatsApp-Image-2025-11-10-at-12.02.56-PM-150x150.jpeg\",\"description\":\"\",\"is_video\":0,\"image_id\":39794,\"width\":496,\"height\":372},{\"href\":\"https:\\\/\\\/webpe.colegiomayor.cl\\\/wp-content\\\/uploads\\\/2025\\\/11\\\/WhatsApp-Image-2025-11-10-at-12.02.57-PM.jpeg\",\"title\":\"WhatsApp Image 2025-11-10 at 12.02.57 PM\",\"thumbnail\":\"https:\\\/\\\/webpe.colegiomayor.cl\\\/wp-content\\\/uploads\\\/2025\\\/11\\\/WhatsApp-Image-2025-11-10-at-12.02.57-PM-150x150.jpeg\",\"description\":\"\",\"is_video\":0,\"image_id\":39795,\"width\":409,\"height\":545}],\"items\":[{\"href\":\"https:\\\/\\\/webpe.colegiomayor.cl\\\/wp-content\\\/uploads\\\/2025\\\/11\\\/WhatsApp-Image-2025-11-07-at-4.06.01-PM.jpeg\",\"title\":\"WhatsApp Image 2025-11-07 at 4.06.01 PM\",\"thumbnail\":\"https:\\\/\\\/webpe.colegiomayor.cl\\\/wp-content\\\/uploads\\\/2025\\\/11\\\/WhatsApp-Image-2025-11-07-at-4.06.01-PM-150x150.jpeg\",\"description\":\"\",\"is_video\":0,\"image_id\":39792,\"width\":1327,\"height\":1600},{\"href\":\"https:\\\/\\\/webpe.colegiomayor.cl\\\/wp-content\\\/uploads\\\/2025\\\/11\\\/WhatsApp-Image-2025-11-07-at-11.03.38-PM.jpeg\",\"title\":\"WhatsApp Image 2025-11-07 at 11.03.38 PM\",\"thumbnail\":\"https:\\\/\\\/webpe.colegiomayor.cl\\\/wp-content\\\/uploads\\\/2025\\\/11\\\/WhatsApp-Image-2025-11-07-at-11.03.38-PM-150x150.jpeg\",\"description\":\"\",\"is_video\":0,\"image_id\":39793,\"width\":1280,\"height\":960},{\"href\":\"https:\\\/\\\/webpe.colegiomayor.cl\\\/wp-content\\\/uploads\\\/2025\\\/11\\\/WhatsApp-Image-2025-11-10-at-12.02.56-PM.jpeg\",\"title\":\"WhatsApp Image 2025-11-10 at 12.02.56 PM\",\"thumbnail\":\"https:\\\/\\\/webpe.colegiomayor.cl\\\/wp-content\\\/uploads\\\/2025\\\/11\\\/WhatsApp-Image-2025-11-10-at-12.02.56-PM-150x150.jpeg\",\"description\":\"\",\"is_video\":0,\"image_id\":39794,\"width\":496,\"height\":372},{\"href\":\"https:\\\/\\\/webpe.colegiomayor.cl\\\/wp-content\\\/uploads\\\/2025\\\/11\\\/WhatsApp-Image-2025-11-10-at-12.02.57-PM.jpeg\",\"title\":\"WhatsApp Image 2025-11-10 at 12.02.57 PM\",\"thumbnail\":\"https:\\\/\\\/webpe.colegiomayor.cl\\\/wp-content\\\/uploads\\\/2025\\\/11\\\/WhatsApp-Image-2025-11-10-at-12.02.57-PM-150x150.jpeg\",\"description\":\"\",\"is_video\":0,\"image_id\":39795,\"width\":409,\"height\":545}]}<\/script>\r\n\t\t<\/div>","protected":false},"excerpt":{"rendered":"<p>El Colegio Mayor de Pe\u00f1alol\u00e9n tuvo una destacada participaci\u00f3n en la octava versi\u00f3n del New Balance Finals, realizada el viernes 7 de noviembre en la pista atl\u00e9tica de San Carlos de Apoquindo. El certamen reuni\u00f3 a atletas de alto nivel provenientes de distintos pa\u00edses de&nbsp;<a href=\"https:\/\/webpe.colegiomayor.cl\/?p=39791\">&hellip;<\/a><\/p>\n","protected":false},"author":11,"featured_media":39794,"comment_status":"closed","ping_status":"closed","sticky":false,"template":"","format":"standard","meta":{"content-type":"","footnotes":""},"categories":[24,25,1],"tags":[96,147,205,203,202,204],"class_list":["post-39791","post","type-post","status-publish","format-standard","has-post-thumbnail","hentry","category-comunicaciones","category-deportes","category-categoria-3","tag-atletismo-escolar","tag-colegio-mayor-de-penalolen","tag-competencia-atletica","tag-deporte-juvenil","tag-new-balance-finals-2025","tag-record-institucional","odd"],"rttpg_featured_image_url":{"full":["https:\/\/webpe.colegiomayor.cl\/wp-content\/uploads\/2025\/11\/WhatsApp-Image-2025-11-10-at-12.02.56-PM.jpeg",496,372,false],"landscape":["https:\/\/webpe.colegiomayor.cl\/wp-content\/uploads\/2025\/11\/WhatsApp-Image-2025-11-10-at-12.02.56-PM.jpeg",496,372,false],"portraits":["https:\/\/webpe.colegiomayor.cl\/wp-content\/uploads\/2025\/11\/WhatsApp-Image-2025-11-10-at-12.02.56-PM.jpeg",496,372,false],"thumbnail":["https:\/\/webpe.colegiomayor.cl\/wp-content\/uploads\/2025\/11\/WhatsApp-Image-2025-11-10-at-12.02.56-PM-150x150.jpeg",150,150,true],"medium":["https:\/\/webpe.colegiomayor.cl\/wp-content\/uploads\/2025\/11\/WhatsApp-Image-2025-11-10-at-12.02.56-PM-300x225.jpeg",300,225,true],"large":["https:\/\/webpe.colegiomayor.cl\/wp-content\/uploads\/2025\/11\/WhatsApp-Image-2025-11-10-at-12.02.56-PM-496x372.jpeg",496,372,true],"1536x1536":["https:\/\/webpe.colegiomayor.cl\/wp-content\/uploads\/2025\/11\/WhatsApp-Image-2025-11-10-at-12.02.56-PM-496x372.jpeg",496,372,true],"2048x2048":["https:\/\/webpe.colegiomayor.cl\/wp-content\/uploads\/2025\/11\/WhatsApp-Image-2025-11-10-at-12.02.56-PM-496x372.jpeg",496,372,true],"post-thumbnail":["https:\/\/webpe.colegiomayor.cl\/wp-content\/uploads\/2025\/11\/WhatsApp-Image-2025-11-10-at-12.02.56-PM-150x113.jpeg",150,113,true],"ed-school-featured-image":["https:\/\/webpe.colegiomayor.cl\/wp-content\/uploads\/2025\/11\/WhatsApp-Image-2025-11-10-at-12.02.56-PM-496x372.jpeg",496,372,true],"ed-school-medium":["https:\/\/webpe.colegiomayor.cl\/wp-content\/uploads\/2025\/11\/WhatsApp-Image-2025-11-10-at-12.02.56-PM-496x372.jpeg",496,372,true],"ed-school-medium-alt":["https:\/\/webpe.colegiomayor.cl\/wp-content\/uploads\/2025\/11\/WhatsApp-Image-2025-11-10-at-12.02.56-PM-496x372.jpeg",496,372,true],"ed-school-square":["https:\/\/webpe.colegiomayor.cl\/wp-content\/uploads\/2025\/11\/WhatsApp-Image-2025-11-10-at-12.02.56-PM-496x372.jpeg",496,372,true],"ed-school-square-small":["https:\/\/webpe.colegiomayor.cl\/wp-content\/uploads\/2025\/11\/WhatsApp-Image-2025-11-10-at-12.02.56-PM-420x372.jpeg",420,372,true]},"rttpg_author":{"display_name":"Francisco Arriagada","author_link":"https:\/\/webpe.colegiomayor.cl\/?author=11"},"rttpg_comment":0,"rttpg_category":"<a href=\"https:\/\/webpe.colegiomayor.cl\/?cat=24\" rel=\"category\">COMUNICACIONES<\/a> <a href=\"https:\/\/webpe.colegiomayor.cl\/?cat=25\" rel=\"category\">DEPORTES<\/a> <a href=\"https:\/\/webpe.colegiomayor.cl\/?cat=1\" rel=\"category\">NOTICIAS<\/a>","rttpg_excerpt":"El Colegio Mayor de Pe\u00f1alol\u00e9n tuvo una destacada participaci\u00f3n en la octava versi\u00f3n del New Balance Finals, realizada el viernes 7 de noviembre en la pista atl\u00e9tica de San Carlos de Apoquindo. El certamen reuni\u00f3 a atletas de alto nivel provenientes de distintos pa\u00edses de&nbsp;&hellip;","_links":{"self":[{"href":"https:\/\/webpe.colegiomayor.cl\/index.php?rest_route=\/wp\/v2\/posts\/39791","targetHints":{"allow":["GET"]}}],"collection":[{"href":"https:\/\/webpe.colegiomayor.cl\/index.php?rest_route=\/wp\/v2\/posts"}],"about":[{"href":"https:\/\/webpe.colegiomayor.cl\/index.php?rest_route=\/wp\/v2\/types\/post"}],"author":[{"embeddable":true,"href":"https:\/\/webpe.colegiomayor.cl\/index.php?rest_route=\/wp\/v2\/users\/11"}],"replies":[{"embeddable":true,"href":"https:\/\/webpe.colegiomayor.cl\/index.php?rest_route=%2Fwp%2Fv2%2Fcomments&post=39791"}],"version-history":[{"count":1,"href":"https:\/\/webpe.colegiomayor.cl\/index.php?rest_route=\/wp\/v2\/posts\/39791\/revisions"}],"predecessor-version":[{"id":39796,"href":"https:\/\/webpe.colegiomayor.cl\/index.php?rest_route=\/wp\/v2\/posts\/39791\/revisions\/39796"}],"wp:featuredmedia":[{"embeddable":true,"href":"https:\/\/webpe.colegiomayor.cl\/index.php?rest_route=\/wp\/v2\/media\/39794"}],"wp:attachment":[{"href":"https:\/\/webpe.colegiomayor.cl\/index.php?rest_route=%2Fwp%2Fv2%2Fmedia&parent=39791"}],"wp:term":[{"taxonomy":"category","embeddable":true,"href":"https:\/\/webpe.colegiomayor.cl\/index.php?rest_route=%2Fwp%2Fv2%2Fcategories&post=39791"},{"taxonomy":"post_tag","embeddable":true,"href":"https:\/\/webpe.colegiomayor.cl\/index.php?rest_route=%2Fwp%2Fv2%2Ftags&post=39791"}],"curies":[{"name":"wp","href":"https:\/\/api.w.org\/{rel}","templated":true}]}}