{"id":39783,"date":"2025-11-10T13:02:28","date_gmt":"2025-11-10T16:02:28","guid":{"rendered":"https:\/\/webpe.colegiomayor.cl\/?p=39783"},"modified":"2025-11-10T13:02:28","modified_gmt":"2025-11-10T16:02:28","slug":"sobresaliente-participacion-de-la-seleccion-mini-de-voleibol-damas-en-el-torneo-uc-escolar-soprole","status":"publish","type":"post","link":"https:\/\/webpe.colegiomayor.cl\/?p=39783","title":{"rendered":"Sobresaliente participaci\u00f3n de la selecci\u00f3n Mini de V\u00f3leibol Damas en el Torneo UC Escolar Soprole"},"content":{"rendered":"\n<p>El pasado s\u00e1bado 8 de noviembre, la selecci\u00f3n Mini de v\u00f3leibol damas del Colegio Mayor de Pe\u00f1alol\u00e9n tuvo una sobresaliente participaci\u00f3n en la pen\u00faltima fecha del Torneo UC Escolar Soprole, consiguiendo una victoria por 2-0 frente al Colegio San Agust\u00edn.<br><br>El equipo demostr\u00f3 gran cohesi\u00f3n, entusiasmo y un s\u00f3lido desempe\u00f1o colectivo, destacando la labor de Magdalena Tapia, armadora del conjunto, quien fue reconocida como jugadora del partido por su liderazgo y precisi\u00f3n en la conducci\u00f3n del juego.<\/p>\n\n\n\n<p>Durante la misma jornada, se realizaron encuentros amistosos para las jugadoras nacidas en 2013 y 2014, quienes enfrentaron al Colegio Saint Gabriels, Club Linares y al Colegio English Institute. Estas instancias resultaron especialmente valiosas para continuar fortaleciendo el aprendizaje, la convivencia deportiva y el desarrollo t\u00e9cnico de las deportistas m\u00e1s j\u00f3venes.<\/p>\n\n\n\n<p>Un especial agradecimiento por el compromiso, la entrega y el esfuerzo de todas las integrantes del equipo.<\/p>\n\n\n<style>.uid-385b993714fb7b03  .gt3pg-isotope-item {\n\tpadding-right: 20px;\n\tpadding-bottom: 20px;\n}\n.uid-385b993714fb7b03  .gallery-isotope-wrapper {\n\tmargin-right: -20px;\n\tmargin-bottom: -20px;\n}\n<\/style><div id=\"uid-385b993714fb7b03\" data-gt3pg-block=\"masonry\" data-index=\"1\" class=\"gt3-photo-gallery-pro--isotope_gallery uid-385b993714fb7b03 gt3pg-pro--wrapper gt3pg-pro--masonry \">\t\t<div data-cols=\"3\" data-cols-tablet=\"3\" data-cols-mobile=\"2\" class=\"gt3pg-isotope-gallery columns-3 hover-default gallery-masonry corner-standard\" data-settings=\"{&quot;lightbox&quot;:{&quot;enable&quot;:true,&quot;options&quot;:{&quot;instance&quot;:1}},&quot;id&quot;:1,&quot;uid&quot;:&quot;uid-385b993714fb7b03&quot;,&quot;modules&quot;:[&quot;Lightbox&quot;],&quot;lightboxArray&quot;:[{&quot;href&quot;:&quot;https:\\\/\\\/webpe.colegiomayor.cl\\\/wp-content\\\/uploads\\\/2025\\\/11\\\/WhatsApp-Image-2025-11-10-at-09.25.46-1-scaled.jpeg&quot;,&quot;title&quot;:&quot;WhatsApp Image 2025-11-10 at 09.25.46 (1)&quot;,&quot;thumbnail&quot;:&quot;https:\\\/\\\/webpe.colegiomayor.cl\\\/wp-content\\\/uploads\\\/2025\\\/11\\\/WhatsApp-Image-2025-11-10-at-09.25.46-1-scaled-150x150.jpeg&quot;,&quot;description&quot;:&quot;&quot;,&quot;is_video&quot;:0,&quot;image_id&quot;:39785,&quot;width&quot;:1920,&quot;height&quot;:2560},{&quot;href&quot;:&quot;https:\\\/\\\/webpe.colegiomayor.cl\\\/wp-content\\\/uploads\\\/2025\\\/11\\\/WhatsApp-Image-2025-11-10-at-09.25.46-2-scaled.jpeg&quot;,&quot;title&quot;:&quot;WhatsApp Image 2025-11-10 at 09.25.46 (2)&quot;,&quot;thumbnail&quot;:&quot;https:\\\/\\\/webpe.colegiomayor.cl\\\/wp-content\\\/uploads\\\/2025\\\/11\\\/WhatsApp-Image-2025-11-10-at-09.25.46-2-scaled-150x150.jpeg&quot;,&quot;description&quot;:&quot;&quot;,&quot;is_video&quot;:0,&quot;image_id&quot;:39786,&quot;width&quot;:2560,&quot;height&quot;:1440},{&quot;href&quot;:&quot;https:\\\/\\\/webpe.colegiomayor.cl\\\/wp-content\\\/uploads\\\/2025\\\/11\\\/WhatsApp-Image-2025-11-10-at-09.25.46-3-1-scaled.jpeg&quot;,&quot;title&quot;:&quot;WhatsApp Image 2025-11-10 at 09.25.46 (3)&quot;,&quot;thumbnail&quot;:&quot;https:\\\/\\\/webpe.colegiomayor.cl\\\/wp-content\\\/uploads\\\/2025\\\/11\\\/WhatsApp-Image-2025-11-10-at-09.25.46-3-1-scaled-150x150.jpeg&quot;,&quot;description&quot;:&quot;&quot;,&quot;is_video&quot;:0,&quot;image_id&quot;:39787,&quot;width&quot;:2560,&quot;height&quot;:1920},{&quot;href&quot;:&quot;https:\\\/\\\/webpe.colegiomayor.cl\\\/wp-content\\\/uploads\\\/2025\\\/11\\\/WhatsApp-Image-2025-11-10-at-09.25.46-scaled.jpeg&quot;,&quot;title&quot;:&quot;WhatsApp Image 2025-11-10 at 09.25.46&quot;,&quot;thumbnail&quot;:&quot;https:\\\/\\\/webpe.colegiomayor.cl\\\/wp-content\\\/uploads\\\/2025\\\/11\\\/WhatsApp-Image-2025-11-10-at-09.25.46-scaled-150x150.jpeg&quot;,&quot;description&quot;:&quot;&quot;,&quot;is_video&quot;:0,&quot;image_id&quot;:39788,&quot;width&quot;:2560,&quot;height&quot;:1440}],&quot;items&quot;:[{&quot;href&quot;:&quot;https:\\\/\\\/webpe.colegiomayor.cl\\\/wp-content\\\/uploads\\\/2025\\\/11\\\/WhatsApp-Image-2025-11-10-at-09.25.46-1-scaled.jpeg&quot;,&quot;title&quot;:&quot;WhatsApp Image 2025-11-10 at 09.25.46 (1)&quot;,&quot;thumbnail&quot;:&quot;https:\\\/\\\/webpe.colegiomayor.cl\\\/wp-content\\\/uploads\\\/2025\\\/11\\\/WhatsApp-Image-2025-11-10-at-09.25.46-1-scaled-150x150.jpeg&quot;,&quot;description&quot;:&quot;&quot;,&quot;is_video&quot;:0,&quot;image_id&quot;:39785,&quot;width&quot;:1920,&quot;height&quot;:2560},{&quot;href&quot;:&quot;https:\\\/\\\/webpe.colegiomayor.cl\\\/wp-content\\\/uploads\\\/2025\\\/11\\\/WhatsApp-Image-2025-11-10-at-09.25.46-2-scaled.jpeg&quot;,&quot;title&quot;:&quot;WhatsApp Image 2025-11-10 at 09.25.46 (2)&quot;,&quot;thumbnail&quot;:&quot;https:\\\/\\\/webpe.colegiomayor.cl\\\/wp-content\\\/uploads\\\/2025\\\/11\\\/WhatsApp-Image-2025-11-10-at-09.25.46-2-scaled-150x150.jpeg&quot;,&quot;description&quot;:&quot;&quot;,&quot;is_video&quot;:0,&quot;image_id&quot;:39786,&quot;width&quot;:2560,&quot;height&quot;:1440},{&quot;href&quot;:&quot;https:\\\/\\\/webpe.colegiomayor.cl\\\/wp-content\\\/uploads\\\/2025\\\/11\\\/WhatsApp-Image-2025-11-10-at-09.25.46-3-1-scaled.jpeg&quot;,&quot;title&quot;:&quot;WhatsApp Image 2025-11-10 at 09.25.46 (3)&quot;,&quot;thumbnail&quot;:&quot;https:\\\/\\\/webpe.colegiomayor.cl\\\/wp-content\\\/uploads\\\/2025\\\/11\\\/WhatsApp-Image-2025-11-10-at-09.25.46-3-1-scaled-150x150.jpeg&quot;,&quot;description&quot;:&quot;&quot;,&quot;is_video&quot;:0,&quot;image_id&quot;:39787,&quot;width&quot;:2560,&quot;height&quot;:1920},{&quot;href&quot;:&quot;https:\\\/\\\/webpe.colegiomayor.cl\\\/wp-content\\\/uploads\\\/2025\\\/11\\\/WhatsApp-Image-2025-11-10-at-09.25.46-scaled.jpeg&quot;,&quot;title&quot;:&quot;WhatsApp Image 2025-11-10 at 09.25.46&quot;,&quot;thumbnail&quot;:&quot;https:\\\/\\\/webpe.colegiomayor.cl\\\/wp-content\\\/uploads\\\/2025\\\/11\\\/WhatsApp-Image-2025-11-10-at-09.25.46-scaled-150x150.jpeg&quot;,&quot;description&quot;:&quot;&quot;,&quot;is_video&quot;:0,&quot;image_id&quot;:39788,&quot;width&quot;:2560,&quot;height&quot;:1440}]}\">\r\n\t\t\t<div class=\"gallery-isotope-wrapper\">\r\n\t\t\t\t<div class=\"gt3pg-isotope-item loading \" ><div class=\"isotope_item-wrapper\"><a href=\"https:\/\/webpe.colegiomayor.cl\/wp-content\/uploads\/2025\/11\/WhatsApp-Image-2025-11-10-at-09.25.46-1-scaled.jpeg\" class=\"gt3pg-lightbox\" data-elementor-open-lightbox=\"no\"><div class=\"img-wrapper \"><img loading=\"lazy\" decoding=\"async\" width=\"768\" height=\"1024\" src=\"https:\/\/webpe.colegiomayor.cl\/wp-content\/uploads\/2025\/11\/WhatsApp-Image-2025-11-10-at-09.25.46-1-scaled.jpeg\" class=\"skip-lazy gt3-lazy-image\" alt=\"\" data-lazy-srcset=\"https:\/\/webpe.colegiomayor.cl\/wp-content\/uploads\/2025\/11\/WhatsApp-Image-2025-11-10-at-09.25.46-1-scaled.jpeg 1920w, https:\/\/webpe.colegiomayor.cl\/wp-content\/uploads\/2025\/11\/WhatsApp-Image-2025-11-10-at-09.25.46-1-scaled-225x300.jpeg 225w, https:\/\/webpe.colegiomayor.cl\/wp-content\/uploads\/2025\/11\/WhatsApp-Image-2025-11-10-at-09.25.46-1-scaled-768x1024.jpeg 768w\" data-lazy-sizes=\"(max-width: 768px) 100vw, 768px\" data-lazy-src=\"https:\/\/webpe.colegiomayor.cl\/wp-content\/uploads\/2025\/11\/WhatsApp-Image-2025-11-10-at-09.25.46-1-scaled.jpeg?is-pending-load=1\" srcset=\"data:image\/png;base64,iVBORw0KGgoAAAANSUhEUgAAAE0AAABmCAYAAACOYhxFAAAACXBIWXMAAA7EAAAOxAGVKw4bAAAANUlEQVR42u3BgQAAAADDoPlTX+EAVQEAAAAAAAAAAAAAAAAAAAAAAAAAAAAAAAAAAAAAAMBrex4AARQEIPwAAAAASUVORK5CYII=\" \/><\/div><\/a><\/div><\/div><div class=\"gt3pg-isotope-item loading \" ><div class=\"isotope_item-wrapper\"><a href=\"https:\/\/webpe.colegiomayor.cl\/wp-content\/uploads\/2025\/11\/WhatsApp-Image-2025-11-10-at-09.25.46-2-scaled.jpeg\" class=\"gt3pg-lightbox\" data-elementor-open-lightbox=\"no\"><div class=\"img-wrapper \"><img loading=\"lazy\" decoding=\"async\" width=\"768\" height=\"432\" src=\"https:\/\/webpe.colegiomayor.cl\/wp-content\/uploads\/2025\/11\/WhatsApp-Image-2025-11-10-at-09.25.46-2-scaled.jpeg\" class=\"skip-lazy gt3-lazy-image\" alt=\"\" data-lazy-srcset=\"https:\/\/webpe.colegiomayor.cl\/wp-content\/uploads\/2025\/11\/WhatsApp-Image-2025-11-10-at-09.25.46-2-scaled.jpeg 2560w, https:\/\/webpe.colegiomayor.cl\/wp-content\/uploads\/2025\/11\/WhatsApp-Image-2025-11-10-at-09.25.46-2-scaled-300x169.jpeg 300w\" data-lazy-sizes=\"(max-width: 768px) 100vw, 768px\" data-lazy-src=\"https:\/\/webpe.colegiomayor.cl\/wp-content\/uploads\/2025\/11\/WhatsApp-Image-2025-11-10-at-09.25.46-2-scaled.jpeg?is-pending-load=1\" srcset=\"data:image\/png;base64,iVBORw0KGgoAAAANSUhEUgAAAE0AAAArCAYAAAA9pAX3AAAACXBIWXMAAA7EAAAOxAGVKw4bAAAAJElEQVRo3u3BMQEAAADCoPVPbQwfoAAAAAAAAAAAAAAAAICzATPnAAGZbRrQAAAAAElFTkSuQmCC\" \/><\/div><\/a><\/div><\/div><div class=\"gt3pg-isotope-item loading \" ><div class=\"isotope_item-wrapper\"><a href=\"https:\/\/webpe.colegiomayor.cl\/wp-content\/uploads\/2025\/11\/WhatsApp-Image-2025-11-10-at-09.25.46-3-1-scaled.jpeg\" class=\"gt3pg-lightbox\" data-elementor-open-lightbox=\"no\"><div class=\"img-wrapper \"><img loading=\"lazy\" decoding=\"async\" width=\"768\" height=\"576\" src=\"https:\/\/webpe.colegiomayor.cl\/wp-content\/uploads\/2025\/11\/WhatsApp-Image-2025-11-10-at-09.25.46-3-1-scaled.jpeg\" class=\"skip-lazy gt3-lazy-image\" alt=\"\" data-lazy-srcset=\"https:\/\/webpe.colegiomayor.cl\/wp-content\/uploads\/2025\/11\/WhatsApp-Image-2025-11-10-at-09.25.46-3-1-scaled.jpeg 2560w, https:\/\/webpe.colegiomayor.cl\/wp-content\/uploads\/2025\/11\/WhatsApp-Image-2025-11-10-at-09.25.46-3-1-scaled-300x225.jpeg 300w\" data-lazy-sizes=\"(max-width: 768px) 100vw, 768px\" data-lazy-src=\"https:\/\/webpe.colegiomayor.cl\/wp-content\/uploads\/2025\/11\/WhatsApp-Image-2025-11-10-at-09.25.46-3-1-scaled.jpeg?is-pending-load=1\" srcset=\"data:image\/png;base64,iVBORw0KGgoAAAANSUhEUgAAAE0AAAA5CAYAAABzuqZnAAAACXBIWXMAAA7EAAAOxAGVKw4bAAAAKElEQVR42u3BMQEAAADCoPVPbQlPoAAAAAAAAAAAAAAAAAAAAAAADgZEzQABzhJDggAAAABJRU5ErkJggg==\" \/><\/div><\/a><\/div><\/div><div class=\"gt3pg-isotope-item loading \" ><div class=\"isotope_item-wrapper\"><a href=\"https:\/\/webpe.colegiomayor.cl\/wp-content\/uploads\/2025\/11\/WhatsApp-Image-2025-11-10-at-09.25.46-scaled.jpeg\" class=\"gt3pg-lightbox\" data-elementor-open-lightbox=\"no\"><div class=\"img-wrapper \"><img loading=\"lazy\" decoding=\"async\" width=\"768\" height=\"432\" src=\"https:\/\/webpe.colegiomayor.cl\/wp-content\/uploads\/2025\/11\/WhatsApp-Image-2025-11-10-at-09.25.46-scaled.jpeg\" class=\"skip-lazy gt3-lazy-image\" alt=\"\" data-lazy-srcset=\"https:\/\/webpe.colegiomayor.cl\/wp-content\/uploads\/2025\/11\/WhatsApp-Image-2025-11-10-at-09.25.46-scaled.jpeg 2560w, https:\/\/webpe.colegiomayor.cl\/wp-content\/uploads\/2025\/11\/WhatsApp-Image-2025-11-10-at-09.25.46-scaled-300x169.jpeg 300w\" data-lazy-sizes=\"(max-width: 768px) 100vw, 768px\" data-lazy-src=\"https:\/\/webpe.colegiomayor.cl\/wp-content\/uploads\/2025\/11\/WhatsApp-Image-2025-11-10-at-09.25.46-scaled.jpeg?is-pending-load=1\" srcset=\"data:image\/png;base64,iVBORw0KGgoAAAANSUhEUgAAAE0AAAArCAYAAAA9pAX3AAAACXBIWXMAAA7EAAAOxAGVKw4bAAAAJElEQVRo3u3BMQEAAADCoPVPbQwfoAAAAAAAAAAAAAAAAICzATPnAAGZbRrQAAAAAElFTkSuQmCC\" \/><\/div><\/a><\/div><\/div>\t\t\t<\/div>\r\n\t\t<\/div>\r\n\t\t<script type=\"application\/json\" id=\"settings--uid-385b993714fb7b03\">{\"lightbox\":{\"enable\":true,\"options\":{\"instance\":1}},\"id\":1,\"uid\":\"uid-385b993714fb7b03\",\"modules\":[\"Lightbox\"],\"lightboxArray\":[{\"href\":\"https:\\\/\\\/webpe.colegiomayor.cl\\\/wp-content\\\/uploads\\\/2025\\\/11\\\/WhatsApp-Image-2025-11-10-at-09.25.46-1-scaled.jpeg\",\"title\":\"WhatsApp Image 2025-11-10 at 09.25.46 (1)\",\"thumbnail\":\"https:\\\/\\\/webpe.colegiomayor.cl\\\/wp-content\\\/uploads\\\/2025\\\/11\\\/WhatsApp-Image-2025-11-10-at-09.25.46-1-scaled-150x150.jpeg\",\"description\":\"\",\"is_video\":0,\"image_id\":39785,\"width\":1920,\"height\":2560},{\"href\":\"https:\\\/\\\/webpe.colegiomayor.cl\\\/wp-content\\\/uploads\\\/2025\\\/11\\\/WhatsApp-Image-2025-11-10-at-09.25.46-2-scaled.jpeg\",\"title\":\"WhatsApp Image 2025-11-10 at 09.25.46 (2)\",\"thumbnail\":\"https:\\\/\\\/webpe.colegiomayor.cl\\\/wp-content\\\/uploads\\\/2025\\\/11\\\/WhatsApp-Image-2025-11-10-at-09.25.46-2-scaled-150x150.jpeg\",\"description\":\"\",\"is_video\":0,\"image_id\":39786,\"width\":2560,\"height\":1440},{\"href\":\"https:\\\/\\\/webpe.colegiomayor.cl\\\/wp-content\\\/uploads\\\/2025\\\/11\\\/WhatsApp-Image-2025-11-10-at-09.25.46-3-1-scaled.jpeg\",\"title\":\"WhatsApp Image 2025-11-10 at 09.25.46 (3)\",\"thumbnail\":\"https:\\\/\\\/webpe.colegiomayor.cl\\\/wp-content\\\/uploads\\\/2025\\\/11\\\/WhatsApp-Image-2025-11-10-at-09.25.46-3-1-scaled-150x150.jpeg\",\"description\":\"\",\"is_video\":0,\"image_id\":39787,\"width\":2560,\"height\":1920},{\"href\":\"https:\\\/\\\/webpe.colegiomayor.cl\\\/wp-content\\\/uploads\\\/2025\\\/11\\\/WhatsApp-Image-2025-11-10-at-09.25.46-scaled.jpeg\",\"title\":\"WhatsApp Image 2025-11-10 at 09.25.46\",\"thumbnail\":\"https:\\\/\\\/webpe.colegiomayor.cl\\\/wp-content\\\/uploads\\\/2025\\\/11\\\/WhatsApp-Image-2025-11-10-at-09.25.46-scaled-150x150.jpeg\",\"description\":\"\",\"is_video\":0,\"image_id\":39788,\"width\":2560,\"height\":1440}],\"items\":[{\"href\":\"https:\\\/\\\/webpe.colegiomayor.cl\\\/wp-content\\\/uploads\\\/2025\\\/11\\\/WhatsApp-Image-2025-11-10-at-09.25.46-1-scaled.jpeg\",\"title\":\"WhatsApp Image 2025-11-10 at 09.25.46 (1)\",\"thumbnail\":\"https:\\\/\\\/webpe.colegiomayor.cl\\\/wp-content\\\/uploads\\\/2025\\\/11\\\/WhatsApp-Image-2025-11-10-at-09.25.46-1-scaled-150x150.jpeg\",\"description\":\"\",\"is_video\":0,\"image_id\":39785,\"width\":1920,\"height\":2560},{\"href\":\"https:\\\/\\\/webpe.colegiomayor.cl\\\/wp-content\\\/uploads\\\/2025\\\/11\\\/WhatsApp-Image-2025-11-10-at-09.25.46-2-scaled.jpeg\",\"title\":\"WhatsApp Image 2025-11-10 at 09.25.46 (2)\",\"thumbnail\":\"https:\\\/\\\/webpe.colegiomayor.cl\\\/wp-content\\\/uploads\\\/2025\\\/11\\\/WhatsApp-Image-2025-11-10-at-09.25.46-2-scaled-150x150.jpeg\",\"description\":\"\",\"is_video\":0,\"image_id\":39786,\"width\":2560,\"height\":1440},{\"href\":\"https:\\\/\\\/webpe.colegiomayor.cl\\\/wp-content\\\/uploads\\\/2025\\\/11\\\/WhatsApp-Image-2025-11-10-at-09.25.46-3-1-scaled.jpeg\",\"title\":\"WhatsApp Image 2025-11-10 at 09.25.46 (3)\",\"thumbnail\":\"https:\\\/\\\/webpe.colegiomayor.cl\\\/wp-content\\\/uploads\\\/2025\\\/11\\\/WhatsApp-Image-2025-11-10-at-09.25.46-3-1-scaled-150x150.jpeg\",\"description\":\"\",\"is_video\":0,\"image_id\":39787,\"width\":2560,\"height\":1920},{\"href\":\"https:\\\/\\\/webpe.colegiomayor.cl\\\/wp-content\\\/uploads\\\/2025\\\/11\\\/WhatsApp-Image-2025-11-10-at-09.25.46-scaled.jpeg\",\"title\":\"WhatsApp Image 2025-11-10 at 09.25.46\",\"thumbnail\":\"https:\\\/\\\/webpe.colegiomayor.cl\\\/wp-content\\\/uploads\\\/2025\\\/11\\\/WhatsApp-Image-2025-11-10-at-09.25.46-scaled-150x150.jpeg\",\"description\":\"\",\"is_video\":0,\"image_id\":39788,\"width\":2560,\"height\":1440}]}<\/script>\r\n\t\t<\/div>","protected":false},"excerpt":{"rendered":"<p>El pasado s\u00e1bado 8 de noviembre, la selecci\u00f3n Mini de v\u00f3leibol damas del Colegio Mayor de Pe\u00f1alol\u00e9n tuvo una sobresaliente participaci\u00f3n en la pen\u00faltima fecha del Torneo UC Escolar Soprole, consiguiendo una victoria por 2-0 frente al Colegio San Agust\u00edn. El equipo demostr\u00f3 gran cohesi\u00f3n,&nbsp;<a href=\"https:\/\/webpe.colegiomayor.cl\/?p=39783\">&hellip;<\/a><\/p>\n","protected":false},"author":11,"featured_media":39784,"comment_status":"closed","ping_status":"closed","sticky":false,"template":"","format":"standard","meta":{"content-type":"","footnotes":""},"categories":[24,25,1],"tags":[147,199,200,201,198,197],"class_list":["post-39783","post","type-post","status-publish","format-standard","has-post-thumbnail","hentry","category-comunicaciones","category-deportes","category-categoria-3","tag-colegio-mayor-de-penalolen","tag-deporte-femenino","tag-formacion-deportiva","tag-mini-voleibol","tag-torneo-uc-soprole","tag-voleibol-escolar","odd"],"rttpg_featured_image_url":{"full":["https:\/\/webpe.colegiomayor.cl\/wp-content\/uploads\/2025\/11\/WhatsApp-Image-2025-11-10-at-09.25.46-3-scaled.jpeg",2560,1920,false],"landscape":["https:\/\/webpe.colegiomayor.cl\/wp-content\/uploads\/2025\/11\/WhatsApp-Image-2025-11-10-at-09.25.46-3-scaled.jpeg",2560,1920,false],"portraits":["https:\/\/webpe.colegiomayor.cl\/wp-content\/uploads\/2025\/11\/WhatsApp-Image-2025-11-10-at-09.25.46-3-scaled.jpeg",2560,1920,false],"thumbnail":["https:\/\/webpe.colegiomayor.cl\/wp-content\/uploads\/2025\/11\/WhatsApp-Image-2025-11-10-at-09.25.46-3-scaled-150x150.jpeg",150,150,true],"medium":["https:\/\/webpe.colegiomayor.cl\/wp-content\/uploads\/2025\/11\/WhatsApp-Image-2025-11-10-at-09.25.46-3-scaled-300x225.jpeg",300,225,true],"large":["https:\/\/webpe.colegiomayor.cl\/wp-content\/uploads\/2025\/11\/WhatsApp-Image-2025-11-10-at-09.25.46-3-scaled-1024x768.jpeg",1024,768,true],"1536x1536":["https:\/\/webpe.colegiomayor.cl\/wp-content\/uploads\/2025\/11\/WhatsApp-Image-2025-11-10-at-09.25.46-3-scaled-1536x1152.jpeg",1536,1152,true],"2048x2048":["https:\/\/webpe.colegiomayor.cl\/wp-content\/uploads\/2025\/11\/WhatsApp-Image-2025-11-10-at-09.25.46-3-scaled-2048x1536.jpeg",2048,1536,true],"post-thumbnail":["https:\/\/webpe.colegiomayor.cl\/wp-content\/uploads\/2025\/11\/WhatsApp-Image-2025-11-10-at-09.25.46-3-scaled-150x113.jpeg",150,113,true],"ed-school-featured-image":["https:\/\/webpe.colegiomayor.cl\/wp-content\/uploads\/2025\/11\/WhatsApp-Image-2025-11-10-at-09.25.46-3-scaled-990x500.jpeg",990,500,true],"ed-school-medium":["https:\/\/webpe.colegiomayor.cl\/wp-content\/uploads\/2025\/11\/WhatsApp-Image-2025-11-10-at-09.25.46-3-scaled-768x510.jpeg",768,510,true],"ed-school-medium-alt":["https:\/\/webpe.colegiomayor.cl\/wp-content\/uploads\/2025\/11\/WhatsApp-Image-2025-11-10-at-09.25.46-3-scaled-768x410.jpeg",768,410,true],"ed-school-square":["https:\/\/webpe.colegiomayor.cl\/wp-content\/uploads\/2025\/11\/WhatsApp-Image-2025-11-10-at-09.25.46-3-scaled-768x768.jpeg",768,768,true],"ed-school-square-small":["https:\/\/webpe.colegiomayor.cl\/wp-content\/uploads\/2025\/11\/WhatsApp-Image-2025-11-10-at-09.25.46-3-scaled-420x420.jpeg",420,420,true]},"rttpg_author":{"display_name":"Francisco Arriagada","author_link":"https:\/\/webpe.colegiomayor.cl\/?author=11"},"rttpg_comment":0,"rttpg_category":"<a href=\"https:\/\/webpe.colegiomayor.cl\/?cat=24\" rel=\"category\">COMUNICACIONES<\/a> <a href=\"https:\/\/webpe.colegiomayor.cl\/?cat=25\" rel=\"category\">DEPORTES<\/a> <a href=\"https:\/\/webpe.colegiomayor.cl\/?cat=1\" rel=\"category\">NOTICIAS<\/a>","rttpg_excerpt":"El pasado s\u00e1bado 8 de noviembre, la selecci\u00f3n Mini de v\u00f3leibol damas del Colegio Mayor de Pe\u00f1alol\u00e9n tuvo una sobresaliente participaci\u00f3n en la pen\u00faltima fecha del Torneo UC Escolar Soprole, consiguiendo una victoria por 2-0 frente al Colegio San Agust\u00edn. El equipo demostr\u00f3 gran cohesi\u00f3n,&nbsp;&hellip;","_links":{"self":[{"href":"https:\/\/webpe.colegiomayor.cl\/index.php?rest_route=\/wp\/v2\/posts\/39783","targetHints":{"allow":["GET"]}}],"collection":[{"href":"https:\/\/webpe.colegiomayor.cl\/index.php?rest_route=\/wp\/v2\/posts"}],"about":[{"href":"https:\/\/webpe.colegiomayor.cl\/index.php?rest_route=\/wp\/v2\/types\/post"}],"author":[{"embeddable":true,"href":"https:\/\/webpe.colegiomayor.cl\/index.php?rest_route=\/wp\/v2\/users\/11"}],"replies":[{"embeddable":true,"href":"https:\/\/webpe.colegiomayor.cl\/index.php?rest_route=%2Fwp%2Fv2%2Fcomments&post=39783"}],"version-history":[{"count":2,"href":"https:\/\/webpe.colegiomayor.cl\/index.php?rest_route=\/wp\/v2\/posts\/39783\/revisions"}],"predecessor-version":[{"id":39790,"href":"https:\/\/webpe.colegiomayor.cl\/index.php?rest_route=\/wp\/v2\/posts\/39783\/revisions\/39790"}],"wp:featuredmedia":[{"embeddable":true,"href":"https:\/\/webpe.colegiomayor.cl\/index.php?rest_route=\/wp\/v2\/media\/39784"}],"wp:attachment":[{"href":"https:\/\/webpe.colegiomayor.cl\/index.php?rest_route=%2Fwp%2Fv2%2Fmedia&parent=39783"}],"wp:term":[{"taxonomy":"category","embeddable":true,"href":"https:\/\/webpe.colegiomayor.cl\/index.php?rest_route=%2Fwp%2Fv2%2Fcategories&post=39783"},{"taxonomy":"post_tag","embeddable":true,"href":"https:\/\/webpe.colegiomayor.cl\/index.php?rest_route=%2Fwp%2Fv2%2Ftags&post=39783"}],"curies":[{"name":"wp","href":"https:\/\/api.w.org\/{rel}","templated":true}]}}