{"id":39780,"date":"2025-11-10T10:34:20","date_gmt":"2025-11-10T13:34:20","guid":{"rendered":"https:\/\/webpe.colegiomayor.cl\/?p=39780"},"modified":"2025-11-10T10:34:20","modified_gmt":"2025-11-10T13:34:20","slug":"seleccion-de-natacion-de-nuestro-colegio-en-la-gran-final-nacional-interescolar-soprole-uc-2025","status":"publish","type":"post","link":"https:\/\/webpe.colegiomayor.cl\/?p=39780","title":{"rendered":"Selecci\u00f3n de Nataci\u00f3n de nuestro colegio en la Gran Final Nacional Interescolar SOPROLE \u2013 UC 2025"},"content":{"rendered":"\n<p>El s\u00e1bado 8 de noviembre, la piscina semiol\u00edmpica del Stadio Italiano fue escenario de una jornada repleta de energ\u00eda y talento en la Gran Final Nacional Interescolar de Nataci\u00f3n 2025. M\u00e1s de 450 estudiantes de m\u00e1s de 30 colegios de todo el pa\u00eds participaron en una competencia vibrante, donde el esp\u00edritu deportivo y la pasi\u00f3n por el agua fueron protagonistas.<\/p>\n\n\n\n<p>En una emocionante definici\u00f3n, el Colegio Mayor de Pe\u00f1alol\u00e9n volvi\u00f3 a hacer historia al coronarse, por octavo a\u00f1o consecutivo, como Campe\u00f3n Nacional de Nataci\u00f3n Escolar. Este logro refuerza su posici\u00f3n como el colegio m\u00e1s exitoso en la historia de la nataci\u00f3n chilena, consolidando una hegemon\u00eda sin precedentes en esta disciplina.<\/p>\n","protected":false},"excerpt":{"rendered":"<p>El s\u00e1bado 8 de noviembre, la piscina semiol\u00edmpica del Stadio Italiano fue escenario de una jornada repleta de energ\u00eda y talento en la Gran Final Nacional Interescolar de Nataci\u00f3n 2025. M\u00e1s de 450 estudiantes de m\u00e1s de 30 colegios de todo el pa\u00eds participaron en&nbsp;<a href=\"https:\/\/webpe.colegiomayor.cl\/?p=39780\">&hellip;<\/a><\/p>\n","protected":false},"author":11,"featured_media":39781,"comment_status":"closed","ping_status":"closed","sticky":false,"template":"","format":"standard","meta":{"content-type":"","footnotes":""},"categories":[24,25,1],"tags":[147,196,97,194,193,195],"class_list":["post-39780","post","type-post","status-publish","format-standard","has-post-thumbnail","hentry","category-comunicaciones","category-deportes","category-categoria-3","tag-colegio-mayor-de-penalolen","tag-competencia-interescolar","tag-deporte-estudiantil","tag-final-nacional-2025","tag-natacion-escolar","tag-stadio-italiano","odd"],"rttpg_featured_image_url":{"full":["https:\/\/webpe.colegiomayor.cl\/wp-content\/uploads\/2025\/11\/final-natacion-soprole-uc.jpg",1920,1080,false],"landscape":["https:\/\/webpe.colegiomayor.cl\/wp-content\/uploads\/2025\/11\/final-natacion-soprole-uc.jpg",1920,1080,false],"portraits":["https:\/\/webpe.colegiomayor.cl\/wp-content\/uploads\/2025\/11\/final-natacion-soprole-uc.jpg",1920,1080,false],"thumbnail":["https:\/\/webpe.colegiomayor.cl\/wp-content\/uploads\/2025\/11\/final-natacion-soprole-uc-150x150.jpg",150,150,true],"medium":["https:\/\/webpe.colegiomayor.cl\/wp-content\/uploads\/2025\/11\/final-natacion-soprole-uc-300x169.jpg",300,169,true],"large":["https:\/\/webpe.colegiomayor.cl\/wp-content\/uploads\/2025\/11\/final-natacion-soprole-uc-1024x576.jpg",1024,576,true],"1536x1536":["https:\/\/webpe.colegiomayor.cl\/wp-content\/uploads\/2025\/11\/final-natacion-soprole-uc-1536x864.jpg",1536,864,true],"2048x2048":["https:\/\/webpe.colegiomayor.cl\/wp-content\/uploads\/2025\/11\/final-natacion-soprole-uc-1920x1080.jpg",1920,1080,true],"post-thumbnail":["https:\/\/webpe.colegiomayor.cl\/wp-content\/uploads\/2025\/11\/final-natacion-soprole-uc-150x84.jpg",150,84,true],"ed-school-featured-image":["https:\/\/webpe.colegiomayor.cl\/wp-content\/uploads\/2025\/11\/final-natacion-soprole-uc-990x500.jpg",990,500,true],"ed-school-medium":["https:\/\/webpe.colegiomayor.cl\/wp-content\/uploads\/2025\/11\/final-natacion-soprole-uc-768x510.jpg",768,510,true],"ed-school-medium-alt":["https:\/\/webpe.colegiomayor.cl\/wp-content\/uploads\/2025\/11\/final-natacion-soprole-uc-768x410.jpg",768,410,true],"ed-school-square":["https:\/\/webpe.colegiomayor.cl\/wp-content\/uploads\/2025\/11\/final-natacion-soprole-uc-768x768.jpg",768,768,true],"ed-school-square-small":["https:\/\/webpe.colegiomayor.cl\/wp-content\/uploads\/2025\/11\/final-natacion-soprole-uc-420x420.jpg",420,420,true]},"rttpg_author":{"display_name":"Francisco Arriagada","author_link":"https:\/\/webpe.colegiomayor.cl\/?author=11"},"rttpg_comment":0,"rttpg_category":"<a href=\"https:\/\/webpe.colegiomayor.cl\/?cat=24\" rel=\"category\">COMUNICACIONES<\/a> <a href=\"https:\/\/webpe.colegiomayor.cl\/?cat=25\" rel=\"category\">DEPORTES<\/a> <a href=\"https:\/\/webpe.colegiomayor.cl\/?cat=1\" rel=\"category\">NOTICIAS<\/a>","rttpg_excerpt":"El s\u00e1bado 8 de noviembre, la piscina semiol\u00edmpica del Stadio Italiano fue escenario de una jornada repleta de energ\u00eda y talento en la Gran Final Nacional Interescolar de Nataci\u00f3n 2025. M\u00e1s de 450 estudiantes de m\u00e1s de 30 colegios de todo el pa\u00eds participaron en&nbsp;&hellip;","_links":{"self":[{"href":"https:\/\/webpe.colegiomayor.cl\/index.php?rest_route=\/wp\/v2\/posts\/39780","targetHints":{"allow":["GET"]}}],"collection":[{"href":"https:\/\/webpe.colegiomayor.cl\/index.php?rest_route=\/wp\/v2\/posts"}],"about":[{"href":"https:\/\/webpe.colegiomayor.cl\/index.php?rest_route=\/wp\/v2\/types\/post"}],"author":[{"embeddable":true,"href":"https:\/\/webpe.colegiomayor.cl\/index.php?rest_route=\/wp\/v2\/users\/11"}],"replies":[{"embeddable":true,"href":"https:\/\/webpe.colegiomayor.cl\/index.php?rest_route=%2Fwp%2Fv2%2Fcomments&post=39780"}],"version-history":[{"count":1,"href":"https:\/\/webpe.colegiomayor.cl\/index.php?rest_route=\/wp\/v2\/posts\/39780\/revisions"}],"predecessor-version":[{"id":39782,"href":"https:\/\/webpe.colegiomayor.cl\/index.php?rest_route=\/wp\/v2\/posts\/39780\/revisions\/39782"}],"wp:featuredmedia":[{"embeddable":true,"href":"https:\/\/webpe.colegiomayor.cl\/index.php?rest_route=\/wp\/v2\/media\/39781"}],"wp:attachment":[{"href":"https:\/\/webpe.colegiomayor.cl\/index.php?rest_route=%2Fwp%2Fv2%2Fmedia&parent=39780"}],"wp:term":[{"taxonomy":"category","embeddable":true,"href":"https:\/\/webpe.colegiomayor.cl\/index.php?rest_route=%2Fwp%2Fv2%2Fcategories&post=39780"},{"taxonomy":"post_tag","embeddable":true,"href":"https:\/\/webpe.colegiomayor.cl\/index.php?rest_route=%2Fwp%2Fv2%2Ftags&post=39780"}],"curies":[{"name":"wp","href":"https:\/\/api.w.org\/{rel}","templated":true}]}}