{"id":39776,"date":"2025-11-10T09:15:08","date_gmt":"2025-11-10T12:15:08","guid":{"rendered":"https:\/\/webpe.colegiomayor.cl\/?p=39776"},"modified":"2025-11-10T09:24:09","modified_gmt":"2025-11-10T12:24:09","slug":"destacada-participacion-del-colegio-mayor-penalolen-en-la-ultima-fecha-de-la-liga-escolar-de-gimnasia-artistica-lega","status":"publish","type":"post","link":"https:\/\/webpe.colegiomayor.cl\/?p=39776","title":{"rendered":"Destacada Participaci\u00f3n del Colegio Mayor Pe\u00f1alol\u00e9n en la \u00faltima fecha de la Liga Escolar de Gimnasia Art\u00edstica (LEGA)"},"content":{"rendered":"\n<style>\n    @import url('https:\/\/fonts.googleapis.com\/css2?family=Montserrat:wght@400;600;800&display=swap');\n\n    .noticia-gimnasia {\n        font-family: 'Montserrat', sans-serif;\n        line-height: 1.6;\n        color: #333;\n        max-width: 800px;\n        margin: 0 auto;\n        padding: 20px;\n    }\n\n    .noticia-gimnasia h1, .noticia-gimnasia h2, .noticia-gimnasia h3 {\n        font-family: 'Montserrat', sans-serif;\n        color: #004d99;\n        font-weight: 800;\n        border-bottom: 2px solid #ffcc00;\n        padding-bottom: 5px;\n        margin-top: 30px;\n    }\n\n    .noticia-gimnasia h1 {\n        font-size: 24px;\n        color: #cc0000;\n    }\n\n    .noticia-gimnasia h2 {\n        font-size: 20px;\n    }\n\n    .noticia-gimnasia .fecha {\n        font-weight: 600;\n        font-size: 14px;\n        color: #666;\n        display: block;\n        margin-bottom: 20px;\n    }\n\n    .noticia-gimnasia p {\n        margin-bottom: 15px;\n        font-weight: 400;\n        text-align: justify;\n    }\n\n    .noticia-gimnasia .highlight {\n        display: inline-block;\n        padding: 2px 6px;\n        margin: 2px 0;\n        border-radius: 4px;\n        font-weight: 600;\n        white-space: nowrap;\n    }\n\n    .color-medalla-oro {\n        background-color: #ffcc00;\n        color: #333;\n    }\n\n    .color-medalla-plata {\n        background-color: #cccccc;\n        color: #333;\n    }\n\n    .color-medalla-bronce {\n        background-color: #cd7f32;\n        color: #fff;\n    }\n\n    .color-allaround {\n        background-color: #9900cc;\n        color: #fff;\n    }\n\n    .color-dato {\n        background-color: #e6f7ff;\n        color: #004d99;\n    }\n\n    .tabla-datos {\n        width: 100%;\n        border-collapse: collapse;\n        margin-bottom: 20px;\n    }\n\n    .tabla-datos th, .tabla-datos td {\n        border: 1px solid #ddd;\n        padding: 8px;\n        text-align: left;\n        font-size: 14px;\n    }\n\n    .tabla-datos th {\n        background-color: #004d99;\n        color: white;\n        font-weight: 600;\n    }\n\n    .tabla-allaround td:first-child {\n        font-weight: 600;\n    }\n<\/style>\n\n<div class=\"noticia-gimnasia\">\n    <span class=\"fecha\">La Reina, Santiago &#8211; Noviembre de 2025<\/span>\n\n    <p>El pasado s\u00e1bado 8 de noviembre se llev\u00f3 a cabo la vig\u00e9sima y \u00faltima fecha de la <span class=\"highlight color-dato\">Liga Escolar de Gimnasia Art\u00edstica (LEGA)<\/span> en el Colegio Carmen Teresiano de La Reina. Este evento reuni\u00f3 a <span class=\"highlight color-dato\">9 equipos participantes<\/span>, congregando a un total de <span class=\"highlight color-dato\">42 gimnastas<\/span> pertenecientes a los niveles 4, 5, 6 y 7.<\/p>\n\n    <p>El <span class=\"highlight color-dato\">Colegio Mayor Pe\u00f1alol\u00e9n<\/span> fue representado por un equipo compuesto por seis gimnastas, quienes destacaron por su desempe\u00f1o, compromiso y esp\u00edritu de equipo:<\/p>\n\n    <table class=\"tabla-datos\">\n        <thead>\n            <tr>\n                <th>Gimnasta<\/th>\n                <th>Nivel<\/th>\n            <\/tr>\n        <\/thead>\n        <tbody>\n            <tr><td>Catalina Vera<\/td><td>Nivel 4<\/td><\/tr>\n            <tr><td>Josefina S\u00e1nchez<\/td><td>Nivel 5<\/td><\/tr>\n            <tr><td>Josefa Guti\u00e9rrez<\/td><td>Nivel 5<\/td><\/tr>\n            <tr><td>Anastasia Le\u00f3n<\/td><td>Nivel 6<\/td><\/tr>\n            <tr><td>Valentina Rojas<\/td><td>Nivel 6<\/td><\/tr>\n            <tr><td>Isidora Jim\u00e9nez<\/td><td>Nivel 7<\/td><\/tr>\n        <\/tbody>\n    <\/table>\n\n    <p>En esta jornada, el equipo del Colegio Mayor obtuvo el <span class=\"highlight color-medalla-oro\">1\u00b0 lugar por equipos<\/span>, consolidando una excelente participaci\u00f3n general.<\/p>\n\n    <h2>Resultados Destacados en All-Around (AA)<\/h2>\n\n    <p>En la competencia individual All-Around, las gimnastas demostraron un s\u00f3lido desempe\u00f1o en sus respectivas franjas:<\/p>\n\n    <table class=\"tabla-datos tabla-allaround\">\n        <thead>\n            <tr>\n                <th>Nivel<\/th>\n                <th>Gimnasta<\/th>\n                <th>Resultado<\/th>\n            <\/tr>\n        <\/thead>\n        <tbody>\n            <tr><td>Nivel 4<\/td><td><span class=\"highlight color-medalla-oro\">Catalina Vera<\/span><\/td><td>1\u00b0 lugar<\/td><\/tr>\n            <tr><td>Nivel 5<\/td><td><span class=\"highlight color-medalla-oro\">Josefina S\u00e1nchez<\/span><\/td><td>1\u00b0 lugar (franja)<\/td><\/tr>\n            <tr><td>Nivel 5<\/td><td>Josefa Guti\u00e9rrez<\/td><td>5\u00b0 lugar (franja)<\/td><\/tr>\n            <tr><td>Nivel 6<\/td><td><span class=\"highlight color-medalla-oro\">Anastasia Le\u00f3n<\/span><\/td><td>1\u00b0 lugar (franja 4)<\/td><\/tr>\n            <tr><td>Nivel 6<\/td><td><span class=\"highlight color-medalla-oro\">Valentina Rojas<\/span><\/td><td>1\u00b0 lugar (franja 5)<\/td><\/tr>\n            <tr><td>Nivel 7<\/td><td><span class=\"highlight color-medalla-plata\">Isidora Jim\u00e9nez<\/span><\/td><td>2\u00b0 lugar<\/td><\/tr>\n        <\/tbody>\n    <\/table>\n\n    <p>Felicitamos especialmente a <span class=\"highlight color-dato\">Catalina Vera, Josefina S\u00e1nchez y Valentina Rojas<\/span>, quienes, gracias a su evoluci\u00f3n y rendimiento durante el a\u00f1o, avanzan al siguiente nivel competitivo.<\/p>\n\n    <h2>Hitos Destacados de la Temporada 2025<\/h2>\n\n    <p>A lo largo de las <span class=\"highlight color-dato\">20 fechas<\/span> de la Liga Escolar LEGA, el Colegio Mayor Pe\u00f1alol\u00e9n se mantuvo de manera constante dentro de los tres primeros equipos, sin bajar del podio en ninguna jornada. Este logro refleja la consistencia, el trabajo en equipo y la proyecci\u00f3n t\u00e9cnica de nuestras gimnastas durante toda la temporada.<\/p>\n\n    <p>El cierre del a\u00f1o deportivo dej\u00f3 un importante crecimiento: dos alumnas en el <span class=\"highlight color-dato\">Nivel 6<\/span> (Anastasia Le\u00f3n y Josefina S\u00e1nchez) y dos gimnastas en el <span class=\"highlight color-dato\">Nivel 7<\/span> (Isidora Jim\u00e9nez y Valentina Rojas), consolidando el desarrollo del programa y su proyecci\u00f3n hacia niveles superiores de competencia.<\/p>\n\n    <h2>Agradecimientos y Proyecci\u00f3n<\/h2>\n\n    <p>El equipo expresa su sincero agradecimiento a la jefatura del Departamento de Educaci\u00f3n F\u00edsica por el constante apoyo y acompa\u00f1amiento, as\u00ed como a los padres y apoderados por su compromiso, confianza y respaldo hacia la Selecci\u00f3n de Gimnasia Art\u00edstica del Colegio Mayor Pe\u00f1alol\u00e9n.<\/p>\n\n    <p>Estos resultados son fruto del esfuerzo sostenido de las gimnastas, el acompa\u00f1amiento del cuerpo t\u00e9cnico y el trabajo conjunto de toda la comunidad educativa, cerrando un a\u00f1o deportivo exitoso y lleno de aprendizajes.<\/p>\n<\/div>\n\n\n\n<style>.uid-418f5ac4c0cd3e7e  .gt3pg-isotope-item {\n\tpadding-right: 20px;\n\tpadding-bottom: 20px;\n}\n.uid-418f5ac4c0cd3e7e  .gallery-isotope-wrapper {\n\tmargin-right: -20px;\n\tmargin-bottom: -20px;\n}\n<\/style><div id=\"uid-418f5ac4c0cd3e7e\" data-gt3pg-block=\"masonry\" data-index=\"1\" class=\"gt3-photo-gallery-pro--isotope_gallery uid-418f5ac4c0cd3e7e gt3pg-pro--wrapper gt3pg-pro--masonry \">\t\t<div data-cols=\"3\" data-cols-tablet=\"3\" data-cols-mobile=\"2\" class=\"gt3pg-isotope-gallery columns-3 hover-default gallery-masonry corner-standard\" data-settings=\"{&quot;lightbox&quot;:{&quot;enable&quot;:true,&quot;options&quot;:{&quot;instance&quot;:1}},&quot;id&quot;:1,&quot;uid&quot;:&quot;uid-418f5ac4c0cd3e7e&quot;,&quot;modules&quot;:[&quot;Lightbox&quot;],&quot;lightboxArray&quot;:[{&quot;href&quot;:&quot;https:\\\/\\\/webpe.colegiomayor.cl\\\/wp-content\\\/uploads\\\/2025\\\/11\\\/lega-ultima-fecha-gimnasia.jpg&quot;,&quot;title&quot;:&quot;lega \\u00faltima fecha gimnasia&quot;,&quot;thumbnail&quot;:&quot;https:\\\/\\\/webpe.colegiomayor.cl\\\/wp-content\\\/uploads\\\/2025\\\/11\\\/lega-ultima-fecha-gimnasia-150x150.jpg&quot;,&quot;description&quot;:&quot;&quot;,&quot;is_video&quot;:0,&quot;image_id&quot;:39777,&quot;width&quot;:1920,&quot;height&quot;:1080},{&quot;href&quot;:&quot;https:\\\/\\\/webpe.colegiomayor.cl\\\/wp-content\\\/uploads\\\/2025\\\/11\\\/IMG_2666-scaled.jpeg&quot;,&quot;title&quot;:&quot;IMG_2666&quot;,&quot;thumbnail&quot;:&quot;https:\\\/\\\/webpe.colegiomayor.cl\\\/wp-content\\\/uploads\\\/2025\\\/11\\\/IMG_2666-scaled-150x150.jpeg&quot;,&quot;description&quot;:&quot;&quot;,&quot;is_video&quot;:0,&quot;image_id&quot;:39778,&quot;width&quot;:1920,&quot;height&quot;:2560}],&quot;items&quot;:[{&quot;href&quot;:&quot;https:\\\/\\\/webpe.colegiomayor.cl\\\/wp-content\\\/uploads\\\/2025\\\/11\\\/lega-ultima-fecha-gimnasia.jpg&quot;,&quot;title&quot;:&quot;lega \\u00faltima fecha gimnasia&quot;,&quot;thumbnail&quot;:&quot;https:\\\/\\\/webpe.colegiomayor.cl\\\/wp-content\\\/uploads\\\/2025\\\/11\\\/lega-ultima-fecha-gimnasia-150x150.jpg&quot;,&quot;description&quot;:&quot;&quot;,&quot;is_video&quot;:0,&quot;image_id&quot;:39777,&quot;width&quot;:1920,&quot;height&quot;:1080},{&quot;href&quot;:&quot;https:\\\/\\\/webpe.colegiomayor.cl\\\/wp-content\\\/uploads\\\/2025\\\/11\\\/IMG_2666-scaled.jpeg&quot;,&quot;title&quot;:&quot;IMG_2666&quot;,&quot;thumbnail&quot;:&quot;https:\\\/\\\/webpe.colegiomayor.cl\\\/wp-content\\\/uploads\\\/2025\\\/11\\\/IMG_2666-scaled-150x150.jpeg&quot;,&quot;description&quot;:&quot;&quot;,&quot;is_video&quot;:0,&quot;image_id&quot;:39778,&quot;width&quot;:1920,&quot;height&quot;:2560}]}\">\r\n\t\t\t<div class=\"gallery-isotope-wrapper\">\r\n\t\t\t\t<div class=\"gt3pg-isotope-item loading \" ><div class=\"isotope_item-wrapper\"><a href=\"https:\/\/webpe.colegiomayor.cl\/wp-content\/uploads\/2025\/11\/lega-ultima-fecha-gimnasia.jpg\" class=\"gt3pg-lightbox\" data-elementor-open-lightbox=\"no\"><div class=\"img-wrapper \"><img loading=\"lazy\" decoding=\"async\" width=\"768\" height=\"432\" src=\"https:\/\/webpe.colegiomayor.cl\/wp-content\/uploads\/2025\/11\/lega-ultima-fecha-gimnasia.jpg\" class=\"skip-lazy gt3-lazy-image\" alt=\"\" data-lazy-srcset=\"https:\/\/webpe.colegiomayor.cl\/wp-content\/uploads\/2025\/11\/lega-ultima-fecha-gimnasia.jpg 1920w, https:\/\/webpe.colegiomayor.cl\/wp-content\/uploads\/2025\/11\/lega-ultima-fecha-gimnasia-300x169.jpg 300w, https:\/\/webpe.colegiomayor.cl\/wp-content\/uploads\/2025\/11\/lega-ultima-fecha-gimnasia-150x84.jpg 150w\" data-lazy-sizes=\"(max-width: 768px) 100vw, 768px\" data-lazy-src=\"https:\/\/webpe.colegiomayor.cl\/wp-content\/uploads\/2025\/11\/lega-ultima-fecha-gimnasia.jpg?is-pending-load=1\" srcset=\"data:image\/png;base64,iVBORw0KGgoAAAANSUhEUgAAAE0AAAArCAYAAAA9pAX3AAAACXBIWXMAAA7EAAAOxAGVKw4bAAAAJElEQVRo3u3BMQEAAADCoPVPbQwfoAAAAAAAAAAAAAAAAICzATPnAAGZbRrQAAAAAElFTkSuQmCC\" \/><\/div><\/a><\/div><\/div><div class=\"gt3pg-isotope-item loading \" ><div class=\"isotope_item-wrapper\"><a href=\"https:\/\/webpe.colegiomayor.cl\/wp-content\/uploads\/2025\/11\/IMG_2666-scaled.jpeg\" class=\"gt3pg-lightbox\" data-elementor-open-lightbox=\"no\"><div class=\"img-wrapper \"><img loading=\"lazy\" decoding=\"async\" width=\"768\" height=\"1024\" src=\"https:\/\/webpe.colegiomayor.cl\/wp-content\/uploads\/2025\/11\/IMG_2666-scaled.jpeg\" class=\"skip-lazy gt3-lazy-image\" alt=\"\" data-lazy-srcset=\"https:\/\/webpe.colegiomayor.cl\/wp-content\/uploads\/2025\/11\/IMG_2666-scaled.jpeg 1920w, https:\/\/webpe.colegiomayor.cl\/wp-content\/uploads\/2025\/11\/IMG_2666-scaled-225x300.jpeg 225w, https:\/\/webpe.colegiomayor.cl\/wp-content\/uploads\/2025\/11\/IMG_2666-scaled-768x1024.jpeg 768w\" data-lazy-sizes=\"(max-width: 768px) 100vw, 768px\" data-lazy-src=\"https:\/\/webpe.colegiomayor.cl\/wp-content\/uploads\/2025\/11\/IMG_2666-scaled.jpeg?is-pending-load=1\" srcset=\"data:image\/png;base64,iVBORw0KGgoAAAANSUhEUgAAAE0AAABmCAYAAACOYhxFAAAACXBIWXMAAA7EAAAOxAGVKw4bAAAANUlEQVR42u3BgQAAAADDoPlTX+EAVQEAAAAAAAAAAAAAAAAAAAAAAAAAAAAAAAAAAAAAAMBrex4AARQEIPwAAAAASUVORK5CYII=\" \/><\/div><\/a><\/div><\/div>\t\t\t<\/div>\r\n\t\t<\/div>\r\n\t\t<script type=\"application\/json\" id=\"settings--uid-418f5ac4c0cd3e7e\">{\"lightbox\":{\"enable\":true,\"options\":{\"instance\":1}},\"id\":1,\"uid\":\"uid-418f5ac4c0cd3e7e\",\"modules\":[\"Lightbox\"],\"lightboxArray\":[{\"href\":\"https:\\\/\\\/webpe.colegiomayor.cl\\\/wp-content\\\/uploads\\\/2025\\\/11\\\/lega-ultima-fecha-gimnasia.jpg\",\"title\":\"lega \\u00faltima fecha gimnasia\",\"thumbnail\":\"https:\\\/\\\/webpe.colegiomayor.cl\\\/wp-content\\\/uploads\\\/2025\\\/11\\\/lega-ultima-fecha-gimnasia-150x150.jpg\",\"description\":\"\",\"is_video\":0,\"image_id\":39777,\"width\":1920,\"height\":1080},{\"href\":\"https:\\\/\\\/webpe.colegiomayor.cl\\\/wp-content\\\/uploads\\\/2025\\\/11\\\/IMG_2666-scaled.jpeg\",\"title\":\"IMG_2666\",\"thumbnail\":\"https:\\\/\\\/webpe.colegiomayor.cl\\\/wp-content\\\/uploads\\\/2025\\\/11\\\/IMG_2666-scaled-150x150.jpeg\",\"description\":\"\",\"is_video\":0,\"image_id\":39778,\"width\":1920,\"height\":2560}],\"items\":[{\"href\":\"https:\\\/\\\/webpe.colegiomayor.cl\\\/wp-content\\\/uploads\\\/2025\\\/11\\\/lega-ultima-fecha-gimnasia.jpg\",\"title\":\"lega \\u00faltima fecha gimnasia\",\"thumbnail\":\"https:\\\/\\\/webpe.colegiomayor.cl\\\/wp-content\\\/uploads\\\/2025\\\/11\\\/lega-ultima-fecha-gimnasia-150x150.jpg\",\"description\":\"\",\"is_video\":0,\"image_id\":39777,\"width\":1920,\"height\":1080},{\"href\":\"https:\\\/\\\/webpe.colegiomayor.cl\\\/wp-content\\\/uploads\\\/2025\\\/11\\\/IMG_2666-scaled.jpeg\",\"title\":\"IMG_2666\",\"thumbnail\":\"https:\\\/\\\/webpe.colegiomayor.cl\\\/wp-content\\\/uploads\\\/2025\\\/11\\\/IMG_2666-scaled-150x150.jpeg\",\"description\":\"\",\"is_video\":0,\"image_id\":39778,\"width\":1920,\"height\":2560}]}<\/script>\r\n\t\t<\/div>","protected":false},"excerpt":{"rendered":"<p>La Reina, Santiago &#8211; Noviembre de 2025 El pasado s\u00e1bado 8 de noviembre se llev\u00f3 a cabo la vig\u00e9sima y \u00faltima fecha de la Liga Escolar de Gimnasia Art\u00edstica (LEGA) en el Colegio Carmen Teresiano de La Reina. Este evento reuni\u00f3 a 9 equipos participantes,&nbsp;<a href=\"https:\/\/webpe.colegiomayor.cl\/?p=39776\">&hellip;<\/a><\/p>\n","protected":false},"author":11,"featured_media":39777,"comment_status":"closed","ping_status":"closed","sticky":false,"template":"","format":"standard","meta":{"content-type":"","footnotes":""},"categories":[23,24,25,44],"tags":[173,62,187,140,188,103,182],"class_list":["post-39776","post","type-post","status-publish","format-standard","has-post-thumbnail","hentry","category-actualidad","category-comunicaciones","category-deportes","category-noticias","tag-campeonatos","tag-gimnasia","tag-internacional","tag-medallas","tag-republica-dominicana","tag-selecciones-deportivas","tag-torneos","odd"],"rttpg_featured_image_url":{"full":["https:\/\/webpe.colegiomayor.cl\/wp-content\/uploads\/2025\/11\/lega-ultima-fecha-gimnasia.jpg",1920,1080,false],"landscape":["https:\/\/webpe.colegiomayor.cl\/wp-content\/uploads\/2025\/11\/lega-ultima-fecha-gimnasia.jpg",1920,1080,false],"portraits":["https:\/\/webpe.colegiomayor.cl\/wp-content\/uploads\/2025\/11\/lega-ultima-fecha-gimnasia.jpg",1920,1080,false],"thumbnail":["https:\/\/webpe.colegiomayor.cl\/wp-content\/uploads\/2025\/11\/lega-ultima-fecha-gimnasia-150x150.jpg",150,150,true],"medium":["https:\/\/webpe.colegiomayor.cl\/wp-content\/uploads\/2025\/11\/lega-ultima-fecha-gimnasia-300x169.jpg",300,169,true],"large":["https:\/\/webpe.colegiomayor.cl\/wp-content\/uploads\/2025\/11\/lega-ultima-fecha-gimnasia-1024x576.jpg",1024,576,true],"1536x1536":["https:\/\/webpe.colegiomayor.cl\/wp-content\/uploads\/2025\/11\/lega-ultima-fecha-gimnasia-1536x864.jpg",1536,864,true],"2048x2048":["https:\/\/webpe.colegiomayor.cl\/wp-content\/uploads\/2025\/11\/lega-ultima-fecha-gimnasia-1920x1080.jpg",1920,1080,true],"post-thumbnail":["https:\/\/webpe.colegiomayor.cl\/wp-content\/uploads\/2025\/11\/lega-ultima-fecha-gimnasia-150x84.jpg",150,84,true],"ed-school-featured-image":["https:\/\/webpe.colegiomayor.cl\/wp-content\/uploads\/2025\/11\/lega-ultima-fecha-gimnasia-990x500.jpg",990,500,true],"ed-school-medium":["https:\/\/webpe.colegiomayor.cl\/wp-content\/uploads\/2025\/11\/lega-ultima-fecha-gimnasia-768x510.jpg",768,510,true],"ed-school-medium-alt":["https:\/\/webpe.colegiomayor.cl\/wp-content\/uploads\/2025\/11\/lega-ultima-fecha-gimnasia-768x410.jpg",768,410,true],"ed-school-square":["https:\/\/webpe.colegiomayor.cl\/wp-content\/uploads\/2025\/11\/lega-ultima-fecha-gimnasia-768x768.jpg",768,768,true],"ed-school-square-small":["https:\/\/webpe.colegiomayor.cl\/wp-content\/uploads\/2025\/11\/lega-ultima-fecha-gimnasia-420x420.jpg",420,420,true]},"rttpg_author":{"display_name":"Francisco Arriagada","author_link":"https:\/\/webpe.colegiomayor.cl\/?author=11"},"rttpg_comment":0,"rttpg_category":"<a href=\"https:\/\/webpe.colegiomayor.cl\/?cat=23\" rel=\"category\">COLEGIO<\/a> <a href=\"https:\/\/webpe.colegiomayor.cl\/?cat=24\" rel=\"category\">COMUNICACIONES<\/a> <a href=\"https:\/\/webpe.colegiomayor.cl\/?cat=25\" rel=\"category\">DEPORTES<\/a> <a href=\"https:\/\/webpe.colegiomayor.cl\/?cat=44\" rel=\"category\">NOTICIAS<\/a>","rttpg_excerpt":"La Reina, Santiago &#8211; Noviembre de 2025 El pasado s\u00e1bado 8 de noviembre se llev\u00f3 a cabo la vig\u00e9sima y \u00faltima fecha de la Liga Escolar de Gimnasia Art\u00edstica (LEGA) en el Colegio Carmen Teresiano de La Reina. Este evento reuni\u00f3 a 9 equipos participantes,&nbsp;&hellip;","_links":{"self":[{"href":"https:\/\/webpe.colegiomayor.cl\/index.php?rest_route=\/wp\/v2\/posts\/39776","targetHints":{"allow":["GET"]}}],"collection":[{"href":"https:\/\/webpe.colegiomayor.cl\/index.php?rest_route=\/wp\/v2\/posts"}],"about":[{"href":"https:\/\/webpe.colegiomayor.cl\/index.php?rest_route=\/wp\/v2\/types\/post"}],"author":[{"embeddable":true,"href":"https:\/\/webpe.colegiomayor.cl\/index.php?rest_route=\/wp\/v2\/users\/11"}],"replies":[{"embeddable":true,"href":"https:\/\/webpe.colegiomayor.cl\/index.php?rest_route=%2Fwp%2Fv2%2Fcomments&post=39776"}],"version-history":[{"count":1,"href":"https:\/\/webpe.colegiomayor.cl\/index.php?rest_route=\/wp\/v2\/posts\/39776\/revisions"}],"predecessor-version":[{"id":39779,"href":"https:\/\/webpe.colegiomayor.cl\/index.php?rest_route=\/wp\/v2\/posts\/39776\/revisions\/39779"}],"wp:featuredmedia":[{"embeddable":true,"href":"https:\/\/webpe.colegiomayor.cl\/index.php?rest_route=\/wp\/v2\/media\/39777"}],"wp:attachment":[{"href":"https:\/\/webpe.colegiomayor.cl\/index.php?rest_route=%2Fwp%2Fv2%2Fmedia&parent=39776"}],"wp:term":[{"taxonomy":"category","embeddable":true,"href":"https:\/\/webpe.colegiomayor.cl\/index.php?rest_route=%2Fwp%2Fv2%2Fcategories&post=39776"},{"taxonomy":"post_tag","embeddable":true,"href":"https:\/\/webpe.colegiomayor.cl\/index.php?rest_route=%2Fwp%2Fv2%2Ftags&post=39776"}],"curies":[{"name":"wp","href":"https:\/\/api.w.org\/{rel}","templated":true}]}}