{"id":39772,"date":"2025-11-07T18:48:53","date_gmt":"2025-11-07T21:48:53","guid":{"rendered":"https:\/\/webpe.colegiomayor.cl\/?p=39772"},"modified":"2025-11-07T18:52:23","modified_gmt":"2025-11-07T21:52:23","slug":"actividades-selecciones-y-escuelas-deportivas-sabado-8-de-noviembre","status":"publish","type":"post","link":"https:\/\/webpe.colegiomayor.cl\/?p=39772","title":{"rendered":"Actividades Selecciones y Escuelas Deportivas &#8211; s\u00e1bado 8 de noviembre"},"content":{"rendered":"\n<link href=\"https:\/\/fonts.googleapis.com\/css2?family=Montserrat:wght@400;600;700&#038;display=swap\" rel=\"stylesheet\">\n    \n<title>Selecciones Deportivas<\/title>\n    \n<style>\n    body {\n        font-family: 'Montserrat', sans-serif;\n        background: #f4f4f4;\n        color: #333;\n        padding: 20px;\n        \/* Asegurar que la fuente se aplica *\/\n        font-synthesis: none;\n        text-rendering: optimizeLegibility;\n        -webkit-font-smoothing: antialiased;\n        -moz-osx-font-smoothing: grayscale;\n    }\n    .container {\n        max-width: 850px;\n        margin: auto;\n        background: #fff;\n        padding: 30px;\n        border-radius: 12px;\n        box-shadow: 0 4px 12px rgba(0,0,0,0.1);\n        line-height: 1.7;\n    }\n    h2 {\n        text-align: center;\n        color: #2c3e50;\n        font-weight: 700;\n        margin-bottom: 5px;\n    }\n    h3 {\n        text-align: center;\n        color: #16a085;\n        font-weight: 600;\n        margin-top: 0;\n        margin-bottom: 25px;\n    }\n    .disciplina {\n        padding: 20px;\n        margin-bottom: 20px;\n        border-left: 8px solid;\n        border-radius: 8px;\n        background: #fafafa;\n    }\n    .disciplina strong {\n        font-size: 20px;\n        display: block;\n        margin-bottom: 5px;\n    }\n    \/* Colores para cada disciplina *\/\n    .atletismo {border-color: #2980b9;}\n    .basket {border-color: #e67e22;}\n    .gimnasia {border-color: #c0392b;}\n    .natacion {border-color: #27ae60;}\n    .tenis {border-color: #8e44ad;}\n    .cheer {border-color: #e84393;}\n    .vmasc {border-color: #3498db;}\n    .vfem {border-color: #9b59b6;}\n    .futbol {border-color: #2ecc71;}\n\n    u {\n        color: #555;\n        text-decoration-color: #bdc3c7;\n        text-decoration-thickness: 2px;\n    }\n    em {\n        color: #666;\n        font-style: italic;\n    }\n    .fecha {\n        text-align: right;\n        font-size: 14px;\n        color: #777;\n        margin-bottom: 25px;\n    }\n    \/* Estilo para notas importantes dentro de una disciplina *\/\n    .nota {\n        font-weight: 600;\n        color: #c0392b;\n        display: block;\n        margin-top: 10px;\n    }\n<\/style>\n\n    \n<div class=\"container\">\n    <div class=\"fecha\">Pe\u00f1alol\u00e9n, 08 de noviembre de 2025.<\/div>\n\n    <h2>Selecciones Deportivas<\/h2>\n    <h3>S\u00e1bado 08 de noviembre<\/h3>\n\n    <div class=\"disciplina atletismo\">\n        <strong>Atletismo<\/strong>\n        <u>NEW BALANCE FINALS<\/u><br>\n        (viernes 7 de noviembre)<br>\n        Lugar: Estadio San Carlos de Apoquindo (UC)<br>\n        Horario de Torneo: 13:30 a 22:10 horas.<br>\n        Hora de citaci\u00f3n: presentarse 1 hora 20 minutos antes de la hora de competencia individual.<br><br>\n        <em>Profesores a cargo:<\/em> \u00darsula Rebolledo, Mario G\u00f3mez, Carlos Soto, Claudio Ulloa\n        <hr>\n        <u>S\u00e1bado 8 de noviembre &#8211; Entrenamiento<\/u><br>\n        Lugar: Estadio Mayor<br>\n        Categor\u00edas Preparatoria e infantil: 09:00 a 10:30 horas.<br>\n        Categor\u00edas Intermedia y Superior: 10:30 a 12:00 horas.<br><br>\n        <em>Profesores a cargo:<\/em> \u00darsula Rebolledo, Carlos Soto, Mario G\u00f3mez, Claudio Ulloa\n    <\/div>\n\n    <div class=\"disciplina basket\">\n        <strong>B\u00e1squetbol<\/strong>\n        <u>Liforbasket &#8211; Categor\u00eda Mini Primer A\u00f1o<\/u><br>\n        Sede: Estadio Mayor (carpeta)<br>\n        Horario: 09:00 a 12:30 horas<br><br>\n        <span class=\"nota\">Sin Actividad: Mini segundo a\u00f1o, Infantil, Intermedia, Superior.<\/span><br>\n        <em>Profesor a cargo:<\/em> Nicol\u00e1s Ortiz\n    <\/div>\n\n    <div class=\"disciplina gimnasia\">\n        <strong>Gimnasia Art\u00edstica<\/strong>\n        <u>Competencia nivel 4, 5, 6 y 7<\/u><br>\n        Lugar: Colegio Carmen Teresiano.<br>\n        Direcci\u00f3n: AV. Pr\u00edncipe De Gales 8050 La Reina.<br>\n        Citaci\u00f3n: 09:10 AM<br><br>\n        <span class=\"nota\">Entrenamiento suspendido.<\/span><br>\n        <em>Entrenadoras a cargo:<\/em> Loreto Erazo, Yabhet Oblitas\n    <\/div>\n\n    <div class=\"disciplina natacion\">\n        <strong>Nataci\u00f3n<\/strong>\n        <u>Final Nacional Inter escolar Soprole &#8211; UC 2025<\/u><br>\n        Lugar: Piscina 25 mts Club Stadio Italiano<br>\n        Direcci\u00f3n: Av. Apoquindo 6589, Las Condes.<br>\n        Citaci\u00f3n: 14:00 hrs.<br><br>\n        <span class=\"nota\">Entrenamientos suspendidos.<\/span><br>\n        <em>Profesores:<\/em> Sim\u00f3n Fern\u00e1ndez, Mat\u00edas Jaque, Katalina Bravo\n    <\/div>\n\n    <div class=\"disciplina tenis\">\n        <strong>Tenis<\/strong>\n        <u>Entrenamiento<\/u><br>\n        Lugar: Canchas de tenis<br>\n        Primer grupo infantil: 09:00 a 10:30 hrs.<br>\n        Segundo grupo Intermedia: 10:30 a 12:00 hrs.<br><br>\n        <em>Profesor a cargo:<\/em> Hern\u00e1n P\u00e9rez\n    <\/div>\n\n    <div class=\"disciplina cheer\">\n        <strong>Cheerleader<\/strong>\n        <u>Campeonato \u201cThe Minnors\u201d<\/u><br>\n        Lugar: Gimnasio Polideportivo Municipal de Vi\u00f1a del Mar.<br>\n        Citaci\u00f3n Junior: 08:00 horas.<br>\n        Citaci\u00f3n Senior: 09:00 horas.<br><br>\n        <em>Entrenadores:<\/em> Daniela Acu\u00f1a, Ricardo Vergara\n    <\/div>\n\n    <div class=\"disciplina vmasc\">\n        <strong>Voleibol Masculino<\/strong>\n        <u>Hexagonal amistoso<\/u><br>\n        Citaci\u00f3n: 08:15 horas<br>\n        Lugar: Estadio Deportivo Colegio San Gabriel<br>\n        Direcci\u00f3n: Lo Fontecilla 440, Las Condes.<br>\n        Hora de partido: 09:00 hrs.<br>\n        Hora de t\u00e9rmino: 13:00 aprox. **Llevar colaci\u00f3n y agua.**<br>\n        Rivales: San Gabriel, Excelsior, UC, Murano.<br>\n        <hr>\n        <u>Categor\u00eda Infantil &#8211; Partido torneo UC<\/u><br>\n        Rival: Verbo Divino<br>\n        Direcci\u00f3n: Colegio Verbo Divino, Presidente Err\u00e1zuriz 4055, Las Condes.<br>\n        Citaci\u00f3n: 09:15 horas.<br>\n        Hora de partido: 10:00 horas<br><br>\n        <span class=\"nota\">Categor\u00eda Superior: Suspendido.<\/span><br>\n        <em>Profesor a cargo:<\/em> Valent\u00edn Tamayo\n    <\/div>\n\n    <div class=\"disciplina vfem\">\n        <strong>Voleibol Femenino<\/strong>\n        <u>Categor\u00eda mini &#8211; Torneo UC<\/u><br>\n        Rival: San Agust\u00edn<br>\n        Lugar: Colegio San Agust\u00edn<br>\n        Citaci\u00f3n: 08:00 hrs.<br>\n        <em>Profesor a cargo:<\/em> Valent\u00edn Tamayo<br>\n        <hr>\n        <u>Masivo 5to y 6to b\u00e1sico &#8211; Amistoso<\/u><br>\n        Lugar: Colegio Mayor Pe\u00f1alol\u00e9n (FORO)<br>\n        Citaci\u00f3n: 09:00 hrs.<br>\n        Rival: Saint Gabriel, Club Linares, English Institute.<br>\n        <em>Profesores a cargo:<\/em> Pablo Beltr\u00e1n, Joaqu\u00edn M\u00e9ndez<br><br>\n        <span class=\"nota\">Categor\u00eda Infantil: Sin Actividades<\/span>\n    <\/div>\n\n    <div class=\"disciplina futbol\">\n        <strong>F\u00fatbol<\/strong>\n        <u>Entrenamiento mini e infantil<\/u><br>\n        Lugar: Estadio Mayor<br>\n        Hora: 09:00 a 10:30 hrs.<br><br>\n        Series Intermedia y Superior &#8211; <em>Sin actividad<\/em><br><br>\n        <em>Profesores a cargo:<\/em> Pablo S\u00e1nchez, Edgard Vargas\n    <\/div>\n<\/div>\n\n\n\n<p><br><\/p>\n","protected":false},"excerpt":{"rendered":"<p>Selecciones Deportivas Pe\u00f1alol\u00e9n, 08 de noviembre de 2025. Selecciones Deportivas S\u00e1bado 08 de noviembre Atletismo NEW BALANCE FINALS (viernes 7 de noviembre) Lugar: Estadio San Carlos de Apoquindo (UC) Horario de Torneo: 13:30 a 22:10 horas. Hora de citaci\u00f3n: presentarse 1 hora 20 minutos antes&nbsp;<a href=\"https:\/\/webpe.colegiomayor.cl\/?p=39772\">&hellip;<\/a><\/p>\n","protected":false},"author":11,"featured_media":39773,"comment_status":"closed","ping_status":"closed","sticky":false,"template":"","format":"standard","meta":{"content-type":"","footnotes":""},"categories":[25,44],"tags":[101,103],"class_list":["post-39772","post","type-post","status-publish","format-standard","has-post-thumbnail","hentry","category-deportes","category-noticias","tag-deportes","tag-selecciones-deportivas","odd"],"rttpg_featured_image_url":{"full":["https:\/\/webpe.colegiomayor.cl\/wp-content\/uploads\/2025\/11\/20250715_121130-scaled.jpg",2560,1440,false],"landscape":["https:\/\/webpe.colegiomayor.cl\/wp-content\/uploads\/2025\/11\/20250715_121130-scaled.jpg",2560,1440,false],"portraits":["https:\/\/webpe.colegiomayor.cl\/wp-content\/uploads\/2025\/11\/20250715_121130-scaled.jpg",2560,1440,false],"thumbnail":["https:\/\/webpe.colegiomayor.cl\/wp-content\/uploads\/2025\/11\/20250715_121130-scaled-150x150.jpg",150,150,true],"medium":["https:\/\/webpe.colegiomayor.cl\/wp-content\/uploads\/2025\/11\/20250715_121130-scaled-300x169.jpg",300,169,true],"large":["https:\/\/webpe.colegiomayor.cl\/wp-content\/uploads\/2025\/11\/20250715_121130-scaled-1024x576.jpg",1024,576,true],"1536x1536":["https:\/\/webpe.colegiomayor.cl\/wp-content\/uploads\/2025\/11\/20250715_121130-scaled-1536x864.jpg",1536,864,true],"2048x2048":["https:\/\/webpe.colegiomayor.cl\/wp-content\/uploads\/2025\/11\/20250715_121130-scaled-2048x1152.jpg",2048,1152,true],"post-thumbnail":["https:\/\/webpe.colegiomayor.cl\/wp-content\/uploads\/2025\/11\/20250715_121130-scaled-150x84.jpg",150,84,true],"ed-school-featured-image":["https:\/\/webpe.colegiomayor.cl\/wp-content\/uploads\/2025\/11\/20250715_121130-scaled-990x500.jpg",990,500,true],"ed-school-medium":["https:\/\/webpe.colegiomayor.cl\/wp-content\/uploads\/2025\/11\/20250715_121130-scaled-768x510.jpg",768,510,true],"ed-school-medium-alt":["https:\/\/webpe.colegiomayor.cl\/wp-content\/uploads\/2025\/11\/20250715_121130-scaled-768x410.jpg",768,410,true],"ed-school-square":["https:\/\/webpe.colegiomayor.cl\/wp-content\/uploads\/2025\/11\/20250715_121130-scaled-768x768.jpg",768,768,true],"ed-school-square-small":["https:\/\/webpe.colegiomayor.cl\/wp-content\/uploads\/2025\/11\/20250715_121130-scaled-420x420.jpg",420,420,true]},"rttpg_author":{"display_name":"Francisco Arriagada","author_link":"https:\/\/webpe.colegiomayor.cl\/?author=11"},"rttpg_comment":0,"rttpg_category":"<a href=\"https:\/\/webpe.colegiomayor.cl\/?cat=25\" rel=\"category\">DEPORTES<\/a> <a href=\"https:\/\/webpe.colegiomayor.cl\/?cat=44\" rel=\"category\">NOTICIAS<\/a>","rttpg_excerpt":"Selecciones Deportivas Pe\u00f1alol\u00e9n, 08 de noviembre de 2025. Selecciones Deportivas S\u00e1bado 08 de noviembre Atletismo NEW BALANCE FINALS (viernes 7 de noviembre) Lugar: Estadio San Carlos de Apoquindo (UC) Horario de Torneo: 13:30 a 22:10 horas. Hora de citaci\u00f3n: presentarse 1 hora 20 minutos antes&nbsp;&hellip;","_links":{"self":[{"href":"https:\/\/webpe.colegiomayor.cl\/index.php?rest_route=\/wp\/v2\/posts\/39772","targetHints":{"allow":["GET"]}}],"collection":[{"href":"https:\/\/webpe.colegiomayor.cl\/index.php?rest_route=\/wp\/v2\/posts"}],"about":[{"href":"https:\/\/webpe.colegiomayor.cl\/index.php?rest_route=\/wp\/v2\/types\/post"}],"author":[{"embeddable":true,"href":"https:\/\/webpe.colegiomayor.cl\/index.php?rest_route=\/wp\/v2\/users\/11"}],"replies":[{"embeddable":true,"href":"https:\/\/webpe.colegiomayor.cl\/index.php?rest_route=%2Fwp%2Fv2%2Fcomments&post=39772"}],"version-history":[{"count":2,"href":"https:\/\/webpe.colegiomayor.cl\/index.php?rest_route=\/wp\/v2\/posts\/39772\/revisions"}],"predecessor-version":[{"id":39775,"href":"https:\/\/webpe.colegiomayor.cl\/index.php?rest_route=\/wp\/v2\/posts\/39772\/revisions\/39775"}],"wp:featuredmedia":[{"embeddable":true,"href":"https:\/\/webpe.colegiomayor.cl\/index.php?rest_route=\/wp\/v2\/media\/39773"}],"wp:attachment":[{"href":"https:\/\/webpe.colegiomayor.cl\/index.php?rest_route=%2Fwp%2Fv2%2Fmedia&parent=39772"}],"wp:term":[{"taxonomy":"category","embeddable":true,"href":"https:\/\/webpe.colegiomayor.cl\/index.php?rest_route=%2Fwp%2Fv2%2Fcategories&post=39772"},{"taxonomy":"post_tag","embeddable":true,"href":"https:\/\/webpe.colegiomayor.cl\/index.php?rest_route=%2Fwp%2Fv2%2Ftags&post=39772"}],"curies":[{"name":"wp","href":"https:\/\/api.w.org\/{rel}","templated":true}]}}