{"id":39734,"date":"2025-11-04T11:14:52","date_gmt":"2025-11-04T14:14:52","guid":{"rendered":"https:\/\/webpe.colegiomayor.cl\/?p=39734"},"modified":"2025-11-04T11:14:52","modified_gmt":"2025-11-04T14:14:52","slug":"seleccion-de-gimnasia-artistica-del-colegio-mayor-penalolen-consigue-54-medallas-en-republica-dominicana","status":"publish","type":"post","link":"https:\/\/webpe.colegiomayor.cl\/?p=39734","title":{"rendered":"Selecci\u00f3n de Gimnasia Art\u00edstica del Colegio Mayor Pe\u00f1alol\u00e9n consigue 54 medallas en Rep\u00fablica Dominicana"},"content":{"rendered":"\n<style>\n    @import url('https:\/\/fonts.googleapis.com\/css2?family=Montserrat:wght@400;600;800&display=swap');\n\n    .noticia-gimnasia {\n        font-family: 'Montserrat', sans-serif;\n        line-height: 1.6;\n        color: #333;\n        max-width: 800px; \/* Ancho adaptable *\/\n        margin: 0 auto;\n        padding: 20px;\n    }\n\n    .noticia-gimnasia h1, .noticia-gimnasia h2, .noticia-gimnasia h3 {\n        font-family: 'Montserrat', sans-serif;\n        color: #004d99; \/* Azul institucional *\/\n        font-weight: 800;\n        border-bottom: 2px solid #ffcc00; \/* L\u00ednea de acento *\/\n        padding-bottom: 5px;\n        margin-top: 30px;\n    }\n\n    .noticia-gimnasia h1 {\n        font-size: 24px;\n        color: #cc0000; \/* Rojo llamativo para titular *\/\n    }\n\n    .noticia-gimnasia h2 {\n        font-size: 20px;\n    }\n\n    .noticia-gimnasia .fecha {\n        font-weight: 600;\n        font-size: 14px;\n        color: #666;\n        display: block;\n        margin-bottom: 20px;\n    }\n\n    .noticia-gimnasia p {\n        margin-bottom: 15px;\n        font-weight: 400;\n        text-align: justify;\n    }\n\n    .noticia-gimnasia .highlight {\n        display: inline-block;\n        padding: 2px 6px;\n        margin: 2px 0;\n        border-radius: 4px;\n        font-weight: 600;\n        white-space: nowrap;\n    }\n\n    \/* Colores Vistosos para Resaltar Datos *\/\n    .color-medalla-oro {\n        background-color: #ffcc00; \/* Amarillo\/Oro *\/\n        color: #333;\n    }\n\n    .color-medalla-plata {\n        background-color: #cccccc; \/* Gris\/Plata *\/\n        color: #333;\n    }\n\n    .color-medalla-bronce {\n        background-color: #cd7f32; \/* Caf\u00e9\/Bronce *\/\n        color: #fff;\n    }\n\n    .color-allaround {\n        background-color: #9900cc; \/* Morado para All-Around *\/\n        color: #fff;\n    }\n\n    .color-dato {\n        background-color: #e6f7ff; \/* Azul claro para datos generales *\/\n        color: #004d99;\n    }\n\n    .tabla-datos {\n        width: 100%;\n        border-collapse: collapse;\n        margin-bottom: 20px;\n    }\n\n    .tabla-datos th, .tabla-datos td {\n        border: 1px solid #ddd;\n        padding: 8px;\n        text-align: left;\n        font-size: 14px;\n    }\n\n    .tabla-datos th {\n        background-color: #004d99;\n        color: white;\n        font-weight: 600;\n    }\n\n    .tabla-allaround td:first-child {\n        font-weight: 600;\n    }\n<\/style>\n\n<div class=\"noticia-gimnasia\">\n    <h1>\ud83e\udd47 \u00a1Hist\u00f3rico! Selecci\u00f3n de Gimnasia Art\u00edstica del Colegio Mayor Pe\u00f1alol\u00e9n Brilla en el &#8220;Santo Domingo Classic 2025&#8221; con <span class=\"highlight color-dato\">54 Medallas<\/span><\/h1>\n\n    <span class=\"fecha\">Santo Domingo, Rep\u00fablica Dominicana &#8211; Noviembre de 2025<\/span>\n\n    <p>La Selecci\u00f3n de Gimnasia Art\u00edstica del Colegio Mayor Pe\u00f1alol\u00e9n ha regresado a Chile con un balance espectacular tras su participaci\u00f3n en el prestigioso torneo internacional &#8220;Santo Domingo Classic 2025&#8221;, celebrado en la capital dominicana. La delegaci\u00f3n chilena cosech\u00f3 un impresionante total de 54 medallas, consolidando su alto nivel competitivo a escala internacional.<\/p>\n\n    <h2>Un Encuentro Deportivo de Alto Nivel<\/h2>\n\n    <p>El &#8220;Santo Domingo Classic 2025&#8221; congreg\u00f3 a m\u00e1s de <span class=\"highlight color-dato\">700 atletas<\/span> en las disciplinas de Gimnasia Art\u00edstica Femenina, Masculina y Gimnasia de Trampol\u00edn. El torneo cont\u00f3 con la presencia de delegaciones de <span class=\"highlight color-dato\">diez pa\u00edses<\/span>, incluyendo Aruba, Colombia, M\u00e9xico, Puerto Rico, Guatemala, Per\u00fa, Jamaica, Estados Unidos, Rep\u00fablica Dominicana y Chile.<\/p>\n\n    <p>El Colegio Mayor Pe\u00f1alol\u00e9n estuvo representado por un dedicado equipo de <span class=\"highlight color-dato\">18 gimnastas<\/span> distribuidas en los niveles 1 a 5 del programa USAG:<\/p>\n\n    <table class=\"tabla-datos\">\n        <thead>\n            <tr>\n                <th>Nivel<\/th>\n                <th>Gimnastas Participantes<\/th>\n            <\/tr>\n        <\/thead>\n        <tbody>\n            <tr>\n                <td>Nivel 1<\/td>\n                <td>Renata Navarro, Amalia D\u00e1valos, Agustina Opazo, Maite Burboa, Amanda Castro.<\/td>\n            <\/tr>\n            <tr>\n                <td>Nivel 2<\/td>\n                <td>Agustina Cisterna, Valentina Bucarey, Avril Castillo, Julieta Becerra, Mariana Zapata.<\/td>\n            <\/tr>\n            <tr>\n                <td>Nivel 3<\/td>\n                <td>Isabella Poblete, Mariana Arredondo, Renata Alca\u00edno, Roc\u00edo Cerda.<\/td>\n            <\/tr>\n            <tr>\n                <td>Nivel 4<\/td>\n                <td>Josefa Mu\u00f1oz, Josefa Guti\u00e9rrez.<\/td>\n            <\/tr>\n            <tr>\n                <td>Nivel 5<\/td>\n                <td>Anastasia Le\u00f3n, Isidora Jim\u00e9nez.<\/td>\n            <\/tr>\n        <\/tbody>\n    <\/table>\n\n    <h2>Cosecha de 54 Preseas y Desempe\u00f1o Integral<\/h2>\n\n    <p>El desempe\u00f1o general del equipo fue sobresaliente, demostrando la calidad t\u00e9cnica, el compromiso y la disciplina de las deportistas. Durante los dos d\u00edas de competencia, las gimnastas fueron premiadas no solo por la clasificaci\u00f3n <em>All-Around<\/em> (suma de todos los aparatos), sino tambi\u00e9n por su rendimiento individual en Salto, Barra, Viga y Suelo.<\/p>\n\n    <h3>\ud83c\udfc5 Campeonas y Podios Destacados por Aparato:<\/h3>\n\n    <table class=\"tabla-datos\">\n        <thead>\n            <tr>\n                <th>Categor\u00eda<\/th>\n                <th>Gimnasta<\/th>\n                <th>Logro Espec\u00edfico<\/th>\n            <\/tr>\n        <\/thead>\n        <tbody>\n            <tr>\n                <td><span class=\"highlight color-medalla-oro\">Medalla de Oro (1er Lugar)<\/span><\/td>\n                <td><span class=\"highlight color-medalla-oro\">Maite Burboa<\/span> (2\u00b0 B\u00e1sico A)<\/td>\n                <td>Campeona de Salto<\/td>\n            <\/tr>\n            <tr>\n                <td><span class=\"highlight color-medalla-oro\">Medalla de Oro (1er Lugar)<\/span><\/td>\n                <td><span class=\"highlight color-medalla-oro\">Isidora Jim\u00e9nez<\/span> (1\u00b0 Medio C)<\/td>\n                <td>Campeona de Suelo<\/td>\n            <\/tr>\n            <tr>\n                <td><span class=\"highlight color-medalla-plata\">Medalla de Plata (2\u00b0 Lugar)<\/span><\/td>\n                <td><span class=\"highlight color-medalla-plata\">Josefa Guti\u00e9rrez<\/span><\/td>\n                <td>Salto y Viga<\/td>\n            <\/tr>\n            <tr>\n                <td><span class=\"highlight color-medalla-plata\">Medalla de Plata (2\u00b0 Lugar)<\/span><\/td>\n                <td><span class=\"highlight color-medalla-plata\">Isidora Jim\u00e9nez<\/span><\/td>\n                <td>Barra<\/td>\n            <\/tr>\n            <tr>\n                <td><span class=\"highlight color-medalla-plata\">Medalla de Plata (2\u00b0 Lugar)<\/span><\/td>\n                <td><span class=\"highlight color-medalla-plata\">Julieta Becerra<\/span><\/td>\n                <td>Salto<\/td>\n            <\/tr>\n            <tr>\n                <td><span class=\"highlight color-medalla-plata\">Medalla de Plata (2\u00b0 Lugar)<\/span><\/td>\n                <td><span class=\"highlight color-medalla-plata\">Mariana Zapata<\/span><\/td>\n                <td>Barra<\/td>\n            <\/tr>\n            <tr>\n                <td><span class=\"highlight color-medalla-plata\">Medalla de Plata (2\u00b0 Lugar)<\/span><\/td>\n                <td><span class=\"highlight color-medalla-plata\">Renata Alca\u00edno<\/span><\/td>\n                <td>Viga<\/td>\n            <\/tr>\n            <tr>\n                <td><span class=\"highlight color-medalla-bronce\">Medalla de Bronce (3er Lugar)<\/span><\/td>\n                <td><span class=\"highlight color-medalla-bronce\">Agustina Opazo<\/span><\/td>\n                <td>Salto<\/td>\n            <\/tr>\n            <\/tbody>\n    <\/table>\n\n    <h3>\ud83c\udfc6 Podio All-Around (Clasificaci\u00f3n General):<\/h3>\n\n    <p>Tres gimnastas lograron ubicarse entre los tres primeros lugares generales de sus respectivas categor\u00edas:<\/p>\n    \n    <table class=\"tabla-datos tabla-allaround\">\n        <tbody>\n            <tr>\n                <td><span class=\"highlight color-allaround\">Isidora Jim\u00e9nez (Nivel 5)<\/span><\/td>\n                <td><span class=\"highlight color-allaround\">2\u00b0 lugar All-Around<\/span><\/td>\n            <\/tr>\n            <tr>\n                <td><span class=\"highlight color-allaround\">Anastasia Le\u00f3n (Nivel 5)<\/span><\/td>\n                <td><span class=\"highlight color-allaround\">3\u00b0 lugar All-Around<\/span><\/td>\n            <\/tr>\n            <tr>\n                <td><span class=\"highlight color-allaround\">Josefa Guti\u00e9rrez (Nivel 4)<\/span><\/td>\n                <td><span class=\"highlight color-allaround\">3\u00b0 lugar All-Around<\/span><\/td>\n            <\/tr>\n        <\/tbody>\n    <\/table>\n\n    <p>Cabe destacar que <span class=\"highlight color-dato\">todas las gimnastas del equipo<\/span> se posicionaron dentro del <em>top ten<\/em> en el <em>All-Around<\/em> de sus respectivos niveles, un logro que subraya la consistencia y el alto nivel competitivo del grupo completo.<\/p>\n\n    <h2>M\u00e1s All\u00e1 de las Medallas: Crecimiento y Valores<\/h2>\n\n    <p>Esta experiencia internacional represent\u00f3 un profundo crecimiento personal y formativo. Las deportistas vivieron una instancia de aprendizaje multicultural, reforzando valores fundamentales como la **resiliencia, el respeto, la responsabilidad y el trabajo en equipo**. El torneo fortaleci\u00f3 la autonom\u00eda, la confianza y la proyecci\u00f3n internacional de las j\u00f3venes, dejando en alto el nombre del Colegio Mayor Pe\u00f1alol\u00e9n.<\/p>\n\n    <p>Los profesores a cargo de la selecci\u00f3n expresaron su agradecimiento a la Direcci\u00f3n y la jefatura del departamento de Educaci\u00f3n F\u00edsica por el apoyo brindado, as\u00ed como a las familias, cuyo compromiso hizo posible el viaje. Los excelentes resultados son un reflejo del trabajo sostenido del equipo de entrenadores y la dedicaci\u00f3n de las estudiantes con la excelencia deportiva y humana.<\/p>\n<\/div>\n\n\n<style>.uid-007354a0444ba795  .gt3pg-isotope-item {\n\tpadding-right: 20px;\n\tpadding-bottom: 20px;\n}\n.uid-007354a0444ba795  .gallery-isotope-wrapper {\n\tmargin-right: -20px;\n\tmargin-bottom: -20px;\n}\n<\/style><div id=\"uid-007354a0444ba795\" data-gt3pg-block=\"masonry\" data-index=\"1\" class=\"gt3-photo-gallery-pro--isotope_gallery uid-007354a0444ba795 gt3pg-pro--wrapper gt3pg-pro--masonry \">\t\t<div data-cols=\"3\" data-cols-tablet=\"3\" data-cols-mobile=\"2\" class=\"gt3pg-isotope-gallery columns-3 hover-default gallery-masonry corner-standard\" data-settings=\"{&quot;lightbox&quot;:{&quot;enable&quot;:true,&quot;options&quot;:{&quot;instance&quot;:1}},&quot;id&quot;:1,&quot;uid&quot;:&quot;uid-007354a0444ba795&quot;,&quot;modules&quot;:[&quot;Lightbox&quot;],&quot;lightboxArray&quot;:[{&quot;href&quot;:&quot;https:\\\/\\\/webpe.colegiomayor.cl\\\/wp-content\\\/uploads\\\/2025\\\/11\\\/WhatsApp-Image-2025-10-25-at-18.49.32-copia-3.jpeg&quot;,&quot;title&quot;:&quot;WhatsApp Image 2025-10-25 at 18.49.32 - copia (3)&quot;,&quot;thumbnail&quot;:&quot;https:\\\/\\\/webpe.colegiomayor.cl\\\/wp-content\\\/uploads\\\/2025\\\/11\\\/WhatsApp-Image-2025-10-25-at-18.49.32-copia-3-150x150.jpeg&quot;,&quot;description&quot;:&quot;&quot;,&quot;is_video&quot;:0,&quot;image_id&quot;:39735,&quot;width&quot;:1600,&quot;height&quot;:1200},{&quot;href&quot;:&quot;https:\\\/\\\/webpe.colegiomayor.cl\\\/wp-content\\\/uploads\\\/2025\\\/11\\\/WhatsApp-Image-2025-10-26-at-15.37.38-5-copia-scaled.jpeg&quot;,&quot;title&quot;:&quot;WhatsApp Image 2025-10-26 at 15.37.38 (5) - copia&quot;,&quot;thumbnail&quot;:&quot;https:\\\/\\\/webpe.colegiomayor.cl\\\/wp-content\\\/uploads\\\/2025\\\/11\\\/WhatsApp-Image-2025-10-26-at-15.37.38-5-copia-scaled-150x150.jpeg&quot;,&quot;description&quot;:&quot;&quot;,&quot;is_video&quot;:0,&quot;image_id&quot;:39736,&quot;width&quot;:1920,&quot;height&quot;:2560},{&quot;href&quot;:&quot;https:\\\/\\\/webpe.colegiomayor.cl\\\/wp-content\\\/uploads\\\/2025\\\/11\\\/WhatsApp-Image-2025-10-26-at-15.37.38-15-copia-scaled.jpeg&quot;,&quot;title&quot;:&quot;WhatsApp Image 2025-10-26 at 15.37.38 (15) - copia&quot;,&quot;thumbnail&quot;:&quot;https:\\\/\\\/webpe.colegiomayor.cl\\\/wp-content\\\/uploads\\\/2025\\\/11\\\/WhatsApp-Image-2025-10-26-at-15.37.38-15-copia-scaled-150x150.jpeg&quot;,&quot;description&quot;:&quot;&quot;,&quot;is_video&quot;:0,&quot;image_id&quot;:39738,&quot;width&quot;:1920,&quot;height&quot;:2560},{&quot;href&quot;:&quot;https:\\\/\\\/webpe.colegiomayor.cl\\\/wp-content\\\/uploads\\\/2025\\\/11\\\/WhatsApp-Image-2025-10-26-at-15.37.39-1-scaled.jpeg&quot;,&quot;title&quot;:&quot;WhatsApp Image 2025-10-26 at 15.37.39 (1)&quot;,&quot;thumbnail&quot;:&quot;https:\\\/\\\/webpe.colegiomayor.cl\\\/wp-content\\\/uploads\\\/2025\\\/11\\\/WhatsApp-Image-2025-10-26-at-15.37.39-1-scaled-150x150.jpeg&quot;,&quot;description&quot;:&quot;&quot;,&quot;is_video&quot;:0,&quot;image_id&quot;:39739,&quot;width&quot;:2560,&quot;height&quot;:1920},{&quot;href&quot;:&quot;https:\\\/\\\/webpe.colegiomayor.cl\\\/wp-content\\\/uploads\\\/2025\\\/11\\\/WhatsApp-Image-2025-10-26-at-18.36.12-copia-2.jpeg&quot;,&quot;title&quot;:&quot;WhatsApp Image 2025-10-26 at 18.36.12 - copia (2)&quot;,&quot;thumbnail&quot;:&quot;https:\\\/\\\/webpe.colegiomayor.cl\\\/wp-content\\\/uploads\\\/2025\\\/11\\\/WhatsApp-Image-2025-10-26-at-18.36.12-copia-2-150x150.jpeg&quot;,&quot;description&quot;:&quot;&quot;,&quot;is_video&quot;:0,&quot;image_id&quot;:39740,&quot;width&quot;:1200,&quot;height&quot;:1600},{&quot;href&quot;:&quot;https:\\\/\\\/webpe.colegiomayor.cl\\\/wp-content\\\/uploads\\\/2025\\\/11\\\/WhatsApp-Image-2025-10-26-at-18.36.14-2.jpeg&quot;,&quot;title&quot;:&quot;WhatsApp Image 2025-10-26 at 18.36.14 (2)&quot;,&quot;thumbnail&quot;:&quot;https:\\\/\\\/webpe.colegiomayor.cl\\\/wp-content\\\/uploads\\\/2025\\\/11\\\/WhatsApp-Image-2025-10-26-at-18.36.14-2-150x150.jpeg&quot;,&quot;description&quot;:&quot;&quot;,&quot;is_video&quot;:0,&quot;image_id&quot;:39741,&quot;width&quot;:1600,&quot;height&quot;:1200},{&quot;href&quot;:&quot;https:\\\/\\\/webpe.colegiomayor.cl\\\/wp-content\\\/uploads\\\/2025\\\/11\\\/WhatsApp-Image-2025-10-26-at-18.36.15-9-copia.jpeg&quot;,&quot;title&quot;:&quot;WhatsApp Image 2025-10-26 at 18.36.15 (9) - copia&quot;,&quot;thumbnail&quot;:&quot;https:\\\/\\\/webpe.colegiomayor.cl\\\/wp-content\\\/uploads\\\/2025\\\/11\\\/WhatsApp-Image-2025-10-26-at-18.36.15-9-copia-150x150.jpeg&quot;,&quot;description&quot;:&quot;&quot;,&quot;is_video&quot;:0,&quot;image_id&quot;:39742,&quot;width&quot;:1200,&quot;height&quot;:1600},{&quot;href&quot;:&quot;https:\\\/\\\/webpe.colegiomayor.cl\\\/wp-content\\\/uploads\\\/2025\\\/11\\\/WhatsApp-Image-2025-10-26-at-18.36.16-5-copia.jpeg&quot;,&quot;title&quot;:&quot;WhatsApp Image 2025-10-26 at 18.36.16 (5) - copia&quot;,&quot;thumbnail&quot;:&quot;https:\\\/\\\/webpe.colegiomayor.cl\\\/wp-content\\\/uploads\\\/2025\\\/11\\\/WhatsApp-Image-2025-10-26-at-18.36.16-5-copia-150x150.jpeg&quot;,&quot;description&quot;:&quot;&quot;,&quot;is_video&quot;:0,&quot;image_id&quot;:39743,&quot;width&quot;:1200,&quot;height&quot;:1600},{&quot;href&quot;:&quot;https:\\\/\\\/webpe.colegiomayor.cl\\\/wp-content\\\/uploads\\\/2025\\\/11\\\/WhatsApp-Image-2025-10-26-at-18.36.48-12-copia.jpeg&quot;,&quot;title&quot;:&quot;WhatsApp Image 2025-10-26 at 18.36.48 (12) - copia&quot;,&quot;thumbnail&quot;:&quot;https:\\\/\\\/webpe.colegiomayor.cl\\\/wp-content\\\/uploads\\\/2025\\\/11\\\/WhatsApp-Image-2025-10-26-at-18.36.48-12-copia-150x150.jpeg&quot;,&quot;description&quot;:&quot;&quot;,&quot;is_video&quot;:0,&quot;image_id&quot;:39744,&quot;width&quot;:1280,&quot;height&quot;:959},{&quot;href&quot;:&quot;https:\\\/\\\/webpe.colegiomayor.cl\\\/wp-content\\\/uploads\\\/2025\\\/11\\\/WhatsApp-Image-2025-10-26-at-18.42.51.jpeg&quot;,&quot;title&quot;:&quot;WhatsApp Image 2025-10-26 at 18.42.51&quot;,&quot;thumbnail&quot;:&quot;https:\\\/\\\/webpe.colegiomayor.cl\\\/wp-content\\\/uploads\\\/2025\\\/11\\\/WhatsApp-Image-2025-10-26-at-18.42.51-150x150.jpeg&quot;,&quot;description&quot;:&quot;&quot;,&quot;is_video&quot;:0,&quot;image_id&quot;:39745,&quot;width&quot;:1280,&quot;height&quot;:960},{&quot;href&quot;:&quot;https:\\\/\\\/webpe.colegiomayor.cl\\\/wp-content\\\/uploads\\\/2025\\\/11\\\/WhatsApp-Image-2025-11-03-at-14.55.54-1-copia.jpeg&quot;,&quot;title&quot;:&quot;WhatsApp Image 2025-11-03 at 14.55.54 (1) - copia&quot;,&quot;thumbnail&quot;:&quot;https:\\\/\\\/webpe.colegiomayor.cl\\\/wp-content\\\/uploads\\\/2025\\\/11\\\/WhatsApp-Image-2025-11-03-at-14.55.54-1-copia-150x150.jpeg&quot;,&quot;description&quot;:&quot;&quot;,&quot;is_video&quot;:0,&quot;image_id&quot;:39746,&quot;width&quot;:1600,&quot;height&quot;:1200},{&quot;href&quot;:&quot;https:\\\/\\\/webpe.colegiomayor.cl\\\/wp-content\\\/uploads\\\/2025\\\/11\\\/WhatsApp-Image-2025-11-03-at-14.55.55-copia-4.jpeg&quot;,&quot;title&quot;:&quot;WhatsApp Image 2025-11-03 at 14.55.55 - copia (4)&quot;,&quot;thumbnail&quot;:&quot;https:\\\/\\\/webpe.colegiomayor.cl\\\/wp-content\\\/uploads\\\/2025\\\/11\\\/WhatsApp-Image-2025-11-03-at-14.55.55-copia-4-150x150.jpeg&quot;,&quot;description&quot;:&quot;&quot;,&quot;is_video&quot;:0,&quot;image_id&quot;:39747,&quot;width&quot;:1600,&quot;height&quot;:1200},{&quot;href&quot;:&quot;https:\\\/\\\/webpe.colegiomayor.cl\\\/wp-content\\\/uploads\\\/2025\\\/11\\\/WhatsApp-Image-2025-11-03-at-14.56.10-copia-2.jpeg&quot;,&quot;title&quot;:&quot;WhatsApp Image 2025-11-03 at 14.56.10 - copia (2)&quot;,&quot;thumbnail&quot;:&quot;https:\\\/\\\/webpe.colegiomayor.cl\\\/wp-content\\\/uploads\\\/2025\\\/11\\\/WhatsApp-Image-2025-11-03-at-14.56.10-copia-2-150x150.jpeg&quot;,&quot;description&quot;:&quot;&quot;,&quot;is_video&quot;:0,&quot;image_id&quot;:39748,&quot;width&quot;:1600,&quot;height&quot;:1200},{&quot;href&quot;:&quot;https:\\\/\\\/webpe.colegiomayor.cl\\\/wp-content\\\/uploads\\\/2025\\\/11\\\/WhatsApp-Image-2025-11-03-at-15.07.04.jpeg&quot;,&quot;title&quot;:&quot;WhatsApp Image 2025-11-03 at 15.07.04&quot;,&quot;thumbnail&quot;:&quot;https:\\\/\\\/webpe.colegiomayor.cl\\\/wp-content\\\/uploads\\\/2025\\\/11\\\/WhatsApp-Image-2025-11-03-at-15.07.04-150x150.jpeg&quot;,&quot;description&quot;:&quot;&quot;,&quot;is_video&quot;:0,&quot;image_id&quot;:39749,&quot;width&quot;:960,&quot;height&quot;:1280},{&quot;href&quot;:&quot;https:\\\/\\\/webpe.colegiomayor.cl\\\/wp-content\\\/uploads\\\/2025\\\/11\\\/WhatsApp-Image-2025-11-03-at-15.07.22.jpeg&quot;,&quot;title&quot;:&quot;WhatsApp Image 2025-11-03 at 15.07.22&quot;,&quot;thumbnail&quot;:&quot;https:\\\/\\\/webpe.colegiomayor.cl\\\/wp-content\\\/uploads\\\/2025\\\/11\\\/WhatsApp-Image-2025-11-03-at-15.07.22-150x150.jpeg&quot;,&quot;description&quot;:&quot;&quot;,&quot;is_video&quot;:0,&quot;image_id&quot;:39750,&quot;width&quot;:960,&quot;height&quot;:1280},{&quot;href&quot;:&quot;https:\\\/\\\/webpe.colegiomayor.cl\\\/wp-content\\\/uploads\\\/2025\\\/11\\\/WhatsApp-Image-2025-11-03-at-15.08.26.jpeg&quot;,&quot;title&quot;:&quot;WhatsApp Image 2025-11-03 at 15.08.26&quot;,&quot;thumbnail&quot;:&quot;https:\\\/\\\/webpe.colegiomayor.cl\\\/wp-content\\\/uploads\\\/2025\\\/11\\\/WhatsApp-Image-2025-11-03-at-15.08.26-150x150.jpeg&quot;,&quot;description&quot;:&quot;&quot;,&quot;is_video&quot;:0,&quot;image_id&quot;:39751,&quot;width&quot;:1200,&quot;height&quot;:1600}],&quot;items&quot;:[{&quot;href&quot;:&quot;https:\\\/\\\/webpe.colegiomayor.cl\\\/wp-content\\\/uploads\\\/2025\\\/11\\\/WhatsApp-Image-2025-10-25-at-18.49.32-copia-3.jpeg&quot;,&quot;title&quot;:&quot;WhatsApp Image 2025-10-25 at 18.49.32 - copia (3)&quot;,&quot;thumbnail&quot;:&quot;https:\\\/\\\/webpe.colegiomayor.cl\\\/wp-content\\\/uploads\\\/2025\\\/11\\\/WhatsApp-Image-2025-10-25-at-18.49.32-copia-3-150x150.jpeg&quot;,&quot;description&quot;:&quot;&quot;,&quot;is_video&quot;:0,&quot;image_id&quot;:39735,&quot;width&quot;:1600,&quot;height&quot;:1200},{&quot;href&quot;:&quot;https:\\\/\\\/webpe.colegiomayor.cl\\\/wp-content\\\/uploads\\\/2025\\\/11\\\/WhatsApp-Image-2025-10-26-at-15.37.38-5-copia-scaled.jpeg&quot;,&quot;title&quot;:&quot;WhatsApp Image 2025-10-26 at 15.37.38 (5) - copia&quot;,&quot;thumbnail&quot;:&quot;https:\\\/\\\/webpe.colegiomayor.cl\\\/wp-content\\\/uploads\\\/2025\\\/11\\\/WhatsApp-Image-2025-10-26-at-15.37.38-5-copia-scaled-150x150.jpeg&quot;,&quot;description&quot;:&quot;&quot;,&quot;is_video&quot;:0,&quot;image_id&quot;:39736,&quot;width&quot;:1920,&quot;height&quot;:2560},{&quot;href&quot;:&quot;https:\\\/\\\/webpe.colegiomayor.cl\\\/wp-content\\\/uploads\\\/2025\\\/11\\\/WhatsApp-Image-2025-10-26-at-15.37.38-15-copia-scaled.jpeg&quot;,&quot;title&quot;:&quot;WhatsApp Image 2025-10-26 at 15.37.38 (15) - copia&quot;,&quot;thumbnail&quot;:&quot;https:\\\/\\\/webpe.colegiomayor.cl\\\/wp-content\\\/uploads\\\/2025\\\/11\\\/WhatsApp-Image-2025-10-26-at-15.37.38-15-copia-scaled-150x150.jpeg&quot;,&quot;description&quot;:&quot;&quot;,&quot;is_video&quot;:0,&quot;image_id&quot;:39738,&quot;width&quot;:1920,&quot;height&quot;:2560},{&quot;href&quot;:&quot;https:\\\/\\\/webpe.colegiomayor.cl\\\/wp-content\\\/uploads\\\/2025\\\/11\\\/WhatsApp-Image-2025-10-26-at-15.37.39-1-scaled.jpeg&quot;,&quot;title&quot;:&quot;WhatsApp Image 2025-10-26 at 15.37.39 (1)&quot;,&quot;thumbnail&quot;:&quot;https:\\\/\\\/webpe.colegiomayor.cl\\\/wp-content\\\/uploads\\\/2025\\\/11\\\/WhatsApp-Image-2025-10-26-at-15.37.39-1-scaled-150x150.jpeg&quot;,&quot;description&quot;:&quot;&quot;,&quot;is_video&quot;:0,&quot;image_id&quot;:39739,&quot;width&quot;:2560,&quot;height&quot;:1920},{&quot;href&quot;:&quot;https:\\\/\\\/webpe.colegiomayor.cl\\\/wp-content\\\/uploads\\\/2025\\\/11\\\/WhatsApp-Image-2025-10-26-at-18.36.12-copia-2.jpeg&quot;,&quot;title&quot;:&quot;WhatsApp Image 2025-10-26 at 18.36.12 - copia (2)&quot;,&quot;thumbnail&quot;:&quot;https:\\\/\\\/webpe.colegiomayor.cl\\\/wp-content\\\/uploads\\\/2025\\\/11\\\/WhatsApp-Image-2025-10-26-at-18.36.12-copia-2-150x150.jpeg&quot;,&quot;description&quot;:&quot;&quot;,&quot;is_video&quot;:0,&quot;image_id&quot;:39740,&quot;width&quot;:1200,&quot;height&quot;:1600},{&quot;href&quot;:&quot;https:\\\/\\\/webpe.colegiomayor.cl\\\/wp-content\\\/uploads\\\/2025\\\/11\\\/WhatsApp-Image-2025-10-26-at-18.36.14-2.jpeg&quot;,&quot;title&quot;:&quot;WhatsApp Image 2025-10-26 at 18.36.14 (2)&quot;,&quot;thumbnail&quot;:&quot;https:\\\/\\\/webpe.colegiomayor.cl\\\/wp-content\\\/uploads\\\/2025\\\/11\\\/WhatsApp-Image-2025-10-26-at-18.36.14-2-150x150.jpeg&quot;,&quot;description&quot;:&quot;&quot;,&quot;is_video&quot;:0,&quot;image_id&quot;:39741,&quot;width&quot;:1600,&quot;height&quot;:1200},{&quot;href&quot;:&quot;https:\\\/\\\/webpe.colegiomayor.cl\\\/wp-content\\\/uploads\\\/2025\\\/11\\\/WhatsApp-Image-2025-10-26-at-18.36.15-9-copia.jpeg&quot;,&quot;title&quot;:&quot;WhatsApp Image 2025-10-26 at 18.36.15 (9) - copia&quot;,&quot;thumbnail&quot;:&quot;https:\\\/\\\/webpe.colegiomayor.cl\\\/wp-content\\\/uploads\\\/2025\\\/11\\\/WhatsApp-Image-2025-10-26-at-18.36.15-9-copia-150x150.jpeg&quot;,&quot;description&quot;:&quot;&quot;,&quot;is_video&quot;:0,&quot;image_id&quot;:39742,&quot;width&quot;:1200,&quot;height&quot;:1600},{&quot;href&quot;:&quot;https:\\\/\\\/webpe.colegiomayor.cl\\\/wp-content\\\/uploads\\\/2025\\\/11\\\/WhatsApp-Image-2025-10-26-at-18.36.16-5-copia.jpeg&quot;,&quot;title&quot;:&quot;WhatsApp Image 2025-10-26 at 18.36.16 (5) - copia&quot;,&quot;thumbnail&quot;:&quot;https:\\\/\\\/webpe.colegiomayor.cl\\\/wp-content\\\/uploads\\\/2025\\\/11\\\/WhatsApp-Image-2025-10-26-at-18.36.16-5-copia-150x150.jpeg&quot;,&quot;description&quot;:&quot;&quot;,&quot;is_video&quot;:0,&quot;image_id&quot;:39743,&quot;width&quot;:1200,&quot;height&quot;:1600},{&quot;href&quot;:&quot;https:\\\/\\\/webpe.colegiomayor.cl\\\/wp-content\\\/uploads\\\/2025\\\/11\\\/WhatsApp-Image-2025-10-26-at-18.36.48-12-copia.jpeg&quot;,&quot;title&quot;:&quot;WhatsApp Image 2025-10-26 at 18.36.48 (12) - copia&quot;,&quot;thumbnail&quot;:&quot;https:\\\/\\\/webpe.colegiomayor.cl\\\/wp-content\\\/uploads\\\/2025\\\/11\\\/WhatsApp-Image-2025-10-26-at-18.36.48-12-copia-150x150.jpeg&quot;,&quot;description&quot;:&quot;&quot;,&quot;is_video&quot;:0,&quot;image_id&quot;:39744,&quot;width&quot;:1280,&quot;height&quot;:959},{&quot;href&quot;:&quot;https:\\\/\\\/webpe.colegiomayor.cl\\\/wp-content\\\/uploads\\\/2025\\\/11\\\/WhatsApp-Image-2025-10-26-at-18.42.51.jpeg&quot;,&quot;title&quot;:&quot;WhatsApp Image 2025-10-26 at 18.42.51&quot;,&quot;thumbnail&quot;:&quot;https:\\\/\\\/webpe.colegiomayor.cl\\\/wp-content\\\/uploads\\\/2025\\\/11\\\/WhatsApp-Image-2025-10-26-at-18.42.51-150x150.jpeg&quot;,&quot;description&quot;:&quot;&quot;,&quot;is_video&quot;:0,&quot;image_id&quot;:39745,&quot;width&quot;:1280,&quot;height&quot;:960},{&quot;href&quot;:&quot;https:\\\/\\\/webpe.colegiomayor.cl\\\/wp-content\\\/uploads\\\/2025\\\/11\\\/WhatsApp-Image-2025-11-03-at-14.55.54-1-copia.jpeg&quot;,&quot;title&quot;:&quot;WhatsApp Image 2025-11-03 at 14.55.54 (1) - copia&quot;,&quot;thumbnail&quot;:&quot;https:\\\/\\\/webpe.colegiomayor.cl\\\/wp-content\\\/uploads\\\/2025\\\/11\\\/WhatsApp-Image-2025-11-03-at-14.55.54-1-copia-150x150.jpeg&quot;,&quot;description&quot;:&quot;&quot;,&quot;is_video&quot;:0,&quot;image_id&quot;:39746,&quot;width&quot;:1600,&quot;height&quot;:1200},{&quot;href&quot;:&quot;https:\\\/\\\/webpe.colegiomayor.cl\\\/wp-content\\\/uploads\\\/2025\\\/11\\\/WhatsApp-Image-2025-11-03-at-14.55.55-copia-4.jpeg&quot;,&quot;title&quot;:&quot;WhatsApp Image 2025-11-03 at 14.55.55 - copia (4)&quot;,&quot;thumbnail&quot;:&quot;https:\\\/\\\/webpe.colegiomayor.cl\\\/wp-content\\\/uploads\\\/2025\\\/11\\\/WhatsApp-Image-2025-11-03-at-14.55.55-copia-4-150x150.jpeg&quot;,&quot;description&quot;:&quot;&quot;,&quot;is_video&quot;:0,&quot;image_id&quot;:39747,&quot;width&quot;:1600,&quot;height&quot;:1200},{&quot;href&quot;:&quot;https:\\\/\\\/webpe.colegiomayor.cl\\\/wp-content\\\/uploads\\\/2025\\\/11\\\/WhatsApp-Image-2025-11-03-at-14.56.10-copia-2.jpeg&quot;,&quot;title&quot;:&quot;WhatsApp Image 2025-11-03 at 14.56.10 - copia (2)&quot;,&quot;thumbnail&quot;:&quot;https:\\\/\\\/webpe.colegiomayor.cl\\\/wp-content\\\/uploads\\\/2025\\\/11\\\/WhatsApp-Image-2025-11-03-at-14.56.10-copia-2-150x150.jpeg&quot;,&quot;description&quot;:&quot;&quot;,&quot;is_video&quot;:0,&quot;image_id&quot;:39748,&quot;width&quot;:1600,&quot;height&quot;:1200},{&quot;href&quot;:&quot;https:\\\/\\\/webpe.colegiomayor.cl\\\/wp-content\\\/uploads\\\/2025\\\/11\\\/WhatsApp-Image-2025-11-03-at-15.07.04.jpeg&quot;,&quot;title&quot;:&quot;WhatsApp Image 2025-11-03 at 15.07.04&quot;,&quot;thumbnail&quot;:&quot;https:\\\/\\\/webpe.colegiomayor.cl\\\/wp-content\\\/uploads\\\/2025\\\/11\\\/WhatsApp-Image-2025-11-03-at-15.07.04-150x150.jpeg&quot;,&quot;description&quot;:&quot;&quot;,&quot;is_video&quot;:0,&quot;image_id&quot;:39749,&quot;width&quot;:960,&quot;height&quot;:1280},{&quot;href&quot;:&quot;https:\\\/\\\/webpe.colegiomayor.cl\\\/wp-content\\\/uploads\\\/2025\\\/11\\\/WhatsApp-Image-2025-11-03-at-15.07.22.jpeg&quot;,&quot;title&quot;:&quot;WhatsApp Image 2025-11-03 at 15.07.22&quot;,&quot;thumbnail&quot;:&quot;https:\\\/\\\/webpe.colegiomayor.cl\\\/wp-content\\\/uploads\\\/2025\\\/11\\\/WhatsApp-Image-2025-11-03-at-15.07.22-150x150.jpeg&quot;,&quot;description&quot;:&quot;&quot;,&quot;is_video&quot;:0,&quot;image_id&quot;:39750,&quot;width&quot;:960,&quot;height&quot;:1280},{&quot;href&quot;:&quot;https:\\\/\\\/webpe.colegiomayor.cl\\\/wp-content\\\/uploads\\\/2025\\\/11\\\/WhatsApp-Image-2025-11-03-at-15.08.26.jpeg&quot;,&quot;title&quot;:&quot;WhatsApp Image 2025-11-03 at 15.08.26&quot;,&quot;thumbnail&quot;:&quot;https:\\\/\\\/webpe.colegiomayor.cl\\\/wp-content\\\/uploads\\\/2025\\\/11\\\/WhatsApp-Image-2025-11-03-at-15.08.26-150x150.jpeg&quot;,&quot;description&quot;:&quot;&quot;,&quot;is_video&quot;:0,&quot;image_id&quot;:39751,&quot;width&quot;:1200,&quot;height&quot;:1600}]}\">\r\n\t\t\t<div class=\"gallery-isotope-wrapper\">\r\n\t\t\t\t<div class=\"gt3pg-isotope-item loading \" ><div class=\"isotope_item-wrapper\"><a href=\"https:\/\/webpe.colegiomayor.cl\/wp-content\/uploads\/2025\/11\/WhatsApp-Image-2025-10-25-at-18.49.32-copia-3.jpeg\" class=\"gt3pg-lightbox\" data-elementor-open-lightbox=\"no\"><div class=\"img-wrapper \"><img loading=\"lazy\" decoding=\"async\" width=\"768\" height=\"576\" src=\"https:\/\/webpe.colegiomayor.cl\/wp-content\/uploads\/2025\/11\/WhatsApp-Image-2025-10-25-at-18.49.32-copia-3.jpeg\" class=\"skip-lazy gt3-lazy-image\" alt=\"\" data-lazy-srcset=\"https:\/\/webpe.colegiomayor.cl\/wp-content\/uploads\/2025\/11\/WhatsApp-Image-2025-10-25-at-18.49.32-copia-3.jpeg 1600w, https:\/\/webpe.colegiomayor.cl\/wp-content\/uploads\/2025\/11\/WhatsApp-Image-2025-10-25-at-18.49.32-copia-3-300x225.jpeg 300w\" data-lazy-sizes=\"(max-width: 768px) 100vw, 768px\" data-lazy-src=\"https:\/\/webpe.colegiomayor.cl\/wp-content\/uploads\/2025\/11\/WhatsApp-Image-2025-10-25-at-18.49.32-copia-3.jpeg?is-pending-load=1\" srcset=\"data:image\/png;base64,iVBORw0KGgoAAAANSUhEUgAAAE0AAAA5CAYAAABzuqZnAAAACXBIWXMAAA7EAAAOxAGVKw4bAAAAKElEQVR42u3BMQEAAADCoPVPbQlPoAAAAAAAAAAAAAAAAAAAAAAADgZEzQABzhJDggAAAABJRU5ErkJggg==\" \/><\/div><\/a><\/div><\/div><div class=\"gt3pg-isotope-item loading \" ><div class=\"isotope_item-wrapper\"><a href=\"https:\/\/webpe.colegiomayor.cl\/wp-content\/uploads\/2025\/11\/WhatsApp-Image-2025-10-26-at-15.37.38-5-copia-scaled.jpeg\" class=\"gt3pg-lightbox\" data-elementor-open-lightbox=\"no\"><div class=\"img-wrapper \"><img loading=\"lazy\" decoding=\"async\" width=\"768\" height=\"1024\" src=\"https:\/\/webpe.colegiomayor.cl\/wp-content\/uploads\/2025\/11\/WhatsApp-Image-2025-10-26-at-15.37.38-5-copia-scaled.jpeg\" class=\"skip-lazy gt3-lazy-image\" alt=\"\" data-lazy-srcset=\"https:\/\/webpe.colegiomayor.cl\/wp-content\/uploads\/2025\/11\/WhatsApp-Image-2025-10-26-at-15.37.38-5-copia-scaled.jpeg 1920w, https:\/\/webpe.colegiomayor.cl\/wp-content\/uploads\/2025\/11\/WhatsApp-Image-2025-10-26-at-15.37.38-5-copia-scaled-225x300.jpeg 225w, https:\/\/webpe.colegiomayor.cl\/wp-content\/uploads\/2025\/11\/WhatsApp-Image-2025-10-26-at-15.37.38-5-copia-scaled-768x1024.jpeg 768w\" data-lazy-sizes=\"(max-width: 768px) 100vw, 768px\" data-lazy-src=\"https:\/\/webpe.colegiomayor.cl\/wp-content\/uploads\/2025\/11\/WhatsApp-Image-2025-10-26-at-15.37.38-5-copia-scaled.jpeg?is-pending-load=1\" srcset=\"data:image\/png;base64,iVBORw0KGgoAAAANSUhEUgAAAE0AAABmCAYAAACOYhxFAAAACXBIWXMAAA7EAAAOxAGVKw4bAAAANUlEQVR42u3BgQAAAADDoPlTX+EAVQEAAAAAAAAAAAAAAAAAAAAAAAAAAAAAAAAAAAAAAMBrex4AARQEIPwAAAAASUVORK5CYII=\" \/><\/div><\/a><\/div><\/div><div class=\"gt3pg-isotope-item loading \" ><div class=\"isotope_item-wrapper\"><a href=\"https:\/\/webpe.colegiomayor.cl\/wp-content\/uploads\/2025\/11\/WhatsApp-Image-2025-10-26-at-15.37.38-15-copia-scaled.jpeg\" class=\"gt3pg-lightbox\" data-elementor-open-lightbox=\"no\"><div class=\"img-wrapper \"><img loading=\"lazy\" decoding=\"async\" width=\"768\" height=\"1024\" src=\"https:\/\/webpe.colegiomayor.cl\/wp-content\/uploads\/2025\/11\/WhatsApp-Image-2025-10-26-at-15.37.38-15-copia-scaled.jpeg\" class=\"skip-lazy gt3-lazy-image\" alt=\"\" data-lazy-srcset=\"https:\/\/webpe.colegiomayor.cl\/wp-content\/uploads\/2025\/11\/WhatsApp-Image-2025-10-26-at-15.37.38-15-copia-scaled.jpeg 1920w, https:\/\/webpe.colegiomayor.cl\/wp-content\/uploads\/2025\/11\/WhatsApp-Image-2025-10-26-at-15.37.38-15-copia-scaled-225x300.jpeg 225w, https:\/\/webpe.colegiomayor.cl\/wp-content\/uploads\/2025\/11\/WhatsApp-Image-2025-10-26-at-15.37.38-15-copia-scaled-768x1024.jpeg 768w\" data-lazy-sizes=\"(max-width: 768px) 100vw, 768px\" data-lazy-src=\"https:\/\/webpe.colegiomayor.cl\/wp-content\/uploads\/2025\/11\/WhatsApp-Image-2025-10-26-at-15.37.38-15-copia-scaled.jpeg?is-pending-load=1\" srcset=\"data:image\/png;base64,iVBORw0KGgoAAAANSUhEUgAAAE0AAABmCAYAAACOYhxFAAAACXBIWXMAAA7EAAAOxAGVKw4bAAAANUlEQVR42u3BgQAAAADDoPlTX+EAVQEAAAAAAAAAAAAAAAAAAAAAAAAAAAAAAAAAAAAAAMBrex4AARQEIPwAAAAASUVORK5CYII=\" \/><\/div><\/a><\/div><\/div><div class=\"gt3pg-isotope-item loading \" ><div class=\"isotope_item-wrapper\"><a href=\"https:\/\/webpe.colegiomayor.cl\/wp-content\/uploads\/2025\/11\/WhatsApp-Image-2025-10-26-at-15.37.39-1-scaled.jpeg\" class=\"gt3pg-lightbox\" data-elementor-open-lightbox=\"no\"><div class=\"img-wrapper \"><img loading=\"lazy\" decoding=\"async\" width=\"768\" height=\"576\" src=\"https:\/\/webpe.colegiomayor.cl\/wp-content\/uploads\/2025\/11\/WhatsApp-Image-2025-10-26-at-15.37.39-1-scaled.jpeg\" class=\"skip-lazy gt3-lazy-image\" alt=\"\" data-lazy-srcset=\"https:\/\/webpe.colegiomayor.cl\/wp-content\/uploads\/2025\/11\/WhatsApp-Image-2025-10-26-at-15.37.39-1-scaled.jpeg 2560w, https:\/\/webpe.colegiomayor.cl\/wp-content\/uploads\/2025\/11\/WhatsApp-Image-2025-10-26-at-15.37.39-1-scaled-300x225.jpeg 300w, https:\/\/webpe.colegiomayor.cl\/wp-content\/uploads\/2025\/11\/WhatsApp-Image-2025-10-26-at-15.37.39-1-scaled-150x113.jpeg 150w\" data-lazy-sizes=\"(max-width: 768px) 100vw, 768px\" data-lazy-src=\"https:\/\/webpe.colegiomayor.cl\/wp-content\/uploads\/2025\/11\/WhatsApp-Image-2025-10-26-at-15.37.39-1-scaled.jpeg?is-pending-load=1\" srcset=\"data:image\/png;base64,iVBORw0KGgoAAAANSUhEUgAAAE0AAAA5CAYAAABzuqZnAAAACXBIWXMAAA7EAAAOxAGVKw4bAAAAKElEQVR42u3BMQEAAADCoPVPbQlPoAAAAAAAAAAAAAAAAAAAAAAADgZEzQABzhJDggAAAABJRU5ErkJggg==\" \/><\/div><\/a><\/div><\/div><div class=\"gt3pg-isotope-item loading \" ><div class=\"isotope_item-wrapper\"><a href=\"https:\/\/webpe.colegiomayor.cl\/wp-content\/uploads\/2025\/11\/WhatsApp-Image-2025-10-26-at-18.36.12-copia-2.jpeg\" class=\"gt3pg-lightbox\" data-elementor-open-lightbox=\"no\"><div class=\"img-wrapper \"><img loading=\"lazy\" decoding=\"async\" width=\"768\" height=\"1024\" src=\"https:\/\/webpe.colegiomayor.cl\/wp-content\/uploads\/2025\/11\/WhatsApp-Image-2025-10-26-at-18.36.12-copia-2.jpeg\" class=\"skip-lazy gt3-lazy-image\" alt=\"\" data-lazy-srcset=\"https:\/\/webpe.colegiomayor.cl\/wp-content\/uploads\/2025\/11\/WhatsApp-Image-2025-10-26-at-18.36.12-copia-2.jpeg 1200w, https:\/\/webpe.colegiomayor.cl\/wp-content\/uploads\/2025\/11\/WhatsApp-Image-2025-10-26-at-18.36.12-copia-2-225x300.jpeg 225w, https:\/\/webpe.colegiomayor.cl\/wp-content\/uploads\/2025\/11\/WhatsApp-Image-2025-10-26-at-18.36.12-copia-2-768x1024.jpeg 768w\" data-lazy-sizes=\"(max-width: 768px) 100vw, 768px\" data-lazy-src=\"https:\/\/webpe.colegiomayor.cl\/wp-content\/uploads\/2025\/11\/WhatsApp-Image-2025-10-26-at-18.36.12-copia-2.jpeg?is-pending-load=1\" srcset=\"data:image\/png;base64,iVBORw0KGgoAAAANSUhEUgAAAE0AAABmCAYAAACOYhxFAAAACXBIWXMAAA7EAAAOxAGVKw4bAAAANUlEQVR42u3BgQAAAADDoPlTX+EAVQEAAAAAAAAAAAAAAAAAAAAAAAAAAAAAAAAAAAAAAMBrex4AARQEIPwAAAAASUVORK5CYII=\" \/><\/div><\/a><\/div><\/div><div class=\"gt3pg-isotope-item loading \" ><div class=\"isotope_item-wrapper\"><a href=\"https:\/\/webpe.colegiomayor.cl\/wp-content\/uploads\/2025\/11\/WhatsApp-Image-2025-10-26-at-18.36.14-2.jpeg\" class=\"gt3pg-lightbox\" data-elementor-open-lightbox=\"no\"><div class=\"img-wrapper \"><img loading=\"lazy\" decoding=\"async\" width=\"768\" height=\"576\" src=\"https:\/\/webpe.colegiomayor.cl\/wp-content\/uploads\/2025\/11\/WhatsApp-Image-2025-10-26-at-18.36.14-2.jpeg\" class=\"skip-lazy gt3-lazy-image\" alt=\"\" data-lazy-srcset=\"https:\/\/webpe.colegiomayor.cl\/wp-content\/uploads\/2025\/11\/WhatsApp-Image-2025-10-26-at-18.36.14-2.jpeg 1600w, https:\/\/webpe.colegiomayor.cl\/wp-content\/uploads\/2025\/11\/WhatsApp-Image-2025-10-26-at-18.36.14-2-300x225.jpeg 300w\" data-lazy-sizes=\"(max-width: 768px) 100vw, 768px\" data-lazy-src=\"https:\/\/webpe.colegiomayor.cl\/wp-content\/uploads\/2025\/11\/WhatsApp-Image-2025-10-26-at-18.36.14-2.jpeg?is-pending-load=1\" srcset=\"data:image\/png;base64,iVBORw0KGgoAAAANSUhEUgAAAE0AAAA5CAYAAABzuqZnAAAACXBIWXMAAA7EAAAOxAGVKw4bAAAAKElEQVR42u3BMQEAAADCoPVPbQlPoAAAAAAAAAAAAAAAAAAAAAAADgZEzQABzhJDggAAAABJRU5ErkJggg==\" \/><\/div><\/a><\/div><\/div><div class=\"gt3pg-isotope-item loading \" ><div class=\"isotope_item-wrapper\"><a href=\"https:\/\/webpe.colegiomayor.cl\/wp-content\/uploads\/2025\/11\/WhatsApp-Image-2025-10-26-at-18.36.15-9-copia.jpeg\" class=\"gt3pg-lightbox\" data-elementor-open-lightbox=\"no\"><div class=\"img-wrapper \"><img loading=\"lazy\" decoding=\"async\" width=\"768\" height=\"1024\" src=\"https:\/\/webpe.colegiomayor.cl\/wp-content\/uploads\/2025\/11\/WhatsApp-Image-2025-10-26-at-18.36.15-9-copia.jpeg\" class=\"skip-lazy gt3-lazy-image\" alt=\"\" data-lazy-srcset=\"https:\/\/webpe.colegiomayor.cl\/wp-content\/uploads\/2025\/11\/WhatsApp-Image-2025-10-26-at-18.36.15-9-copia.jpeg 1200w, https:\/\/webpe.colegiomayor.cl\/wp-content\/uploads\/2025\/11\/WhatsApp-Image-2025-10-26-at-18.36.15-9-copia-225x300.jpeg 225w, https:\/\/webpe.colegiomayor.cl\/wp-content\/uploads\/2025\/11\/WhatsApp-Image-2025-10-26-at-18.36.15-9-copia-768x1024.jpeg 768w\" data-lazy-sizes=\"(max-width: 768px) 100vw, 768px\" data-lazy-src=\"https:\/\/webpe.colegiomayor.cl\/wp-content\/uploads\/2025\/11\/WhatsApp-Image-2025-10-26-at-18.36.15-9-copia.jpeg?is-pending-load=1\" srcset=\"data:image\/png;base64,iVBORw0KGgoAAAANSUhEUgAAAE0AAABmCAYAAACOYhxFAAAACXBIWXMAAA7EAAAOxAGVKw4bAAAANUlEQVR42u3BgQAAAADDoPlTX+EAVQEAAAAAAAAAAAAAAAAAAAAAAAAAAAAAAAAAAAAAAMBrex4AARQEIPwAAAAASUVORK5CYII=\" \/><\/div><\/a><\/div><\/div><div class=\"gt3pg-isotope-item loading \" ><div class=\"isotope_item-wrapper\"><a href=\"https:\/\/webpe.colegiomayor.cl\/wp-content\/uploads\/2025\/11\/WhatsApp-Image-2025-10-26-at-18.36.16-5-copia.jpeg\" class=\"gt3pg-lightbox\" data-elementor-open-lightbox=\"no\"><div class=\"img-wrapper \"><img loading=\"lazy\" decoding=\"async\" width=\"768\" height=\"1024\" src=\"https:\/\/webpe.colegiomayor.cl\/wp-content\/uploads\/2025\/11\/WhatsApp-Image-2025-10-26-at-18.36.16-5-copia.jpeg\" class=\"skip-lazy gt3-lazy-image\" alt=\"\" data-lazy-srcset=\"https:\/\/webpe.colegiomayor.cl\/wp-content\/uploads\/2025\/11\/WhatsApp-Image-2025-10-26-at-18.36.16-5-copia.jpeg 1200w, https:\/\/webpe.colegiomayor.cl\/wp-content\/uploads\/2025\/11\/WhatsApp-Image-2025-10-26-at-18.36.16-5-copia-225x300.jpeg 225w, https:\/\/webpe.colegiomayor.cl\/wp-content\/uploads\/2025\/11\/WhatsApp-Image-2025-10-26-at-18.36.16-5-copia-768x1024.jpeg 768w\" data-lazy-sizes=\"(max-width: 768px) 100vw, 768px\" data-lazy-src=\"https:\/\/webpe.colegiomayor.cl\/wp-content\/uploads\/2025\/11\/WhatsApp-Image-2025-10-26-at-18.36.16-5-copia.jpeg?is-pending-load=1\" srcset=\"data:image\/png;base64,iVBORw0KGgoAAAANSUhEUgAAAE0AAABmCAYAAACOYhxFAAAACXBIWXMAAA7EAAAOxAGVKw4bAAAANUlEQVR42u3BgQAAAADDoPlTX+EAVQEAAAAAAAAAAAAAAAAAAAAAAAAAAAAAAAAAAAAAAMBrex4AARQEIPwAAAAASUVORK5CYII=\" \/><\/div><\/a><\/div><\/div><div class=\"gt3pg-isotope-item loading \" ><div class=\"isotope_item-wrapper\"><a href=\"https:\/\/webpe.colegiomayor.cl\/wp-content\/uploads\/2025\/11\/WhatsApp-Image-2025-10-26-at-18.36.48-12-copia.jpeg\" class=\"gt3pg-lightbox\" data-elementor-open-lightbox=\"no\"><div class=\"img-wrapper \"><img loading=\"lazy\" decoding=\"async\" width=\"768\" height=\"575\" src=\"https:\/\/webpe.colegiomayor.cl\/wp-content\/uploads\/2025\/11\/WhatsApp-Image-2025-10-26-at-18.36.48-12-copia.jpeg\" class=\"skip-lazy gt3-lazy-image\" alt=\"\" data-lazy-srcset=\"https:\/\/webpe.colegiomayor.cl\/wp-content\/uploads\/2025\/11\/WhatsApp-Image-2025-10-26-at-18.36.48-12-copia.jpeg 1280w, https:\/\/webpe.colegiomayor.cl\/wp-content\/uploads\/2025\/11\/WhatsApp-Image-2025-10-26-at-18.36.48-12-copia-300x225.jpeg 300w\" data-lazy-sizes=\"(max-width: 768px) 100vw, 768px\" data-lazy-src=\"https:\/\/webpe.colegiomayor.cl\/wp-content\/uploads\/2025\/11\/WhatsApp-Image-2025-10-26-at-18.36.48-12-copia.jpeg?is-pending-load=1\" srcset=\"data:image\/png;base64,iVBORw0KGgoAAAANSUhEUgAAAE0AAAA5CAYAAABzuqZnAAAACXBIWXMAAA7EAAAOxAGVKw4bAAAAKElEQVR42u3BMQEAAADCoPVPbQlPoAAAAAAAAAAAAAAAAAAAAAAADgZEzQABzhJDggAAAABJRU5ErkJggg==\" \/><\/div><\/a><\/div><\/div><div class=\"gt3pg-isotope-item loading \" ><div class=\"isotope_item-wrapper\"><a href=\"https:\/\/webpe.colegiomayor.cl\/wp-content\/uploads\/2025\/11\/WhatsApp-Image-2025-10-26-at-18.42.51.jpeg\" class=\"gt3pg-lightbox\" data-elementor-open-lightbox=\"no\"><div class=\"img-wrapper \"><img loading=\"lazy\" decoding=\"async\" width=\"768\" height=\"576\" src=\"https:\/\/webpe.colegiomayor.cl\/wp-content\/uploads\/2025\/11\/WhatsApp-Image-2025-10-26-at-18.42.51.jpeg\" class=\"skip-lazy gt3-lazy-image\" alt=\"\" data-lazy-srcset=\"https:\/\/webpe.colegiomayor.cl\/wp-content\/uploads\/2025\/11\/WhatsApp-Image-2025-10-26-at-18.42.51.jpeg 1280w, https:\/\/webpe.colegiomayor.cl\/wp-content\/uploads\/2025\/11\/WhatsApp-Image-2025-10-26-at-18.42.51-300x225.jpeg 300w\" data-lazy-sizes=\"(max-width: 768px) 100vw, 768px\" data-lazy-src=\"https:\/\/webpe.colegiomayor.cl\/wp-content\/uploads\/2025\/11\/WhatsApp-Image-2025-10-26-at-18.42.51.jpeg?is-pending-load=1\" srcset=\"data:image\/png;base64,iVBORw0KGgoAAAANSUhEUgAAAE0AAAA5CAYAAABzuqZnAAAACXBIWXMAAA7EAAAOxAGVKw4bAAAAKElEQVR42u3BMQEAAADCoPVPbQlPoAAAAAAAAAAAAAAAAAAAAAAADgZEzQABzhJDggAAAABJRU5ErkJggg==\" \/><\/div><\/a><\/div><\/div><div class=\"gt3pg-isotope-item loading \" ><div class=\"isotope_item-wrapper\"><a href=\"https:\/\/webpe.colegiomayor.cl\/wp-content\/uploads\/2025\/11\/WhatsApp-Image-2025-11-03-at-14.55.54-1-copia.jpeg\" class=\"gt3pg-lightbox\" data-elementor-open-lightbox=\"no\"><div class=\"img-wrapper \"><img loading=\"lazy\" decoding=\"async\" width=\"768\" height=\"576\" src=\"https:\/\/webpe.colegiomayor.cl\/wp-content\/uploads\/2025\/11\/WhatsApp-Image-2025-11-03-at-14.55.54-1-copia.jpeg\" class=\"skip-lazy gt3-lazy-image\" alt=\"\" data-lazy-srcset=\"https:\/\/webpe.colegiomayor.cl\/wp-content\/uploads\/2025\/11\/WhatsApp-Image-2025-11-03-at-14.55.54-1-copia.jpeg 1600w, https:\/\/webpe.colegiomayor.cl\/wp-content\/uploads\/2025\/11\/WhatsApp-Image-2025-11-03-at-14.55.54-1-copia-300x225.jpeg 300w\" data-lazy-sizes=\"(max-width: 768px) 100vw, 768px\" data-lazy-src=\"https:\/\/webpe.colegiomayor.cl\/wp-content\/uploads\/2025\/11\/WhatsApp-Image-2025-11-03-at-14.55.54-1-copia.jpeg?is-pending-load=1\" srcset=\"data:image\/png;base64,iVBORw0KGgoAAAANSUhEUgAAAE0AAAA5CAYAAABzuqZnAAAACXBIWXMAAA7EAAAOxAGVKw4bAAAAKElEQVR42u3BMQEAAADCoPVPbQlPoAAAAAAAAAAAAAAAAAAAAAAADgZEzQABzhJDggAAAABJRU5ErkJggg==\" \/><\/div><\/a><\/div><\/div><div class=\"gt3pg-isotope-item loading \" ><div class=\"isotope_item-wrapper\"><a href=\"https:\/\/webpe.colegiomayor.cl\/wp-content\/uploads\/2025\/11\/WhatsApp-Image-2025-11-03-at-14.55.55-copia-4.jpeg\" class=\"gt3pg-lightbox\" data-elementor-open-lightbox=\"no\"><div class=\"img-wrapper \"><img loading=\"lazy\" decoding=\"async\" width=\"768\" height=\"576\" src=\"https:\/\/webpe.colegiomayor.cl\/wp-content\/uploads\/2025\/11\/WhatsApp-Image-2025-11-03-at-14.55.55-copia-4.jpeg\" class=\"skip-lazy gt3-lazy-image\" alt=\"\" data-lazy-srcset=\"https:\/\/webpe.colegiomayor.cl\/wp-content\/uploads\/2025\/11\/WhatsApp-Image-2025-11-03-at-14.55.55-copia-4.jpeg 1600w, https:\/\/webpe.colegiomayor.cl\/wp-content\/uploads\/2025\/11\/WhatsApp-Image-2025-11-03-at-14.55.55-copia-4-300x225.jpeg 300w\" data-lazy-sizes=\"(max-width: 768px) 100vw, 768px\" data-lazy-src=\"https:\/\/webpe.colegiomayor.cl\/wp-content\/uploads\/2025\/11\/WhatsApp-Image-2025-11-03-at-14.55.55-copia-4.jpeg?is-pending-load=1\" srcset=\"data:image\/png;base64,iVBORw0KGgoAAAANSUhEUgAAAE0AAAA5CAYAAABzuqZnAAAACXBIWXMAAA7EAAAOxAGVKw4bAAAAKElEQVR42u3BMQEAAADCoPVPbQlPoAAAAAAAAAAAAAAAAAAAAAAADgZEzQABzhJDggAAAABJRU5ErkJggg==\" \/><\/div><\/a><\/div><\/div><div class=\"gt3pg-isotope-item loading \" ><div class=\"isotope_item-wrapper\"><a href=\"https:\/\/webpe.colegiomayor.cl\/wp-content\/uploads\/2025\/11\/WhatsApp-Image-2025-11-03-at-14.56.10-copia-2.jpeg\" class=\"gt3pg-lightbox\" data-elementor-open-lightbox=\"no\"><div class=\"img-wrapper \"><img loading=\"lazy\" decoding=\"async\" width=\"768\" height=\"576\" src=\"https:\/\/webpe.colegiomayor.cl\/wp-content\/uploads\/2025\/11\/WhatsApp-Image-2025-11-03-at-14.56.10-copia-2.jpeg\" class=\"skip-lazy gt3-lazy-image\" alt=\"\" data-lazy-srcset=\"https:\/\/webpe.colegiomayor.cl\/wp-content\/uploads\/2025\/11\/WhatsApp-Image-2025-11-03-at-14.56.10-copia-2.jpeg 1600w, https:\/\/webpe.colegiomayor.cl\/wp-content\/uploads\/2025\/11\/WhatsApp-Image-2025-11-03-at-14.56.10-copia-2-300x225.jpeg 300w\" data-lazy-sizes=\"(max-width: 768px) 100vw, 768px\" data-lazy-src=\"https:\/\/webpe.colegiomayor.cl\/wp-content\/uploads\/2025\/11\/WhatsApp-Image-2025-11-03-at-14.56.10-copia-2.jpeg?is-pending-load=1\" srcset=\"data:image\/png;base64,iVBORw0KGgoAAAANSUhEUgAAAE0AAAA5CAYAAABzuqZnAAAACXBIWXMAAA7EAAAOxAGVKw4bAAAAKElEQVR42u3BMQEAAADCoPVPbQlPoAAAAAAAAAAAAAAAAAAAAAAADgZEzQABzhJDggAAAABJRU5ErkJggg==\" \/><\/div><\/a><\/div><\/div><div class=\"gt3pg-isotope-item loading \" ><div class=\"isotope_item-wrapper\"><a href=\"https:\/\/webpe.colegiomayor.cl\/wp-content\/uploads\/2025\/11\/WhatsApp-Image-2025-11-03-at-15.07.04.jpeg\" class=\"gt3pg-lightbox\" data-elementor-open-lightbox=\"no\"><div class=\"img-wrapper \"><img loading=\"lazy\" decoding=\"async\" width=\"768\" height=\"1024\" src=\"https:\/\/webpe.colegiomayor.cl\/wp-content\/uploads\/2025\/11\/WhatsApp-Image-2025-11-03-at-15.07.04.jpeg\" class=\"skip-lazy gt3-lazy-image\" alt=\"\" data-lazy-srcset=\"https:\/\/webpe.colegiomayor.cl\/wp-content\/uploads\/2025\/11\/WhatsApp-Image-2025-11-03-at-15.07.04.jpeg 960w, https:\/\/webpe.colegiomayor.cl\/wp-content\/uploads\/2025\/11\/WhatsApp-Image-2025-11-03-at-15.07.04-225x300.jpeg 225w, https:\/\/webpe.colegiomayor.cl\/wp-content\/uploads\/2025\/11\/WhatsApp-Image-2025-11-03-at-15.07.04-768x1024.jpeg 768w\" data-lazy-sizes=\"(max-width: 768px) 100vw, 768px\" data-lazy-src=\"https:\/\/webpe.colegiomayor.cl\/wp-content\/uploads\/2025\/11\/WhatsApp-Image-2025-11-03-at-15.07.04.jpeg?is-pending-load=1\" srcset=\"data:image\/png;base64,iVBORw0KGgoAAAANSUhEUgAAAE0AAABmCAYAAACOYhxFAAAACXBIWXMAAA7EAAAOxAGVKw4bAAAANUlEQVR42u3BgQAAAADDoPlTX+EAVQEAAAAAAAAAAAAAAAAAAAAAAAAAAAAAAAAAAAAAAMBrex4AARQEIPwAAAAASUVORK5CYII=\" \/><\/div><\/a><\/div><\/div><div class=\"gt3pg-isotope-item loading \" ><div class=\"isotope_item-wrapper\"><a href=\"https:\/\/webpe.colegiomayor.cl\/wp-content\/uploads\/2025\/11\/WhatsApp-Image-2025-11-03-at-15.07.22.jpeg\" class=\"gt3pg-lightbox\" data-elementor-open-lightbox=\"no\"><div class=\"img-wrapper \"><img loading=\"lazy\" decoding=\"async\" width=\"768\" height=\"1024\" src=\"https:\/\/webpe.colegiomayor.cl\/wp-content\/uploads\/2025\/11\/WhatsApp-Image-2025-11-03-at-15.07.22.jpeg\" class=\"skip-lazy gt3-lazy-image\" alt=\"\" data-lazy-srcset=\"https:\/\/webpe.colegiomayor.cl\/wp-content\/uploads\/2025\/11\/WhatsApp-Image-2025-11-03-at-15.07.22.jpeg 960w, https:\/\/webpe.colegiomayor.cl\/wp-content\/uploads\/2025\/11\/WhatsApp-Image-2025-11-03-at-15.07.22-225x300.jpeg 225w, https:\/\/webpe.colegiomayor.cl\/wp-content\/uploads\/2025\/11\/WhatsApp-Image-2025-11-03-at-15.07.22-768x1024.jpeg 768w\" data-lazy-sizes=\"(max-width: 768px) 100vw, 768px\" data-lazy-src=\"https:\/\/webpe.colegiomayor.cl\/wp-content\/uploads\/2025\/11\/WhatsApp-Image-2025-11-03-at-15.07.22.jpeg?is-pending-load=1\" srcset=\"data:image\/png;base64,iVBORw0KGgoAAAANSUhEUgAAAE0AAABmCAYAAACOYhxFAAAACXBIWXMAAA7EAAAOxAGVKw4bAAAANUlEQVR42u3BgQAAAADDoPlTX+EAVQEAAAAAAAAAAAAAAAAAAAAAAAAAAAAAAAAAAAAAAMBrex4AARQEIPwAAAAASUVORK5CYII=\" \/><\/div><\/a><\/div><\/div><div class=\"gt3pg-isotope-item loading \" ><div class=\"isotope_item-wrapper\"><a href=\"https:\/\/webpe.colegiomayor.cl\/wp-content\/uploads\/2025\/11\/WhatsApp-Image-2025-11-03-at-15.08.26.jpeg\" class=\"gt3pg-lightbox\" data-elementor-open-lightbox=\"no\"><div class=\"img-wrapper \"><img loading=\"lazy\" decoding=\"async\" width=\"768\" height=\"1024\" src=\"https:\/\/webpe.colegiomayor.cl\/wp-content\/uploads\/2025\/11\/WhatsApp-Image-2025-11-03-at-15.08.26.jpeg\" class=\"skip-lazy gt3-lazy-image\" alt=\"\" data-lazy-srcset=\"https:\/\/webpe.colegiomayor.cl\/wp-content\/uploads\/2025\/11\/WhatsApp-Image-2025-11-03-at-15.08.26.jpeg 1200w, https:\/\/webpe.colegiomayor.cl\/wp-content\/uploads\/2025\/11\/WhatsApp-Image-2025-11-03-at-15.08.26-225x300.jpeg 225w, https:\/\/webpe.colegiomayor.cl\/wp-content\/uploads\/2025\/11\/WhatsApp-Image-2025-11-03-at-15.08.26-768x1024.jpeg 768w\" data-lazy-sizes=\"(max-width: 768px) 100vw, 768px\" data-lazy-src=\"https:\/\/webpe.colegiomayor.cl\/wp-content\/uploads\/2025\/11\/WhatsApp-Image-2025-11-03-at-15.08.26.jpeg?is-pending-load=1\" srcset=\"data:image\/png;base64,iVBORw0KGgoAAAANSUhEUgAAAE0AAABmCAYAAACOYhxFAAAACXBIWXMAAA7EAAAOxAGVKw4bAAAANUlEQVR42u3BgQAAAADDoPlTX+EAVQEAAAAAAAAAAAAAAAAAAAAAAAAAAAAAAAAAAAAAAMBrex4AARQEIPwAAAAASUVORK5CYII=\" \/><\/div><\/a><\/div><\/div>\t\t\t<\/div>\r\n\t\t<\/div>\r\n\t\t<script type=\"application\/json\" id=\"settings--uid-007354a0444ba795\">{\"lightbox\":{\"enable\":true,\"options\":{\"instance\":1}},\"id\":1,\"uid\":\"uid-007354a0444ba795\",\"modules\":[\"Lightbox\"],\"lightboxArray\":[{\"href\":\"https:\\\/\\\/webpe.colegiomayor.cl\\\/wp-content\\\/uploads\\\/2025\\\/11\\\/WhatsApp-Image-2025-10-25-at-18.49.32-copia-3.jpeg\",\"title\":\"WhatsApp Image 2025-10-25 at 18.49.32 - copia (3)\",\"thumbnail\":\"https:\\\/\\\/webpe.colegiomayor.cl\\\/wp-content\\\/uploads\\\/2025\\\/11\\\/WhatsApp-Image-2025-10-25-at-18.49.32-copia-3-150x150.jpeg\",\"description\":\"\",\"is_video\":0,\"image_id\":39735,\"width\":1600,\"height\":1200},{\"href\":\"https:\\\/\\\/webpe.colegiomayor.cl\\\/wp-content\\\/uploads\\\/2025\\\/11\\\/WhatsApp-Image-2025-10-26-at-15.37.38-5-copia-scaled.jpeg\",\"title\":\"WhatsApp Image 2025-10-26 at 15.37.38 (5) - copia\",\"thumbnail\":\"https:\\\/\\\/webpe.colegiomayor.cl\\\/wp-content\\\/uploads\\\/2025\\\/11\\\/WhatsApp-Image-2025-10-26-at-15.37.38-5-copia-scaled-150x150.jpeg\",\"description\":\"\",\"is_video\":0,\"image_id\":39736,\"width\":1920,\"height\":2560},{\"href\":\"https:\\\/\\\/webpe.colegiomayor.cl\\\/wp-content\\\/uploads\\\/2025\\\/11\\\/WhatsApp-Image-2025-10-26-at-15.37.38-15-copia-scaled.jpeg\",\"title\":\"WhatsApp Image 2025-10-26 at 15.37.38 (15) - copia\",\"thumbnail\":\"https:\\\/\\\/webpe.colegiomayor.cl\\\/wp-content\\\/uploads\\\/2025\\\/11\\\/WhatsApp-Image-2025-10-26-at-15.37.38-15-copia-scaled-150x150.jpeg\",\"description\":\"\",\"is_video\":0,\"image_id\":39738,\"width\":1920,\"height\":2560},{\"href\":\"https:\\\/\\\/webpe.colegiomayor.cl\\\/wp-content\\\/uploads\\\/2025\\\/11\\\/WhatsApp-Image-2025-10-26-at-15.37.39-1-scaled.jpeg\",\"title\":\"WhatsApp Image 2025-10-26 at 15.37.39 (1)\",\"thumbnail\":\"https:\\\/\\\/webpe.colegiomayor.cl\\\/wp-content\\\/uploads\\\/2025\\\/11\\\/WhatsApp-Image-2025-10-26-at-15.37.39-1-scaled-150x150.jpeg\",\"description\":\"\",\"is_video\":0,\"image_id\":39739,\"width\":2560,\"height\":1920},{\"href\":\"https:\\\/\\\/webpe.colegiomayor.cl\\\/wp-content\\\/uploads\\\/2025\\\/11\\\/WhatsApp-Image-2025-10-26-at-18.36.12-copia-2.jpeg\",\"title\":\"WhatsApp Image 2025-10-26 at 18.36.12 - copia (2)\",\"thumbnail\":\"https:\\\/\\\/webpe.colegiomayor.cl\\\/wp-content\\\/uploads\\\/2025\\\/11\\\/WhatsApp-Image-2025-10-26-at-18.36.12-copia-2-150x150.jpeg\",\"description\":\"\",\"is_video\":0,\"image_id\":39740,\"width\":1200,\"height\":1600},{\"href\":\"https:\\\/\\\/webpe.colegiomayor.cl\\\/wp-content\\\/uploads\\\/2025\\\/11\\\/WhatsApp-Image-2025-10-26-at-18.36.14-2.jpeg\",\"title\":\"WhatsApp Image 2025-10-26 at 18.36.14 (2)\",\"thumbnail\":\"https:\\\/\\\/webpe.colegiomayor.cl\\\/wp-content\\\/uploads\\\/2025\\\/11\\\/WhatsApp-Image-2025-10-26-at-18.36.14-2-150x150.jpeg\",\"description\":\"\",\"is_video\":0,\"image_id\":39741,\"width\":1600,\"height\":1200},{\"href\":\"https:\\\/\\\/webpe.colegiomayor.cl\\\/wp-content\\\/uploads\\\/2025\\\/11\\\/WhatsApp-Image-2025-10-26-at-18.36.15-9-copia.jpeg\",\"title\":\"WhatsApp Image 2025-10-26 at 18.36.15 (9) - copia\",\"thumbnail\":\"https:\\\/\\\/webpe.colegiomayor.cl\\\/wp-content\\\/uploads\\\/2025\\\/11\\\/WhatsApp-Image-2025-10-26-at-18.36.15-9-copia-150x150.jpeg\",\"description\":\"\",\"is_video\":0,\"image_id\":39742,\"width\":1200,\"height\":1600},{\"href\":\"https:\\\/\\\/webpe.colegiomayor.cl\\\/wp-content\\\/uploads\\\/2025\\\/11\\\/WhatsApp-Image-2025-10-26-at-18.36.16-5-copia.jpeg\",\"title\":\"WhatsApp Image 2025-10-26 at 18.36.16 (5) - copia\",\"thumbnail\":\"https:\\\/\\\/webpe.colegiomayor.cl\\\/wp-content\\\/uploads\\\/2025\\\/11\\\/WhatsApp-Image-2025-10-26-at-18.36.16-5-copia-150x150.jpeg\",\"description\":\"\",\"is_video\":0,\"image_id\":39743,\"width\":1200,\"height\":1600},{\"href\":\"https:\\\/\\\/webpe.colegiomayor.cl\\\/wp-content\\\/uploads\\\/2025\\\/11\\\/WhatsApp-Image-2025-10-26-at-18.36.48-12-copia.jpeg\",\"title\":\"WhatsApp Image 2025-10-26 at 18.36.48 (12) - copia\",\"thumbnail\":\"https:\\\/\\\/webpe.colegiomayor.cl\\\/wp-content\\\/uploads\\\/2025\\\/11\\\/WhatsApp-Image-2025-10-26-at-18.36.48-12-copia-150x150.jpeg\",\"description\":\"\",\"is_video\":0,\"image_id\":39744,\"width\":1280,\"height\":959},{\"href\":\"https:\\\/\\\/webpe.colegiomayor.cl\\\/wp-content\\\/uploads\\\/2025\\\/11\\\/WhatsApp-Image-2025-10-26-at-18.42.51.jpeg\",\"title\":\"WhatsApp Image 2025-10-26 at 18.42.51\",\"thumbnail\":\"https:\\\/\\\/webpe.colegiomayor.cl\\\/wp-content\\\/uploads\\\/2025\\\/11\\\/WhatsApp-Image-2025-10-26-at-18.42.51-150x150.jpeg\",\"description\":\"\",\"is_video\":0,\"image_id\":39745,\"width\":1280,\"height\":960},{\"href\":\"https:\\\/\\\/webpe.colegiomayor.cl\\\/wp-content\\\/uploads\\\/2025\\\/11\\\/WhatsApp-Image-2025-11-03-at-14.55.54-1-copia.jpeg\",\"title\":\"WhatsApp Image 2025-11-03 at 14.55.54 (1) - copia\",\"thumbnail\":\"https:\\\/\\\/webpe.colegiomayor.cl\\\/wp-content\\\/uploads\\\/2025\\\/11\\\/WhatsApp-Image-2025-11-03-at-14.55.54-1-copia-150x150.jpeg\",\"description\":\"\",\"is_video\":0,\"image_id\":39746,\"width\":1600,\"height\":1200},{\"href\":\"https:\\\/\\\/webpe.colegiomayor.cl\\\/wp-content\\\/uploads\\\/2025\\\/11\\\/WhatsApp-Image-2025-11-03-at-14.55.55-copia-4.jpeg\",\"title\":\"WhatsApp Image 2025-11-03 at 14.55.55 - copia (4)\",\"thumbnail\":\"https:\\\/\\\/webpe.colegiomayor.cl\\\/wp-content\\\/uploads\\\/2025\\\/11\\\/WhatsApp-Image-2025-11-03-at-14.55.55-copia-4-150x150.jpeg\",\"description\":\"\",\"is_video\":0,\"image_id\":39747,\"width\":1600,\"height\":1200},{\"href\":\"https:\\\/\\\/webpe.colegiomayor.cl\\\/wp-content\\\/uploads\\\/2025\\\/11\\\/WhatsApp-Image-2025-11-03-at-14.56.10-copia-2.jpeg\",\"title\":\"WhatsApp Image 2025-11-03 at 14.56.10 - copia (2)\",\"thumbnail\":\"https:\\\/\\\/webpe.colegiomayor.cl\\\/wp-content\\\/uploads\\\/2025\\\/11\\\/WhatsApp-Image-2025-11-03-at-14.56.10-copia-2-150x150.jpeg\",\"description\":\"\",\"is_video\":0,\"image_id\":39748,\"width\":1600,\"height\":1200},{\"href\":\"https:\\\/\\\/webpe.colegiomayor.cl\\\/wp-content\\\/uploads\\\/2025\\\/11\\\/WhatsApp-Image-2025-11-03-at-15.07.04.jpeg\",\"title\":\"WhatsApp Image 2025-11-03 at 15.07.04\",\"thumbnail\":\"https:\\\/\\\/webpe.colegiomayor.cl\\\/wp-content\\\/uploads\\\/2025\\\/11\\\/WhatsApp-Image-2025-11-03-at-15.07.04-150x150.jpeg\",\"description\":\"\",\"is_video\":0,\"image_id\":39749,\"width\":960,\"height\":1280},{\"href\":\"https:\\\/\\\/webpe.colegiomayor.cl\\\/wp-content\\\/uploads\\\/2025\\\/11\\\/WhatsApp-Image-2025-11-03-at-15.07.22.jpeg\",\"title\":\"WhatsApp Image 2025-11-03 at 15.07.22\",\"thumbnail\":\"https:\\\/\\\/webpe.colegiomayor.cl\\\/wp-content\\\/uploads\\\/2025\\\/11\\\/WhatsApp-Image-2025-11-03-at-15.07.22-150x150.jpeg\",\"description\":\"\",\"is_video\":0,\"image_id\":39750,\"width\":960,\"height\":1280},{\"href\":\"https:\\\/\\\/webpe.colegiomayor.cl\\\/wp-content\\\/uploads\\\/2025\\\/11\\\/WhatsApp-Image-2025-11-03-at-15.08.26.jpeg\",\"title\":\"WhatsApp Image 2025-11-03 at 15.08.26\",\"thumbnail\":\"https:\\\/\\\/webpe.colegiomayor.cl\\\/wp-content\\\/uploads\\\/2025\\\/11\\\/WhatsApp-Image-2025-11-03-at-15.08.26-150x150.jpeg\",\"description\":\"\",\"is_video\":0,\"image_id\":39751,\"width\":1200,\"height\":1600}],\"items\":[{\"href\":\"https:\\\/\\\/webpe.colegiomayor.cl\\\/wp-content\\\/uploads\\\/2025\\\/11\\\/WhatsApp-Image-2025-10-25-at-18.49.32-copia-3.jpeg\",\"title\":\"WhatsApp Image 2025-10-25 at 18.49.32 - copia (3)\",\"thumbnail\":\"https:\\\/\\\/webpe.colegiomayor.cl\\\/wp-content\\\/uploads\\\/2025\\\/11\\\/WhatsApp-Image-2025-10-25-at-18.49.32-copia-3-150x150.jpeg\",\"description\":\"\",\"is_video\":0,\"image_id\":39735,\"width\":1600,\"height\":1200},{\"href\":\"https:\\\/\\\/webpe.colegiomayor.cl\\\/wp-content\\\/uploads\\\/2025\\\/11\\\/WhatsApp-Image-2025-10-26-at-15.37.38-5-copia-scaled.jpeg\",\"title\":\"WhatsApp Image 2025-10-26 at 15.37.38 (5) - copia\",\"thumbnail\":\"https:\\\/\\\/webpe.colegiomayor.cl\\\/wp-content\\\/uploads\\\/2025\\\/11\\\/WhatsApp-Image-2025-10-26-at-15.37.38-5-copia-scaled-150x150.jpeg\",\"description\":\"\",\"is_video\":0,\"image_id\":39736,\"width\":1920,\"height\":2560},{\"href\":\"https:\\\/\\\/webpe.colegiomayor.cl\\\/wp-content\\\/uploads\\\/2025\\\/11\\\/WhatsApp-Image-2025-10-26-at-15.37.38-15-copia-scaled.jpeg\",\"title\":\"WhatsApp Image 2025-10-26 at 15.37.38 (15) - copia\",\"thumbnail\":\"https:\\\/\\\/webpe.colegiomayor.cl\\\/wp-content\\\/uploads\\\/2025\\\/11\\\/WhatsApp-Image-2025-10-26-at-15.37.38-15-copia-scaled-150x150.jpeg\",\"description\":\"\",\"is_video\":0,\"image_id\":39738,\"width\":1920,\"height\":2560},{\"href\":\"https:\\\/\\\/webpe.colegiomayor.cl\\\/wp-content\\\/uploads\\\/2025\\\/11\\\/WhatsApp-Image-2025-10-26-at-15.37.39-1-scaled.jpeg\",\"title\":\"WhatsApp Image 2025-10-26 at 15.37.39 (1)\",\"thumbnail\":\"https:\\\/\\\/webpe.colegiomayor.cl\\\/wp-content\\\/uploads\\\/2025\\\/11\\\/WhatsApp-Image-2025-10-26-at-15.37.39-1-scaled-150x150.jpeg\",\"description\":\"\",\"is_video\":0,\"image_id\":39739,\"width\":2560,\"height\":1920},{\"href\":\"https:\\\/\\\/webpe.colegiomayor.cl\\\/wp-content\\\/uploads\\\/2025\\\/11\\\/WhatsApp-Image-2025-10-26-at-18.36.12-copia-2.jpeg\",\"title\":\"WhatsApp Image 2025-10-26 at 18.36.12 - copia (2)\",\"thumbnail\":\"https:\\\/\\\/webpe.colegiomayor.cl\\\/wp-content\\\/uploads\\\/2025\\\/11\\\/WhatsApp-Image-2025-10-26-at-18.36.12-copia-2-150x150.jpeg\",\"description\":\"\",\"is_video\":0,\"image_id\":39740,\"width\":1200,\"height\":1600},{\"href\":\"https:\\\/\\\/webpe.colegiomayor.cl\\\/wp-content\\\/uploads\\\/2025\\\/11\\\/WhatsApp-Image-2025-10-26-at-18.36.14-2.jpeg\",\"title\":\"WhatsApp Image 2025-10-26 at 18.36.14 (2)\",\"thumbnail\":\"https:\\\/\\\/webpe.colegiomayor.cl\\\/wp-content\\\/uploads\\\/2025\\\/11\\\/WhatsApp-Image-2025-10-26-at-18.36.14-2-150x150.jpeg\",\"description\":\"\",\"is_video\":0,\"image_id\":39741,\"width\":1600,\"height\":1200},{\"href\":\"https:\\\/\\\/webpe.colegiomayor.cl\\\/wp-content\\\/uploads\\\/2025\\\/11\\\/WhatsApp-Image-2025-10-26-at-18.36.15-9-copia.jpeg\",\"title\":\"WhatsApp Image 2025-10-26 at 18.36.15 (9) - copia\",\"thumbnail\":\"https:\\\/\\\/webpe.colegiomayor.cl\\\/wp-content\\\/uploads\\\/2025\\\/11\\\/WhatsApp-Image-2025-10-26-at-18.36.15-9-copia-150x150.jpeg\",\"description\":\"\",\"is_video\":0,\"image_id\":39742,\"width\":1200,\"height\":1600},{\"href\":\"https:\\\/\\\/webpe.colegiomayor.cl\\\/wp-content\\\/uploads\\\/2025\\\/11\\\/WhatsApp-Image-2025-10-26-at-18.36.16-5-copia.jpeg\",\"title\":\"WhatsApp Image 2025-10-26 at 18.36.16 (5) - copia\",\"thumbnail\":\"https:\\\/\\\/webpe.colegiomayor.cl\\\/wp-content\\\/uploads\\\/2025\\\/11\\\/WhatsApp-Image-2025-10-26-at-18.36.16-5-copia-150x150.jpeg\",\"description\":\"\",\"is_video\":0,\"image_id\":39743,\"width\":1200,\"height\":1600},{\"href\":\"https:\\\/\\\/webpe.colegiomayor.cl\\\/wp-content\\\/uploads\\\/2025\\\/11\\\/WhatsApp-Image-2025-10-26-at-18.36.48-12-copia.jpeg\",\"title\":\"WhatsApp Image 2025-10-26 at 18.36.48 (12) - copia\",\"thumbnail\":\"https:\\\/\\\/webpe.colegiomayor.cl\\\/wp-content\\\/uploads\\\/2025\\\/11\\\/WhatsApp-Image-2025-10-26-at-18.36.48-12-copia-150x150.jpeg\",\"description\":\"\",\"is_video\":0,\"image_id\":39744,\"width\":1280,\"height\":959},{\"href\":\"https:\\\/\\\/webpe.colegiomayor.cl\\\/wp-content\\\/uploads\\\/2025\\\/11\\\/WhatsApp-Image-2025-10-26-at-18.42.51.jpeg\",\"title\":\"WhatsApp Image 2025-10-26 at 18.42.51\",\"thumbnail\":\"https:\\\/\\\/webpe.colegiomayor.cl\\\/wp-content\\\/uploads\\\/2025\\\/11\\\/WhatsApp-Image-2025-10-26-at-18.42.51-150x150.jpeg\",\"description\":\"\",\"is_video\":0,\"image_id\":39745,\"width\":1280,\"height\":960},{\"href\":\"https:\\\/\\\/webpe.colegiomayor.cl\\\/wp-content\\\/uploads\\\/2025\\\/11\\\/WhatsApp-Image-2025-11-03-at-14.55.54-1-copia.jpeg\",\"title\":\"WhatsApp Image 2025-11-03 at 14.55.54 (1) - copia\",\"thumbnail\":\"https:\\\/\\\/webpe.colegiomayor.cl\\\/wp-content\\\/uploads\\\/2025\\\/11\\\/WhatsApp-Image-2025-11-03-at-14.55.54-1-copia-150x150.jpeg\",\"description\":\"\",\"is_video\":0,\"image_id\":39746,\"width\":1600,\"height\":1200},{\"href\":\"https:\\\/\\\/webpe.colegiomayor.cl\\\/wp-content\\\/uploads\\\/2025\\\/11\\\/WhatsApp-Image-2025-11-03-at-14.55.55-copia-4.jpeg\",\"title\":\"WhatsApp Image 2025-11-03 at 14.55.55 - copia (4)\",\"thumbnail\":\"https:\\\/\\\/webpe.colegiomayor.cl\\\/wp-content\\\/uploads\\\/2025\\\/11\\\/WhatsApp-Image-2025-11-03-at-14.55.55-copia-4-150x150.jpeg\",\"description\":\"\",\"is_video\":0,\"image_id\":39747,\"width\":1600,\"height\":1200},{\"href\":\"https:\\\/\\\/webpe.colegiomayor.cl\\\/wp-content\\\/uploads\\\/2025\\\/11\\\/WhatsApp-Image-2025-11-03-at-14.56.10-copia-2.jpeg\",\"title\":\"WhatsApp Image 2025-11-03 at 14.56.10 - copia (2)\",\"thumbnail\":\"https:\\\/\\\/webpe.colegiomayor.cl\\\/wp-content\\\/uploads\\\/2025\\\/11\\\/WhatsApp-Image-2025-11-03-at-14.56.10-copia-2-150x150.jpeg\",\"description\":\"\",\"is_video\":0,\"image_id\":39748,\"width\":1600,\"height\":1200},{\"href\":\"https:\\\/\\\/webpe.colegiomayor.cl\\\/wp-content\\\/uploads\\\/2025\\\/11\\\/WhatsApp-Image-2025-11-03-at-15.07.04.jpeg\",\"title\":\"WhatsApp Image 2025-11-03 at 15.07.04\",\"thumbnail\":\"https:\\\/\\\/webpe.colegiomayor.cl\\\/wp-content\\\/uploads\\\/2025\\\/11\\\/WhatsApp-Image-2025-11-03-at-15.07.04-150x150.jpeg\",\"description\":\"\",\"is_video\":0,\"image_id\":39749,\"width\":960,\"height\":1280},{\"href\":\"https:\\\/\\\/webpe.colegiomayor.cl\\\/wp-content\\\/uploads\\\/2025\\\/11\\\/WhatsApp-Image-2025-11-03-at-15.07.22.jpeg\",\"title\":\"WhatsApp Image 2025-11-03 at 15.07.22\",\"thumbnail\":\"https:\\\/\\\/webpe.colegiomayor.cl\\\/wp-content\\\/uploads\\\/2025\\\/11\\\/WhatsApp-Image-2025-11-03-at-15.07.22-150x150.jpeg\",\"description\":\"\",\"is_video\":0,\"image_id\":39750,\"width\":960,\"height\":1280},{\"href\":\"https:\\\/\\\/webpe.colegiomayor.cl\\\/wp-content\\\/uploads\\\/2025\\\/11\\\/WhatsApp-Image-2025-11-03-at-15.08.26.jpeg\",\"title\":\"WhatsApp Image 2025-11-03 at 15.08.26\",\"thumbnail\":\"https:\\\/\\\/webpe.colegiomayor.cl\\\/wp-content\\\/uploads\\\/2025\\\/11\\\/WhatsApp-Image-2025-11-03-at-15.08.26-150x150.jpeg\",\"description\":\"\",\"is_video\":0,\"image_id\":39751,\"width\":1200,\"height\":1600}]}<\/script>\r\n\t\t<\/div>","protected":false},"excerpt":{"rendered":"<p>\ud83e\udd47 \u00a1Hist\u00f3rico! Selecci\u00f3n de Gimnasia Art\u00edstica del Colegio Mayor Pe\u00f1alol\u00e9n Brilla en el &#8220;Santo Domingo Classic 2025&#8221; con 54 Medallas Santo Domingo, Rep\u00fablica Dominicana &#8211; Noviembre de 2025 La Selecci\u00f3n de Gimnasia Art\u00edstica del Colegio Mayor Pe\u00f1alol\u00e9n ha regresado a Chile con un balance espectacular&nbsp;<a href=\"https:\/\/webpe.colegiomayor.cl\/?p=39734\">&hellip;<\/a><\/p>\n","protected":false},"author":11,"featured_media":39739,"comment_status":"closed","ping_status":"closed","sticky":false,"template":"","format":"standard","meta":{"content-type":"","footnotes":""},"categories":[23,24,25,1],"tags":[173,62,187,140,188,103,182],"class_list":["post-39734","post","type-post","status-publish","format-standard","has-post-thumbnail","hentry","category-actualidad","category-comunicaciones","category-deportes","category-categoria-3","tag-campeonatos","tag-gimnasia","tag-internacional","tag-medallas","tag-republica-dominicana","tag-selecciones-deportivas","tag-torneos","odd"],"rttpg_featured_image_url":{"full":["https:\/\/webpe.colegiomayor.cl\/wp-content\/uploads\/2025\/11\/WhatsApp-Image-2025-10-26-at-15.37.39-1-scaled.jpeg",2560,1920,false],"landscape":["https:\/\/webpe.colegiomayor.cl\/wp-content\/uploads\/2025\/11\/WhatsApp-Image-2025-10-26-at-15.37.39-1-scaled.jpeg",2560,1920,false],"portraits":["https:\/\/webpe.colegiomayor.cl\/wp-content\/uploads\/2025\/11\/WhatsApp-Image-2025-10-26-at-15.37.39-1-scaled.jpeg",2560,1920,false],"thumbnail":["https:\/\/webpe.colegiomayor.cl\/wp-content\/uploads\/2025\/11\/WhatsApp-Image-2025-10-26-at-15.37.39-1-scaled-150x150.jpeg",150,150,true],"medium":["https:\/\/webpe.colegiomayor.cl\/wp-content\/uploads\/2025\/11\/WhatsApp-Image-2025-10-26-at-15.37.39-1-scaled-300x225.jpeg",300,225,true],"large":["https:\/\/webpe.colegiomayor.cl\/wp-content\/uploads\/2025\/11\/WhatsApp-Image-2025-10-26-at-15.37.39-1-scaled-1024x768.jpeg",1024,768,true],"1536x1536":["https:\/\/webpe.colegiomayor.cl\/wp-content\/uploads\/2025\/11\/WhatsApp-Image-2025-10-26-at-15.37.39-1-scaled-1536x1152.jpeg",1536,1152,true],"2048x2048":["https:\/\/webpe.colegiomayor.cl\/wp-content\/uploads\/2025\/11\/WhatsApp-Image-2025-10-26-at-15.37.39-1-scaled-2048x1536.jpeg",2048,1536,true],"post-thumbnail":["https:\/\/webpe.colegiomayor.cl\/wp-content\/uploads\/2025\/11\/WhatsApp-Image-2025-10-26-at-15.37.39-1-scaled-150x113.jpeg",150,113,true],"ed-school-featured-image":["https:\/\/webpe.colegiomayor.cl\/wp-content\/uploads\/2025\/11\/WhatsApp-Image-2025-10-26-at-15.37.39-1-scaled-990x500.jpeg",990,500,true],"ed-school-medium":["https:\/\/webpe.colegiomayor.cl\/wp-content\/uploads\/2025\/11\/WhatsApp-Image-2025-10-26-at-15.37.39-1-scaled-768x510.jpeg",768,510,true],"ed-school-medium-alt":["https:\/\/webpe.colegiomayor.cl\/wp-content\/uploads\/2025\/11\/WhatsApp-Image-2025-10-26-at-15.37.39-1-scaled-768x410.jpeg",768,410,true],"ed-school-square":["https:\/\/webpe.colegiomayor.cl\/wp-content\/uploads\/2025\/11\/WhatsApp-Image-2025-10-26-at-15.37.39-1-scaled-768x768.jpeg",768,768,true],"ed-school-square-small":["https:\/\/webpe.colegiomayor.cl\/wp-content\/uploads\/2025\/11\/WhatsApp-Image-2025-10-26-at-15.37.39-1-scaled-420x420.jpeg",420,420,true]},"rttpg_author":{"display_name":"Francisco Arriagada","author_link":"https:\/\/webpe.colegiomayor.cl\/?author=11"},"rttpg_comment":0,"rttpg_category":"<a href=\"https:\/\/webpe.colegiomayor.cl\/?cat=23\" rel=\"category\">COLEGIO<\/a> <a href=\"https:\/\/webpe.colegiomayor.cl\/?cat=24\" rel=\"category\">COMUNICACIONES<\/a> <a href=\"https:\/\/webpe.colegiomayor.cl\/?cat=25\" rel=\"category\">DEPORTES<\/a> <a href=\"https:\/\/webpe.colegiomayor.cl\/?cat=1\" rel=\"category\">NOTICIAS<\/a>","rttpg_excerpt":"\ud83e\udd47 \u00a1Hist\u00f3rico! Selecci\u00f3n de Gimnasia Art\u00edstica del Colegio Mayor Pe\u00f1alol\u00e9n Brilla en el &#8220;Santo Domingo Classic 2025&#8221; con 54 Medallas Santo Domingo, Rep\u00fablica Dominicana &#8211; Noviembre de 2025 La Selecci\u00f3n de Gimnasia Art\u00edstica del Colegio Mayor Pe\u00f1alol\u00e9n ha regresado a Chile con un balance espectacular&nbsp;&hellip;","_links":{"self":[{"href":"https:\/\/webpe.colegiomayor.cl\/index.php?rest_route=\/wp\/v2\/posts\/39734","targetHints":{"allow":["GET"]}}],"collection":[{"href":"https:\/\/webpe.colegiomayor.cl\/index.php?rest_route=\/wp\/v2\/posts"}],"about":[{"href":"https:\/\/webpe.colegiomayor.cl\/index.php?rest_route=\/wp\/v2\/types\/post"}],"author":[{"embeddable":true,"href":"https:\/\/webpe.colegiomayor.cl\/index.php?rest_route=\/wp\/v2\/users\/11"}],"replies":[{"embeddable":true,"href":"https:\/\/webpe.colegiomayor.cl\/index.php?rest_route=%2Fwp%2Fv2%2Fcomments&post=39734"}],"version-history":[{"count":1,"href":"https:\/\/webpe.colegiomayor.cl\/index.php?rest_route=\/wp\/v2\/posts\/39734\/revisions"}],"predecessor-version":[{"id":39752,"href":"https:\/\/webpe.colegiomayor.cl\/index.php?rest_route=\/wp\/v2\/posts\/39734\/revisions\/39752"}],"wp:featuredmedia":[{"embeddable":true,"href":"https:\/\/webpe.colegiomayor.cl\/index.php?rest_route=\/wp\/v2\/media\/39739"}],"wp:attachment":[{"href":"https:\/\/webpe.colegiomayor.cl\/index.php?rest_route=%2Fwp%2Fv2%2Fmedia&parent=39734"}],"wp:term":[{"taxonomy":"category","embeddable":true,"href":"https:\/\/webpe.colegiomayor.cl\/index.php?rest_route=%2Fwp%2Fv2%2Fcategories&post=39734"},{"taxonomy":"post_tag","embeddable":true,"href":"https:\/\/webpe.colegiomayor.cl\/index.php?rest_route=%2Fwp%2Fv2%2Ftags&post=39734"}],"curies":[{"name":"wp","href":"https:\/\/api.w.org\/{rel}","templated":true}]}}