{"id":39706,"date":"2025-10-29T14:56:07","date_gmt":"2025-10-29T17:56:07","guid":{"rendered":"https:\/\/webpe.colegiomayor.cl\/?p=39706"},"modified":"2025-10-29T16:01:13","modified_gmt":"2025-10-29T19:01:13","slug":"colegio-mayor-penalolen-destaca-con-premio-en-prestigiosa-feria-cientifica-interescolar","status":"publish","type":"post","link":"https:\/\/webpe.colegiomayor.cl\/?p=39706","title":{"rendered":"Colegio Mayor Pe\u00f1alol\u00e9n destaca con premio en prestigiosa Feria Cient\u00edfica Interescolar"},"content":{"rendered":"\n<p><strong>Cuatro equipos cient\u00edficos del Colegio Mayor Pe\u00f1alol\u00e9n fueron invitados a ser expositores en prestigioso evento del Saint George&#8217;s\u00a0College.<\/strong><\/p>\n\n\n\n<p><strong>SANTIAGO, 2025.-<\/strong> Una destacada participaci\u00f3n tuvo el Colegio Mayor Pe\u00f1alol\u00e9n en la Feria Cient\u00edfica 2025 del Colegio Saint George\u2019s, evento que reuni\u00f3 a prestigiosos establecimientos del sector oriente de Santiago como Tabancura, Villa Mar\u00eda, San Benito, The Grange School, entre otros. La delegaci\u00f3n, compuesta por estudiantes y profesores del \u00c1rea de Ciencias, no solo present\u00f3 cuatro s\u00f3lidos proyectos, sino que tambi\u00e9n celebr\u00f3 el importante reconocimiento obtenido por el alumno Esteban Castro, quien fue galardonado como <strong>\u201cMejor Expositor de Ense\u00f1anza Media\u201d<\/strong>.<\/p>\n\n\n\n<p>Esta participaci\u00f3n se enmarca en el compromiso de la instituci\u00f3n con la excelencia acad\u00e9mica. Para el <strong>Colegio Mayor Pe\u00f1alol\u00e9n es de vital importancia fomentar las ciencias dentro de la formaci\u00f3n integral de sus estudiantes<\/strong>, brind\u00e1ndoles plataformas como esta para desarrollar sus habilidades de investigaci\u00f3n y pensamiento cr\u00edtico.<\/p>\n\n\n\n<p>El principal reconocimiento recay\u00f3 en el estudiante <strong>Esteban Castro<\/strong>, quien, bajo la gu\u00eda de la profesora Macarena Hern\u00e1ndez, impresion\u00f3 al jurado con su proyecto <strong>&#8220;Reducci\u00f3n de Contaminaci\u00f3n por CO2, utilizando un filtro de Zeolita&#8221;<\/strong>. Su sobresaliente presentaci\u00f3n le vali\u00f3 el m\u00e1ximo premio en su categor\u00eda, un logro que resalta el alto nivel de preparaci\u00f3n y la calidad de la investigaci\u00f3n desarrollada en el colegio.<\/p>\n\n\n\n<p>Junto al proyecto ganador, la delegaci\u00f3n del Colegio Mayor present\u00f3 otras tres interesantes investigaciones que demuestran el talento cient\u00edfico de sus alumnos:<\/p>\n\n\n\n<ul class=\"wp-block-list\">\n<li><strong>&#8220;Influencia del pH en la eficiencia de la extracci\u00f3n de ADN de pl\u00e1tano&#8221;<\/strong>, a cargo de Eduardo Arellano (III\u00b0 Medio D), Catalina Urrea (III\u00b0 Medio D) y Javiera Gonz\u00e1lez (III\u00b0 Medio B), del electivo de la profesora Javiera Pantoja.<\/li>\n\n\n\n<li><strong>&#8220;Influencia del grado de madurez en la eficiencia de extracci\u00f3n de ADN en frutas&#8221;<\/strong>, desarrollado por Francisca Mart\u00ednez (III\u00b0 Medio B) y Rafael Molina (III\u00b0 Medio B), tambi\u00e9n del electivo de la profesora Pantoja.<\/li>\n\n\n\n<li><strong>&#8220;Efecto de polifenoles en glucosa Capilar&#8221;<\/strong>, presentado por Paula Iturra (I\u00b0 Medio E), de la academia dirigida por la profesora Yenny Gacit\u00faa.<\/li>\n<\/ul>\n\n\n\n<p>La experiencia fue calificada como \u201cmuy enriquecedora\u201d por el \u00c1rea de Ciencias del colegio, destacando no solo el excelente nivel de organizaci\u00f3n, sino tambi\u00e9n las oportunidades generadas. Gracias a esta participaci\u00f3n, se establecieron nuevos contactos y se recibieron invitaciones para futuras ferias y actividades colaborativas, fortaleciendo as\u00ed los lazos con la comunidad cient\u00edfica escolar del sector.<\/p>\n\n\n<style>.uid-8731774bad3803b7  .gt3pg-isotope-item {\n\tpadding-right: 20px;\n\tpadding-bottom: 20px;\n}\n.uid-8731774bad3803b7  .gallery-isotope-wrapper {\n\tmargin-right: -20px;\n\tmargin-bottom: -20px;\n}\n<\/style><div id=\"uid-8731774bad3803b7\" data-gt3pg-block=\"masonry\" data-index=\"1\" class=\"gt3-photo-gallery-pro--isotope_gallery uid-8731774bad3803b7 gt3pg-pro--wrapper gt3pg-pro--masonry \">\t\t<div data-cols=\"3\" data-cols-tablet=\"3\" data-cols-mobile=\"2\" class=\"gt3pg-isotope-gallery columns-3 hover-default gallery-masonry corner-standard\" data-settings=\"{&quot;lightbox&quot;:{&quot;enable&quot;:true,&quot;options&quot;:{&quot;instance&quot;:1}},&quot;id&quot;:1,&quot;uid&quot;:&quot;uid-8731774bad3803b7&quot;,&quot;modules&quot;:[&quot;Lightbox&quot;],&quot;lightboxArray&quot;:[{&quot;href&quot;:&quot;https:\\\/\\\/webpe.colegiomayor.cl\\\/wp-content\\\/uploads\\\/2025\\\/10\\\/Imagen-de-WhatsApp-2025-10-29-a-las-09.59.20_d43fa476.jpg&quot;,&quot;title&quot;:&quot;Imagen de WhatsApp 2025-10-29 a las 09.59.20_d43fa476&quot;,&quot;thumbnail&quot;:&quot;https:\\\/\\\/webpe.colegiomayor.cl\\\/wp-content\\\/uploads\\\/2025\\\/10\\\/Imagen-de-WhatsApp-2025-10-29-a-las-09.59.20_d43fa476-150x150.jpg&quot;,&quot;description&quot;:&quot;&quot;,&quot;is_video&quot;:0,&quot;image_id&quot;:39714,&quot;width&quot;:960,&quot;height&quot;:1280},{&quot;href&quot;:&quot;https:\\\/\\\/webpe.colegiomayor.cl\\\/wp-content\\\/uploads\\\/2025\\\/10\\\/Imagen-de-WhatsApp-2025-10-28-a-las-11.06.23_65afde54.jpg&quot;,&quot;title&quot;:&quot;Imagen de WhatsApp 2025-10-28 a las 11.06.23_65afde54&quot;,&quot;thumbnail&quot;:&quot;https:\\\/\\\/webpe.colegiomayor.cl\\\/wp-content\\\/uploads\\\/2025\\\/10\\\/Imagen-de-WhatsApp-2025-10-28-a-las-11.06.23_65afde54-150x150.jpg&quot;,&quot;description&quot;:&quot;&quot;,&quot;is_video&quot;:0,&quot;image_id&quot;:39715,&quot;width&quot;:720,&quot;height&quot;:1280},{&quot;href&quot;:&quot;https:\\\/\\\/webpe.colegiomayor.cl\\\/wp-content\\\/uploads\\\/2025\\\/10\\\/Imagen-de-WhatsApp-2025-10-28-a-las-11.06.23_86b22d3c.jpg&quot;,&quot;title&quot;:&quot;Imagen de WhatsApp 2025-10-28 a las 11.06.23_86b22d3c&quot;,&quot;thumbnail&quot;:&quot;https:\\\/\\\/webpe.colegiomayor.cl\\\/wp-content\\\/uploads\\\/2025\\\/10\\\/Imagen-de-WhatsApp-2025-10-28-a-las-11.06.23_86b22d3c-150x150.jpg&quot;,&quot;description&quot;:&quot;&quot;,&quot;is_video&quot;:0,&quot;image_id&quot;:39716,&quot;width&quot;:720,&quot;height&quot;:1280},{&quot;href&quot;:&quot;https:\\\/\\\/webpe.colegiomayor.cl\\\/wp-content\\\/uploads\\\/2025\\\/10\\\/Imagen-de-WhatsApp-2025-10-28-a-las-11.06.24_28af3130.jpg&quot;,&quot;title&quot;:&quot;Imagen de WhatsApp 2025-10-28 a las 11.06.24_28af3130&quot;,&quot;thumbnail&quot;:&quot;https:\\\/\\\/webpe.colegiomayor.cl\\\/wp-content\\\/uploads\\\/2025\\\/10\\\/Imagen-de-WhatsApp-2025-10-28-a-las-11.06.24_28af3130-150x150.jpg&quot;,&quot;description&quot;:&quot;&quot;,&quot;is_video&quot;:0,&quot;image_id&quot;:39717,&quot;width&quot;:1280,&quot;height&quot;:720},{&quot;href&quot;:&quot;https:\\\/\\\/webpe.colegiomayor.cl\\\/wp-content\\\/uploads\\\/2025\\\/10\\\/Imagen-de-WhatsApp-2025-10-28-a-las-11.06.24_16336174.jpg&quot;,&quot;title&quot;:&quot;Imagen de WhatsApp 2025-10-28 a las 11.06.24_16336174&quot;,&quot;thumbnail&quot;:&quot;https:\\\/\\\/webpe.colegiomayor.cl\\\/wp-content\\\/uploads\\\/2025\\\/10\\\/Imagen-de-WhatsApp-2025-10-28-a-las-11.06.24_16336174-150x150.jpg&quot;,&quot;description&quot;:&quot;&quot;,&quot;is_video&quot;:0,&quot;image_id&quot;:39718,&quot;width&quot;:720,&quot;height&quot;:1280},{&quot;href&quot;:&quot;https:\\\/\\\/webpe.colegiomayor.cl\\\/wp-content\\\/uploads\\\/2025\\\/10\\\/Imagen-de-WhatsApp-2025-10-28-a-las-11.06.27_6d946830.jpg&quot;,&quot;title&quot;:&quot;Imagen de WhatsApp 2025-10-28 a las 11.06.27_6d946830&quot;,&quot;thumbnail&quot;:&quot;https:\\\/\\\/webpe.colegiomayor.cl\\\/wp-content\\\/uploads\\\/2025\\\/10\\\/Imagen-de-WhatsApp-2025-10-28-a-las-11.06.27_6d946830-150x150.jpg&quot;,&quot;description&quot;:&quot;&quot;,&quot;is_video&quot;:0,&quot;image_id&quot;:39719,&quot;width&quot;:720,&quot;height&quot;:1280},{&quot;href&quot;:&quot;https:\\\/\\\/webpe.colegiomayor.cl\\\/wp-content\\\/uploads\\\/2025\\\/10\\\/Imagen-de-WhatsApp-2025-10-28-a-las-11.06.27_40144df7.jpg&quot;,&quot;title&quot;:&quot;Imagen de WhatsApp 2025-10-28 a las 11.06.27_40144df7&quot;,&quot;thumbnail&quot;:&quot;https:\\\/\\\/webpe.colegiomayor.cl\\\/wp-content\\\/uploads\\\/2025\\\/10\\\/Imagen-de-WhatsApp-2025-10-28-a-las-11.06.27_40144df7-150x150.jpg&quot;,&quot;description&quot;:&quot;&quot;,&quot;is_video&quot;:0,&quot;image_id&quot;:39720,&quot;width&quot;:720,&quot;height&quot;:1280},{&quot;href&quot;:&quot;https:\\\/\\\/webpe.colegiomayor.cl\\\/wp-content\\\/uploads\\\/2025\\\/10\\\/Imagen-de-WhatsApp-2025-10-28-a-las-11.06.35_6a2c9074.jpg&quot;,&quot;title&quot;:&quot;Imagen de WhatsApp 2025-10-28 a las 11.06.35_6a2c9074&quot;,&quot;thumbnail&quot;:&quot;https:\\\/\\\/webpe.colegiomayor.cl\\\/wp-content\\\/uploads\\\/2025\\\/10\\\/Imagen-de-WhatsApp-2025-10-28-a-las-11.06.35_6a2c9074-150x150.jpg&quot;,&quot;description&quot;:&quot;&quot;,&quot;is_video&quot;:0,&quot;image_id&quot;:39721,&quot;width&quot;:720,&quot;height&quot;:1280},{&quot;href&quot;:&quot;https:\\\/\\\/webpe.colegiomayor.cl\\\/wp-content\\\/uploads\\\/2025\\\/10\\\/Imagen-de-WhatsApp-2025-10-28-a-las-11.06.38_a63cc578.jpg&quot;,&quot;title&quot;:&quot;Imagen de WhatsApp 2025-10-28 a las 11.06.38_a63cc578&quot;,&quot;thumbnail&quot;:&quot;https:\\\/\\\/webpe.colegiomayor.cl\\\/wp-content\\\/uploads\\\/2025\\\/10\\\/Imagen-de-WhatsApp-2025-10-28-a-las-11.06.38_a63cc578-150x150.jpg&quot;,&quot;description&quot;:&quot;&quot;,&quot;is_video&quot;:0,&quot;image_id&quot;:39722,&quot;width&quot;:720,&quot;height&quot;:1280},{&quot;href&quot;:&quot;https:\\\/\\\/webpe.colegiomayor.cl\\\/wp-content\\\/uploads\\\/2025\\\/10\\\/Imagen-de-WhatsApp-2025-10-28-a-las-11.06.39_2b4c2126.jpg&quot;,&quot;title&quot;:&quot;Imagen de WhatsApp 2025-10-28 a las 11.06.39_2b4c2126&quot;,&quot;thumbnail&quot;:&quot;https:\\\/\\\/webpe.colegiomayor.cl\\\/wp-content\\\/uploads\\\/2025\\\/10\\\/Imagen-de-WhatsApp-2025-10-28-a-las-11.06.39_2b4c2126-150x150.jpg&quot;,&quot;description&quot;:&quot;&quot;,&quot;is_video&quot;:0,&quot;image_id&quot;:39723,&quot;width&quot;:720,&quot;height&quot;:1280},{&quot;href&quot;:&quot;https:\\\/\\\/webpe.colegiomayor.cl\\\/wp-content\\\/uploads\\\/2025\\\/10\\\/Imagen-de-WhatsApp-2025-10-28-a-las-11.06.39_e1c03fc6.jpg&quot;,&quot;title&quot;:&quot;Imagen de WhatsApp 2025-10-28 a las 11.06.39_e1c03fc6&quot;,&quot;thumbnail&quot;:&quot;https:\\\/\\\/webpe.colegiomayor.cl\\\/wp-content\\\/uploads\\\/2025\\\/10\\\/Imagen-de-WhatsApp-2025-10-28-a-las-11.06.39_e1c03fc6-150x150.jpg&quot;,&quot;description&quot;:&quot;&quot;,&quot;is_video&quot;:0,&quot;image_id&quot;:39724,&quot;width&quot;:720,&quot;height&quot;:1280},{&quot;href&quot;:&quot;https:\\\/\\\/webpe.colegiomayor.cl\\\/wp-content\\\/uploads\\\/2025\\\/10\\\/Imagen-de-WhatsApp-2025-10-28-a-las-11.13.10_1d8d518b.jpg&quot;,&quot;title&quot;:&quot;Imagen de WhatsApp 2025-10-28 a las 11.13.10_1d8d518b&quot;,&quot;thumbnail&quot;:&quot;https:\\\/\\\/webpe.colegiomayor.cl\\\/wp-content\\\/uploads\\\/2025\\\/10\\\/Imagen-de-WhatsApp-2025-10-28-a-las-11.13.10_1d8d518b-150x150.jpg&quot;,&quot;description&quot;:&quot;&quot;,&quot;is_video&quot;:0,&quot;image_id&quot;:39725,&quot;width&quot;:720,&quot;height&quot;:1280},{&quot;href&quot;:&quot;https:\\\/\\\/webpe.colegiomayor.cl\\\/wp-content\\\/uploads\\\/2025\\\/10\\\/Imagen-de-WhatsApp-2025-10-28-a-las-11.14.32_86f01c0f.jpg&quot;,&quot;title&quot;:&quot;Imagen de WhatsApp 2025-10-28 a las 11.14.32_86f01c0f&quot;,&quot;thumbnail&quot;:&quot;https:\\\/\\\/webpe.colegiomayor.cl\\\/wp-content\\\/uploads\\\/2025\\\/10\\\/Imagen-de-WhatsApp-2025-10-28-a-las-11.14.32_86f01c0f-150x150.jpg&quot;,&quot;description&quot;:&quot;&quot;,&quot;is_video&quot;:0,&quot;image_id&quot;:39726,&quot;width&quot;:720,&quot;height&quot;:1280},{&quot;href&quot;:&quot;https:\\\/\\\/webpe.colegiomayor.cl\\\/wp-content\\\/uploads\\\/2025\\\/10\\\/equipo-1.jpg&quot;,&quot;title&quot;:&quot;equipo 1&quot;,&quot;thumbnail&quot;:&quot;https:\\\/\\\/webpe.colegiomayor.cl\\\/wp-content\\\/uploads\\\/2025\\\/10\\\/equipo-1-150x150.jpg&quot;,&quot;description&quot;:&quot;&quot;,&quot;is_video&quot;:0,&quot;image_id&quot;:39707,&quot;width&quot;:1280,&quot;height&quot;:720},{&quot;href&quot;:&quot;https:\\\/\\\/webpe.colegiomayor.cl\\\/wp-content\\\/uploads\\\/2025\\\/10\\\/Esteban.jpg&quot;,&quot;title&quot;:&quot;Esteban&quot;,&quot;thumbnail&quot;:&quot;https:\\\/\\\/webpe.colegiomayor.cl\\\/wp-content\\\/uploads\\\/2025\\\/10\\\/Esteban-150x150.jpg&quot;,&quot;description&quot;:&quot;&quot;,&quot;is_video&quot;:0,&quot;image_id&quot;:39708,&quot;width&quot;:720,&quot;height&quot;:1280},{&quot;href&quot;:&quot;https:\\\/\\\/webpe.colegiomayor.cl\\\/wp-content\\\/uploads\\\/2025\\\/10\\\/Foto-Esteban.jpg&quot;,&quot;title&quot;:&quot;Foto Esteban&quot;,&quot;thumbnail&quot;:&quot;https:\\\/\\\/webpe.colegiomayor.cl\\\/wp-content\\\/uploads\\\/2025\\\/10\\\/Foto-Esteban-150x150.jpg&quot;,&quot;description&quot;:&quot;&quot;,&quot;is_video&quot;:0,&quot;image_id&quot;:39709,&quot;width&quot;:960,&quot;height&quot;:1280},{&quot;href&quot;:&quot;https:\\\/\\\/webpe.colegiomayor.cl\\\/wp-content\\\/uploads\\\/2025\\\/10\\\/Foto-Grupal.jpg&quot;,&quot;title&quot;:&quot;Foto Grupal&quot;,&quot;thumbnail&quot;:&quot;https:\\\/\\\/webpe.colegiomayor.cl\\\/wp-content\\\/uploads\\\/2025\\\/10\\\/Foto-Grupal-150x150.jpg&quot;,&quot;description&quot;:&quot;&quot;,&quot;is_video&quot;:0,&quot;image_id&quot;:39710,&quot;width&quot;:1280,&quot;height&quot;:960},{&quot;href&quot;:&quot;https:\\\/\\\/webpe.colegiomayor.cl\\\/wp-content\\\/uploads\\\/2025\\\/10\\\/Paula.jpg&quot;,&quot;title&quot;:&quot;Paula&quot;,&quot;thumbnail&quot;:&quot;https:\\\/\\\/webpe.colegiomayor.cl\\\/wp-content\\\/uploads\\\/2025\\\/10\\\/Paula-150x150.jpg&quot;,&quot;description&quot;:&quot;&quot;,&quot;is_video&quot;:0,&quot;image_id&quot;:39712,&quot;width&quot;:720,&quot;height&quot;:1280}],&quot;items&quot;:[{&quot;href&quot;:&quot;https:\\\/\\\/webpe.colegiomayor.cl\\\/wp-content\\\/uploads\\\/2025\\\/10\\\/Imagen-de-WhatsApp-2025-10-29-a-las-09.59.20_d43fa476.jpg&quot;,&quot;title&quot;:&quot;Imagen de WhatsApp 2025-10-29 a las 09.59.20_d43fa476&quot;,&quot;thumbnail&quot;:&quot;https:\\\/\\\/webpe.colegiomayor.cl\\\/wp-content\\\/uploads\\\/2025\\\/10\\\/Imagen-de-WhatsApp-2025-10-29-a-las-09.59.20_d43fa476-150x150.jpg&quot;,&quot;description&quot;:&quot;&quot;,&quot;is_video&quot;:0,&quot;image_id&quot;:39714,&quot;width&quot;:960,&quot;height&quot;:1280},{&quot;href&quot;:&quot;https:\\\/\\\/webpe.colegiomayor.cl\\\/wp-content\\\/uploads\\\/2025\\\/10\\\/Imagen-de-WhatsApp-2025-10-28-a-las-11.06.23_65afde54.jpg&quot;,&quot;title&quot;:&quot;Imagen de WhatsApp 2025-10-28 a las 11.06.23_65afde54&quot;,&quot;thumbnail&quot;:&quot;https:\\\/\\\/webpe.colegiomayor.cl\\\/wp-content\\\/uploads\\\/2025\\\/10\\\/Imagen-de-WhatsApp-2025-10-28-a-las-11.06.23_65afde54-150x150.jpg&quot;,&quot;description&quot;:&quot;&quot;,&quot;is_video&quot;:0,&quot;image_id&quot;:39715,&quot;width&quot;:720,&quot;height&quot;:1280},{&quot;href&quot;:&quot;https:\\\/\\\/webpe.colegiomayor.cl\\\/wp-content\\\/uploads\\\/2025\\\/10\\\/Imagen-de-WhatsApp-2025-10-28-a-las-11.06.23_86b22d3c.jpg&quot;,&quot;title&quot;:&quot;Imagen de WhatsApp 2025-10-28 a las 11.06.23_86b22d3c&quot;,&quot;thumbnail&quot;:&quot;https:\\\/\\\/webpe.colegiomayor.cl\\\/wp-content\\\/uploads\\\/2025\\\/10\\\/Imagen-de-WhatsApp-2025-10-28-a-las-11.06.23_86b22d3c-150x150.jpg&quot;,&quot;description&quot;:&quot;&quot;,&quot;is_video&quot;:0,&quot;image_id&quot;:39716,&quot;width&quot;:720,&quot;height&quot;:1280},{&quot;href&quot;:&quot;https:\\\/\\\/webpe.colegiomayor.cl\\\/wp-content\\\/uploads\\\/2025\\\/10\\\/Imagen-de-WhatsApp-2025-10-28-a-las-11.06.24_28af3130.jpg&quot;,&quot;title&quot;:&quot;Imagen de WhatsApp 2025-10-28 a las 11.06.24_28af3130&quot;,&quot;thumbnail&quot;:&quot;https:\\\/\\\/webpe.colegiomayor.cl\\\/wp-content\\\/uploads\\\/2025\\\/10\\\/Imagen-de-WhatsApp-2025-10-28-a-las-11.06.24_28af3130-150x150.jpg&quot;,&quot;description&quot;:&quot;&quot;,&quot;is_video&quot;:0,&quot;image_id&quot;:39717,&quot;width&quot;:1280,&quot;height&quot;:720},{&quot;href&quot;:&quot;https:\\\/\\\/webpe.colegiomayor.cl\\\/wp-content\\\/uploads\\\/2025\\\/10\\\/Imagen-de-WhatsApp-2025-10-28-a-las-11.06.24_16336174.jpg&quot;,&quot;title&quot;:&quot;Imagen de WhatsApp 2025-10-28 a las 11.06.24_16336174&quot;,&quot;thumbnail&quot;:&quot;https:\\\/\\\/webpe.colegiomayor.cl\\\/wp-content\\\/uploads\\\/2025\\\/10\\\/Imagen-de-WhatsApp-2025-10-28-a-las-11.06.24_16336174-150x150.jpg&quot;,&quot;description&quot;:&quot;&quot;,&quot;is_video&quot;:0,&quot;image_id&quot;:39718,&quot;width&quot;:720,&quot;height&quot;:1280},{&quot;href&quot;:&quot;https:\\\/\\\/webpe.colegiomayor.cl\\\/wp-content\\\/uploads\\\/2025\\\/10\\\/Imagen-de-WhatsApp-2025-10-28-a-las-11.06.27_6d946830.jpg&quot;,&quot;title&quot;:&quot;Imagen de WhatsApp 2025-10-28 a las 11.06.27_6d946830&quot;,&quot;thumbnail&quot;:&quot;https:\\\/\\\/webpe.colegiomayor.cl\\\/wp-content\\\/uploads\\\/2025\\\/10\\\/Imagen-de-WhatsApp-2025-10-28-a-las-11.06.27_6d946830-150x150.jpg&quot;,&quot;description&quot;:&quot;&quot;,&quot;is_video&quot;:0,&quot;image_id&quot;:39719,&quot;width&quot;:720,&quot;height&quot;:1280},{&quot;href&quot;:&quot;https:\\\/\\\/webpe.colegiomayor.cl\\\/wp-content\\\/uploads\\\/2025\\\/10\\\/Imagen-de-WhatsApp-2025-10-28-a-las-11.06.27_40144df7.jpg&quot;,&quot;title&quot;:&quot;Imagen de WhatsApp 2025-10-28 a las 11.06.27_40144df7&quot;,&quot;thumbnail&quot;:&quot;https:\\\/\\\/webpe.colegiomayor.cl\\\/wp-content\\\/uploads\\\/2025\\\/10\\\/Imagen-de-WhatsApp-2025-10-28-a-las-11.06.27_40144df7-150x150.jpg&quot;,&quot;description&quot;:&quot;&quot;,&quot;is_video&quot;:0,&quot;image_id&quot;:39720,&quot;width&quot;:720,&quot;height&quot;:1280},{&quot;href&quot;:&quot;https:\\\/\\\/webpe.colegiomayor.cl\\\/wp-content\\\/uploads\\\/2025\\\/10\\\/Imagen-de-WhatsApp-2025-10-28-a-las-11.06.35_6a2c9074.jpg&quot;,&quot;title&quot;:&quot;Imagen de WhatsApp 2025-10-28 a las 11.06.35_6a2c9074&quot;,&quot;thumbnail&quot;:&quot;https:\\\/\\\/webpe.colegiomayor.cl\\\/wp-content\\\/uploads\\\/2025\\\/10\\\/Imagen-de-WhatsApp-2025-10-28-a-las-11.06.35_6a2c9074-150x150.jpg&quot;,&quot;description&quot;:&quot;&quot;,&quot;is_video&quot;:0,&quot;image_id&quot;:39721,&quot;width&quot;:720,&quot;height&quot;:1280},{&quot;href&quot;:&quot;https:\\\/\\\/webpe.colegiomayor.cl\\\/wp-content\\\/uploads\\\/2025\\\/10\\\/Imagen-de-WhatsApp-2025-10-28-a-las-11.06.38_a63cc578.jpg&quot;,&quot;title&quot;:&quot;Imagen de WhatsApp 2025-10-28 a las 11.06.38_a63cc578&quot;,&quot;thumbnail&quot;:&quot;https:\\\/\\\/webpe.colegiomayor.cl\\\/wp-content\\\/uploads\\\/2025\\\/10\\\/Imagen-de-WhatsApp-2025-10-28-a-las-11.06.38_a63cc578-150x150.jpg&quot;,&quot;description&quot;:&quot;&quot;,&quot;is_video&quot;:0,&quot;image_id&quot;:39722,&quot;width&quot;:720,&quot;height&quot;:1280},{&quot;href&quot;:&quot;https:\\\/\\\/webpe.colegiomayor.cl\\\/wp-content\\\/uploads\\\/2025\\\/10\\\/Imagen-de-WhatsApp-2025-10-28-a-las-11.06.39_2b4c2126.jpg&quot;,&quot;title&quot;:&quot;Imagen de WhatsApp 2025-10-28 a las 11.06.39_2b4c2126&quot;,&quot;thumbnail&quot;:&quot;https:\\\/\\\/webpe.colegiomayor.cl\\\/wp-content\\\/uploads\\\/2025\\\/10\\\/Imagen-de-WhatsApp-2025-10-28-a-las-11.06.39_2b4c2126-150x150.jpg&quot;,&quot;description&quot;:&quot;&quot;,&quot;is_video&quot;:0,&quot;image_id&quot;:39723,&quot;width&quot;:720,&quot;height&quot;:1280},{&quot;href&quot;:&quot;https:\\\/\\\/webpe.colegiomayor.cl\\\/wp-content\\\/uploads\\\/2025\\\/10\\\/Imagen-de-WhatsApp-2025-10-28-a-las-11.06.39_e1c03fc6.jpg&quot;,&quot;title&quot;:&quot;Imagen de WhatsApp 2025-10-28 a las 11.06.39_e1c03fc6&quot;,&quot;thumbnail&quot;:&quot;https:\\\/\\\/webpe.colegiomayor.cl\\\/wp-content\\\/uploads\\\/2025\\\/10\\\/Imagen-de-WhatsApp-2025-10-28-a-las-11.06.39_e1c03fc6-150x150.jpg&quot;,&quot;description&quot;:&quot;&quot;,&quot;is_video&quot;:0,&quot;image_id&quot;:39724,&quot;width&quot;:720,&quot;height&quot;:1280},{&quot;href&quot;:&quot;https:\\\/\\\/webpe.colegiomayor.cl\\\/wp-content\\\/uploads\\\/2025\\\/10\\\/Imagen-de-WhatsApp-2025-10-28-a-las-11.13.10_1d8d518b.jpg&quot;,&quot;title&quot;:&quot;Imagen de WhatsApp 2025-10-28 a las 11.13.10_1d8d518b&quot;,&quot;thumbnail&quot;:&quot;https:\\\/\\\/webpe.colegiomayor.cl\\\/wp-content\\\/uploads\\\/2025\\\/10\\\/Imagen-de-WhatsApp-2025-10-28-a-las-11.13.10_1d8d518b-150x150.jpg&quot;,&quot;description&quot;:&quot;&quot;,&quot;is_video&quot;:0,&quot;image_id&quot;:39725,&quot;width&quot;:720,&quot;height&quot;:1280},{&quot;href&quot;:&quot;https:\\\/\\\/webpe.colegiomayor.cl\\\/wp-content\\\/uploads\\\/2025\\\/10\\\/Imagen-de-WhatsApp-2025-10-28-a-las-11.14.32_86f01c0f.jpg&quot;,&quot;title&quot;:&quot;Imagen de WhatsApp 2025-10-28 a las 11.14.32_86f01c0f&quot;,&quot;thumbnail&quot;:&quot;https:\\\/\\\/webpe.colegiomayor.cl\\\/wp-content\\\/uploads\\\/2025\\\/10\\\/Imagen-de-WhatsApp-2025-10-28-a-las-11.14.32_86f01c0f-150x150.jpg&quot;,&quot;description&quot;:&quot;&quot;,&quot;is_video&quot;:0,&quot;image_id&quot;:39726,&quot;width&quot;:720,&quot;height&quot;:1280},{&quot;href&quot;:&quot;https:\\\/\\\/webpe.colegiomayor.cl\\\/wp-content\\\/uploads\\\/2025\\\/10\\\/equipo-1.jpg&quot;,&quot;title&quot;:&quot;equipo 1&quot;,&quot;thumbnail&quot;:&quot;https:\\\/\\\/webpe.colegiomayor.cl\\\/wp-content\\\/uploads\\\/2025\\\/10\\\/equipo-1-150x150.jpg&quot;,&quot;description&quot;:&quot;&quot;,&quot;is_video&quot;:0,&quot;image_id&quot;:39707,&quot;width&quot;:1280,&quot;height&quot;:720},{&quot;href&quot;:&quot;https:\\\/\\\/webpe.colegiomayor.cl\\\/wp-content\\\/uploads\\\/2025\\\/10\\\/Esteban.jpg&quot;,&quot;title&quot;:&quot;Esteban&quot;,&quot;thumbnail&quot;:&quot;https:\\\/\\\/webpe.colegiomayor.cl\\\/wp-content\\\/uploads\\\/2025\\\/10\\\/Esteban-150x150.jpg&quot;,&quot;description&quot;:&quot;&quot;,&quot;is_video&quot;:0,&quot;image_id&quot;:39708,&quot;width&quot;:720,&quot;height&quot;:1280},{&quot;href&quot;:&quot;https:\\\/\\\/webpe.colegiomayor.cl\\\/wp-content\\\/uploads\\\/2025\\\/10\\\/Foto-Esteban.jpg&quot;,&quot;title&quot;:&quot;Foto Esteban&quot;,&quot;thumbnail&quot;:&quot;https:\\\/\\\/webpe.colegiomayor.cl\\\/wp-content\\\/uploads\\\/2025\\\/10\\\/Foto-Esteban-150x150.jpg&quot;,&quot;description&quot;:&quot;&quot;,&quot;is_video&quot;:0,&quot;image_id&quot;:39709,&quot;width&quot;:960,&quot;height&quot;:1280},{&quot;href&quot;:&quot;https:\\\/\\\/webpe.colegiomayor.cl\\\/wp-content\\\/uploads\\\/2025\\\/10\\\/Foto-Grupal.jpg&quot;,&quot;title&quot;:&quot;Foto Grupal&quot;,&quot;thumbnail&quot;:&quot;https:\\\/\\\/webpe.colegiomayor.cl\\\/wp-content\\\/uploads\\\/2025\\\/10\\\/Foto-Grupal-150x150.jpg&quot;,&quot;description&quot;:&quot;&quot;,&quot;is_video&quot;:0,&quot;image_id&quot;:39710,&quot;width&quot;:1280,&quot;height&quot;:960},{&quot;href&quot;:&quot;https:\\\/\\\/webpe.colegiomayor.cl\\\/wp-content\\\/uploads\\\/2025\\\/10\\\/Paula.jpg&quot;,&quot;title&quot;:&quot;Paula&quot;,&quot;thumbnail&quot;:&quot;https:\\\/\\\/webpe.colegiomayor.cl\\\/wp-content\\\/uploads\\\/2025\\\/10\\\/Paula-150x150.jpg&quot;,&quot;description&quot;:&quot;&quot;,&quot;is_video&quot;:0,&quot;image_id&quot;:39712,&quot;width&quot;:720,&quot;height&quot;:1280}]}\">\r\n\t\t\t<div class=\"gallery-isotope-wrapper\">\r\n\t\t\t\t<div class=\"gt3pg-isotope-item loading \" ><div class=\"isotope_item-wrapper\"><a href=\"https:\/\/webpe.colegiomayor.cl\/wp-content\/uploads\/2025\/10\/Imagen-de-WhatsApp-2025-10-29-a-las-09.59.20_d43fa476.jpg\" class=\"gt3pg-lightbox\" data-elementor-open-lightbox=\"no\"><div class=\"img-wrapper \"><img loading=\"lazy\" decoding=\"async\" width=\"768\" height=\"1024\" src=\"https:\/\/webpe.colegiomayor.cl\/wp-content\/uploads\/2025\/10\/Imagen-de-WhatsApp-2025-10-29-a-las-09.59.20_d43fa476.jpg\" class=\"skip-lazy gt3-lazy-image\" alt=\"\" data-lazy-srcset=\"https:\/\/webpe.colegiomayor.cl\/wp-content\/uploads\/2025\/10\/Imagen-de-WhatsApp-2025-10-29-a-las-09.59.20_d43fa476.jpg 960w, https:\/\/webpe.colegiomayor.cl\/wp-content\/uploads\/2025\/10\/Imagen-de-WhatsApp-2025-10-29-a-las-09.59.20_d43fa476-225x300.jpg 225w, https:\/\/webpe.colegiomayor.cl\/wp-content\/uploads\/2025\/10\/Imagen-de-WhatsApp-2025-10-29-a-las-09.59.20_d43fa476-768x1024.jpg 768w\" data-lazy-sizes=\"(max-width: 768px) 100vw, 768px\" data-lazy-src=\"https:\/\/webpe.colegiomayor.cl\/wp-content\/uploads\/2025\/10\/Imagen-de-WhatsApp-2025-10-29-a-las-09.59.20_d43fa476.jpg?is-pending-load=1\" srcset=\"data:image\/png;base64,iVBORw0KGgoAAAANSUhEUgAAAE0AAABmCAYAAACOYhxFAAAACXBIWXMAAA7EAAAOxAGVKw4bAAAANUlEQVR42u3BgQAAAADDoPlTX+EAVQEAAAAAAAAAAAAAAAAAAAAAAAAAAAAAAAAAAAAAAMBrex4AARQEIPwAAAAASUVORK5CYII=\" \/><\/div><\/a><\/div><\/div><div class=\"gt3pg-isotope-item loading \" ><div class=\"isotope_item-wrapper\"><a href=\"https:\/\/webpe.colegiomayor.cl\/wp-content\/uploads\/2025\/10\/Imagen-de-WhatsApp-2025-10-28-a-las-11.06.23_65afde54.jpg\" class=\"gt3pg-lightbox\" data-elementor-open-lightbox=\"no\"><div class=\"img-wrapper \"><img loading=\"lazy\" decoding=\"async\" width=\"720\" height=\"1280\" src=\"https:\/\/webpe.colegiomayor.cl\/wp-content\/uploads\/2025\/10\/Imagen-de-WhatsApp-2025-10-28-a-las-11.06.23_65afde54.jpg\" class=\"skip-lazy gt3-lazy-image\" alt=\"\" data-lazy-srcset=\"https:\/\/webpe.colegiomayor.cl\/wp-content\/uploads\/2025\/10\/Imagen-de-WhatsApp-2025-10-28-a-las-11.06.23_65afde54.jpg 720w, https:\/\/webpe.colegiomayor.cl\/wp-content\/uploads\/2025\/10\/Imagen-de-WhatsApp-2025-10-28-a-las-11.06.23_65afde54-169x300.jpg 169w, https:\/\/webpe.colegiomayor.cl\/wp-content\/uploads\/2025\/10\/Imagen-de-WhatsApp-2025-10-28-a-las-11.06.23_65afde54-576x1024.jpg 576w\" data-lazy-sizes=\"(max-width: 720px) 100vw, 720px\" data-lazy-src=\"https:\/\/webpe.colegiomayor.cl\/wp-content\/uploads\/2025\/10\/Imagen-de-WhatsApp-2025-10-28-a-las-11.06.23_65afde54.jpg?is-pending-load=1\" srcset=\"data:image\/png;base64,iVBORw0KGgoAAAANSUhEUgAAAEgAAACACAYAAACoVi+eAAAACXBIWXMAAA7EAAAOxAGVKw4bAAAAO0lEQVR42u3BMQEAAADCoPVPbQo\/oAAAAAAAAAAAAAAAAAAAAAAAAAAAAAAAAAAAAAAAAAAAAAAAgLcBkIAAAbNfO30AAAAASUVORK5CYII=\" \/><\/div><\/a><\/div><\/div><div class=\"gt3pg-isotope-item loading \" ><div class=\"isotope_item-wrapper\"><a href=\"https:\/\/webpe.colegiomayor.cl\/wp-content\/uploads\/2025\/10\/Imagen-de-WhatsApp-2025-10-28-a-las-11.06.23_86b22d3c.jpg\" class=\"gt3pg-lightbox\" data-elementor-open-lightbox=\"no\"><div class=\"img-wrapper \"><img loading=\"lazy\" decoding=\"async\" width=\"720\" height=\"1280\" src=\"https:\/\/webpe.colegiomayor.cl\/wp-content\/uploads\/2025\/10\/Imagen-de-WhatsApp-2025-10-28-a-las-11.06.23_86b22d3c.jpg\" class=\"skip-lazy gt3-lazy-image\" alt=\"\" data-lazy-srcset=\"https:\/\/webpe.colegiomayor.cl\/wp-content\/uploads\/2025\/10\/Imagen-de-WhatsApp-2025-10-28-a-las-11.06.23_86b22d3c.jpg 720w, https:\/\/webpe.colegiomayor.cl\/wp-content\/uploads\/2025\/10\/Imagen-de-WhatsApp-2025-10-28-a-las-11.06.23_86b22d3c-169x300.jpg 169w, https:\/\/webpe.colegiomayor.cl\/wp-content\/uploads\/2025\/10\/Imagen-de-WhatsApp-2025-10-28-a-las-11.06.23_86b22d3c-576x1024.jpg 576w\" data-lazy-sizes=\"(max-width: 720px) 100vw, 720px\" data-lazy-src=\"https:\/\/webpe.colegiomayor.cl\/wp-content\/uploads\/2025\/10\/Imagen-de-WhatsApp-2025-10-28-a-las-11.06.23_86b22d3c.jpg?is-pending-load=1\" srcset=\"data:image\/png;base64,iVBORw0KGgoAAAANSUhEUgAAAEgAAACACAYAAACoVi+eAAAACXBIWXMAAA7EAAAOxAGVKw4bAAAAO0lEQVR42u3BMQEAAADCoPVPbQo\/oAAAAAAAAAAAAAAAAAAAAAAAAAAAAAAAAAAAAAAAAAAAAAAAgLcBkIAAAbNfO30AAAAASUVORK5CYII=\" \/><\/div><\/a><\/div><\/div><div class=\"gt3pg-isotope-item loading \" ><div class=\"isotope_item-wrapper\"><a href=\"https:\/\/webpe.colegiomayor.cl\/wp-content\/uploads\/2025\/10\/Imagen-de-WhatsApp-2025-10-28-a-las-11.06.24_28af3130.jpg\" class=\"gt3pg-lightbox\" data-elementor-open-lightbox=\"no\"><div class=\"img-wrapper \"><img loading=\"lazy\" decoding=\"async\" width=\"768\" height=\"432\" src=\"https:\/\/webpe.colegiomayor.cl\/wp-content\/uploads\/2025\/10\/Imagen-de-WhatsApp-2025-10-28-a-las-11.06.24_28af3130.jpg\" class=\"skip-lazy gt3-lazy-image\" alt=\"\" data-lazy-srcset=\"https:\/\/webpe.colegiomayor.cl\/wp-content\/uploads\/2025\/10\/Imagen-de-WhatsApp-2025-10-28-a-las-11.06.24_28af3130.jpg 1280w, https:\/\/webpe.colegiomayor.cl\/wp-content\/uploads\/2025\/10\/Imagen-de-WhatsApp-2025-10-28-a-las-11.06.24_28af3130-300x169.jpg 300w\" data-lazy-sizes=\"(max-width: 768px) 100vw, 768px\" data-lazy-src=\"https:\/\/webpe.colegiomayor.cl\/wp-content\/uploads\/2025\/10\/Imagen-de-WhatsApp-2025-10-28-a-las-11.06.24_28af3130.jpg?is-pending-load=1\" srcset=\"data:image\/png;base64,iVBORw0KGgoAAAANSUhEUgAAAE0AAAArCAYAAAA9pAX3AAAACXBIWXMAAA7EAAAOxAGVKw4bAAAAJElEQVRo3u3BMQEAAADCoPVPbQwfoAAAAAAAAAAAAAAAAICzATPnAAGZbRrQAAAAAElFTkSuQmCC\" \/><\/div><\/a><\/div><\/div><div class=\"gt3pg-isotope-item loading \" ><div class=\"isotope_item-wrapper\"><a href=\"https:\/\/webpe.colegiomayor.cl\/wp-content\/uploads\/2025\/10\/Imagen-de-WhatsApp-2025-10-28-a-las-11.06.24_16336174.jpg\" class=\"gt3pg-lightbox\" data-elementor-open-lightbox=\"no\"><div class=\"img-wrapper \"><img loading=\"lazy\" decoding=\"async\" width=\"720\" height=\"1280\" src=\"https:\/\/webpe.colegiomayor.cl\/wp-content\/uploads\/2025\/10\/Imagen-de-WhatsApp-2025-10-28-a-las-11.06.24_16336174.jpg\" class=\"skip-lazy gt3-lazy-image\" alt=\"\" data-lazy-srcset=\"https:\/\/webpe.colegiomayor.cl\/wp-content\/uploads\/2025\/10\/Imagen-de-WhatsApp-2025-10-28-a-las-11.06.24_16336174.jpg 720w, https:\/\/webpe.colegiomayor.cl\/wp-content\/uploads\/2025\/10\/Imagen-de-WhatsApp-2025-10-28-a-las-11.06.24_16336174-169x300.jpg 169w, https:\/\/webpe.colegiomayor.cl\/wp-content\/uploads\/2025\/10\/Imagen-de-WhatsApp-2025-10-28-a-las-11.06.24_16336174-576x1024.jpg 576w\" data-lazy-sizes=\"(max-width: 720px) 100vw, 720px\" data-lazy-src=\"https:\/\/webpe.colegiomayor.cl\/wp-content\/uploads\/2025\/10\/Imagen-de-WhatsApp-2025-10-28-a-las-11.06.24_16336174.jpg?is-pending-load=1\" srcset=\"data:image\/png;base64,iVBORw0KGgoAAAANSUhEUgAAAEgAAACACAYAAACoVi+eAAAACXBIWXMAAA7EAAAOxAGVKw4bAAAAO0lEQVR42u3BMQEAAADCoPVPbQo\/oAAAAAAAAAAAAAAAAAAAAAAAAAAAAAAAAAAAAAAAAAAAAAAAgLcBkIAAAbNfO30AAAAASUVORK5CYII=\" \/><\/div><\/a><\/div><\/div><div class=\"gt3pg-isotope-item loading \" ><div class=\"isotope_item-wrapper\"><a href=\"https:\/\/webpe.colegiomayor.cl\/wp-content\/uploads\/2025\/10\/Imagen-de-WhatsApp-2025-10-28-a-las-11.06.27_6d946830.jpg\" class=\"gt3pg-lightbox\" data-elementor-open-lightbox=\"no\"><div class=\"img-wrapper \"><img loading=\"lazy\" decoding=\"async\" width=\"720\" height=\"1280\" src=\"https:\/\/webpe.colegiomayor.cl\/wp-content\/uploads\/2025\/10\/Imagen-de-WhatsApp-2025-10-28-a-las-11.06.27_6d946830.jpg\" class=\"skip-lazy gt3-lazy-image\" alt=\"\" data-lazy-srcset=\"https:\/\/webpe.colegiomayor.cl\/wp-content\/uploads\/2025\/10\/Imagen-de-WhatsApp-2025-10-28-a-las-11.06.27_6d946830.jpg 720w, https:\/\/webpe.colegiomayor.cl\/wp-content\/uploads\/2025\/10\/Imagen-de-WhatsApp-2025-10-28-a-las-11.06.27_6d946830-169x300.jpg 169w, https:\/\/webpe.colegiomayor.cl\/wp-content\/uploads\/2025\/10\/Imagen-de-WhatsApp-2025-10-28-a-las-11.06.27_6d946830-576x1024.jpg 576w\" data-lazy-sizes=\"(max-width: 720px) 100vw, 720px\" data-lazy-src=\"https:\/\/webpe.colegiomayor.cl\/wp-content\/uploads\/2025\/10\/Imagen-de-WhatsApp-2025-10-28-a-las-11.06.27_6d946830.jpg?is-pending-load=1\" srcset=\"data:image\/png;base64,iVBORw0KGgoAAAANSUhEUgAAAEgAAACACAYAAACoVi+eAAAACXBIWXMAAA7EAAAOxAGVKw4bAAAAO0lEQVR42u3BMQEAAADCoPVPbQo\/oAAAAAAAAAAAAAAAAAAAAAAAAAAAAAAAAAAAAAAAAAAAAAAAgLcBkIAAAbNfO30AAAAASUVORK5CYII=\" \/><\/div><\/a><\/div><\/div><div class=\"gt3pg-isotope-item loading \" ><div class=\"isotope_item-wrapper\"><a href=\"https:\/\/webpe.colegiomayor.cl\/wp-content\/uploads\/2025\/10\/Imagen-de-WhatsApp-2025-10-28-a-las-11.06.27_40144df7.jpg\" class=\"gt3pg-lightbox\" data-elementor-open-lightbox=\"no\"><div class=\"img-wrapper \"><img loading=\"lazy\" decoding=\"async\" width=\"720\" height=\"1280\" src=\"https:\/\/webpe.colegiomayor.cl\/wp-content\/uploads\/2025\/10\/Imagen-de-WhatsApp-2025-10-28-a-las-11.06.27_40144df7.jpg\" class=\"skip-lazy gt3-lazy-image\" alt=\"\" data-lazy-srcset=\"https:\/\/webpe.colegiomayor.cl\/wp-content\/uploads\/2025\/10\/Imagen-de-WhatsApp-2025-10-28-a-las-11.06.27_40144df7.jpg 720w, https:\/\/webpe.colegiomayor.cl\/wp-content\/uploads\/2025\/10\/Imagen-de-WhatsApp-2025-10-28-a-las-11.06.27_40144df7-169x300.jpg 169w, https:\/\/webpe.colegiomayor.cl\/wp-content\/uploads\/2025\/10\/Imagen-de-WhatsApp-2025-10-28-a-las-11.06.27_40144df7-576x1024.jpg 576w\" data-lazy-sizes=\"(max-width: 720px) 100vw, 720px\" data-lazy-src=\"https:\/\/webpe.colegiomayor.cl\/wp-content\/uploads\/2025\/10\/Imagen-de-WhatsApp-2025-10-28-a-las-11.06.27_40144df7.jpg?is-pending-load=1\" srcset=\"data:image\/png;base64,iVBORw0KGgoAAAANSUhEUgAAAEgAAACACAYAAACoVi+eAAAACXBIWXMAAA7EAAAOxAGVKw4bAAAAO0lEQVR42u3BMQEAAADCoPVPbQo\/oAAAAAAAAAAAAAAAAAAAAAAAAAAAAAAAAAAAAAAAAAAAAAAAgLcBkIAAAbNfO30AAAAASUVORK5CYII=\" \/><\/div><\/a><\/div><\/div><div class=\"gt3pg-isotope-item loading \" ><div class=\"isotope_item-wrapper\"><a href=\"https:\/\/webpe.colegiomayor.cl\/wp-content\/uploads\/2025\/10\/Imagen-de-WhatsApp-2025-10-28-a-las-11.06.35_6a2c9074.jpg\" class=\"gt3pg-lightbox\" data-elementor-open-lightbox=\"no\"><div class=\"img-wrapper \"><img loading=\"lazy\" decoding=\"async\" width=\"720\" height=\"1280\" src=\"https:\/\/webpe.colegiomayor.cl\/wp-content\/uploads\/2025\/10\/Imagen-de-WhatsApp-2025-10-28-a-las-11.06.35_6a2c9074.jpg\" class=\"skip-lazy gt3-lazy-image\" alt=\"\" data-lazy-srcset=\"https:\/\/webpe.colegiomayor.cl\/wp-content\/uploads\/2025\/10\/Imagen-de-WhatsApp-2025-10-28-a-las-11.06.35_6a2c9074.jpg 720w, https:\/\/webpe.colegiomayor.cl\/wp-content\/uploads\/2025\/10\/Imagen-de-WhatsApp-2025-10-28-a-las-11.06.35_6a2c9074-169x300.jpg 169w, https:\/\/webpe.colegiomayor.cl\/wp-content\/uploads\/2025\/10\/Imagen-de-WhatsApp-2025-10-28-a-las-11.06.35_6a2c9074-576x1024.jpg 576w\" data-lazy-sizes=\"(max-width: 720px) 100vw, 720px\" data-lazy-src=\"https:\/\/webpe.colegiomayor.cl\/wp-content\/uploads\/2025\/10\/Imagen-de-WhatsApp-2025-10-28-a-las-11.06.35_6a2c9074.jpg?is-pending-load=1\" srcset=\"data:image\/png;base64,iVBORw0KGgoAAAANSUhEUgAAAEgAAACACAYAAACoVi+eAAAACXBIWXMAAA7EAAAOxAGVKw4bAAAAO0lEQVR42u3BMQEAAADCoPVPbQo\/oAAAAAAAAAAAAAAAAAAAAAAAAAAAAAAAAAAAAAAAAAAAAAAAgLcBkIAAAbNfO30AAAAASUVORK5CYII=\" \/><\/div><\/a><\/div><\/div><div class=\"gt3pg-isotope-item loading \" ><div class=\"isotope_item-wrapper\"><a href=\"https:\/\/webpe.colegiomayor.cl\/wp-content\/uploads\/2025\/10\/Imagen-de-WhatsApp-2025-10-28-a-las-11.06.38_a63cc578.jpg\" class=\"gt3pg-lightbox\" data-elementor-open-lightbox=\"no\"><div class=\"img-wrapper \"><img loading=\"lazy\" decoding=\"async\" width=\"720\" height=\"1280\" src=\"https:\/\/webpe.colegiomayor.cl\/wp-content\/uploads\/2025\/10\/Imagen-de-WhatsApp-2025-10-28-a-las-11.06.38_a63cc578.jpg\" class=\"skip-lazy gt3-lazy-image\" alt=\"\" data-lazy-srcset=\"https:\/\/webpe.colegiomayor.cl\/wp-content\/uploads\/2025\/10\/Imagen-de-WhatsApp-2025-10-28-a-las-11.06.38_a63cc578.jpg 720w, https:\/\/webpe.colegiomayor.cl\/wp-content\/uploads\/2025\/10\/Imagen-de-WhatsApp-2025-10-28-a-las-11.06.38_a63cc578-169x300.jpg 169w, https:\/\/webpe.colegiomayor.cl\/wp-content\/uploads\/2025\/10\/Imagen-de-WhatsApp-2025-10-28-a-las-11.06.38_a63cc578-576x1024.jpg 576w\" data-lazy-sizes=\"(max-width: 720px) 100vw, 720px\" data-lazy-src=\"https:\/\/webpe.colegiomayor.cl\/wp-content\/uploads\/2025\/10\/Imagen-de-WhatsApp-2025-10-28-a-las-11.06.38_a63cc578.jpg?is-pending-load=1\" srcset=\"data:image\/png;base64,iVBORw0KGgoAAAANSUhEUgAAAEgAAACACAYAAACoVi+eAAAACXBIWXMAAA7EAAAOxAGVKw4bAAAAO0lEQVR42u3BMQEAAADCoPVPbQo\/oAAAAAAAAAAAAAAAAAAAAAAAAAAAAAAAAAAAAAAAAAAAAAAAgLcBkIAAAbNfO30AAAAASUVORK5CYII=\" \/><\/div><\/a><\/div><\/div><div class=\"gt3pg-isotope-item loading \" ><div class=\"isotope_item-wrapper\"><a href=\"https:\/\/webpe.colegiomayor.cl\/wp-content\/uploads\/2025\/10\/Imagen-de-WhatsApp-2025-10-28-a-las-11.06.39_2b4c2126.jpg\" class=\"gt3pg-lightbox\" data-elementor-open-lightbox=\"no\"><div class=\"img-wrapper \"><img loading=\"lazy\" decoding=\"async\" width=\"720\" height=\"1280\" src=\"https:\/\/webpe.colegiomayor.cl\/wp-content\/uploads\/2025\/10\/Imagen-de-WhatsApp-2025-10-28-a-las-11.06.39_2b4c2126.jpg\" class=\"skip-lazy gt3-lazy-image\" alt=\"\" data-lazy-srcset=\"https:\/\/webpe.colegiomayor.cl\/wp-content\/uploads\/2025\/10\/Imagen-de-WhatsApp-2025-10-28-a-las-11.06.39_2b4c2126.jpg 720w, https:\/\/webpe.colegiomayor.cl\/wp-content\/uploads\/2025\/10\/Imagen-de-WhatsApp-2025-10-28-a-las-11.06.39_2b4c2126-169x300.jpg 169w, https:\/\/webpe.colegiomayor.cl\/wp-content\/uploads\/2025\/10\/Imagen-de-WhatsApp-2025-10-28-a-las-11.06.39_2b4c2126-576x1024.jpg 576w\" data-lazy-sizes=\"(max-width: 720px) 100vw, 720px\" data-lazy-src=\"https:\/\/webpe.colegiomayor.cl\/wp-content\/uploads\/2025\/10\/Imagen-de-WhatsApp-2025-10-28-a-las-11.06.39_2b4c2126.jpg?is-pending-load=1\" srcset=\"data:image\/png;base64,iVBORw0KGgoAAAANSUhEUgAAAEgAAACACAYAAACoVi+eAAAACXBIWXMAAA7EAAAOxAGVKw4bAAAAO0lEQVR42u3BMQEAAADCoPVPbQo\/oAAAAAAAAAAAAAAAAAAAAAAAAAAAAAAAAAAAAAAAAAAAAAAAgLcBkIAAAbNfO30AAAAASUVORK5CYII=\" \/><\/div><\/a><\/div><\/div><div class=\"gt3pg-isotope-item loading \" ><div class=\"isotope_item-wrapper\"><a href=\"https:\/\/webpe.colegiomayor.cl\/wp-content\/uploads\/2025\/10\/Imagen-de-WhatsApp-2025-10-28-a-las-11.06.39_e1c03fc6.jpg\" class=\"gt3pg-lightbox\" data-elementor-open-lightbox=\"no\"><div class=\"img-wrapper \"><img loading=\"lazy\" decoding=\"async\" width=\"720\" height=\"1280\" src=\"https:\/\/webpe.colegiomayor.cl\/wp-content\/uploads\/2025\/10\/Imagen-de-WhatsApp-2025-10-28-a-las-11.06.39_e1c03fc6.jpg\" class=\"skip-lazy gt3-lazy-image\" alt=\"\" data-lazy-srcset=\"https:\/\/webpe.colegiomayor.cl\/wp-content\/uploads\/2025\/10\/Imagen-de-WhatsApp-2025-10-28-a-las-11.06.39_e1c03fc6.jpg 720w, https:\/\/webpe.colegiomayor.cl\/wp-content\/uploads\/2025\/10\/Imagen-de-WhatsApp-2025-10-28-a-las-11.06.39_e1c03fc6-169x300.jpg 169w, https:\/\/webpe.colegiomayor.cl\/wp-content\/uploads\/2025\/10\/Imagen-de-WhatsApp-2025-10-28-a-las-11.06.39_e1c03fc6-576x1024.jpg 576w\" data-lazy-sizes=\"(max-width: 720px) 100vw, 720px\" data-lazy-src=\"https:\/\/webpe.colegiomayor.cl\/wp-content\/uploads\/2025\/10\/Imagen-de-WhatsApp-2025-10-28-a-las-11.06.39_e1c03fc6.jpg?is-pending-load=1\" srcset=\"data:image\/png;base64,iVBORw0KGgoAAAANSUhEUgAAAEgAAACACAYAAACoVi+eAAAACXBIWXMAAA7EAAAOxAGVKw4bAAAAO0lEQVR42u3BMQEAAADCoPVPbQo\/oAAAAAAAAAAAAAAAAAAAAAAAAAAAAAAAAAAAAAAAAAAAAAAAgLcBkIAAAbNfO30AAAAASUVORK5CYII=\" \/><\/div><\/a><\/div><\/div><div class=\"gt3pg-isotope-item loading \" ><div class=\"isotope_item-wrapper\"><a href=\"https:\/\/webpe.colegiomayor.cl\/wp-content\/uploads\/2025\/10\/Imagen-de-WhatsApp-2025-10-28-a-las-11.13.10_1d8d518b.jpg\" class=\"gt3pg-lightbox\" data-elementor-open-lightbox=\"no\"><div class=\"img-wrapper \"><img loading=\"lazy\" decoding=\"async\" width=\"720\" height=\"1280\" src=\"https:\/\/webpe.colegiomayor.cl\/wp-content\/uploads\/2025\/10\/Imagen-de-WhatsApp-2025-10-28-a-las-11.13.10_1d8d518b.jpg\" class=\"skip-lazy gt3-lazy-image\" alt=\"\" data-lazy-srcset=\"https:\/\/webpe.colegiomayor.cl\/wp-content\/uploads\/2025\/10\/Imagen-de-WhatsApp-2025-10-28-a-las-11.13.10_1d8d518b.jpg 720w, https:\/\/webpe.colegiomayor.cl\/wp-content\/uploads\/2025\/10\/Imagen-de-WhatsApp-2025-10-28-a-las-11.13.10_1d8d518b-169x300.jpg 169w, https:\/\/webpe.colegiomayor.cl\/wp-content\/uploads\/2025\/10\/Imagen-de-WhatsApp-2025-10-28-a-las-11.13.10_1d8d518b-576x1024.jpg 576w\" data-lazy-sizes=\"(max-width: 720px) 100vw, 720px\" data-lazy-src=\"https:\/\/webpe.colegiomayor.cl\/wp-content\/uploads\/2025\/10\/Imagen-de-WhatsApp-2025-10-28-a-las-11.13.10_1d8d518b.jpg?is-pending-load=1\" srcset=\"data:image\/png;base64,iVBORw0KGgoAAAANSUhEUgAAAEgAAACACAYAAACoVi+eAAAACXBIWXMAAA7EAAAOxAGVKw4bAAAAO0lEQVR42u3BMQEAAADCoPVPbQo\/oAAAAAAAAAAAAAAAAAAAAAAAAAAAAAAAAAAAAAAAAAAAAAAAgLcBkIAAAbNfO30AAAAASUVORK5CYII=\" \/><\/div><\/a><\/div><\/div><div class=\"gt3pg-isotope-item loading \" ><div class=\"isotope_item-wrapper\"><a href=\"https:\/\/webpe.colegiomayor.cl\/wp-content\/uploads\/2025\/10\/Imagen-de-WhatsApp-2025-10-28-a-las-11.14.32_86f01c0f.jpg\" class=\"gt3pg-lightbox\" data-elementor-open-lightbox=\"no\"><div class=\"img-wrapper \"><img loading=\"lazy\" decoding=\"async\" width=\"720\" height=\"1280\" src=\"https:\/\/webpe.colegiomayor.cl\/wp-content\/uploads\/2025\/10\/Imagen-de-WhatsApp-2025-10-28-a-las-11.14.32_86f01c0f.jpg\" class=\"skip-lazy gt3-lazy-image\" alt=\"\" data-lazy-srcset=\"https:\/\/webpe.colegiomayor.cl\/wp-content\/uploads\/2025\/10\/Imagen-de-WhatsApp-2025-10-28-a-las-11.14.32_86f01c0f.jpg 720w, https:\/\/webpe.colegiomayor.cl\/wp-content\/uploads\/2025\/10\/Imagen-de-WhatsApp-2025-10-28-a-las-11.14.32_86f01c0f-169x300.jpg 169w, https:\/\/webpe.colegiomayor.cl\/wp-content\/uploads\/2025\/10\/Imagen-de-WhatsApp-2025-10-28-a-las-11.14.32_86f01c0f-576x1024.jpg 576w\" data-lazy-sizes=\"(max-width: 720px) 100vw, 720px\" data-lazy-src=\"https:\/\/webpe.colegiomayor.cl\/wp-content\/uploads\/2025\/10\/Imagen-de-WhatsApp-2025-10-28-a-las-11.14.32_86f01c0f.jpg?is-pending-load=1\" srcset=\"data:image\/png;base64,iVBORw0KGgoAAAANSUhEUgAAAEgAAACACAYAAACoVi+eAAAACXBIWXMAAA7EAAAOxAGVKw4bAAAAO0lEQVR42u3BMQEAAADCoPVPbQo\/oAAAAAAAAAAAAAAAAAAAAAAAAAAAAAAAAAAAAAAAAAAAAAAAgLcBkIAAAbNfO30AAAAASUVORK5CYII=\" \/><\/div><\/a><\/div><\/div><div class=\"gt3pg-isotope-item loading \" ><div class=\"isotope_item-wrapper\"><a href=\"https:\/\/webpe.colegiomayor.cl\/wp-content\/uploads\/2025\/10\/equipo-1.jpg\" class=\"gt3pg-lightbox\" data-elementor-open-lightbox=\"no\"><div class=\"img-wrapper \"><img loading=\"lazy\" decoding=\"async\" width=\"768\" height=\"432\" src=\"https:\/\/webpe.colegiomayor.cl\/wp-content\/uploads\/2025\/10\/equipo-1.jpg\" class=\"skip-lazy gt3-lazy-image\" alt=\"\" data-lazy-srcset=\"https:\/\/webpe.colegiomayor.cl\/wp-content\/uploads\/2025\/10\/equipo-1.jpg 1280w, https:\/\/webpe.colegiomayor.cl\/wp-content\/uploads\/2025\/10\/equipo-1-300x169.jpg 300w, https:\/\/webpe.colegiomayor.cl\/wp-content\/uploads\/2025\/10\/equipo-1-150x84.jpg 150w\" data-lazy-sizes=\"(max-width: 768px) 100vw, 768px\" data-lazy-src=\"https:\/\/webpe.colegiomayor.cl\/wp-content\/uploads\/2025\/10\/equipo-1.jpg?is-pending-load=1\" srcset=\"data:image\/png;base64,iVBORw0KGgoAAAANSUhEUgAAAE0AAAArCAYAAAA9pAX3AAAACXBIWXMAAA7EAAAOxAGVKw4bAAAAJElEQVRo3u3BMQEAAADCoPVPbQwfoAAAAAAAAAAAAAAAAICzATPnAAGZbRrQAAAAAElFTkSuQmCC\" \/><\/div><\/a><\/div><\/div><div class=\"gt3pg-isotope-item loading \" ><div class=\"isotope_item-wrapper\"><a href=\"https:\/\/webpe.colegiomayor.cl\/wp-content\/uploads\/2025\/10\/Esteban.jpg\" class=\"gt3pg-lightbox\" data-elementor-open-lightbox=\"no\"><div class=\"img-wrapper \"><img loading=\"lazy\" decoding=\"async\" width=\"720\" height=\"1280\" src=\"https:\/\/webpe.colegiomayor.cl\/wp-content\/uploads\/2025\/10\/Esteban.jpg\" class=\"skip-lazy gt3-lazy-image\" alt=\"\" data-lazy-srcset=\"https:\/\/webpe.colegiomayor.cl\/wp-content\/uploads\/2025\/10\/Esteban.jpg 720w, https:\/\/webpe.colegiomayor.cl\/wp-content\/uploads\/2025\/10\/Esteban-169x300.jpg 169w, https:\/\/webpe.colegiomayor.cl\/wp-content\/uploads\/2025\/10\/Esteban-576x1024.jpg 576w\" data-lazy-sizes=\"(max-width: 720px) 100vw, 720px\" data-lazy-src=\"https:\/\/webpe.colegiomayor.cl\/wp-content\/uploads\/2025\/10\/Esteban.jpg?is-pending-load=1\" srcset=\"data:image\/png;base64,iVBORw0KGgoAAAANSUhEUgAAAEgAAACACAYAAACoVi+eAAAACXBIWXMAAA7EAAAOxAGVKw4bAAAAO0lEQVR42u3BMQEAAADCoPVPbQo\/oAAAAAAAAAAAAAAAAAAAAAAAAAAAAAAAAAAAAAAAAAAAAAAAgLcBkIAAAbNfO30AAAAASUVORK5CYII=\" \/><\/div><\/a><\/div><\/div><div class=\"gt3pg-isotope-item loading \" ><div class=\"isotope_item-wrapper\"><a href=\"https:\/\/webpe.colegiomayor.cl\/wp-content\/uploads\/2025\/10\/Foto-Esteban.jpg\" class=\"gt3pg-lightbox\" data-elementor-open-lightbox=\"no\"><div class=\"img-wrapper \"><img loading=\"lazy\" decoding=\"async\" width=\"768\" height=\"1024\" src=\"https:\/\/webpe.colegiomayor.cl\/wp-content\/uploads\/2025\/10\/Foto-Esteban.jpg\" class=\"skip-lazy gt3-lazy-image\" alt=\"\" data-lazy-srcset=\"https:\/\/webpe.colegiomayor.cl\/wp-content\/uploads\/2025\/10\/Foto-Esteban.jpg 960w, https:\/\/webpe.colegiomayor.cl\/wp-content\/uploads\/2025\/10\/Foto-Esteban-225x300.jpg 225w, https:\/\/webpe.colegiomayor.cl\/wp-content\/uploads\/2025\/10\/Foto-Esteban-768x1024.jpg 768w\" data-lazy-sizes=\"(max-width: 768px) 100vw, 768px\" data-lazy-src=\"https:\/\/webpe.colegiomayor.cl\/wp-content\/uploads\/2025\/10\/Foto-Esteban.jpg?is-pending-load=1\" srcset=\"data:image\/png;base64,iVBORw0KGgoAAAANSUhEUgAAAE0AAABmCAYAAACOYhxFAAAACXBIWXMAAA7EAAAOxAGVKw4bAAAANUlEQVR42u3BgQAAAADDoPlTX+EAVQEAAAAAAAAAAAAAAAAAAAAAAAAAAAAAAAAAAAAAAMBrex4AARQEIPwAAAAASUVORK5CYII=\" \/><\/div><\/a><\/div><\/div><div class=\"gt3pg-isotope-item loading \" ><div class=\"isotope_item-wrapper\"><a href=\"https:\/\/webpe.colegiomayor.cl\/wp-content\/uploads\/2025\/10\/Foto-Grupal.jpg\" class=\"gt3pg-lightbox\" data-elementor-open-lightbox=\"no\"><div class=\"img-wrapper \"><img loading=\"lazy\" decoding=\"async\" width=\"768\" height=\"576\" src=\"https:\/\/webpe.colegiomayor.cl\/wp-content\/uploads\/2025\/10\/Foto-Grupal.jpg\" class=\"skip-lazy gt3-lazy-image\" alt=\"\" data-lazy-srcset=\"https:\/\/webpe.colegiomayor.cl\/wp-content\/uploads\/2025\/10\/Foto-Grupal.jpg 1280w, https:\/\/webpe.colegiomayor.cl\/wp-content\/uploads\/2025\/10\/Foto-Grupal-300x225.jpg 300w\" data-lazy-sizes=\"(max-width: 768px) 100vw, 768px\" data-lazy-src=\"https:\/\/webpe.colegiomayor.cl\/wp-content\/uploads\/2025\/10\/Foto-Grupal.jpg?is-pending-load=1\" srcset=\"data:image\/png;base64,iVBORw0KGgoAAAANSUhEUgAAAE0AAAA5CAYAAABzuqZnAAAACXBIWXMAAA7EAAAOxAGVKw4bAAAAKElEQVR42u3BMQEAAADCoPVPbQlPoAAAAAAAAAAAAAAAAAAAAAAADgZEzQABzhJDggAAAABJRU5ErkJggg==\" \/><\/div><\/a><\/div><\/div><div class=\"gt3pg-isotope-item loading \" ><div class=\"isotope_item-wrapper\"><a href=\"https:\/\/webpe.colegiomayor.cl\/wp-content\/uploads\/2025\/10\/Paula.jpg\" class=\"gt3pg-lightbox\" data-elementor-open-lightbox=\"no\"><div class=\"img-wrapper \"><img loading=\"lazy\" decoding=\"async\" width=\"720\" height=\"1280\" src=\"https:\/\/webpe.colegiomayor.cl\/wp-content\/uploads\/2025\/10\/Paula.jpg\" class=\"skip-lazy gt3-lazy-image\" alt=\"\" data-lazy-srcset=\"https:\/\/webpe.colegiomayor.cl\/wp-content\/uploads\/2025\/10\/Paula.jpg 720w, https:\/\/webpe.colegiomayor.cl\/wp-content\/uploads\/2025\/10\/Paula-169x300.jpg 169w, https:\/\/webpe.colegiomayor.cl\/wp-content\/uploads\/2025\/10\/Paula-576x1024.jpg 576w\" data-lazy-sizes=\"(max-width: 720px) 100vw, 720px\" data-lazy-src=\"https:\/\/webpe.colegiomayor.cl\/wp-content\/uploads\/2025\/10\/Paula.jpg?is-pending-load=1\" srcset=\"data:image\/png;base64,iVBORw0KGgoAAAANSUhEUgAAAEgAAACACAYAAACoVi+eAAAACXBIWXMAAA7EAAAOxAGVKw4bAAAAO0lEQVR42u3BMQEAAADCoPVPbQo\/oAAAAAAAAAAAAAAAAAAAAAAAAAAAAAAAAAAAAAAAAAAAAAAAgLcBkIAAAbNfO30AAAAASUVORK5CYII=\" \/><\/div><\/a><\/div><\/div>\t\t\t<\/div>\r\n\t\t<\/div>\r\n\t\t<script type=\"application\/json\" id=\"settings--uid-8731774bad3803b7\">{\"lightbox\":{\"enable\":true,\"options\":{\"instance\":1}},\"id\":1,\"uid\":\"uid-8731774bad3803b7\",\"modules\":[\"Lightbox\"],\"lightboxArray\":[{\"href\":\"https:\\\/\\\/webpe.colegiomayor.cl\\\/wp-content\\\/uploads\\\/2025\\\/10\\\/Imagen-de-WhatsApp-2025-10-29-a-las-09.59.20_d43fa476.jpg\",\"title\":\"Imagen de WhatsApp 2025-10-29 a las 09.59.20_d43fa476\",\"thumbnail\":\"https:\\\/\\\/webpe.colegiomayor.cl\\\/wp-content\\\/uploads\\\/2025\\\/10\\\/Imagen-de-WhatsApp-2025-10-29-a-las-09.59.20_d43fa476-150x150.jpg\",\"description\":\"\",\"is_video\":0,\"image_id\":39714,\"width\":960,\"height\":1280},{\"href\":\"https:\\\/\\\/webpe.colegiomayor.cl\\\/wp-content\\\/uploads\\\/2025\\\/10\\\/Imagen-de-WhatsApp-2025-10-28-a-las-11.06.23_65afde54.jpg\",\"title\":\"Imagen de WhatsApp 2025-10-28 a las 11.06.23_65afde54\",\"thumbnail\":\"https:\\\/\\\/webpe.colegiomayor.cl\\\/wp-content\\\/uploads\\\/2025\\\/10\\\/Imagen-de-WhatsApp-2025-10-28-a-las-11.06.23_65afde54-150x150.jpg\",\"description\":\"\",\"is_video\":0,\"image_id\":39715,\"width\":720,\"height\":1280},{\"href\":\"https:\\\/\\\/webpe.colegiomayor.cl\\\/wp-content\\\/uploads\\\/2025\\\/10\\\/Imagen-de-WhatsApp-2025-10-28-a-las-11.06.23_86b22d3c.jpg\",\"title\":\"Imagen de WhatsApp 2025-10-28 a las 11.06.23_86b22d3c\",\"thumbnail\":\"https:\\\/\\\/webpe.colegiomayor.cl\\\/wp-content\\\/uploads\\\/2025\\\/10\\\/Imagen-de-WhatsApp-2025-10-28-a-las-11.06.23_86b22d3c-150x150.jpg\",\"description\":\"\",\"is_video\":0,\"image_id\":39716,\"width\":720,\"height\":1280},{\"href\":\"https:\\\/\\\/webpe.colegiomayor.cl\\\/wp-content\\\/uploads\\\/2025\\\/10\\\/Imagen-de-WhatsApp-2025-10-28-a-las-11.06.24_28af3130.jpg\",\"title\":\"Imagen de WhatsApp 2025-10-28 a las 11.06.24_28af3130\",\"thumbnail\":\"https:\\\/\\\/webpe.colegiomayor.cl\\\/wp-content\\\/uploads\\\/2025\\\/10\\\/Imagen-de-WhatsApp-2025-10-28-a-las-11.06.24_28af3130-150x150.jpg\",\"description\":\"\",\"is_video\":0,\"image_id\":39717,\"width\":1280,\"height\":720},{\"href\":\"https:\\\/\\\/webpe.colegiomayor.cl\\\/wp-content\\\/uploads\\\/2025\\\/10\\\/Imagen-de-WhatsApp-2025-10-28-a-las-11.06.24_16336174.jpg\",\"title\":\"Imagen de WhatsApp 2025-10-28 a las 11.06.24_16336174\",\"thumbnail\":\"https:\\\/\\\/webpe.colegiomayor.cl\\\/wp-content\\\/uploads\\\/2025\\\/10\\\/Imagen-de-WhatsApp-2025-10-28-a-las-11.06.24_16336174-150x150.jpg\",\"description\":\"\",\"is_video\":0,\"image_id\":39718,\"width\":720,\"height\":1280},{\"href\":\"https:\\\/\\\/webpe.colegiomayor.cl\\\/wp-content\\\/uploads\\\/2025\\\/10\\\/Imagen-de-WhatsApp-2025-10-28-a-las-11.06.27_6d946830.jpg\",\"title\":\"Imagen de WhatsApp 2025-10-28 a las 11.06.27_6d946830\",\"thumbnail\":\"https:\\\/\\\/webpe.colegiomayor.cl\\\/wp-content\\\/uploads\\\/2025\\\/10\\\/Imagen-de-WhatsApp-2025-10-28-a-las-11.06.27_6d946830-150x150.jpg\",\"description\":\"\",\"is_video\":0,\"image_id\":39719,\"width\":720,\"height\":1280},{\"href\":\"https:\\\/\\\/webpe.colegiomayor.cl\\\/wp-content\\\/uploads\\\/2025\\\/10\\\/Imagen-de-WhatsApp-2025-10-28-a-las-11.06.27_40144df7.jpg\",\"title\":\"Imagen de WhatsApp 2025-10-28 a las 11.06.27_40144df7\",\"thumbnail\":\"https:\\\/\\\/webpe.colegiomayor.cl\\\/wp-content\\\/uploads\\\/2025\\\/10\\\/Imagen-de-WhatsApp-2025-10-28-a-las-11.06.27_40144df7-150x150.jpg\",\"description\":\"\",\"is_video\":0,\"image_id\":39720,\"width\":720,\"height\":1280},{\"href\":\"https:\\\/\\\/webpe.colegiomayor.cl\\\/wp-content\\\/uploads\\\/2025\\\/10\\\/Imagen-de-WhatsApp-2025-10-28-a-las-11.06.35_6a2c9074.jpg\",\"title\":\"Imagen de WhatsApp 2025-10-28 a las 11.06.35_6a2c9074\",\"thumbnail\":\"https:\\\/\\\/webpe.colegiomayor.cl\\\/wp-content\\\/uploads\\\/2025\\\/10\\\/Imagen-de-WhatsApp-2025-10-28-a-las-11.06.35_6a2c9074-150x150.jpg\",\"description\":\"\",\"is_video\":0,\"image_id\":39721,\"width\":720,\"height\":1280},{\"href\":\"https:\\\/\\\/webpe.colegiomayor.cl\\\/wp-content\\\/uploads\\\/2025\\\/10\\\/Imagen-de-WhatsApp-2025-10-28-a-las-11.06.38_a63cc578.jpg\",\"title\":\"Imagen de WhatsApp 2025-10-28 a las 11.06.38_a63cc578\",\"thumbnail\":\"https:\\\/\\\/webpe.colegiomayor.cl\\\/wp-content\\\/uploads\\\/2025\\\/10\\\/Imagen-de-WhatsApp-2025-10-28-a-las-11.06.38_a63cc578-150x150.jpg\",\"description\":\"\",\"is_video\":0,\"image_id\":39722,\"width\":720,\"height\":1280},{\"href\":\"https:\\\/\\\/webpe.colegiomayor.cl\\\/wp-content\\\/uploads\\\/2025\\\/10\\\/Imagen-de-WhatsApp-2025-10-28-a-las-11.06.39_2b4c2126.jpg\",\"title\":\"Imagen de WhatsApp 2025-10-28 a las 11.06.39_2b4c2126\",\"thumbnail\":\"https:\\\/\\\/webpe.colegiomayor.cl\\\/wp-content\\\/uploads\\\/2025\\\/10\\\/Imagen-de-WhatsApp-2025-10-28-a-las-11.06.39_2b4c2126-150x150.jpg\",\"description\":\"\",\"is_video\":0,\"image_id\":39723,\"width\":720,\"height\":1280},{\"href\":\"https:\\\/\\\/webpe.colegiomayor.cl\\\/wp-content\\\/uploads\\\/2025\\\/10\\\/Imagen-de-WhatsApp-2025-10-28-a-las-11.06.39_e1c03fc6.jpg\",\"title\":\"Imagen de WhatsApp 2025-10-28 a las 11.06.39_e1c03fc6\",\"thumbnail\":\"https:\\\/\\\/webpe.colegiomayor.cl\\\/wp-content\\\/uploads\\\/2025\\\/10\\\/Imagen-de-WhatsApp-2025-10-28-a-las-11.06.39_e1c03fc6-150x150.jpg\",\"description\":\"\",\"is_video\":0,\"image_id\":39724,\"width\":720,\"height\":1280},{\"href\":\"https:\\\/\\\/webpe.colegiomayor.cl\\\/wp-content\\\/uploads\\\/2025\\\/10\\\/Imagen-de-WhatsApp-2025-10-28-a-las-11.13.10_1d8d518b.jpg\",\"title\":\"Imagen de WhatsApp 2025-10-28 a las 11.13.10_1d8d518b\",\"thumbnail\":\"https:\\\/\\\/webpe.colegiomayor.cl\\\/wp-content\\\/uploads\\\/2025\\\/10\\\/Imagen-de-WhatsApp-2025-10-28-a-las-11.13.10_1d8d518b-150x150.jpg\",\"description\":\"\",\"is_video\":0,\"image_id\":39725,\"width\":720,\"height\":1280},{\"href\":\"https:\\\/\\\/webpe.colegiomayor.cl\\\/wp-content\\\/uploads\\\/2025\\\/10\\\/Imagen-de-WhatsApp-2025-10-28-a-las-11.14.32_86f01c0f.jpg\",\"title\":\"Imagen de WhatsApp 2025-10-28 a las 11.14.32_86f01c0f\",\"thumbnail\":\"https:\\\/\\\/webpe.colegiomayor.cl\\\/wp-content\\\/uploads\\\/2025\\\/10\\\/Imagen-de-WhatsApp-2025-10-28-a-las-11.14.32_86f01c0f-150x150.jpg\",\"description\":\"\",\"is_video\":0,\"image_id\":39726,\"width\":720,\"height\":1280},{\"href\":\"https:\\\/\\\/webpe.colegiomayor.cl\\\/wp-content\\\/uploads\\\/2025\\\/10\\\/equipo-1.jpg\",\"title\":\"equipo 1\",\"thumbnail\":\"https:\\\/\\\/webpe.colegiomayor.cl\\\/wp-content\\\/uploads\\\/2025\\\/10\\\/equipo-1-150x150.jpg\",\"description\":\"\",\"is_video\":0,\"image_id\":39707,\"width\":1280,\"height\":720},{\"href\":\"https:\\\/\\\/webpe.colegiomayor.cl\\\/wp-content\\\/uploads\\\/2025\\\/10\\\/Esteban.jpg\",\"title\":\"Esteban\",\"thumbnail\":\"https:\\\/\\\/webpe.colegiomayor.cl\\\/wp-content\\\/uploads\\\/2025\\\/10\\\/Esteban-150x150.jpg\",\"description\":\"\",\"is_video\":0,\"image_id\":39708,\"width\":720,\"height\":1280},{\"href\":\"https:\\\/\\\/webpe.colegiomayor.cl\\\/wp-content\\\/uploads\\\/2025\\\/10\\\/Foto-Esteban.jpg\",\"title\":\"Foto Esteban\",\"thumbnail\":\"https:\\\/\\\/webpe.colegiomayor.cl\\\/wp-content\\\/uploads\\\/2025\\\/10\\\/Foto-Esteban-150x150.jpg\",\"description\":\"\",\"is_video\":0,\"image_id\":39709,\"width\":960,\"height\":1280},{\"href\":\"https:\\\/\\\/webpe.colegiomayor.cl\\\/wp-content\\\/uploads\\\/2025\\\/10\\\/Foto-Grupal.jpg\",\"title\":\"Foto Grupal\",\"thumbnail\":\"https:\\\/\\\/webpe.colegiomayor.cl\\\/wp-content\\\/uploads\\\/2025\\\/10\\\/Foto-Grupal-150x150.jpg\",\"description\":\"\",\"is_video\":0,\"image_id\":39710,\"width\":1280,\"height\":960},{\"href\":\"https:\\\/\\\/webpe.colegiomayor.cl\\\/wp-content\\\/uploads\\\/2025\\\/10\\\/Paula.jpg\",\"title\":\"Paula\",\"thumbnail\":\"https:\\\/\\\/webpe.colegiomayor.cl\\\/wp-content\\\/uploads\\\/2025\\\/10\\\/Paula-150x150.jpg\",\"description\":\"\",\"is_video\":0,\"image_id\":39712,\"width\":720,\"height\":1280}],\"items\":[{\"href\":\"https:\\\/\\\/webpe.colegiomayor.cl\\\/wp-content\\\/uploads\\\/2025\\\/10\\\/Imagen-de-WhatsApp-2025-10-29-a-las-09.59.20_d43fa476.jpg\",\"title\":\"Imagen de WhatsApp 2025-10-29 a las 09.59.20_d43fa476\",\"thumbnail\":\"https:\\\/\\\/webpe.colegiomayor.cl\\\/wp-content\\\/uploads\\\/2025\\\/10\\\/Imagen-de-WhatsApp-2025-10-29-a-las-09.59.20_d43fa476-150x150.jpg\",\"description\":\"\",\"is_video\":0,\"image_id\":39714,\"width\":960,\"height\":1280},{\"href\":\"https:\\\/\\\/webpe.colegiomayor.cl\\\/wp-content\\\/uploads\\\/2025\\\/10\\\/Imagen-de-WhatsApp-2025-10-28-a-las-11.06.23_65afde54.jpg\",\"title\":\"Imagen de WhatsApp 2025-10-28 a las 11.06.23_65afde54\",\"thumbnail\":\"https:\\\/\\\/webpe.colegiomayor.cl\\\/wp-content\\\/uploads\\\/2025\\\/10\\\/Imagen-de-WhatsApp-2025-10-28-a-las-11.06.23_65afde54-150x150.jpg\",\"description\":\"\",\"is_video\":0,\"image_id\":39715,\"width\":720,\"height\":1280},{\"href\":\"https:\\\/\\\/webpe.colegiomayor.cl\\\/wp-content\\\/uploads\\\/2025\\\/10\\\/Imagen-de-WhatsApp-2025-10-28-a-las-11.06.23_86b22d3c.jpg\",\"title\":\"Imagen de WhatsApp 2025-10-28 a las 11.06.23_86b22d3c\",\"thumbnail\":\"https:\\\/\\\/webpe.colegiomayor.cl\\\/wp-content\\\/uploads\\\/2025\\\/10\\\/Imagen-de-WhatsApp-2025-10-28-a-las-11.06.23_86b22d3c-150x150.jpg\",\"description\":\"\",\"is_video\":0,\"image_id\":39716,\"width\":720,\"height\":1280},{\"href\":\"https:\\\/\\\/webpe.colegiomayor.cl\\\/wp-content\\\/uploads\\\/2025\\\/10\\\/Imagen-de-WhatsApp-2025-10-28-a-las-11.06.24_28af3130.jpg\",\"title\":\"Imagen de WhatsApp 2025-10-28 a las 11.06.24_28af3130\",\"thumbnail\":\"https:\\\/\\\/webpe.colegiomayor.cl\\\/wp-content\\\/uploads\\\/2025\\\/10\\\/Imagen-de-WhatsApp-2025-10-28-a-las-11.06.24_28af3130-150x150.jpg\",\"description\":\"\",\"is_video\":0,\"image_id\":39717,\"width\":1280,\"height\":720},{\"href\":\"https:\\\/\\\/webpe.colegiomayor.cl\\\/wp-content\\\/uploads\\\/2025\\\/10\\\/Imagen-de-WhatsApp-2025-10-28-a-las-11.06.24_16336174.jpg\",\"title\":\"Imagen de WhatsApp 2025-10-28 a las 11.06.24_16336174\",\"thumbnail\":\"https:\\\/\\\/webpe.colegiomayor.cl\\\/wp-content\\\/uploads\\\/2025\\\/10\\\/Imagen-de-WhatsApp-2025-10-28-a-las-11.06.24_16336174-150x150.jpg\",\"description\":\"\",\"is_video\":0,\"image_id\":39718,\"width\":720,\"height\":1280},{\"href\":\"https:\\\/\\\/webpe.colegiomayor.cl\\\/wp-content\\\/uploads\\\/2025\\\/10\\\/Imagen-de-WhatsApp-2025-10-28-a-las-11.06.27_6d946830.jpg\",\"title\":\"Imagen de WhatsApp 2025-10-28 a las 11.06.27_6d946830\",\"thumbnail\":\"https:\\\/\\\/webpe.colegiomayor.cl\\\/wp-content\\\/uploads\\\/2025\\\/10\\\/Imagen-de-WhatsApp-2025-10-28-a-las-11.06.27_6d946830-150x150.jpg\",\"description\":\"\",\"is_video\":0,\"image_id\":39719,\"width\":720,\"height\":1280},{\"href\":\"https:\\\/\\\/webpe.colegiomayor.cl\\\/wp-content\\\/uploads\\\/2025\\\/10\\\/Imagen-de-WhatsApp-2025-10-28-a-las-11.06.27_40144df7.jpg\",\"title\":\"Imagen de WhatsApp 2025-10-28 a las 11.06.27_40144df7\",\"thumbnail\":\"https:\\\/\\\/webpe.colegiomayor.cl\\\/wp-content\\\/uploads\\\/2025\\\/10\\\/Imagen-de-WhatsApp-2025-10-28-a-las-11.06.27_40144df7-150x150.jpg\",\"description\":\"\",\"is_video\":0,\"image_id\":39720,\"width\":720,\"height\":1280},{\"href\":\"https:\\\/\\\/webpe.colegiomayor.cl\\\/wp-content\\\/uploads\\\/2025\\\/10\\\/Imagen-de-WhatsApp-2025-10-28-a-las-11.06.35_6a2c9074.jpg\",\"title\":\"Imagen de WhatsApp 2025-10-28 a las 11.06.35_6a2c9074\",\"thumbnail\":\"https:\\\/\\\/webpe.colegiomayor.cl\\\/wp-content\\\/uploads\\\/2025\\\/10\\\/Imagen-de-WhatsApp-2025-10-28-a-las-11.06.35_6a2c9074-150x150.jpg\",\"description\":\"\",\"is_video\":0,\"image_id\":39721,\"width\":720,\"height\":1280},{\"href\":\"https:\\\/\\\/webpe.colegiomayor.cl\\\/wp-content\\\/uploads\\\/2025\\\/10\\\/Imagen-de-WhatsApp-2025-10-28-a-las-11.06.38_a63cc578.jpg\",\"title\":\"Imagen de WhatsApp 2025-10-28 a las 11.06.38_a63cc578\",\"thumbnail\":\"https:\\\/\\\/webpe.colegiomayor.cl\\\/wp-content\\\/uploads\\\/2025\\\/10\\\/Imagen-de-WhatsApp-2025-10-28-a-las-11.06.38_a63cc578-150x150.jpg\",\"description\":\"\",\"is_video\":0,\"image_id\":39722,\"width\":720,\"height\":1280},{\"href\":\"https:\\\/\\\/webpe.colegiomayor.cl\\\/wp-content\\\/uploads\\\/2025\\\/10\\\/Imagen-de-WhatsApp-2025-10-28-a-las-11.06.39_2b4c2126.jpg\",\"title\":\"Imagen de WhatsApp 2025-10-28 a las 11.06.39_2b4c2126\",\"thumbnail\":\"https:\\\/\\\/webpe.colegiomayor.cl\\\/wp-content\\\/uploads\\\/2025\\\/10\\\/Imagen-de-WhatsApp-2025-10-28-a-las-11.06.39_2b4c2126-150x150.jpg\",\"description\":\"\",\"is_video\":0,\"image_id\":39723,\"width\":720,\"height\":1280},{\"href\":\"https:\\\/\\\/webpe.colegiomayor.cl\\\/wp-content\\\/uploads\\\/2025\\\/10\\\/Imagen-de-WhatsApp-2025-10-28-a-las-11.06.39_e1c03fc6.jpg\",\"title\":\"Imagen de WhatsApp 2025-10-28 a las 11.06.39_e1c03fc6\",\"thumbnail\":\"https:\\\/\\\/webpe.colegiomayor.cl\\\/wp-content\\\/uploads\\\/2025\\\/10\\\/Imagen-de-WhatsApp-2025-10-28-a-las-11.06.39_e1c03fc6-150x150.jpg\",\"description\":\"\",\"is_video\":0,\"image_id\":39724,\"width\":720,\"height\":1280},{\"href\":\"https:\\\/\\\/webpe.colegiomayor.cl\\\/wp-content\\\/uploads\\\/2025\\\/10\\\/Imagen-de-WhatsApp-2025-10-28-a-las-11.13.10_1d8d518b.jpg\",\"title\":\"Imagen de WhatsApp 2025-10-28 a las 11.13.10_1d8d518b\",\"thumbnail\":\"https:\\\/\\\/webpe.colegiomayor.cl\\\/wp-content\\\/uploads\\\/2025\\\/10\\\/Imagen-de-WhatsApp-2025-10-28-a-las-11.13.10_1d8d518b-150x150.jpg\",\"description\":\"\",\"is_video\":0,\"image_id\":39725,\"width\":720,\"height\":1280},{\"href\":\"https:\\\/\\\/webpe.colegiomayor.cl\\\/wp-content\\\/uploads\\\/2025\\\/10\\\/Imagen-de-WhatsApp-2025-10-28-a-las-11.14.32_86f01c0f.jpg\",\"title\":\"Imagen de WhatsApp 2025-10-28 a las 11.14.32_86f01c0f\",\"thumbnail\":\"https:\\\/\\\/webpe.colegiomayor.cl\\\/wp-content\\\/uploads\\\/2025\\\/10\\\/Imagen-de-WhatsApp-2025-10-28-a-las-11.14.32_86f01c0f-150x150.jpg\",\"description\":\"\",\"is_video\":0,\"image_id\":39726,\"width\":720,\"height\":1280},{\"href\":\"https:\\\/\\\/webpe.colegiomayor.cl\\\/wp-content\\\/uploads\\\/2025\\\/10\\\/equipo-1.jpg\",\"title\":\"equipo 1\",\"thumbnail\":\"https:\\\/\\\/webpe.colegiomayor.cl\\\/wp-content\\\/uploads\\\/2025\\\/10\\\/equipo-1-150x150.jpg\",\"description\":\"\",\"is_video\":0,\"image_id\":39707,\"width\":1280,\"height\":720},{\"href\":\"https:\\\/\\\/webpe.colegiomayor.cl\\\/wp-content\\\/uploads\\\/2025\\\/10\\\/Esteban.jpg\",\"title\":\"Esteban\",\"thumbnail\":\"https:\\\/\\\/webpe.colegiomayor.cl\\\/wp-content\\\/uploads\\\/2025\\\/10\\\/Esteban-150x150.jpg\",\"description\":\"\",\"is_video\":0,\"image_id\":39708,\"width\":720,\"height\":1280},{\"href\":\"https:\\\/\\\/webpe.colegiomayor.cl\\\/wp-content\\\/uploads\\\/2025\\\/10\\\/Foto-Esteban.jpg\",\"title\":\"Foto Esteban\",\"thumbnail\":\"https:\\\/\\\/webpe.colegiomayor.cl\\\/wp-content\\\/uploads\\\/2025\\\/10\\\/Foto-Esteban-150x150.jpg\",\"description\":\"\",\"is_video\":0,\"image_id\":39709,\"width\":960,\"height\":1280},{\"href\":\"https:\\\/\\\/webpe.colegiomayor.cl\\\/wp-content\\\/uploads\\\/2025\\\/10\\\/Foto-Grupal.jpg\",\"title\":\"Foto Grupal\",\"thumbnail\":\"https:\\\/\\\/webpe.colegiomayor.cl\\\/wp-content\\\/uploads\\\/2025\\\/10\\\/Foto-Grupal-150x150.jpg\",\"description\":\"\",\"is_video\":0,\"image_id\":39710,\"width\":1280,\"height\":960},{\"href\":\"https:\\\/\\\/webpe.colegiomayor.cl\\\/wp-content\\\/uploads\\\/2025\\\/10\\\/Paula.jpg\",\"title\":\"Paula\",\"thumbnail\":\"https:\\\/\\\/webpe.colegiomayor.cl\\\/wp-content\\\/uploads\\\/2025\\\/10\\\/Paula-150x150.jpg\",\"description\":\"\",\"is_video\":0,\"image_id\":39712,\"width\":720,\"height\":1280}]}<\/script>\r\n\t\t<\/div>","protected":false},"excerpt":{"rendered":"<p>Cuatro equipos cient\u00edficos del Colegio Mayor Pe\u00f1alol\u00e9n fueron invitados a ser expositores en prestigioso evento del Saint George&#8217;s\u00a0College. SANTIAGO, 2025.- Una destacada participaci\u00f3n tuvo el Colegio Mayor Pe\u00f1alol\u00e9n en la Feria Cient\u00edfica 2025 del Colegio Saint George\u2019s, evento que reuni\u00f3 a prestigiosos establecimientos del sector&nbsp;<a href=\"https:\/\/webpe.colegiomayor.cl\/?p=39706\">&hellip;<\/a><\/p>\n","protected":false},"author":11,"featured_media":39707,"comment_status":"closed","ping_status":"closed","sticky":false,"template":"","format":"standard","meta":{"content-type":"","footnotes":""},"categories":[26,42,24,34,1],"tags":[184,68,183,185,186],"class_list":["post-39706","post","type-post","status-publish","format-standard","has-post-thumbnail","hentry","category-clase_invertida","category-aprendizaje-basado-en-proyecto","category-comunicaciones","category-enfoque-pedagogico","category-categoria-3","tag-ciencia-escolar","tag-colegio-mayor","tag-educacion","tag-investigacion-juvenil","tag-premios-y-reconocimientos","odd"],"rttpg_featured_image_url":{"full":["https:\/\/webpe.colegiomayor.cl\/wp-content\/uploads\/2025\/10\/equipo-1.jpg",1280,720,false],"landscape":["https:\/\/webpe.colegiomayor.cl\/wp-content\/uploads\/2025\/10\/equipo-1.jpg",1280,720,false],"portraits":["https:\/\/webpe.colegiomayor.cl\/wp-content\/uploads\/2025\/10\/equipo-1.jpg",1280,720,false],"thumbnail":["https:\/\/webpe.colegiomayor.cl\/wp-content\/uploads\/2025\/10\/equipo-1-150x150.jpg",150,150,true],"medium":["https:\/\/webpe.colegiomayor.cl\/wp-content\/uploads\/2025\/10\/equipo-1-300x169.jpg",300,169,true],"large":["https:\/\/webpe.colegiomayor.cl\/wp-content\/uploads\/2025\/10\/equipo-1-1024x576.jpg",1024,576,true],"1536x1536":["https:\/\/webpe.colegiomayor.cl\/wp-content\/uploads\/2025\/10\/equipo-1-1280x720.jpg",1280,720,true],"2048x2048":["https:\/\/webpe.colegiomayor.cl\/wp-content\/uploads\/2025\/10\/equipo-1-1280x720.jpg",1280,720,true],"post-thumbnail":["https:\/\/webpe.colegiomayor.cl\/wp-content\/uploads\/2025\/10\/equipo-1-150x84.jpg",150,84,true],"ed-school-featured-image":["https:\/\/webpe.colegiomayor.cl\/wp-content\/uploads\/2025\/10\/equipo-1-990x500.jpg",990,500,true],"ed-school-medium":["https:\/\/webpe.colegiomayor.cl\/wp-content\/uploads\/2025\/10\/equipo-1-768x510.jpg",768,510,true],"ed-school-medium-alt":["https:\/\/webpe.colegiomayor.cl\/wp-content\/uploads\/2025\/10\/equipo-1-768x410.jpg",768,410,true],"ed-school-square":["https:\/\/webpe.colegiomayor.cl\/wp-content\/uploads\/2025\/10\/equipo-1-768x720.jpg",768,720,true],"ed-school-square-small":["https:\/\/webpe.colegiomayor.cl\/wp-content\/uploads\/2025\/10\/equipo-1-420x420.jpg",420,420,true]},"rttpg_author":{"display_name":"Francisco Arriagada","author_link":"https:\/\/webpe.colegiomayor.cl\/?author=11"},"rttpg_comment":0,"rttpg_category":"<a href=\"https:\/\/webpe.colegiomayor.cl\/?cat=26\" rel=\"category\">APRENDIZAJE ACTIVO<\/a> <a href=\"https:\/\/webpe.colegiomayor.cl\/?cat=42\" rel=\"category\">APRENDIZAJE BASADO EN PROYECTO<\/a> <a href=\"https:\/\/webpe.colegiomayor.cl\/?cat=24\" rel=\"category\">COMUNICACIONES<\/a> <a href=\"https:\/\/webpe.colegiomayor.cl\/?cat=34\" rel=\"category\">Enfoque Pedag\u00f3gico<\/a> <a href=\"https:\/\/webpe.colegiomayor.cl\/?cat=1\" rel=\"category\">NOTICIAS<\/a>","rttpg_excerpt":"Cuatro equipos cient\u00edficos del Colegio Mayor Pe\u00f1alol\u00e9n fueron invitados a ser expositores en prestigioso evento del Saint George&#8217;s\u00a0College. SANTIAGO, 2025.- Una destacada participaci\u00f3n tuvo el Colegio Mayor Pe\u00f1alol\u00e9n en la Feria Cient\u00edfica 2025 del Colegio Saint George\u2019s, evento que reuni\u00f3 a prestigiosos establecimientos del sector&nbsp;&hellip;","_links":{"self":[{"href":"https:\/\/webpe.colegiomayor.cl\/index.php?rest_route=\/wp\/v2\/posts\/39706","targetHints":{"allow":["GET"]}}],"collection":[{"href":"https:\/\/webpe.colegiomayor.cl\/index.php?rest_route=\/wp\/v2\/posts"}],"about":[{"href":"https:\/\/webpe.colegiomayor.cl\/index.php?rest_route=\/wp\/v2\/types\/post"}],"author":[{"embeddable":true,"href":"https:\/\/webpe.colegiomayor.cl\/index.php?rest_route=\/wp\/v2\/users\/11"}],"replies":[{"embeddable":true,"href":"https:\/\/webpe.colegiomayor.cl\/index.php?rest_route=%2Fwp%2Fv2%2Fcomments&post=39706"}],"version-history":[{"count":6,"href":"https:\/\/webpe.colegiomayor.cl\/index.php?rest_route=\/wp\/v2\/posts\/39706\/revisions"}],"predecessor-version":[{"id":39733,"href":"https:\/\/webpe.colegiomayor.cl\/index.php?rest_route=\/wp\/v2\/posts\/39706\/revisions\/39733"}],"wp:featuredmedia":[{"embeddable":true,"href":"https:\/\/webpe.colegiomayor.cl\/index.php?rest_route=\/wp\/v2\/media\/39707"}],"wp:attachment":[{"href":"https:\/\/webpe.colegiomayor.cl\/index.php?rest_route=%2Fwp%2Fv2%2Fmedia&parent=39706"}],"wp:term":[{"taxonomy":"category","embeddable":true,"href":"https:\/\/webpe.colegiomayor.cl\/index.php?rest_route=%2Fwp%2Fv2%2Fcategories&post=39706"},{"taxonomy":"post_tag","embeddable":true,"href":"https:\/\/webpe.colegiomayor.cl\/index.php?rest_route=%2Fwp%2Fv2%2Ftags&post=39706"}],"curies":[{"name":"wp","href":"https:\/\/api.w.org\/{rel}","templated":true}]}}