{"id":39700,"date":"2025-10-29T08:27:35","date_gmt":"2025-10-29T11:27:35","guid":{"rendered":"https:\/\/webpe.colegiomayor.cl\/?p=39700"},"modified":"2025-10-29T08:27:35","modified_gmt":"2025-10-29T11:27:35","slug":"colegio-mayor-de-penalolen-entre-los-mejores-en-el-atletismo-nacional","status":"publish","type":"post","link":"https:\/\/webpe.colegiomayor.cl\/?p=39700","title":{"rendered":"Colegio Mayor de Pe\u00f1alol\u00e9n entre los mejores en el atletismo nacional"},"content":{"rendered":"\n<p>El viernes 24, s\u00e1bado 25 y domingo 26 de octubre de 2025, se realiz\u00f3 la versi\u00f3n 90\u00b0 del Interescolar Masculino y la 77\u00b0 del Interescolar Femenino de Atletismo FINAL SOPROLE.<\/p>\n\n\n\n<p>Gracias a la excelente participaci\u00f3n de todos los estudiantes de quinto b\u00e1sico a IV medio, nuestro Colegio termin\u00f3 en el lugar 19\u00b0 con el equipo femenino y en el lugar 23\u00b0 con el equipo masculino, de un total de 1.000 colegios que participaron en este evento deportivo.<\/p>\n\n\n\n<p>Destacamos al estudiante <strong>Marcelo Meneses, quien sali\u00f3 campe\u00f3n nacional <\/strong>en la prueba de salto largo con un r\u00e9cord del colegio de 6 metros y 17 cent\u00edmetros. <strong>Adem\u00e1s, fue finalista<\/strong> en la prueba de 80 metros planos.<\/p>\n\n\n\n<p>Tambi\u00e9n destacamos a Emilia Belmar, con dos terceros lugares: uno en la carrera de vallas cortas y otro en la de vallas largas.<\/p>\n\n\n\n<p>Felicitaciones a todos nuestros finalistas: Julieta Bueno, Josefa Labra, Diego Oropeza, Sof\u00eda Avil\u00e9s, Constanza Figueroa, Crist\u00f3bal Antona, Renato Gonz\u00e1lez, Florencia Badilla y Montserrat Flores.<\/p>\n\n\n\n<p>Un gran abrazo de felicitaciones y orgullo a todo el equipo, ya que lo dieron todo en esos tres intensos d\u00edas, demostrando competitividad, fraternidad y compa\u00f1erismo.<\/p>\n\n\n\n<p>\u201cA seguir en la senda del alto vuelo, buscando proyectar a este maravilloso equipo\u201d.<\/p>\n\n\n<style>.uid-b097dd561161018c  .gt3pg-isotope-item {\n\tpadding-right: 20px;\n\tpadding-bottom: 20px;\n}\n.uid-b097dd561161018c  .gallery-isotope-wrapper {\n\tmargin-right: -20px;\n\tmargin-bottom: -20px;\n}\n<\/style><div id=\"uid-b097dd561161018c\" data-gt3pg-block=\"masonry\" data-index=\"1\" class=\"gt3-photo-gallery-pro--isotope_gallery uid-b097dd561161018c gt3pg-pro--wrapper gt3pg-pro--masonry \">\t\t<div data-cols=\"3\" data-cols-tablet=\"3\" data-cols-mobile=\"2\" class=\"gt3pg-isotope-gallery columns-3 hover-default gallery-masonry corner-standard\" data-settings=\"{&quot;lightbox&quot;:{&quot;enable&quot;:true,&quot;options&quot;:{&quot;instance&quot;:1}},&quot;id&quot;:1,&quot;uid&quot;:&quot;uid-b097dd561161018c&quot;,&quot;modules&quot;:[&quot;Lightbox&quot;],&quot;lightboxArray&quot;:[{&quot;href&quot;:&quot;https:\\\/\\\/webpe.colegiomayor.cl\\\/wp-content\\\/uploads\\\/2025\\\/10\\\/WhatsApp-Image-2025-10-28-at-6.07.10-PM.jpeg&quot;,&quot;title&quot;:&quot;WhatsApp Image 2025-10-28 at 6.07.10 PM&quot;,&quot;thumbnail&quot;:&quot;https:\\\/\\\/webpe.colegiomayor.cl\\\/wp-content\\\/uploads\\\/2025\\\/10\\\/WhatsApp-Image-2025-10-28-at-6.07.10-PM-150x150.jpeg&quot;,&quot;description&quot;:&quot;&quot;,&quot;is_video&quot;:0,&quot;image_id&quot;:39701,&quot;width&quot;:1600,&quot;height&quot;:1200},{&quot;href&quot;:&quot;https:\\\/\\\/webpe.colegiomayor.cl\\\/wp-content\\\/uploads\\\/2025\\\/10\\\/WhatsApp-Image-2025-10-28-at-6.07.11-PM.jpeg&quot;,&quot;title&quot;:&quot;WhatsApp Image 2025-10-28 at 6.07.11 PM&quot;,&quot;thumbnail&quot;:&quot;https:\\\/\\\/webpe.colegiomayor.cl\\\/wp-content\\\/uploads\\\/2025\\\/10\\\/WhatsApp-Image-2025-10-28-at-6.07.11-PM-150x150.jpeg&quot;,&quot;description&quot;:&quot;&quot;,&quot;is_video&quot;:0,&quot;image_id&quot;:39702,&quot;width&quot;:1280,&quot;height&quot;:801},{&quot;href&quot;:&quot;https:\\\/\\\/webpe.colegiomayor.cl\\\/wp-content\\\/uploads\\\/2025\\\/10\\\/WhatsApp-Image-2025-10-28-at-6.07.13-PM.jpeg&quot;,&quot;title&quot;:&quot;WhatsApp Image 2025-10-28 at 6.07.13 PM&quot;,&quot;thumbnail&quot;:&quot;https:\\\/\\\/webpe.colegiomayor.cl\\\/wp-content\\\/uploads\\\/2025\\\/10\\\/WhatsApp-Image-2025-10-28-at-6.07.13-PM-150x150.jpeg&quot;,&quot;description&quot;:&quot;&quot;,&quot;is_video&quot;:0,&quot;image_id&quot;:39703,&quot;width&quot;:1280,&quot;height&quot;:960},{&quot;href&quot;:&quot;https:\\\/\\\/webpe.colegiomayor.cl\\\/wp-content\\\/uploads\\\/2025\\\/10\\\/WhatsApp-Image-2025-10-28-at-6.09.15-PM.jpeg&quot;,&quot;title&quot;:&quot;WhatsApp Image 2025-10-28 at 6.09.15 PM&quot;,&quot;thumbnail&quot;:&quot;https:\\\/\\\/webpe.colegiomayor.cl\\\/wp-content\\\/uploads\\\/2025\\\/10\\\/WhatsApp-Image-2025-10-28-at-6.09.15-PM-150x150.jpeg&quot;,&quot;description&quot;:&quot;&quot;,&quot;is_video&quot;:0,&quot;image_id&quot;:39704,&quot;width&quot;:900,&quot;height&quot;:1200}],&quot;items&quot;:[{&quot;href&quot;:&quot;https:\\\/\\\/webpe.colegiomayor.cl\\\/wp-content\\\/uploads\\\/2025\\\/10\\\/WhatsApp-Image-2025-10-28-at-6.07.10-PM.jpeg&quot;,&quot;title&quot;:&quot;WhatsApp Image 2025-10-28 at 6.07.10 PM&quot;,&quot;thumbnail&quot;:&quot;https:\\\/\\\/webpe.colegiomayor.cl\\\/wp-content\\\/uploads\\\/2025\\\/10\\\/WhatsApp-Image-2025-10-28-at-6.07.10-PM-150x150.jpeg&quot;,&quot;description&quot;:&quot;&quot;,&quot;is_video&quot;:0,&quot;image_id&quot;:39701,&quot;width&quot;:1600,&quot;height&quot;:1200},{&quot;href&quot;:&quot;https:\\\/\\\/webpe.colegiomayor.cl\\\/wp-content\\\/uploads\\\/2025\\\/10\\\/WhatsApp-Image-2025-10-28-at-6.07.11-PM.jpeg&quot;,&quot;title&quot;:&quot;WhatsApp Image 2025-10-28 at 6.07.11 PM&quot;,&quot;thumbnail&quot;:&quot;https:\\\/\\\/webpe.colegiomayor.cl\\\/wp-content\\\/uploads\\\/2025\\\/10\\\/WhatsApp-Image-2025-10-28-at-6.07.11-PM-150x150.jpeg&quot;,&quot;description&quot;:&quot;&quot;,&quot;is_video&quot;:0,&quot;image_id&quot;:39702,&quot;width&quot;:1280,&quot;height&quot;:801},{&quot;href&quot;:&quot;https:\\\/\\\/webpe.colegiomayor.cl\\\/wp-content\\\/uploads\\\/2025\\\/10\\\/WhatsApp-Image-2025-10-28-at-6.07.13-PM.jpeg&quot;,&quot;title&quot;:&quot;WhatsApp Image 2025-10-28 at 6.07.13 PM&quot;,&quot;thumbnail&quot;:&quot;https:\\\/\\\/webpe.colegiomayor.cl\\\/wp-content\\\/uploads\\\/2025\\\/10\\\/WhatsApp-Image-2025-10-28-at-6.07.13-PM-150x150.jpeg&quot;,&quot;description&quot;:&quot;&quot;,&quot;is_video&quot;:0,&quot;image_id&quot;:39703,&quot;width&quot;:1280,&quot;height&quot;:960},{&quot;href&quot;:&quot;https:\\\/\\\/webpe.colegiomayor.cl\\\/wp-content\\\/uploads\\\/2025\\\/10\\\/WhatsApp-Image-2025-10-28-at-6.09.15-PM.jpeg&quot;,&quot;title&quot;:&quot;WhatsApp Image 2025-10-28 at 6.09.15 PM&quot;,&quot;thumbnail&quot;:&quot;https:\\\/\\\/webpe.colegiomayor.cl\\\/wp-content\\\/uploads\\\/2025\\\/10\\\/WhatsApp-Image-2025-10-28-at-6.09.15-PM-150x150.jpeg&quot;,&quot;description&quot;:&quot;&quot;,&quot;is_video&quot;:0,&quot;image_id&quot;:39704,&quot;width&quot;:900,&quot;height&quot;:1200}]}\">\r\n\t\t\t<div class=\"gallery-isotope-wrapper\">\r\n\t\t\t\t<div class=\"gt3pg-isotope-item loading \" ><div class=\"isotope_item-wrapper\"><a href=\"https:\/\/webpe.colegiomayor.cl\/wp-content\/uploads\/2025\/10\/WhatsApp-Image-2025-10-28-at-6.07.10-PM.jpeg\" class=\"gt3pg-lightbox\" data-elementor-open-lightbox=\"no\"><div class=\"img-wrapper \"><img loading=\"lazy\" decoding=\"async\" width=\"768\" height=\"576\" src=\"https:\/\/webpe.colegiomayor.cl\/wp-content\/uploads\/2025\/10\/WhatsApp-Image-2025-10-28-at-6.07.10-PM.jpeg\" class=\"skip-lazy gt3-lazy-image\" alt=\"\" data-lazy-srcset=\"https:\/\/webpe.colegiomayor.cl\/wp-content\/uploads\/2025\/10\/WhatsApp-Image-2025-10-28-at-6.07.10-PM.jpeg 1600w, https:\/\/webpe.colegiomayor.cl\/wp-content\/uploads\/2025\/10\/WhatsApp-Image-2025-10-28-at-6.07.10-PM-300x225.jpeg 300w\" data-lazy-sizes=\"(max-width: 768px) 100vw, 768px\" data-lazy-src=\"https:\/\/webpe.colegiomayor.cl\/wp-content\/uploads\/2025\/10\/WhatsApp-Image-2025-10-28-at-6.07.10-PM.jpeg?is-pending-load=1\" srcset=\"data:image\/png;base64,iVBORw0KGgoAAAANSUhEUgAAAE0AAAA5CAYAAABzuqZnAAAACXBIWXMAAA7EAAAOxAGVKw4bAAAAKElEQVR42u3BMQEAAADCoPVPbQlPoAAAAAAAAAAAAAAAAAAAAAAADgZEzQABzhJDggAAAABJRU5ErkJggg==\" \/><\/div><\/a><\/div><\/div><div class=\"gt3pg-isotope-item loading \" ><div class=\"isotope_item-wrapper\"><a href=\"https:\/\/webpe.colegiomayor.cl\/wp-content\/uploads\/2025\/10\/WhatsApp-Image-2025-10-28-at-6.07.11-PM.jpeg\" class=\"gt3pg-lightbox\" data-elementor-open-lightbox=\"no\"><div class=\"img-wrapper \"><img loading=\"lazy\" decoding=\"async\" width=\"768\" height=\"481\" src=\"https:\/\/webpe.colegiomayor.cl\/wp-content\/uploads\/2025\/10\/WhatsApp-Image-2025-10-28-at-6.07.11-PM.jpeg\" class=\"skip-lazy gt3-lazy-image\" alt=\"\" data-lazy-srcset=\"https:\/\/webpe.colegiomayor.cl\/wp-content\/uploads\/2025\/10\/WhatsApp-Image-2025-10-28-at-6.07.11-PM.jpeg 1280w, https:\/\/webpe.colegiomayor.cl\/wp-content\/uploads\/2025\/10\/WhatsApp-Image-2025-10-28-at-6.07.11-PM-300x188.jpeg 300w\" data-lazy-sizes=\"(max-width: 768px) 100vw, 768px\" data-lazy-src=\"https:\/\/webpe.colegiomayor.cl\/wp-content\/uploads\/2025\/10\/WhatsApp-Image-2025-10-28-at-6.07.11-PM.jpeg?is-pending-load=1\" srcset=\"data:image\/png;base64,iVBORw0KGgoAAAANSUhEUgAAAE0AAAAwCAYAAABUtfevAAAACXBIWXMAAA7EAAAOxAGVKw4bAAAAJUlEQVRo3u3BMQEAAADCoPVPbQwfoAAAAAAAAAAAAAAAAAAAeBo58AAB60EtdQAAAABJRU5ErkJggg==\" \/><\/div><\/a><\/div><\/div><div class=\"gt3pg-isotope-item loading \" ><div class=\"isotope_item-wrapper\"><a href=\"https:\/\/webpe.colegiomayor.cl\/wp-content\/uploads\/2025\/10\/WhatsApp-Image-2025-10-28-at-6.07.13-PM.jpeg\" class=\"gt3pg-lightbox\" data-elementor-open-lightbox=\"no\"><div class=\"img-wrapper \"><img loading=\"lazy\" decoding=\"async\" width=\"768\" height=\"576\" src=\"https:\/\/webpe.colegiomayor.cl\/wp-content\/uploads\/2025\/10\/WhatsApp-Image-2025-10-28-at-6.07.13-PM.jpeg\" class=\"skip-lazy gt3-lazy-image\" alt=\"\" data-lazy-srcset=\"https:\/\/webpe.colegiomayor.cl\/wp-content\/uploads\/2025\/10\/WhatsApp-Image-2025-10-28-at-6.07.13-PM.jpeg 1280w, https:\/\/webpe.colegiomayor.cl\/wp-content\/uploads\/2025\/10\/WhatsApp-Image-2025-10-28-at-6.07.13-PM-300x225.jpeg 300w, https:\/\/webpe.colegiomayor.cl\/wp-content\/uploads\/2025\/10\/WhatsApp-Image-2025-10-28-at-6.07.13-PM-150x113.jpeg 150w\" data-lazy-sizes=\"(max-width: 768px) 100vw, 768px\" data-lazy-src=\"https:\/\/webpe.colegiomayor.cl\/wp-content\/uploads\/2025\/10\/WhatsApp-Image-2025-10-28-at-6.07.13-PM.jpeg?is-pending-load=1\" srcset=\"data:image\/png;base64,iVBORw0KGgoAAAANSUhEUgAAAE0AAAA5CAYAAABzuqZnAAAACXBIWXMAAA7EAAAOxAGVKw4bAAAAKElEQVR42u3BMQEAAADCoPVPbQlPoAAAAAAAAAAAAAAAAAAAAAAADgZEzQABzhJDggAAAABJRU5ErkJggg==\" \/><\/div><\/a><\/div><\/div><div class=\"gt3pg-isotope-item loading \" ><div class=\"isotope_item-wrapper\"><a href=\"https:\/\/webpe.colegiomayor.cl\/wp-content\/uploads\/2025\/10\/WhatsApp-Image-2025-10-28-at-6.09.15-PM.jpeg\" class=\"gt3pg-lightbox\" data-elementor-open-lightbox=\"no\"><div class=\"img-wrapper \"><img loading=\"lazy\" decoding=\"async\" width=\"768\" height=\"1024\" src=\"https:\/\/webpe.colegiomayor.cl\/wp-content\/uploads\/2025\/10\/WhatsApp-Image-2025-10-28-at-6.09.15-PM.jpeg\" class=\"skip-lazy gt3-lazy-image\" alt=\"\" data-lazy-srcset=\"https:\/\/webpe.colegiomayor.cl\/wp-content\/uploads\/2025\/10\/WhatsApp-Image-2025-10-28-at-6.09.15-PM.jpeg 900w, https:\/\/webpe.colegiomayor.cl\/wp-content\/uploads\/2025\/10\/WhatsApp-Image-2025-10-28-at-6.09.15-PM-225x300.jpeg 225w, https:\/\/webpe.colegiomayor.cl\/wp-content\/uploads\/2025\/10\/WhatsApp-Image-2025-10-28-at-6.09.15-PM-768x1024.jpeg 768w\" data-lazy-sizes=\"(max-width: 768px) 100vw, 768px\" data-lazy-src=\"https:\/\/webpe.colegiomayor.cl\/wp-content\/uploads\/2025\/10\/WhatsApp-Image-2025-10-28-at-6.09.15-PM.jpeg?is-pending-load=1\" srcset=\"data:image\/png;base64,iVBORw0KGgoAAAANSUhEUgAAAE0AAABmCAYAAACOYhxFAAAACXBIWXMAAA7EAAAOxAGVKw4bAAAANUlEQVR42u3BgQAAAADDoPlTX+EAVQEAAAAAAAAAAAAAAAAAAAAAAAAAAAAAAAAAAAAAAMBrex4AARQEIPwAAAAASUVORK5CYII=\" \/><\/div><\/a><\/div><\/div>\t\t\t<\/div>\r\n\t\t<\/div>\r\n\t\t<script type=\"application\/json\" id=\"settings--uid-b097dd561161018c\">{\"lightbox\":{\"enable\":true,\"options\":{\"instance\":1}},\"id\":1,\"uid\":\"uid-b097dd561161018c\",\"modules\":[\"Lightbox\"],\"lightboxArray\":[{\"href\":\"https:\\\/\\\/webpe.colegiomayor.cl\\\/wp-content\\\/uploads\\\/2025\\\/10\\\/WhatsApp-Image-2025-10-28-at-6.07.10-PM.jpeg\",\"title\":\"WhatsApp Image 2025-10-28 at 6.07.10 PM\",\"thumbnail\":\"https:\\\/\\\/webpe.colegiomayor.cl\\\/wp-content\\\/uploads\\\/2025\\\/10\\\/WhatsApp-Image-2025-10-28-at-6.07.10-PM-150x150.jpeg\",\"description\":\"\",\"is_video\":0,\"image_id\":39701,\"width\":1600,\"height\":1200},{\"href\":\"https:\\\/\\\/webpe.colegiomayor.cl\\\/wp-content\\\/uploads\\\/2025\\\/10\\\/WhatsApp-Image-2025-10-28-at-6.07.11-PM.jpeg\",\"title\":\"WhatsApp Image 2025-10-28 at 6.07.11 PM\",\"thumbnail\":\"https:\\\/\\\/webpe.colegiomayor.cl\\\/wp-content\\\/uploads\\\/2025\\\/10\\\/WhatsApp-Image-2025-10-28-at-6.07.11-PM-150x150.jpeg\",\"description\":\"\",\"is_video\":0,\"image_id\":39702,\"width\":1280,\"height\":801},{\"href\":\"https:\\\/\\\/webpe.colegiomayor.cl\\\/wp-content\\\/uploads\\\/2025\\\/10\\\/WhatsApp-Image-2025-10-28-at-6.07.13-PM.jpeg\",\"title\":\"WhatsApp Image 2025-10-28 at 6.07.13 PM\",\"thumbnail\":\"https:\\\/\\\/webpe.colegiomayor.cl\\\/wp-content\\\/uploads\\\/2025\\\/10\\\/WhatsApp-Image-2025-10-28-at-6.07.13-PM-150x150.jpeg\",\"description\":\"\",\"is_video\":0,\"image_id\":39703,\"width\":1280,\"height\":960},{\"href\":\"https:\\\/\\\/webpe.colegiomayor.cl\\\/wp-content\\\/uploads\\\/2025\\\/10\\\/WhatsApp-Image-2025-10-28-at-6.09.15-PM.jpeg\",\"title\":\"WhatsApp Image 2025-10-28 at 6.09.15 PM\",\"thumbnail\":\"https:\\\/\\\/webpe.colegiomayor.cl\\\/wp-content\\\/uploads\\\/2025\\\/10\\\/WhatsApp-Image-2025-10-28-at-6.09.15-PM-150x150.jpeg\",\"description\":\"\",\"is_video\":0,\"image_id\":39704,\"width\":900,\"height\":1200}],\"items\":[{\"href\":\"https:\\\/\\\/webpe.colegiomayor.cl\\\/wp-content\\\/uploads\\\/2025\\\/10\\\/WhatsApp-Image-2025-10-28-at-6.07.10-PM.jpeg\",\"title\":\"WhatsApp Image 2025-10-28 at 6.07.10 PM\",\"thumbnail\":\"https:\\\/\\\/webpe.colegiomayor.cl\\\/wp-content\\\/uploads\\\/2025\\\/10\\\/WhatsApp-Image-2025-10-28-at-6.07.10-PM-150x150.jpeg\",\"description\":\"\",\"is_video\":0,\"image_id\":39701,\"width\":1600,\"height\":1200},{\"href\":\"https:\\\/\\\/webpe.colegiomayor.cl\\\/wp-content\\\/uploads\\\/2025\\\/10\\\/WhatsApp-Image-2025-10-28-at-6.07.11-PM.jpeg\",\"title\":\"WhatsApp Image 2025-10-28 at 6.07.11 PM\",\"thumbnail\":\"https:\\\/\\\/webpe.colegiomayor.cl\\\/wp-content\\\/uploads\\\/2025\\\/10\\\/WhatsApp-Image-2025-10-28-at-6.07.11-PM-150x150.jpeg\",\"description\":\"\",\"is_video\":0,\"image_id\":39702,\"width\":1280,\"height\":801},{\"href\":\"https:\\\/\\\/webpe.colegiomayor.cl\\\/wp-content\\\/uploads\\\/2025\\\/10\\\/WhatsApp-Image-2025-10-28-at-6.07.13-PM.jpeg\",\"title\":\"WhatsApp Image 2025-10-28 at 6.07.13 PM\",\"thumbnail\":\"https:\\\/\\\/webpe.colegiomayor.cl\\\/wp-content\\\/uploads\\\/2025\\\/10\\\/WhatsApp-Image-2025-10-28-at-6.07.13-PM-150x150.jpeg\",\"description\":\"\",\"is_video\":0,\"image_id\":39703,\"width\":1280,\"height\":960},{\"href\":\"https:\\\/\\\/webpe.colegiomayor.cl\\\/wp-content\\\/uploads\\\/2025\\\/10\\\/WhatsApp-Image-2025-10-28-at-6.09.15-PM.jpeg\",\"title\":\"WhatsApp Image 2025-10-28 at 6.09.15 PM\",\"thumbnail\":\"https:\\\/\\\/webpe.colegiomayor.cl\\\/wp-content\\\/uploads\\\/2025\\\/10\\\/WhatsApp-Image-2025-10-28-at-6.09.15-PM-150x150.jpeg\",\"description\":\"\",\"is_video\":0,\"image_id\":39704,\"width\":900,\"height\":1200}]}<\/script>\r\n\t\t<\/div>","protected":false},"excerpt":{"rendered":"<p>El viernes 24, s\u00e1bado 25 y domingo 26 de octubre de 2025, se realiz\u00f3 la versi\u00f3n 90\u00b0 del Interescolar Masculino y la 77\u00b0 del Interescolar Femenino de Atletismo FINAL SOPROLE. Gracias a la excelente participaci\u00f3n de todos los estudiantes de quinto b\u00e1sico a IV medio,&nbsp;<a href=\"https:\/\/webpe.colegiomayor.cl\/?p=39700\">&hellip;<\/a><\/p>\n","protected":false},"author":11,"featured_media":39703,"comment_status":"closed","ping_status":"closed","sticky":false,"template":"","format":"standard","meta":{"content-type":"","footnotes":""},"categories":[23,24,21,25,1],"tags":[83,173,134,179,182],"class_list":["post-39700","post","type-post","status-publish","format-standard","has-post-thumbnail","hentry","category-actualidad","category-comunicaciones","category-convivencia-y-vida-saludable","category-deportes","category-categoria-3","tag-atletismo","tag-campeonatos","tag-deporte","tag-soprole","tag-torneos","odd"],"rttpg_featured_image_url":{"full":["https:\/\/webpe.colegiomayor.cl\/wp-content\/uploads\/2025\/10\/WhatsApp-Image-2025-10-28-at-6.07.13-PM.jpeg",1280,960,false],"landscape":["https:\/\/webpe.colegiomayor.cl\/wp-content\/uploads\/2025\/10\/WhatsApp-Image-2025-10-28-at-6.07.13-PM.jpeg",1280,960,false],"portraits":["https:\/\/webpe.colegiomayor.cl\/wp-content\/uploads\/2025\/10\/WhatsApp-Image-2025-10-28-at-6.07.13-PM.jpeg",1280,960,false],"thumbnail":["https:\/\/webpe.colegiomayor.cl\/wp-content\/uploads\/2025\/10\/WhatsApp-Image-2025-10-28-at-6.07.13-PM-150x150.jpeg",150,150,true],"medium":["https:\/\/webpe.colegiomayor.cl\/wp-content\/uploads\/2025\/10\/WhatsApp-Image-2025-10-28-at-6.07.13-PM-300x225.jpeg",300,225,true],"large":["https:\/\/webpe.colegiomayor.cl\/wp-content\/uploads\/2025\/10\/WhatsApp-Image-2025-10-28-at-6.07.13-PM-1024x768.jpeg",1024,768,true],"1536x1536":["https:\/\/webpe.colegiomayor.cl\/wp-content\/uploads\/2025\/10\/WhatsApp-Image-2025-10-28-at-6.07.13-PM-1280x960.jpeg",1280,960,true],"2048x2048":["https:\/\/webpe.colegiomayor.cl\/wp-content\/uploads\/2025\/10\/WhatsApp-Image-2025-10-28-at-6.07.13-PM-1280x960.jpeg",1280,960,true],"post-thumbnail":["https:\/\/webpe.colegiomayor.cl\/wp-content\/uploads\/2025\/10\/WhatsApp-Image-2025-10-28-at-6.07.13-PM-150x113.jpeg",150,113,true],"ed-school-featured-image":["https:\/\/webpe.colegiomayor.cl\/wp-content\/uploads\/2025\/10\/WhatsApp-Image-2025-10-28-at-6.07.13-PM-990x500.jpeg",990,500,true],"ed-school-medium":["https:\/\/webpe.colegiomayor.cl\/wp-content\/uploads\/2025\/10\/WhatsApp-Image-2025-10-28-at-6.07.13-PM-768x510.jpeg",768,510,true],"ed-school-medium-alt":["https:\/\/webpe.colegiomayor.cl\/wp-content\/uploads\/2025\/10\/WhatsApp-Image-2025-10-28-at-6.07.13-PM-768x410.jpeg",768,410,true],"ed-school-square":["https:\/\/webpe.colegiomayor.cl\/wp-content\/uploads\/2025\/10\/WhatsApp-Image-2025-10-28-at-6.07.13-PM-768x768.jpeg",768,768,true],"ed-school-square-small":["https:\/\/webpe.colegiomayor.cl\/wp-content\/uploads\/2025\/10\/WhatsApp-Image-2025-10-28-at-6.07.13-PM-420x420.jpeg",420,420,true]},"rttpg_author":{"display_name":"Francisco Arriagada","author_link":"https:\/\/webpe.colegiomayor.cl\/?author=11"},"rttpg_comment":0,"rttpg_category":"<a href=\"https:\/\/webpe.colegiomayor.cl\/?cat=23\" rel=\"category\">COLEGIO<\/a> <a href=\"https:\/\/webpe.colegiomayor.cl\/?cat=24\" rel=\"category\">COMUNICACIONES<\/a> <a href=\"https:\/\/webpe.colegiomayor.cl\/?cat=21\" rel=\"category\">CONVIVENCIA Y VIDA SALUDABLE<\/a> <a href=\"https:\/\/webpe.colegiomayor.cl\/?cat=25\" rel=\"category\">DEPORTES<\/a> <a href=\"https:\/\/webpe.colegiomayor.cl\/?cat=1\" rel=\"category\">NOTICIAS<\/a>","rttpg_excerpt":"El viernes 24, s\u00e1bado 25 y domingo 26 de octubre de 2025, se realiz\u00f3 la versi\u00f3n 90\u00b0 del Interescolar Masculino y la 77\u00b0 del Interescolar Femenino de Atletismo FINAL SOPROLE. Gracias a la excelente participaci\u00f3n de todos los estudiantes de quinto b\u00e1sico a IV medio,&nbsp;&hellip;","_links":{"self":[{"href":"https:\/\/webpe.colegiomayor.cl\/index.php?rest_route=\/wp\/v2\/posts\/39700","targetHints":{"allow":["GET"]}}],"collection":[{"href":"https:\/\/webpe.colegiomayor.cl\/index.php?rest_route=\/wp\/v2\/posts"}],"about":[{"href":"https:\/\/webpe.colegiomayor.cl\/index.php?rest_route=\/wp\/v2\/types\/post"}],"author":[{"embeddable":true,"href":"https:\/\/webpe.colegiomayor.cl\/index.php?rest_route=\/wp\/v2\/users\/11"}],"replies":[{"embeddable":true,"href":"https:\/\/webpe.colegiomayor.cl\/index.php?rest_route=%2Fwp%2Fv2%2Fcomments&post=39700"}],"version-history":[{"count":1,"href":"https:\/\/webpe.colegiomayor.cl\/index.php?rest_route=\/wp\/v2\/posts\/39700\/revisions"}],"predecessor-version":[{"id":39705,"href":"https:\/\/webpe.colegiomayor.cl\/index.php?rest_route=\/wp\/v2\/posts\/39700\/revisions\/39705"}],"wp:featuredmedia":[{"embeddable":true,"href":"https:\/\/webpe.colegiomayor.cl\/index.php?rest_route=\/wp\/v2\/media\/39703"}],"wp:attachment":[{"href":"https:\/\/webpe.colegiomayor.cl\/index.php?rest_route=%2Fwp%2Fv2%2Fmedia&parent=39700"}],"wp:term":[{"taxonomy":"category","embeddable":true,"href":"https:\/\/webpe.colegiomayor.cl\/index.php?rest_route=%2Fwp%2Fv2%2Fcategories&post=39700"},{"taxonomy":"post_tag","embeddable":true,"href":"https:\/\/webpe.colegiomayor.cl\/index.php?rest_route=%2Fwp%2Fv2%2Ftags&post=39700"}],"curies":[{"name":"wp","href":"https:\/\/api.w.org\/{rel}","templated":true}]}}