{"id":39638,"date":"2025-10-24T21:09:58","date_gmt":"2025-10-25T00:09:58","guid":{"rendered":"https:\/\/webpe.colegiomayor.cl\/?p=39638"},"modified":"2025-10-28T09:40:10","modified_gmt":"2025-10-28T12:40:10","slug":"actividades-selecciones-y-escuelas-deportivas-sabado-25-de-octubre","status":"publish","type":"post","link":"https:\/\/webpe.colegiomayor.cl\/?p=39638","title":{"rendered":"Actividades Selecciones y Escuelas Deportivas &#8211; s\u00e1bado 25 de octubre"},"content":{"rendered":"\n<!DOCTYPE html>\n<html lang=\"es\">\n<head>\n    <meta charset=\"UTF-8\">\n    <meta name=\"viewport\" content=\"width=device-width, initial-scale=1.0\">\n    <!-- Importar la fuente Montserrat -->\n    <link href=\"https:\/\/fonts.googleapis.com\/css2?family=Montserrat:wght@400;600;700&#038;display=swap\" rel=\"stylesheet\">\n    <title>Selecciones Deportivas<\/title>\n    \n    <style>\n        body {\n            font-family: 'Montserrat', sans-serif;\n            background: #f4f4f4;\n            color: #333;\n            padding: 20px;\n            \/* Asegurar que la fuente se aplica *\/\n            font-synthesis: none;\n            text-rendering: optimizeLegibility;\n            -webkit-font-smoothing: antialiased;\n            -moz-osx-font-smoothing: grayscale;\n        }\n        .container {\n            max-width: 850px;\n            margin: auto;\n            background: #fff;\n            padding: 30px;\n            border-radius: 12px;\n            box-shadow: 0 4px 12px rgba(0,0,0,0.1);\n            line-height: 1.7;\n        }\n        h2 {\n            text-align: center;\n            color: #2c3e50;\n            font-weight: 700;\n            margin-bottom: 5px;\n        }\n        h3 {\n            text-align: center;\n            color: #16a085;\n            font-weight: 600;\n            margin-top: 0;\n            margin-bottom: 25px;\n        }\n        .disciplina {\n            padding: 20px;\n            margin-bottom: 20px;\n            border-left: 8px solid;\n            border-radius: 8px;\n            background: #fafafa;\n        }\n        .disciplina strong {\n            font-size: 20px;\n            display: block;\n            margin-bottom: 5px;\n        }\n        \/* Colores para cada disciplina *\/\n        .atletismo {border-color: #2980b9;}\n        .basket {border-color: #e67e22;}\n        .gimnasia {border-color: #c0392b;}\n        .natacion {border-color: #27ae60;}\n        .tenis {border-color: #8e44ad;}\n        .cheer {border-color: #e84393;}\n        .vmasc {border-color: #3498db;}\n        .vfem {border-color: #9b59b6;}\n        .futbol {border-color: #2ecc71;}\n\n        u {\n            color: #555;\n            text-decoration-color: #bdc3c7;\n            text-decoration-thickness: 2px;\n        }\n        em {\n            color: #666;\n            font-style: italic;\n        }\n        .fecha {\n            text-align: right;\n            font-size: 14px;\n            color: #777;\n            margin-bottom: 25px;\n        }\n        \/* Estilo para notas importantes dentro de una disciplina *\/\n        .nota {\n            font-weight: 600;\n            color: #c0392b;\n            display: block;\n            margin-top: 10px;\n        }\n    <\/style>\n<\/head>\n<body>\n\n<div class=\"container\">\n    <div class=\"fecha\">Pe\u00f1alol\u00e9n, 24 de octubre de 2025.<\/div>\n\n    <h2>Selecciones Deportivas<\/h2>\n    <h3>S\u00e1bado 25 de octubre<\/h3>\n\n    <div class=\"disciplina atletismo\">\n        <strong>Atletismo<\/strong>\n        <u>Torneo Interescolar Mixto Final SOPROLE<\/u><br>\n        (viernes 24, s\u00e1bado 25 y domingo 26 de octubre)<br>\n        Lugar: Parque Estadio Nacional.<br>\n        Hora: 09:00 a 19:00 hrs.<br><br>\n        <span class=\"nota\">Viernes 24 y s\u00e1bado 25 de octubre &#8211; Entrenamientos Suspendidos<\/span><br>\n        <em>Profesores a cargo:<\/em> \u00darsula Rebolledo, Mario G\u00f3mez, Carlos Soto, Claudio Ulloa\n    <\/div>\n\n    <div class=\"disciplina basket\">\n        <strong>B\u00e1squetbol<\/strong>\n        <u>Partido Torneo UC &#8211; Categor\u00eda Infantil<\/u><br>\n        Rival: Colegio Cumbres<br>\n        Lugar: Colegio Cumbres<br>\n        Direcci\u00f3n: Av. Plaza #1150, comuna de Las Condes.<br>\n        Horario de partido: 09:00 hrs.<br>\n        Horario de citaci\u00f3n: 08:40 hrs.<br>\n        <em>Profesor a cargo:<\/em> Carlos Cerecera<br><br>\n\n        <u>Liforbasket<\/u><br>\n        Rival: San Ignacio AO<br>\n        Lugar: San Ignacio el Bosque.<br>\n        Direcci\u00f3n: Av. Pocuro #2801, comuna de Providencia.<br>\n        Partido: 10:45 hrs.<br>\n        Citaci\u00f3n: 10:20 hrs.<br>\n        <em>Profesor a cargo:<\/em> Nicol\u00e1s Ortiz<br><br>\n\n        Categor\u00eda mini segundo a\u00f1o &#8211; <em>Sin actividad<\/em>\n    <\/div>\n\n    <div class=\"disciplina gimnasia\">\n        <strong>Gimnasia Art\u00edstica<\/strong>\n        <u>Competencia nivel 3<\/u><br>\n        Lugar: Colegio la Misi\u00f3n<br>\n        Direcci\u00f3n: Camino Calera de Tango s\/n, paradero 9, Calera de Tango.<br>\n        Citaci\u00f3n: 11:00 hrs.<br><br>\n        <em>Entrenadora a cargo:<\/em> Catalina Cuevas\n    <\/div>\n\n    <div class=\"disciplina natacion\">\n        <strong>Nataci\u00f3n<\/strong>\n        <u>Entrenamiento<\/u><br>\n        Lugar: Piscina Estadio Mayor<br>\n        Grupo competencia: 09:00 a 11:00 hrs.<br>\n        Grupo 1ro a 5to b\u00e1sico: 11:00 a 12:00 hrs.<br><br>\n        <em>Profesores:<\/em> Sim\u00f3n Fern\u00e1ndez, Mat\u00edas Jaque, Katalina Bravo\n    <\/div>\n\n    <div class=\"disciplina tenis\">\n        <strong>Tenis<\/strong>\n        <u>Torneo de Tenis &#8211; Etapa 23<\/u><br>\n        (s\u00e1bado 25 y domingo 26)<br>\n        Lugar: Club Sirio<br>\n        Direcci\u00f3n: Av. Vitacura #8751, comuna de Vitacura.<br>\n        Hora: Por confirmar<br><br>\n        <span class=\"nota\">Entrenamiento suspendido<\/span><br>\n        <em>Profesor a cargo:<\/em> Claudio Catal\u00e1n, Hern\u00e1n P\u00e9rez\n    <\/div>\n\n    <div class=\"disciplina cheer\">\n        <strong>Cheerleader<\/strong>\n        <u>S\u00e1bado 25<\/u><br>\n        <em>Sin Actividades<\/em><br><br>\n\n        <u>Domingo 26 &#8211; Campeonato \u201cThe Masters\u201d<\/u><br>\n        Lugar: Centro de Eventos Chimkowe.<br>\n        Direcci\u00f3n: Av. Grecia #8787, Pe\u00f1alol\u00e9n.<br>\n        Citaci\u00f3n Junior: 09:15 hrs.<br>\n        Citaci\u00f3n Senior: 10:45 hrs.<br><br>\n        <em>Entrenadores:<\/em> Daniela Acu\u00f1a, Ricardo Vergara\n    <\/div>\n\n    <div class=\"disciplina vmasc\">\n        <strong>Voleibol Masculino<\/strong>\n        <u>Entrenamiento &#8211; Categor\u00eda Infantil<\/u><br>\n        Lugar: Carpeta Estadio Mayor<br>\n        Hora: 09:00 a 11:00 hrs.<br><br>\n\n        <u>Categor\u00eda Mini &#8211; Partido UC<\/u><br>\n        Rival: Colegio Alem\u00e1n<br>\n        Lugar: Colegio Alem\u00e1n<br>\n        Direcci\u00f3n: Nuestra Se\u00f1ora del Rosario #850, comuna de Vitacura.<br>\n        Citaci\u00f3n: 08:15 hrs.<br><br>\n        <em>Profesores a cargo:<\/em> Valent\u00edn Tamayo, Cristian Henr\u00edquez\n    <\/div>\n\n    <div class=\"disciplina vfem\">\n        <strong>Voleibol Femenino<\/strong>\n        <u>Categor\u00eda Infantil &#8211; Torneo UC<\/u><br>\n        Rival: Pucalan Montessori<br>\n        Lugar: Pucalan Montessori<br>\n        Direcci\u00f3n: Camino lo pinto, Fundo San Jos\u00e9 3-8x<br>\n        Citaci\u00f3n: 09:15 hrs.<br>\n        <em>Profesor a cargo:<\/em> Pablo Beltr\u00e1n (UC)<br><br>\n\n        <u>Categor\u00eda 2013 &#8211; Masivo<\/u><br>\n        Rival: Saint Gabriel<br>\n        Lugar: Estadio Saint Gabriel<br>\n        Direcci\u00f3n: Lo Fontecilla #440, Las Condes.<br>\n_        Citaci\u00f3n: 08:40 hrs.<br>\n        <em>Profesor a cargo:<\/em> Joaqu\u00edn M\u00e9ndez (Masivo)\n    <\/div>\n\n    <div class=\"disciplina futbol\">\n        <strong>F\u00fatbol<\/strong>\n        <u>Entrenamiento mini e infantil<\/u><br>\n        Lugar: Estadio Mayor<br>\n        Hora: 09:00 a 10:30 hrs.<br><br>\n        Series Intermedia y Superior &#8211; <em>Sin actividad<\/em><br><br>\n        <em>Profesores a cargo:<\/em> Pablo S\u00e1nchez, Edgard Vargas\n    <\/div>\n<\/div>\n\n<\/body>\n<\/html>\n\n\n\n\n<p><br><\/p>\n","protected":false},"excerpt":{"rendered":"<p>Selecciones Deportivas Pe\u00f1alol\u00e9n, 24 de octubre de 2025. Selecciones Deportivas S\u00e1bado 25 de octubre Atletismo Torneo Interescolar Mixto Final SOPROLE (viernes 24, s\u00e1bado 25 y domingo 26 de octubre) Lugar: Parque Estadio Nacional. Hora: 09:00 a 19:00 hrs. Viernes 24 y s\u00e1bado 25 de octubre&nbsp;<a href=\"https:\/\/webpe.colegiomayor.cl\/?p=39638\">&hellip;<\/a><\/p>\n","protected":false},"author":11,"featured_media":38927,"comment_status":"closed","ping_status":"closed","sticky":false,"template":"","format":"standard","meta":{"content-type":"","footnotes":""},"categories":[25,44],"tags":[101,103],"class_list":["post-39638","post","type-post","status-publish","format-standard","has-post-thumbnail","hentry","category-deportes","category-noticias","tag-deportes","tag-selecciones-deportivas","odd"],"rttpg_featured_image_url":{"full":["https:\/\/webpe.colegiomayor.cl\/wp-content\/uploads\/2025\/07\/foro.jpg",1440,810,false],"landscape":["https:\/\/webpe.colegiomayor.cl\/wp-content\/uploads\/2025\/07\/foro.jpg",1440,810,false],"portraits":["https:\/\/webpe.colegiomayor.cl\/wp-content\/uploads\/2025\/07\/foro.jpg",1440,810,false],"thumbnail":["https:\/\/webpe.colegiomayor.cl\/wp-content\/uploads\/2025\/07\/foro-150x150.jpg",150,150,true],"medium":["https:\/\/webpe.colegiomayor.cl\/wp-content\/uploads\/2025\/07\/foro-300x169.jpg",300,169,true],"large":["https:\/\/webpe.colegiomayor.cl\/wp-content\/uploads\/2025\/07\/foro-1024x576.jpg",1024,576,true],"1536x1536":["https:\/\/webpe.colegiomayor.cl\/wp-content\/uploads\/2025\/07\/foro-1440x810.jpg",1440,810,true],"2048x2048":["https:\/\/webpe.colegiomayor.cl\/wp-content\/uploads\/2025\/07\/foro-1440x810.jpg",1440,810,true],"post-thumbnail":["https:\/\/webpe.colegiomayor.cl\/wp-content\/uploads\/2025\/07\/foro-150x84.jpg",150,84,true],"ed-school-featured-image":["https:\/\/webpe.colegiomayor.cl\/wp-content\/uploads\/2025\/07\/foro-990x500.jpg",990,500,true],"ed-school-medium":["https:\/\/webpe.colegiomayor.cl\/wp-content\/uploads\/2025\/07\/foro-768x510.jpg",768,510,true],"ed-school-medium-alt":["https:\/\/webpe.colegiomayor.cl\/wp-content\/uploads\/2025\/07\/foro-768x410.jpg",768,410,true],"ed-school-square":["https:\/\/webpe.colegiomayor.cl\/wp-content\/uploads\/2025\/07\/foro-768x768.jpg",768,768,true],"ed-school-square-small":["https:\/\/webpe.colegiomayor.cl\/wp-content\/uploads\/2025\/07\/foro-420x420.jpg",420,420,true]},"rttpg_author":{"display_name":"Francisco Arriagada","author_link":"https:\/\/webpe.colegiomayor.cl\/?author=11"},"rttpg_comment":0,"rttpg_category":"<a href=\"https:\/\/webpe.colegiomayor.cl\/?cat=25\" rel=\"category\">DEPORTES<\/a> <a href=\"https:\/\/webpe.colegiomayor.cl\/?cat=44\" rel=\"category\">NOTICIAS<\/a>","rttpg_excerpt":"Selecciones Deportivas Pe\u00f1alol\u00e9n, 24 de octubre de 2025. Selecciones Deportivas S\u00e1bado 25 de octubre Atletismo Torneo Interescolar Mixto Final SOPROLE (viernes 24, s\u00e1bado 25 y domingo 26 de octubre) Lugar: Parque Estadio Nacional. Hora: 09:00 a 19:00 hrs. Viernes 24 y s\u00e1bado 25 de octubre&nbsp;&hellip;","_links":{"self":[{"href":"https:\/\/webpe.colegiomayor.cl\/index.php?rest_route=\/wp\/v2\/posts\/39638","targetHints":{"allow":["GET"]}}],"collection":[{"href":"https:\/\/webpe.colegiomayor.cl\/index.php?rest_route=\/wp\/v2\/posts"}],"about":[{"href":"https:\/\/webpe.colegiomayor.cl\/index.php?rest_route=\/wp\/v2\/types\/post"}],"author":[{"embeddable":true,"href":"https:\/\/webpe.colegiomayor.cl\/index.php?rest_route=\/wp\/v2\/users\/11"}],"replies":[{"embeddable":true,"href":"https:\/\/webpe.colegiomayor.cl\/index.php?rest_route=%2Fwp%2Fv2%2Fcomments&post=39638"}],"version-history":[{"count":1,"href":"https:\/\/webpe.colegiomayor.cl\/index.php?rest_route=\/wp\/v2\/posts\/39638\/revisions"}],"predecessor-version":[{"id":39639,"href":"https:\/\/webpe.colegiomayor.cl\/index.php?rest_route=\/wp\/v2\/posts\/39638\/revisions\/39639"}],"wp:featuredmedia":[{"embeddable":true,"href":"https:\/\/webpe.colegiomayor.cl\/index.php?rest_route=\/wp\/v2\/media\/38927"}],"wp:attachment":[{"href":"https:\/\/webpe.colegiomayor.cl\/index.php?rest_route=%2Fwp%2Fv2%2Fmedia&parent=39638"}],"wp:term":[{"taxonomy":"category","embeddable":true,"href":"https:\/\/webpe.colegiomayor.cl\/index.php?rest_route=%2Fwp%2Fv2%2Fcategories&post=39638"},{"taxonomy":"post_tag","embeddable":true,"href":"https:\/\/webpe.colegiomayor.cl\/index.php?rest_route=%2Fwp%2Fv2%2Ftags&post=39638"}],"curies":[{"name":"wp","href":"https:\/\/api.w.org\/{rel}","templated":true}]}}