{"id":39621,"date":"2025-10-20T15:42:14","date_gmt":"2025-10-20T18:42:14","guid":{"rendered":"https:\/\/webpe.colegiomayor.cl\/?p=39621"},"modified":"2025-10-20T15:42:14","modified_gmt":"2025-10-20T18:42:14","slug":"seleccion-de-cheerleaders-del-colegio-mayor-de-penalolen-destaca-en-dos-competencias-nacionales","status":"publish","type":"post","link":"https:\/\/webpe.colegiomayor.cl\/?p=39621","title":{"rendered":"Selecci\u00f3n de Cheerleaders del Colegio Mayor de Pe\u00f1alol\u00e9n destaca en dos competencias nacionales"},"content":{"rendered":"\n<p>El fin de semana del 18 y 19 de octubre, la Selecci\u00f3n de Cheerleaders del Colegio<br>Mayor de Pe\u00f1alol\u00e9n tuvo una sobresaliente participaci\u00f3n en dos importantes campeonatos<br>del circuito nacional de cheerleading escolar, demostrando nuevamente su talento,<br>disciplina y trabajo en equipo.<br><br>El s\u00e1bado 18 de octubre, en el Campeonato Final Nacional Andes League, realizado en<br>el Colegio Mayor de Pe\u00f1alol\u00e9n, nuestras deportistas brillaron con grandes resultados: la<br>categor\u00eda Junior se coron\u00f3 campeona nacional (1\u00b0 lugar), mientras que la categor\u00eda<br>Senior obtuvo un destacado segundo lugar nacional, compitiendo frente a reconocidos<br>establecimientos como Trewehlas Providencia y Chicureo, British Royal School, Grace<br>College, entre otros.<br><br>Posteriormente, el domingo 19 de octubre, ambas categor\u00edas volvieron a presentarse en el<br>Campeonato CCChile, llevado a cabo en el Colegio Pedro de Valdivia de Pe\u00f1alol\u00e9n,<br>donde tanto Junior como Senior alcanzaron nuevamente el primer lugar, consolidando un<br>fin de semana de grandes logros y emociones.<br><br>Estos resultados reflejan el esfuerzo constante, la pasi\u00f3n y el compromiso de nuestras<br>deportistas, quienes con orgullo representan al Colegio Mayor de Pe\u00f1alol\u00e9n en cada<br>competencia.<br><br>Agradecemos el apoyo incondicional de las familias y apoderados, que acompa\u00f1an con<br>entusiasmo cada etapa de este proceso deportivo.<br><br>\u00a1Felicitamos a nuestras cheerleaders por su entrega, esp\u00edritu y excelencia, y les<br>deseamos el mayor de los \u00e9xitos en los pr\u00f3ximos desaf\u00edos!<\/p>\n\n\n<style>.uid-801530bcb530a546  .gt3pg-isotope-item {\n\tpadding-right: 20px;\n\tpadding-bottom: 20px;\n}\n.uid-801530bcb530a546  .gallery-isotope-wrapper {\n\tmargin-right: -20px;\n\tmargin-bottom: -20px;\n}\n<\/style><div id=\"uid-801530bcb530a546\" data-gt3pg-block=\"masonry\" data-index=\"1\" class=\"gt3-photo-gallery-pro--isotope_gallery uid-801530bcb530a546 gt3pg-pro--wrapper gt3pg-pro--masonry \">\t\t<div data-cols=\"3\" data-cols-tablet=\"3\" data-cols-mobile=\"2\" class=\"gt3pg-isotope-gallery columns-3 hover-default gallery-masonry corner-standard\" data-settings=\"{&quot;lightbox&quot;:{&quot;enable&quot;:true,&quot;options&quot;:{&quot;instance&quot;:1}},&quot;id&quot;:1,&quot;uid&quot;:&quot;uid-801530bcb530a546&quot;,&quot;modules&quot;:[&quot;Lightbox&quot;],&quot;lightboxArray&quot;:[{&quot;href&quot;:&quot;https:\\\/\\\/webpe.colegiomayor.cl\\\/wp-content\\\/uploads\\\/2025\\\/10\\\/image1-1.jpg&quot;,&quot;title&quot;:&quot;image1&quot;,&quot;thumbnail&quot;:&quot;https:\\\/\\\/webpe.colegiomayor.cl\\\/wp-content\\\/uploads\\\/2025\\\/10\\\/image1-1-150x150.jpg&quot;,&quot;description&quot;:&quot;&quot;,&quot;is_video&quot;:0,&quot;image_id&quot;:39622,&quot;width&quot;:1280,&quot;height&quot;:960},{&quot;href&quot;:&quot;https:\\\/\\\/webpe.colegiomayor.cl\\\/wp-content\\\/uploads\\\/2025\\\/10\\\/image2-1.jpg&quot;,&quot;title&quot;:&quot;image2&quot;,&quot;thumbnail&quot;:&quot;https:\\\/\\\/webpe.colegiomayor.cl\\\/wp-content\\\/uploads\\\/2025\\\/10\\\/image2-1-150x150.jpg&quot;,&quot;description&quot;:&quot;&quot;,&quot;is_video&quot;:0,&quot;image_id&quot;:39623,&quot;width&quot;:960,&quot;height&quot;:1280},{&quot;href&quot;:&quot;https:\\\/\\\/webpe.colegiomayor.cl\\\/wp-content\\\/uploads\\\/2025\\\/10\\\/image3-1.jpg&quot;,&quot;title&quot;:&quot;image3&quot;,&quot;thumbnail&quot;:&quot;https:\\\/\\\/webpe.colegiomayor.cl\\\/wp-content\\\/uploads\\\/2025\\\/10\\\/image3-1-150x150.jpg&quot;,&quot;description&quot;:&quot;&quot;,&quot;is_video&quot;:0,&quot;image_id&quot;:39624,&quot;width&quot;:1600,&quot;height&quot;:1200}],&quot;items&quot;:[{&quot;href&quot;:&quot;https:\\\/\\\/webpe.colegiomayor.cl\\\/wp-content\\\/uploads\\\/2025\\\/10\\\/image1-1.jpg&quot;,&quot;title&quot;:&quot;image1&quot;,&quot;thumbnail&quot;:&quot;https:\\\/\\\/webpe.colegiomayor.cl\\\/wp-content\\\/uploads\\\/2025\\\/10\\\/image1-1-150x150.jpg&quot;,&quot;description&quot;:&quot;&quot;,&quot;is_video&quot;:0,&quot;image_id&quot;:39622,&quot;width&quot;:1280,&quot;height&quot;:960},{&quot;href&quot;:&quot;https:\\\/\\\/webpe.colegiomayor.cl\\\/wp-content\\\/uploads\\\/2025\\\/10\\\/image2-1.jpg&quot;,&quot;title&quot;:&quot;image2&quot;,&quot;thumbnail&quot;:&quot;https:\\\/\\\/webpe.colegiomayor.cl\\\/wp-content\\\/uploads\\\/2025\\\/10\\\/image2-1-150x150.jpg&quot;,&quot;description&quot;:&quot;&quot;,&quot;is_video&quot;:0,&quot;image_id&quot;:39623,&quot;width&quot;:960,&quot;height&quot;:1280},{&quot;href&quot;:&quot;https:\\\/\\\/webpe.colegiomayor.cl\\\/wp-content\\\/uploads\\\/2025\\\/10\\\/image3-1.jpg&quot;,&quot;title&quot;:&quot;image3&quot;,&quot;thumbnail&quot;:&quot;https:\\\/\\\/webpe.colegiomayor.cl\\\/wp-content\\\/uploads\\\/2025\\\/10\\\/image3-1-150x150.jpg&quot;,&quot;description&quot;:&quot;&quot;,&quot;is_video&quot;:0,&quot;image_id&quot;:39624,&quot;width&quot;:1600,&quot;height&quot;:1200}]}\">\r\n\t\t\t<div class=\"gallery-isotope-wrapper\">\r\n\t\t\t\t<div class=\"gt3pg-isotope-item loading \" ><div class=\"isotope_item-wrapper\"><a href=\"https:\/\/webpe.colegiomayor.cl\/wp-content\/uploads\/2025\/10\/image1-1.jpg\" class=\"gt3pg-lightbox\" data-elementor-open-lightbox=\"no\"><div class=\"img-wrapper \"><img loading=\"lazy\" decoding=\"async\" width=\"768\" height=\"576\" src=\"https:\/\/webpe.colegiomayor.cl\/wp-content\/uploads\/2025\/10\/image1-1.jpg\" class=\"skip-lazy gt3-lazy-image\" alt=\"\" data-lazy-srcset=\"https:\/\/webpe.colegiomayor.cl\/wp-content\/uploads\/2025\/10\/image1-1.jpg 1280w, https:\/\/webpe.colegiomayor.cl\/wp-content\/uploads\/2025\/10\/image1-1-300x225.jpg 300w\" data-lazy-sizes=\"(max-width: 768px) 100vw, 768px\" data-lazy-src=\"https:\/\/webpe.colegiomayor.cl\/wp-content\/uploads\/2025\/10\/image1-1.jpg?is-pending-load=1\" srcset=\"data:image\/png;base64,iVBORw0KGgoAAAANSUhEUgAAAE0AAAA5CAYAAABzuqZnAAAACXBIWXMAAA7EAAAOxAGVKw4bAAAAKElEQVR42u3BMQEAAADCoPVPbQlPoAAAAAAAAAAAAAAAAAAAAAAADgZEzQABzhJDggAAAABJRU5ErkJggg==\" \/><\/div><\/a><\/div><\/div><div class=\"gt3pg-isotope-item loading \" ><div class=\"isotope_item-wrapper\"><a href=\"https:\/\/webpe.colegiomayor.cl\/wp-content\/uploads\/2025\/10\/image2-1.jpg\" class=\"gt3pg-lightbox\" data-elementor-open-lightbox=\"no\"><div class=\"img-wrapper \"><img loading=\"lazy\" decoding=\"async\" width=\"768\" height=\"1024\" src=\"https:\/\/webpe.colegiomayor.cl\/wp-content\/uploads\/2025\/10\/image2-1.jpg\" class=\"skip-lazy gt3-lazy-image\" alt=\"\" data-lazy-srcset=\"https:\/\/webpe.colegiomayor.cl\/wp-content\/uploads\/2025\/10\/image2-1.jpg 960w, https:\/\/webpe.colegiomayor.cl\/wp-content\/uploads\/2025\/10\/image2-1-225x300.jpg 225w, https:\/\/webpe.colegiomayor.cl\/wp-content\/uploads\/2025\/10\/image2-1-768x1024.jpg 768w\" data-lazy-sizes=\"(max-width: 768px) 100vw, 768px\" data-lazy-src=\"https:\/\/webpe.colegiomayor.cl\/wp-content\/uploads\/2025\/10\/image2-1.jpg?is-pending-load=1\" srcset=\"data:image\/png;base64,iVBORw0KGgoAAAANSUhEUgAAAE0AAABmCAYAAACOYhxFAAAACXBIWXMAAA7EAAAOxAGVKw4bAAAANUlEQVR42u3BgQAAAADDoPlTX+EAVQEAAAAAAAAAAAAAAAAAAAAAAAAAAAAAAAAAAAAAAMBrex4AARQEIPwAAAAASUVORK5CYII=\" \/><\/div><\/a><\/div><\/div><div class=\"gt3pg-isotope-item loading \" ><div class=\"isotope_item-wrapper\"><a href=\"https:\/\/webpe.colegiomayor.cl\/wp-content\/uploads\/2025\/10\/image3-1.jpg\" class=\"gt3pg-lightbox\" data-elementor-open-lightbox=\"no\"><div class=\"img-wrapper \"><img loading=\"lazy\" decoding=\"async\" width=\"768\" height=\"576\" src=\"https:\/\/webpe.colegiomayor.cl\/wp-content\/uploads\/2025\/10\/image3-1.jpg\" class=\"skip-lazy gt3-lazy-image\" alt=\"\" data-lazy-srcset=\"https:\/\/webpe.colegiomayor.cl\/wp-content\/uploads\/2025\/10\/image3-1.jpg 1600w, https:\/\/webpe.colegiomayor.cl\/wp-content\/uploads\/2025\/10\/image3-1-300x225.jpg 300w\" data-lazy-sizes=\"(max-width: 768px) 100vw, 768px\" data-lazy-src=\"https:\/\/webpe.colegiomayor.cl\/wp-content\/uploads\/2025\/10\/image3-1.jpg?is-pending-load=1\" srcset=\"data:image\/png;base64,iVBORw0KGgoAAAANSUhEUgAAAE0AAAA5CAYAAABzuqZnAAAACXBIWXMAAA7EAAAOxAGVKw4bAAAAKElEQVR42u3BMQEAAADCoPVPbQlPoAAAAAAAAAAAAAAAAAAAAAAADgZEzQABzhJDggAAAABJRU5ErkJggg==\" \/><\/div><\/a><\/div><\/div>\t\t\t<\/div>\r\n\t\t<\/div>\r\n\t\t<script type=\"application\/json\" id=\"settings--uid-801530bcb530a546\">{\"lightbox\":{\"enable\":true,\"options\":{\"instance\":1}},\"id\":1,\"uid\":\"uid-801530bcb530a546\",\"modules\":[\"Lightbox\"],\"lightboxArray\":[{\"href\":\"https:\\\/\\\/webpe.colegiomayor.cl\\\/wp-content\\\/uploads\\\/2025\\\/10\\\/image1-1.jpg\",\"title\":\"image1\",\"thumbnail\":\"https:\\\/\\\/webpe.colegiomayor.cl\\\/wp-content\\\/uploads\\\/2025\\\/10\\\/image1-1-150x150.jpg\",\"description\":\"\",\"is_video\":0,\"image_id\":39622,\"width\":1280,\"height\":960},{\"href\":\"https:\\\/\\\/webpe.colegiomayor.cl\\\/wp-content\\\/uploads\\\/2025\\\/10\\\/image2-1.jpg\",\"title\":\"image2\",\"thumbnail\":\"https:\\\/\\\/webpe.colegiomayor.cl\\\/wp-content\\\/uploads\\\/2025\\\/10\\\/image2-1-150x150.jpg\",\"description\":\"\",\"is_video\":0,\"image_id\":39623,\"width\":960,\"height\":1280},{\"href\":\"https:\\\/\\\/webpe.colegiomayor.cl\\\/wp-content\\\/uploads\\\/2025\\\/10\\\/image3-1.jpg\",\"title\":\"image3\",\"thumbnail\":\"https:\\\/\\\/webpe.colegiomayor.cl\\\/wp-content\\\/uploads\\\/2025\\\/10\\\/image3-1-150x150.jpg\",\"description\":\"\",\"is_video\":0,\"image_id\":39624,\"width\":1600,\"height\":1200}],\"items\":[{\"href\":\"https:\\\/\\\/webpe.colegiomayor.cl\\\/wp-content\\\/uploads\\\/2025\\\/10\\\/image1-1.jpg\",\"title\":\"image1\",\"thumbnail\":\"https:\\\/\\\/webpe.colegiomayor.cl\\\/wp-content\\\/uploads\\\/2025\\\/10\\\/image1-1-150x150.jpg\",\"description\":\"\",\"is_video\":0,\"image_id\":39622,\"width\":1280,\"height\":960},{\"href\":\"https:\\\/\\\/webpe.colegiomayor.cl\\\/wp-content\\\/uploads\\\/2025\\\/10\\\/image2-1.jpg\",\"title\":\"image2\",\"thumbnail\":\"https:\\\/\\\/webpe.colegiomayor.cl\\\/wp-content\\\/uploads\\\/2025\\\/10\\\/image2-1-150x150.jpg\",\"description\":\"\",\"is_video\":0,\"image_id\":39623,\"width\":960,\"height\":1280},{\"href\":\"https:\\\/\\\/webpe.colegiomayor.cl\\\/wp-content\\\/uploads\\\/2025\\\/10\\\/image3-1.jpg\",\"title\":\"image3\",\"thumbnail\":\"https:\\\/\\\/webpe.colegiomayor.cl\\\/wp-content\\\/uploads\\\/2025\\\/10\\\/image3-1-150x150.jpg\",\"description\":\"\",\"is_video\":0,\"image_id\":39624,\"width\":1600,\"height\":1200}]}<\/script>\r\n\t\t<\/div>","protected":false},"excerpt":{"rendered":"<p>El fin de semana del 18 y 19 de octubre, la Selecci\u00f3n de Cheerleaders del ColegioMayor de Pe\u00f1alol\u00e9n tuvo una sobresaliente participaci\u00f3n en dos importantes campeonatosdel circuito nacional de cheerleading escolar, demostrando nuevamente su talento,disciplina y trabajo en equipo. El s\u00e1bado 18 de octubre, en&nbsp;<a href=\"https:\/\/webpe.colegiomayor.cl\/?p=39621\">&hellip;<\/a><\/p>\n","protected":false},"author":11,"featured_media":39625,"comment_status":"closed","ping_status":"closed","sticky":false,"template":"","format":"standard","meta":{"content-type":"","footnotes":""},"categories":[23,24,38,25,1],"tags":[173,172,170,139,171],"class_list":["post-39621","post","type-post","status-publish","format-standard","has-post-thumbnail","hentry","category-actualidad","category-comunicaciones","category-comunicaciones-news","category-deportes","category-categoria-3","tag-campeonatos","tag-cheer","tag-cheerleaders","tag-competencias","tag-seleccion-cheerleaders","odd"],"rttpg_featured_image_url":{"full":["https:\/\/webpe.colegiomayor.cl\/wp-content\/uploads\/2025\/10\/image4-1.jpg",1280,960,false],"landscape":["https:\/\/webpe.colegiomayor.cl\/wp-content\/uploads\/2025\/10\/image4-1.jpg",1280,960,false],"portraits":["https:\/\/webpe.colegiomayor.cl\/wp-content\/uploads\/2025\/10\/image4-1.jpg",1280,960,false],"thumbnail":["https:\/\/webpe.colegiomayor.cl\/wp-content\/uploads\/2025\/10\/image4-1-150x150.jpg",150,150,true],"medium":["https:\/\/webpe.colegiomayor.cl\/wp-content\/uploads\/2025\/10\/image4-1-300x225.jpg",300,225,true],"large":["https:\/\/webpe.colegiomayor.cl\/wp-content\/uploads\/2025\/10\/image4-1-1024x768.jpg",1024,768,true],"1536x1536":["https:\/\/webpe.colegiomayor.cl\/wp-content\/uploads\/2025\/10\/image4-1-1280x960.jpg",1280,960,true],"2048x2048":["https:\/\/webpe.colegiomayor.cl\/wp-content\/uploads\/2025\/10\/image4-1-1280x960.jpg",1280,960,true],"post-thumbnail":["https:\/\/webpe.colegiomayor.cl\/wp-content\/uploads\/2025\/10\/image4-1-150x113.jpg",150,113,true],"ed-school-featured-image":["https:\/\/webpe.colegiomayor.cl\/wp-content\/uploads\/2025\/10\/image4-1-990x500.jpg",990,500,true],"ed-school-medium":["https:\/\/webpe.colegiomayor.cl\/wp-content\/uploads\/2025\/10\/image4-1-768x510.jpg",768,510,true],"ed-school-medium-alt":["https:\/\/webpe.colegiomayor.cl\/wp-content\/uploads\/2025\/10\/image4-1-768x410.jpg",768,410,true],"ed-school-square":["https:\/\/webpe.colegiomayor.cl\/wp-content\/uploads\/2025\/10\/image4-1-768x768.jpg",768,768,true],"ed-school-square-small":["https:\/\/webpe.colegiomayor.cl\/wp-content\/uploads\/2025\/10\/image4-1-420x420.jpg",420,420,true]},"rttpg_author":{"display_name":"Francisco Arriagada","author_link":"https:\/\/webpe.colegiomayor.cl\/?author=11"},"rttpg_comment":0,"rttpg_category":"<a href=\"https:\/\/webpe.colegiomayor.cl\/?cat=23\" rel=\"category\">COLEGIO<\/a> <a href=\"https:\/\/webpe.colegiomayor.cl\/?cat=24\" rel=\"category\">COMUNICACIONES<\/a> <a href=\"https:\/\/webpe.colegiomayor.cl\/?cat=38\" rel=\"category\">Comunicaciones-NEWS<\/a> <a href=\"https:\/\/webpe.colegiomayor.cl\/?cat=25\" rel=\"category\">DEPORTES<\/a> <a href=\"https:\/\/webpe.colegiomayor.cl\/?cat=1\" rel=\"category\">NOTICIAS<\/a>","rttpg_excerpt":"El fin de semana del 18 y 19 de octubre, la Selecci\u00f3n de Cheerleaders del ColegioMayor de Pe\u00f1alol\u00e9n tuvo una sobresaliente participaci\u00f3n en dos importantes campeonatosdel circuito nacional de cheerleading escolar, demostrando nuevamente su talento,disciplina y trabajo en equipo. El s\u00e1bado 18 de octubre, en&nbsp;&hellip;","_links":{"self":[{"href":"https:\/\/webpe.colegiomayor.cl\/index.php?rest_route=\/wp\/v2\/posts\/39621","targetHints":{"allow":["GET"]}}],"collection":[{"href":"https:\/\/webpe.colegiomayor.cl\/index.php?rest_route=\/wp\/v2\/posts"}],"about":[{"href":"https:\/\/webpe.colegiomayor.cl\/index.php?rest_route=\/wp\/v2\/types\/post"}],"author":[{"embeddable":true,"href":"https:\/\/webpe.colegiomayor.cl\/index.php?rest_route=\/wp\/v2\/users\/11"}],"replies":[{"embeddable":true,"href":"https:\/\/webpe.colegiomayor.cl\/index.php?rest_route=%2Fwp%2Fv2%2Fcomments&post=39621"}],"version-history":[{"count":1,"href":"https:\/\/webpe.colegiomayor.cl\/index.php?rest_route=\/wp\/v2\/posts\/39621\/revisions"}],"predecessor-version":[{"id":39627,"href":"https:\/\/webpe.colegiomayor.cl\/index.php?rest_route=\/wp\/v2\/posts\/39621\/revisions\/39627"}],"wp:featuredmedia":[{"embeddable":true,"href":"https:\/\/webpe.colegiomayor.cl\/index.php?rest_route=\/wp\/v2\/media\/39625"}],"wp:attachment":[{"href":"https:\/\/webpe.colegiomayor.cl\/index.php?rest_route=%2Fwp%2Fv2%2Fmedia&parent=39621"}],"wp:term":[{"taxonomy":"category","embeddable":true,"href":"https:\/\/webpe.colegiomayor.cl\/index.php?rest_route=%2Fwp%2Fv2%2Fcategories&post=39621"},{"taxonomy":"post_tag","embeddable":true,"href":"https:\/\/webpe.colegiomayor.cl\/index.php?rest_route=%2Fwp%2Fv2%2Ftags&post=39621"}],"curies":[{"name":"wp","href":"https:\/\/api.w.org\/{rel}","templated":true}]}}