{"id":39617,"date":"2025-10-16T18:26:40","date_gmt":"2025-10-16T21:26:40","guid":{"rendered":"https:\/\/webpe.colegiomayor.cl\/?p=39617"},"modified":"2025-10-16T18:31:16","modified_gmt":"2025-10-16T21:31:16","slug":"actividades-selecciones-y-escuelas-deportivas-sabado-18-de-octubre","status":"publish","type":"post","link":"https:\/\/webpe.colegiomayor.cl\/?p=39617","title":{"rendered":"Actividades Selecciones y Escuelas Deportivas &#8211; s\u00e1bado 18 de octubre"},"content":{"rendered":"\n<title>Selecciones Deportivas<\/title>\n    \n<style>\n    body {\n        font-family: 'Montserrat', sans-serif;\n        background: #f4f4f4;\n        color: #333;\n        padding: 20px;\n    }\n    .container {\n        max-width: 850px;\n        margin: auto;\n        background: #fff;\n        padding: 30px;\n        border-radius: 12px;\n        box-shadow: 0 4px 12px rgba(0,0,0,0.1);\n        line-height: 1.7;\n    }\n    h2 {\n        text-align: center;\n        color: #2c3e50;\n        font-weight: 700;\n        margin-bottom: 5px;\n    }\n    h3 {\n        text-align: center;\n        color: #16a085;\n        font-weight: 600;\n        margin-top: 0;\n        margin-bottom: 25px;\n    }\n    .disciplina {\n        padding: 20px;\n        margin-bottom: 20px;\n        border-left: 8px solid;\n        border-radius: 8px;\n        background: #fafafa;\n    }\n    .disciplina strong {\n        font-size: 20px;\n        display: block;\n        margin-bottom: 5px;\n    }\n    .atletismo {border-color: #2980b9;}\n    .basket {border-color: #e67e22;}\n    .gimnasia {border-color: #c0392b;}\n    .natacion {border-color: #27ae60;}\n    .tenis {border-color: #8e44ad;}\n    .cheer {border-color: #e84393;}\n    .vmasc {border-color: #3498db;}\n    .vfem {border-color: #9b59b6;}\n    .futbol {border-color: #2ecc71;}\n    u {color: #555;}\n    em {color: #666;}\n    .pendiente {\n        background-color: #fff3cd;\n        border-left-color: #ffc107;\n    }\n    .fecha {\n        text-align: right;\n        font-size: 14px;\n        color: #777;\n        margin-bottom: 10px;\n    }\n    .aviso {\n        font-size: 22px;\n        color: #000;\n        font-weight: 700;\n        text-align: center;\n        background: #f9f9f9;\n        padding: 15px;\n        border-radius: 10px;\n        margin-bottom: 25px;\n    }\n<\/style>\n\n<div class=\"container\">\n    <div class=\"fecha\">Pe\u00f1alol\u00e9n, 16 de septiembre de 2025.<\/div>\n\n    <div class=\"aviso\">\n        No hay actividades deportivas del d\u00eda s\u00e1bado 18 de octubre,<br>\n        no tenemos programada ninguna actividad en nuestro colegio, solo de visita.\n    <\/div>\n\n    <h2>Selecciones Deportivas<\/h2>\n    <h3>S\u00e1bado 18 de octubre<\/h3>\n\n    <div class=\"disciplina atletismo\">\n        <strong>Atletismo<\/strong>\n        <u>\u00c1rea de Lanzamiento<\/u><br>\n        Encuentro deportivo de lanzamientos<br>\n        Lugar: Colegio HUINGANAL<br>\n        Direcci\u00f3n: Avenida Monse\u00f1or Adolfo Rodr\u00edguez #13.210, Lo Barnechea.<br>\n        Hora de citaci\u00f3n: 09:00 hrs.<br><br>\n        <em>Profesor a cargo:<\/em> Carlos Soto\n    <\/div>\n\n    <div class=\"disciplina basket\">\n        <strong>B\u00e1squetbol<\/strong>\n        <u>Liforbasket<\/u><br>\n        Mini primer a\u00f1o<br>\n        Rival: The Kent School<br>\n        Lugar: San Ignacio Alonso Ovalle<br>\n        Direcci\u00f3n: Alonso Ovalle #1452<br>\n        Citaci\u00f3n: 09:30 hrs.<br><br>\n        <em>Profesores a cargo:<\/em> Nicol\u00e1s Ortiz, Carlos Cerecera<br><br>\n        Series Mini 2\u00b0 a\u00f1o, Infantil, Intermedia y Superior \u2013 <em>Sin Actividades<\/em>\n    <\/div>\n\n    <div class=\"disciplina gimnasia\">\n        <strong>Gimnasia Art\u00edstica<\/strong>\n        <u>Competencia nivel 2<\/u><br>\n        Lugar: Colegio La Misi\u00f3n<br>\n        Direcci\u00f3n: Camino Calera de Tango s\/n., paradero 9, Calera de Tango.<br>\n        Citaci\u00f3n: 08:00 hrs.<br><br>\n        <em>Profesores a cargo:<\/em> Loreto Erazo, Catalina Cuevas, Yabhet Oblitas\n    <\/div>\n\n    <div class=\"disciplina natacion\">\n        <strong>Nataci\u00f3n<\/strong>\n        <em>Sin Actividades<\/em>\n    <\/div>\n\n    <div class=\"disciplina tenis\">\n        <strong>Tenis<\/strong>\n        <em>Sin Actividades<\/em>\n    <\/div>\n\n    <div class=\"disciplina cheer\">\n        <strong>Cheerleader<\/strong>\n        <u>Campeonato \u201cAndes League\u201d<\/u><br>\n        Lugar: Estadio Mayor, Pe\u00f1alol\u00e9n<br>\n        Citaci\u00f3n Junior: 13:15 hrs.<br>\n        Citaci\u00f3n Senior: 15:30 hrs.<br><br>\n        <u>Domingo 19 de octubre &#8211; Campeonato \u201cCCChile\u201d<\/u><br>\n        Lugar: Colegio Pedro De Valdivia, Pe\u00f1alol\u00e9n<br>\n        Citaci\u00f3n Junior: 08:00 hrs.<br>\n        Citaci\u00f3n Senior: 08:30 hrs.<br><br>\n        <em>Profesores a cargo:<\/em> Daniela Acu\u00f1a, Ricardo Vergara\n    <\/div>\n\n    <div class=\"disciplina vmasc\">\n        <strong>Voleibol Masculino<\/strong>\n        <em>Sin Actividades<\/em>\n    <\/div>\n\n    <div class=\"disciplina vfem\">\n        <strong>Voleibol Femenino<\/strong>\n        <em>Sin Actividades<\/em>\n    <\/div>\n\n    <div class=\"disciplina futbol\">\n        <strong>F\u00fatbol<\/strong>\n        <em>Sin Actividades<\/em>\n    <\/div>\n<\/div>\n\n\n\n\n<p><br><\/p>\n","protected":false},"excerpt":{"rendered":"<p>Selecciones Deportivas Pe\u00f1alol\u00e9n, 16 de septiembre de 2025. No hay actividades deportivas del d\u00eda s\u00e1bado 18 de octubre, no tenemos programada ninguna actividad en nuestro colegio, solo de visita. Selecciones Deportivas S\u00e1bado 18 de octubre Atletismo \u00c1rea de Lanzamiento Encuentro deportivo de lanzamientos Lugar: Colegio&nbsp;<a href=\"https:\/\/webpe.colegiomayor.cl\/?p=39617\">&hellip;<\/a><\/p>\n","protected":false},"author":11,"featured_media":39422,"comment_status":"closed","ping_status":"closed","sticky":false,"template":"","format":"standard","meta":{"content-type":"","footnotes":""},"categories":[25,44],"tags":[101,103],"class_list":["post-39617","post","type-post","status-publish","format-standard","has-post-thumbnail","hentry","category-deportes","category-noticias","tag-deportes","tag-selecciones-deportivas","odd"],"rttpg_featured_image_url":{"full":["https:\/\/webpe.colegiomayor.cl\/wp-content\/uploads\/2025\/09\/image2.jpg",1299,974,false],"landscape":["https:\/\/webpe.colegiomayor.cl\/wp-content\/uploads\/2025\/09\/image2.jpg",1299,974,false],"portraits":["https:\/\/webpe.colegiomayor.cl\/wp-content\/uploads\/2025\/09\/image2.jpg",1299,974,false],"thumbnail":["https:\/\/webpe.colegiomayor.cl\/wp-content\/uploads\/2025\/09\/image2-150x150.jpg",150,150,true],"medium":["https:\/\/webpe.colegiomayor.cl\/wp-content\/uploads\/2025\/09\/image2-300x225.jpg",300,225,true],"large":["https:\/\/webpe.colegiomayor.cl\/wp-content\/uploads\/2025\/09\/image2-1024x768.jpg",1024,768,true],"1536x1536":["https:\/\/webpe.colegiomayor.cl\/wp-content\/uploads\/2025\/09\/image2-1299x974.jpg",1299,974,true],"2048x2048":["https:\/\/webpe.colegiomayor.cl\/wp-content\/uploads\/2025\/09\/image2-1299x974.jpg",1299,974,true],"post-thumbnail":["https:\/\/webpe.colegiomayor.cl\/wp-content\/uploads\/2025\/09\/image2-150x112.jpg",150,112,true],"ed-school-featured-image":["https:\/\/webpe.colegiomayor.cl\/wp-content\/uploads\/2025\/09\/image2-990x500.jpg",990,500,true],"ed-school-medium":["https:\/\/webpe.colegiomayor.cl\/wp-content\/uploads\/2025\/09\/image2-768x510.jpg",768,510,true],"ed-school-medium-alt":["https:\/\/webpe.colegiomayor.cl\/wp-content\/uploads\/2025\/09\/image2-768x410.jpg",768,410,true],"ed-school-square":["https:\/\/webpe.colegiomayor.cl\/wp-content\/uploads\/2025\/09\/image2-768x768.jpg",768,768,true],"ed-school-square-small":["https:\/\/webpe.colegiomayor.cl\/wp-content\/uploads\/2025\/09\/image2-420x420.jpg",420,420,true]},"rttpg_author":{"display_name":"Francisco Arriagada","author_link":"https:\/\/webpe.colegiomayor.cl\/?author=11"},"rttpg_comment":0,"rttpg_category":"<a href=\"https:\/\/webpe.colegiomayor.cl\/?cat=25\" rel=\"category\">DEPORTES<\/a> <a href=\"https:\/\/webpe.colegiomayor.cl\/?cat=44\" rel=\"category\">NOTICIAS<\/a>","rttpg_excerpt":"Selecciones Deportivas Pe\u00f1alol\u00e9n, 16 de septiembre de 2025. No hay actividades deportivas del d\u00eda s\u00e1bado 18 de octubre, no tenemos programada ninguna actividad en nuestro colegio, solo de visita. Selecciones Deportivas S\u00e1bado 18 de octubre Atletismo \u00c1rea de Lanzamiento Encuentro deportivo de lanzamientos Lugar: Colegio&nbsp;&hellip;","_links":{"self":[{"href":"https:\/\/webpe.colegiomayor.cl\/index.php?rest_route=\/wp\/v2\/posts\/39617","targetHints":{"allow":["GET"]}}],"collection":[{"href":"https:\/\/webpe.colegiomayor.cl\/index.php?rest_route=\/wp\/v2\/posts"}],"about":[{"href":"https:\/\/webpe.colegiomayor.cl\/index.php?rest_route=\/wp\/v2\/types\/post"}],"author":[{"embeddable":true,"href":"https:\/\/webpe.colegiomayor.cl\/index.php?rest_route=\/wp\/v2\/users\/11"}],"replies":[{"embeddable":true,"href":"https:\/\/webpe.colegiomayor.cl\/index.php?rest_route=%2Fwp%2Fv2%2Fcomments&post=39617"}],"version-history":[{"count":2,"href":"https:\/\/webpe.colegiomayor.cl\/index.php?rest_route=\/wp\/v2\/posts\/39617\/revisions"}],"predecessor-version":[{"id":39619,"href":"https:\/\/webpe.colegiomayor.cl\/index.php?rest_route=\/wp\/v2\/posts\/39617\/revisions\/39619"}],"wp:featuredmedia":[{"embeddable":true,"href":"https:\/\/webpe.colegiomayor.cl\/index.php?rest_route=\/wp\/v2\/media\/39422"}],"wp:attachment":[{"href":"https:\/\/webpe.colegiomayor.cl\/index.php?rest_route=%2Fwp%2Fv2%2Fmedia&parent=39617"}],"wp:term":[{"taxonomy":"category","embeddable":true,"href":"https:\/\/webpe.colegiomayor.cl\/index.php?rest_route=%2Fwp%2Fv2%2Fcategories&post=39617"},{"taxonomy":"post_tag","embeddable":true,"href":"https:\/\/webpe.colegiomayor.cl\/index.php?rest_route=%2Fwp%2Fv2%2Ftags&post=39617"}],"curies":[{"name":"wp","href":"https:\/\/api.w.org\/{rel}","templated":true}]}}