{"id":39557,"date":"2025-10-10T12:48:00","date_gmt":"2025-10-10T15:48:00","guid":{"rendered":"https:\/\/webpe.colegiomayor.cl\/?p=39557"},"modified":"2025-10-10T12:52:50","modified_gmt":"2025-10-10T15:52:50","slug":"actividades-selecciones-y-escuelas-deportivas-sabado-11-de-octubre","status":"publish","type":"post","link":"https:\/\/webpe.colegiomayor.cl\/?p=39557","title":{"rendered":"Actividades Selecciones y Escuelas Deportivas &#8211; s\u00e1bado 11 de octubre"},"content":{"rendered":"\n<!DOCTYPE html>\n<html lang=\"es\">\n<head>\n    <meta charset=\"UTF-8\">\n    <meta name=\"viewport\" content=\"width=device-width, initial-scale=1.0\">\n    <title>Selecciones Deportivas<\/title>\n    <link href=\"https:\/\/fonts.googleapis.com\/css2?family=Montserrat:wght@400;600;700&#038;display=swap\" rel=\"stylesheet\">\n    <style>\n        body {\n            font-family: 'Montserrat', sans-serif;\n            background: #f4f4f4;\n            color: #333;\n            padding: 20px;\n        }\n        .container {\n            max-width: 850px;\n            margin: auto;\n            background: #fff;\n            padding: 30px;\n            border-radius: 12px;\n            box-shadow: 0 4px 12px rgba(0,0,0,0.1);\n            line-height: 1.7;\n        }\n        h2 {\n            text-align: center;\n            color: #2c3e50;\n            font-weight: 700;\n            margin-bottom: 5px;\n        }\n        h3 {\n            text-align: center;\n            color: #16a085;\n            font-weight: 600;\n            margin-top: 0;\n            margin-bottom: 25px;\n        }\n        .disciplina {\n            padding: 20px;\n            margin-bottom: 20px;\n            border-left: 8px solid;\n            border-radius: 8px;\n            background: #fafafa;\n        }\n        .disciplina strong {\n            font-size: 20px;\n            display: block;\n            margin-bottom: 5px;\n        }\n        .atletismo {border-color: #2980b9;}\n        .basket {border-color: #e67e22;}\n        .gimnasia {border-color: #c0392b;}\n        .natacion {border-color: #27ae60;}\n        .tenis {border-color: #8e44ad;}\n        .cheer {border-color: #e84393;}\n        .vmasc {border-color: #3498db;}\n        .vfem {border-color: #9b59b6;}\n        .futbol {border-color: #2ecc71;}\n        u {color: #555;}\n        em {color: #666;}\n        .pendiente {\n            background-color: #fff3cd;\n            border-left-color: #ffc107;\n        }\n    <\/style>\n<\/head>\n<body>\n    <div class=\"container\">\n        <h2>Selecciones Deportivas<\/h2>\n        <h3>S\u00e1bado 11 de octubre<\/h3>\n\n        <div class=\"disciplina atletismo\">\n            <strong>Atletismo<\/strong>\n            <u>Entrenamiento<\/u><br>\n            Categor\u00eda Preparatoria-Infantil &#8211; Hora: 09:00 a 10:30 hrs.<br>\n            Categor\u00eda Intermedia-Superior &#8211; Hora: 10:30 a 12:00 hrs.<br>\n            <em>Profesores a cargo:<\/em> \u00darsula Rebolledo, Carlos Soto, Mario G\u00f3mez, Claudio Ulloa\n        <\/div>\n\n        <div class=\"disciplina basket\">\n            <strong>B\u00e1squetbol<\/strong>\n            <u>Torneo UC<\/u><br>\n            Serie Infantil \u2013 Rival: Colegio Everest<br>\n            Horario de partido: 09:00 hrs. \/ Citaci\u00f3n: 08:40 hrs.<br>\n            Serie Mini \u2013 Horario de partido: 10:15 hrs. \/ Citaci\u00f3n: 09:30 hrs.<br>\n            Lugar: Colegio Everest (Camino Real #4518, Lo Barnechea)<br>\n            <em>Profesor a cargo:<\/em> Nicol\u00e1s Ortiz<br><br>\n            \n            <u>Liforbasket &#8211; Mini primer a\u00f1o<\/u><br>\n            Partidos: 10:45 y 11:35 hrs. \/ Citaci\u00f3n: 10:15 hrs.<br>\n            Lugar: San Ignacio el Bosque (Av. Pocuro #2801, Providencia)<br>\n            <em>Profesor a cargo:<\/em> Carlos Cerecera\n        <\/div>\n\n        <div class=\"disciplina gimnasia\">\n            <strong>Gimnasia Art\u00edstica<\/strong>\n            <u>Competencia nivel 1<\/u><br>\n            Citaci\u00f3n: 12:00 hrs.<br>\n            Lugar: Colegio SSCC Alameda<br>\n            <em>Profesoras a cargo:<\/em> Loreto Erazo, Catalina Cuevas<br><br>\n            \n            <u>Entrenamiento<\/u><br>\n            Sector: Casino<br>\n            Nivel 1 y 2 RD y nivel 2 (seleccionadas) &#8211; Hora: 09:00 a 10:30 hrs.<br>\n            Nivel 3 RD y nivel 3 (seleccionadas) &#8211; Hora: 10:30 a 12:00 hrs.<br>\n            <em>Profesor a cargo:<\/em> Yabhet Oblitas\n        <\/div>\n\n        <div class=\"disciplina natacion\">\n            <strong>Nataci\u00f3n<\/strong>\n            <u>Entrenamiento<\/u><br>\n            Grupo competencia \u2013 Hora: 09:00 a 11:00 hrs.<br>\n            Grupo 1\u00b0 a 5\u00b0 b\u00e1sico \u2013 Hora: 11:00 a 12:00 hrs.<br>\n            Lugar: Piscina Estadio Mayor<br>\n            <em>Profesores a cargo:<\/em> Sim\u00f3n Fern\u00e1ndez, Mat\u00edas Jaque, Katalina Bravo<br><br>\n            \n            <u>Domingo 12 &#8211; II clasificatorio Soprole<\/u><br>\n            Citaci\u00f3n: 07:30 hrs.<br>\n            Lugar: Piscina Municipal Pe\u00f1alol\u00e9n<br>\n            <em>Profesora a cargo:<\/em> Katalina Bravo\n        <\/div>\n\n        <div class=\"disciplina tenis\">\n            <strong>Tenis<\/strong>\n            <u>Entrenamiento<\/u><br>\n            Lugar: Canchas de tenis, Estadio Mayor<br>\n            Primer grupo infantil \u2013 Hora: 09:00 a 10:30 hrs.<br>\n            Segundo grupo Intermedia \u2013 Hora: 10:30 a 12:00 hrs.<br>\n            <em>Profesor a cargo:<\/em> Hern\u00e1n P\u00e9rez\n        <\/div>\n\n        <div class=\"disciplina cheer\">\n            <strong>Cheerleader<\/strong>\n            Categor\u00eda Senior \u2013 Hora: 07:30 a 09:00 hrs. \/ Lugar: Gimnasio Hurac\u00e1n (Walker Mart\u00ednez #5520, San Miguel)<br>\n            Categor\u00eda Junior \u2013 Hora: 10:00 a 11:30 hrs. \/ Lugar: Foro del Colegio<br>\n            <em>Profesores a cargo:<\/em> Daniela Acu\u00f1a, Ricardo Vergara\n        <\/div>\n\n        <div class=\"disciplina vmasc\">\n            <strong>Voleibol Masculino<\/strong>\n            <u>Categor\u00eda Infantil &#8211; Torneo UC<\/u><br>\n            Citaci\u00f3n: 11:00 hrs. \/ Partido: 12:00 hrs.<br>\n            Rival: SSCC San Bernardo<br>\n            Lugar: Colegio Marcelino Champagnat (Sexto de L\u00ednea 13540, La Pintana)<br>\n            <em>Profesor a cargo:<\/em> Valent\u00edn Tamayo<br><br>\n            \n            <u>Categor\u00eda Mini &#8211; Torneo UC<\/u><br>\n            Citaci\u00f3n: 10:00 hrs. \/ Partido: 11:00 hrs.<br>\n            Rival: SSCC San Bernardo<br>\n            Lugar: Colegio Marcelino Champagnat (Sexto de L\u00ednea 13540, La Pintana)<br>\n            <em>Profesor a cargo:<\/em> Valent\u00edn Tamayo<br><br>\n            \n            <u>Entrenamiento (No Citados)<\/u><br>\n            Serie Mini \u2013 Hora: 09:00 a 11:00 hrs.<br>\n            Lugar: Foro<br>\n            <em>Profesor a cargo:<\/em> Cristi\u00e1n Henr\u00edquez\n        <\/div>\n\n        <div class=\"disciplina vfem\">\n            <strong>Voleibol Femenino<\/strong>\n            <u>Categor\u00eda Infantil &#8211; Torneo UC<\/u><br>\n            Citaci\u00f3n: 08:15 hrs.<br>\n            Rival: Colegio San Anselmo<br>\n            Lugar: Colegio Alem\u00e1n de Chicureo (Avenida Alemania #170, Chicureo)<br>\n            <em>Profesores a cargo:<\/em> Pablo Beltr\u00e1n, Joaqu\u00edn M\u00e9ndez<br><br>\n            \n            <u>Categor\u00eda Mini &#8211; Torneo UC<\/u><br>\n            Citaci\u00f3n: 09:00 hrs.<br>\n            Rival: Colegio San Anselmo<br>\n            Lugar: Colegio Alem\u00e1n de Chicureo (Avenida Alemania #170, Chicureo)<br>\n            <em>Profesores a cargo:<\/em> Pablo Beltr\u00e1n, Joaqu\u00edn M\u00e9ndez\n        <\/div>\n\n        <div class=\"disciplina futbol\">\n            <strong>F\u00fatbol<\/strong>\n            <u>Torneo UC<\/u><br>\n            Lugar: Estadio Mayor<br>\n            Rival: Colegio Cordillera<br>\n            Serie Mini \u2013 Citaci\u00f3n: 08:45 hrs. \/ Partido: 09:30 hrs.<br>\n            Serie Infantil \u2013 Citaci\u00f3n: 09:30 hrs. \/ Partido: 10:45 hrs.<br>\n            <em>Profesores a cargo:<\/em> Pablo S\u00e1nchez, Edgard Vargas<br><br>\n            \n            Series Intermedia y Superior \u2013 Sin Actividades\n        <\/div>\n    <\/div>\n<\/body>\n<\/html>\n\n\n\n<p><br><\/p>\n","protected":false},"excerpt":{"rendered":"<p>Selecciones Deportivas Selecciones Deportivas S\u00e1bado 11 de octubre Atletismo Entrenamiento Categor\u00eda Preparatoria-Infantil &#8211; Hora: 09:00 a 10:30 hrs. Categor\u00eda Intermedia-Superior &#8211; Hora: 10:30 a 12:00 hrs. Profesores a cargo: \u00darsula Rebolledo, Carlos Soto, Mario G\u00f3mez, Claudio Ulloa B\u00e1squetbol Torneo UC Serie Infantil \u2013 Rival: Colegio&nbsp;<a href=\"https:\/\/webpe.colegiomayor.cl\/?p=39557\">&hellip;<\/a><\/p>\n","protected":false},"author":11,"featured_media":39507,"comment_status":"closed","ping_status":"closed","sticky":false,"template":"","format":"standard","meta":{"content-type":"","footnotes":""},"categories":[25,44],"tags":[101,103],"class_list":["post-39557","post","type-post","status-publish","format-standard","has-post-thumbnail","hentry","category-deportes","category-noticias","tag-deportes","tag-selecciones-deportivas","odd"],"rttpg_featured_image_url":{"full":["https:\/\/webpe.colegiomayor.cl\/wp-content\/uploads\/2025\/10\/image1.jpg",1600,1200,false],"landscape":["https:\/\/webpe.colegiomayor.cl\/wp-content\/uploads\/2025\/10\/image1.jpg",1600,1200,false],"portraits":["https:\/\/webpe.colegiomayor.cl\/wp-content\/uploads\/2025\/10\/image1.jpg",1600,1200,false],"thumbnail":["https:\/\/webpe.colegiomayor.cl\/wp-content\/uploads\/2025\/10\/image1-150x150.jpg",150,150,true],"medium":["https:\/\/webpe.colegiomayor.cl\/wp-content\/uploads\/2025\/10\/image1-300x225.jpg",300,225,true],"large":["https:\/\/webpe.colegiomayor.cl\/wp-content\/uploads\/2025\/10\/image1-1024x768.jpg",1024,768,true],"1536x1536":["https:\/\/webpe.colegiomayor.cl\/wp-content\/uploads\/2025\/10\/image1-1536x1152.jpg",1536,1152,true],"2048x2048":["https:\/\/webpe.colegiomayor.cl\/wp-content\/uploads\/2025\/10\/image1-1600x1200.jpg",1600,1200,true],"post-thumbnail":["https:\/\/webpe.colegiomayor.cl\/wp-content\/uploads\/2025\/10\/image1-150x113.jpg",150,113,true],"ed-school-featured-image":["https:\/\/webpe.colegiomayor.cl\/wp-content\/uploads\/2025\/10\/image1-990x500.jpg",990,500,true],"ed-school-medium":["https:\/\/webpe.colegiomayor.cl\/wp-content\/uploads\/2025\/10\/image1-768x510.jpg",768,510,true],"ed-school-medium-alt":["https:\/\/webpe.colegiomayor.cl\/wp-content\/uploads\/2025\/10\/image1-768x410.jpg",768,410,true],"ed-school-square":["https:\/\/webpe.colegiomayor.cl\/wp-content\/uploads\/2025\/10\/image1-768x768.jpg",768,768,true],"ed-school-square-small":["https:\/\/webpe.colegiomayor.cl\/wp-content\/uploads\/2025\/10\/image1-420x420.jpg",420,420,true]},"rttpg_author":{"display_name":"Francisco Arriagada","author_link":"https:\/\/webpe.colegiomayor.cl\/?author=11"},"rttpg_comment":0,"rttpg_category":"<a href=\"https:\/\/webpe.colegiomayor.cl\/?cat=25\" rel=\"category\">DEPORTES<\/a> <a href=\"https:\/\/webpe.colegiomayor.cl\/?cat=44\" rel=\"category\">NOTICIAS<\/a>","rttpg_excerpt":"Selecciones Deportivas Selecciones Deportivas S\u00e1bado 11 de octubre Atletismo Entrenamiento Categor\u00eda Preparatoria-Infantil &#8211; Hora: 09:00 a 10:30 hrs. Categor\u00eda Intermedia-Superior &#8211; Hora: 10:30 a 12:00 hrs. Profesores a cargo: \u00darsula Rebolledo, Carlos Soto, Mario G\u00f3mez, Claudio Ulloa B\u00e1squetbol Torneo UC Serie Infantil \u2013 Rival: Colegio&nbsp;&hellip;","_links":{"self":[{"href":"https:\/\/webpe.colegiomayor.cl\/index.php?rest_route=\/wp\/v2\/posts\/39557","targetHints":{"allow":["GET"]}}],"collection":[{"href":"https:\/\/webpe.colegiomayor.cl\/index.php?rest_route=\/wp\/v2\/posts"}],"about":[{"href":"https:\/\/webpe.colegiomayor.cl\/index.php?rest_route=\/wp\/v2\/types\/post"}],"author":[{"embeddable":true,"href":"https:\/\/webpe.colegiomayor.cl\/index.php?rest_route=\/wp\/v2\/users\/11"}],"replies":[{"embeddable":true,"href":"https:\/\/webpe.colegiomayor.cl\/index.php?rest_route=%2Fwp%2Fv2%2Fcomments&post=39557"}],"version-history":[{"count":1,"href":"https:\/\/webpe.colegiomayor.cl\/index.php?rest_route=\/wp\/v2\/posts\/39557\/revisions"}],"predecessor-version":[{"id":39558,"href":"https:\/\/webpe.colegiomayor.cl\/index.php?rest_route=\/wp\/v2\/posts\/39557\/revisions\/39558"}],"wp:featuredmedia":[{"embeddable":true,"href":"https:\/\/webpe.colegiomayor.cl\/index.php?rest_route=\/wp\/v2\/media\/39507"}],"wp:attachment":[{"href":"https:\/\/webpe.colegiomayor.cl\/index.php?rest_route=%2Fwp%2Fv2%2Fmedia&parent=39557"}],"wp:term":[{"taxonomy":"category","embeddable":true,"href":"https:\/\/webpe.colegiomayor.cl\/index.php?rest_route=%2Fwp%2Fv2%2Fcategories&post=39557"},{"taxonomy":"post_tag","embeddable":true,"href":"https:\/\/webpe.colegiomayor.cl\/index.php?rest_route=%2Fwp%2Fv2%2Ftags&post=39557"}],"curies":[{"name":"wp","href":"https:\/\/api.w.org\/{rel}","templated":true}]}}