{"id":39542,"date":"2025-10-09T16:01:08","date_gmt":"2025-10-09T19:01:08","guid":{"rendered":"https:\/\/webpe.colegiomayor.cl\/?p=39542"},"modified":"2025-10-09T16:05:27","modified_gmt":"2025-10-09T19:05:27","slug":"interescolar-de-atletismo-soprole-puerto-montt","status":"publish","type":"post","link":"https:\/\/webpe.colegiomayor.cl\/?p=39542","title":{"rendered":"Interescolar de Atletismo Soprole Puerto Montt"},"content":{"rendered":"\n<p>El viernes 3 y s\u00e1bado 4 de octubre de 2025, se realiz\u00f3 el XVIII Torneo Interescolar Mixto de Atletismo de Los Lagos \u2013 Puerto Montt.<\/p>\n\n\n\n<p>Nuestro colegio compiti\u00f3 con estudiantes de quinto b\u00e1sico a cuarto medio, en pruebas de pista y campo, con excelentes resultados.<\/p>\n\n\n\n<p>Al evento deportivo participaron 65 colegios de todo el pa\u00eds; nuestro colegio sali\u00f3 en el 5\u00ba lugar en damas y 5\u00ba en varones. Felicitaciones a la categor\u00eda infantil varones, que se consagr\u00f3 con un 2\u00ba lugar, y a la categor\u00eda intermedia damas, que se consagr\u00f3 tercera.<\/p>\n\n\n\n<p>El Colegio Mayor de Pe\u00f1alol\u00e9n destac\u00f3 en varias pruebas, en damas y varones. Se not\u00f3 un hermoso trabajo y entrega de cada atleta.<\/p>\n\n\n\n<p>Destacamos a Marcelo Meneses por ser primero en los 80 metros y en salto largo; a Alejandro Valdebenito por ser 2\u00ba en salto alto; a Arturo Castro por salir en 2\u00ba lugar en el lanzamiento de la bala (nuevo r\u00e9cord institucional); a Josefa Labra por salir 1\u00aa en lanzamiento de la pelotita (nuevo r\u00e9cord institucional); a Emilia Belmar por salir 2\u00aa en 80 metros vallas y en los 100 metros; a Montserrat Flores por salir 2\u00aa en los 800 metros y 3000 metros; a Constanza Figueroa por ser campeona en el lanzamiento de la bala (nuevo r\u00e9cord institucional); a Sof\u00eda Avil\u00e9s por ser campeona en el lanzamiento del disco; y a Florencia Cisternas por ser segunda en el salto largo.<\/p>\n\n\n\n<p>&#8220;A seguir en la senda del alto vuelo, buscando proyectar a este maravilloso equipo&#8221;.<\/p>\n\n\n<style>.uid-5b528f97941c6c38  .gt3pg-isotope-item {\n\tpadding-right: 20px;\n\tpadding-bottom: 20px;\n}\n.uid-5b528f97941c6c38  .gallery-isotope-wrapper {\n\tmargin-right: -20px;\n\tmargin-bottom: -20px;\n}\n<\/style><div id=\"uid-5b528f97941c6c38\" data-gt3pg-block=\"masonry\" data-index=\"1\" class=\"gt3-photo-gallery-pro--isotope_gallery uid-5b528f97941c6c38 gt3pg-pro--wrapper gt3pg-pro--masonry \">\t\t<div data-cols=\"3\" data-cols-tablet=\"3\" data-cols-mobile=\"2\" class=\"gt3pg-isotope-gallery columns-3 hover-default gallery-masonry corner-standard\" data-settings=\"{&quot;lightbox&quot;:{&quot;enable&quot;:true,&quot;options&quot;:{&quot;instance&quot;:1}},&quot;id&quot;:1,&quot;uid&quot;:&quot;uid-5b528f97941c6c38&quot;,&quot;modules&quot;:[&quot;Lightbox&quot;],&quot;lightboxArray&quot;:[{&quot;href&quot;:&quot;https:\\\/\\\/webpe.colegiomayor.cl\\\/wp-content\\\/uploads\\\/2025\\\/10\\\/WhatsApp-Image-2025-10-04-at-8.26.25-PM.jpeg&quot;,&quot;title&quot;:&quot;WhatsApp Image 2025-10-04 at 8.26.25 PM&quot;,&quot;thumbnail&quot;:&quot;https:\\\/\\\/webpe.colegiomayor.cl\\\/wp-content\\\/uploads\\\/2025\\\/10\\\/WhatsApp-Image-2025-10-04-at-8.26.25-PM-150x150.jpeg&quot;,&quot;description&quot;:&quot;&quot;,&quot;is_video&quot;:0,&quot;image_id&quot;:39544,&quot;width&quot;:1600,&quot;height&quot;:1522},{&quot;href&quot;:&quot;https:\\\/\\\/webpe.colegiomayor.cl\\\/wp-content\\\/uploads\\\/2025\\\/10\\\/WhatsApp-Image-2025-10-04-at-9.47.45-PM.jpeg&quot;,&quot;title&quot;:&quot;WhatsApp Image 2025-10-04 at 9.47.45 PM&quot;,&quot;thumbnail&quot;:&quot;https:\\\/\\\/webpe.colegiomayor.cl\\\/wp-content\\\/uploads\\\/2025\\\/10\\\/WhatsApp-Image-2025-10-04-at-9.47.45-PM-150x150.jpeg&quot;,&quot;description&quot;:&quot;&quot;,&quot;is_video&quot;:0,&quot;image_id&quot;:39545,&quot;width&quot;:1280,&quot;height&quot;:853},{&quot;href&quot;:&quot;https:\\\/\\\/webpe.colegiomayor.cl\\\/wp-content\\\/uploads\\\/2025\\\/10\\\/WhatsApp-Image-2025-10-04-at-9.47.55-PM.jpeg&quot;,&quot;title&quot;:&quot;WhatsApp Image 2025-10-04 at 9.47.55 PM&quot;,&quot;thumbnail&quot;:&quot;https:\\\/\\\/webpe.colegiomayor.cl\\\/wp-content\\\/uploads\\\/2025\\\/10\\\/WhatsApp-Image-2025-10-04-at-9.47.55-PM-150x150.jpeg&quot;,&quot;description&quot;:&quot;&quot;,&quot;is_video&quot;:0,&quot;image_id&quot;:39546,&quot;width&quot;:1280,&quot;height&quot;:853},{&quot;href&quot;:&quot;https:\\\/\\\/webpe.colegiomayor.cl\\\/wp-content\\\/uploads\\\/2025\\\/10\\\/WhatsApp-Image-2025-10-04-at-9.47.57-PM.jpeg&quot;,&quot;title&quot;:&quot;WhatsApp Image 2025-10-04 at 9.47.57 PM&quot;,&quot;thumbnail&quot;:&quot;https:\\\/\\\/webpe.colegiomayor.cl\\\/wp-content\\\/uploads\\\/2025\\\/10\\\/WhatsApp-Image-2025-10-04-at-9.47.57-PM-150x150.jpeg&quot;,&quot;description&quot;:&quot;&quot;,&quot;is_video&quot;:0,&quot;image_id&quot;:39547,&quot;width&quot;:1280,&quot;height&quot;:853},{&quot;href&quot;:&quot;https:\\\/\\\/webpe.colegiomayor.cl\\\/wp-content\\\/uploads\\\/2025\\\/10\\\/WhatsApp-Image-2025-10-04-at-9.48.44-PM.jpeg&quot;,&quot;title&quot;:&quot;WhatsApp Image 2025-10-04 at 9.48.44 PM&quot;,&quot;thumbnail&quot;:&quot;https:\\\/\\\/webpe.colegiomayor.cl\\\/wp-content\\\/uploads\\\/2025\\\/10\\\/WhatsApp-Image-2025-10-04-at-9.48.44-PM-150x150.jpeg&quot;,&quot;description&quot;:&quot;&quot;,&quot;is_video&quot;:0,&quot;image_id&quot;:39548,&quot;width&quot;:1280,&quot;height&quot;:853},{&quot;href&quot;:&quot;https:\\\/\\\/webpe.colegiomayor.cl\\\/wp-content\\\/uploads\\\/2025\\\/10\\\/WhatsApp-Image-2025-10-04-at-9.48.50-PM.jpeg&quot;,&quot;title&quot;:&quot;WhatsApp Image 2025-10-04 at 9.48.50 PM&quot;,&quot;thumbnail&quot;:&quot;https:\\\/\\\/webpe.colegiomayor.cl\\\/wp-content\\\/uploads\\\/2025\\\/10\\\/WhatsApp-Image-2025-10-04-at-9.48.50-PM-150x150.jpeg&quot;,&quot;description&quot;:&quot;&quot;,&quot;is_video&quot;:0,&quot;image_id&quot;:39549,&quot;width&quot;:1280,&quot;height&quot;:853},{&quot;href&quot;:&quot;https:\\\/\\\/webpe.colegiomayor.cl\\\/wp-content\\\/uploads\\\/2025\\\/10\\\/WhatsApp-Image-2025-10-04-at-9.48.55-PM.jpeg&quot;,&quot;title&quot;:&quot;WhatsApp Image 2025-10-04 at 9.48.55 PM&quot;,&quot;thumbnail&quot;:&quot;https:\\\/\\\/webpe.colegiomayor.cl\\\/wp-content\\\/uploads\\\/2025\\\/10\\\/WhatsApp-Image-2025-10-04-at-9.48.55-PM-150x150.jpeg&quot;,&quot;description&quot;:&quot;&quot;,&quot;is_video&quot;:0,&quot;image_id&quot;:39550,&quot;width&quot;:1280,&quot;height&quot;:853},{&quot;href&quot;:&quot;https:\\\/\\\/webpe.colegiomayor.cl\\\/wp-content\\\/uploads\\\/2025\\\/10\\\/WhatsApp-Image-2025-10-05-at-11.30.04-AM.jpeg&quot;,&quot;title&quot;:&quot;WhatsApp Image 2025-10-05 at 11.30.04 AM&quot;,&quot;thumbnail&quot;:&quot;https:\\\/\\\/webpe.colegiomayor.cl\\\/wp-content\\\/uploads\\\/2025\\\/10\\\/WhatsApp-Image-2025-10-05-at-11.30.04-AM-150x150.jpeg&quot;,&quot;description&quot;:&quot;&quot;,&quot;is_video&quot;:0,&quot;image_id&quot;:39551,&quot;width&quot;:1280,&quot;height&quot;:720}],&quot;items&quot;:[{&quot;href&quot;:&quot;https:\\\/\\\/webpe.colegiomayor.cl\\\/wp-content\\\/uploads\\\/2025\\\/10\\\/WhatsApp-Image-2025-10-04-at-8.26.25-PM.jpeg&quot;,&quot;title&quot;:&quot;WhatsApp Image 2025-10-04 at 8.26.25 PM&quot;,&quot;thumbnail&quot;:&quot;https:\\\/\\\/webpe.colegiomayor.cl\\\/wp-content\\\/uploads\\\/2025\\\/10\\\/WhatsApp-Image-2025-10-04-at-8.26.25-PM-150x150.jpeg&quot;,&quot;description&quot;:&quot;&quot;,&quot;is_video&quot;:0,&quot;image_id&quot;:39544,&quot;width&quot;:1600,&quot;height&quot;:1522},{&quot;href&quot;:&quot;https:\\\/\\\/webpe.colegiomayor.cl\\\/wp-content\\\/uploads\\\/2025\\\/10\\\/WhatsApp-Image-2025-10-04-at-9.47.45-PM.jpeg&quot;,&quot;title&quot;:&quot;WhatsApp Image 2025-10-04 at 9.47.45 PM&quot;,&quot;thumbnail&quot;:&quot;https:\\\/\\\/webpe.colegiomayor.cl\\\/wp-content\\\/uploads\\\/2025\\\/10\\\/WhatsApp-Image-2025-10-04-at-9.47.45-PM-150x150.jpeg&quot;,&quot;description&quot;:&quot;&quot;,&quot;is_video&quot;:0,&quot;image_id&quot;:39545,&quot;width&quot;:1280,&quot;height&quot;:853},{&quot;href&quot;:&quot;https:\\\/\\\/webpe.colegiomayor.cl\\\/wp-content\\\/uploads\\\/2025\\\/10\\\/WhatsApp-Image-2025-10-04-at-9.47.55-PM.jpeg&quot;,&quot;title&quot;:&quot;WhatsApp Image 2025-10-04 at 9.47.55 PM&quot;,&quot;thumbnail&quot;:&quot;https:\\\/\\\/webpe.colegiomayor.cl\\\/wp-content\\\/uploads\\\/2025\\\/10\\\/WhatsApp-Image-2025-10-04-at-9.47.55-PM-150x150.jpeg&quot;,&quot;description&quot;:&quot;&quot;,&quot;is_video&quot;:0,&quot;image_id&quot;:39546,&quot;width&quot;:1280,&quot;height&quot;:853},{&quot;href&quot;:&quot;https:\\\/\\\/webpe.colegiomayor.cl\\\/wp-content\\\/uploads\\\/2025\\\/10\\\/WhatsApp-Image-2025-10-04-at-9.47.57-PM.jpeg&quot;,&quot;title&quot;:&quot;WhatsApp Image 2025-10-04 at 9.47.57 PM&quot;,&quot;thumbnail&quot;:&quot;https:\\\/\\\/webpe.colegiomayor.cl\\\/wp-content\\\/uploads\\\/2025\\\/10\\\/WhatsApp-Image-2025-10-04-at-9.47.57-PM-150x150.jpeg&quot;,&quot;description&quot;:&quot;&quot;,&quot;is_video&quot;:0,&quot;image_id&quot;:39547,&quot;width&quot;:1280,&quot;height&quot;:853},{&quot;href&quot;:&quot;https:\\\/\\\/webpe.colegiomayor.cl\\\/wp-content\\\/uploads\\\/2025\\\/10\\\/WhatsApp-Image-2025-10-04-at-9.48.44-PM.jpeg&quot;,&quot;title&quot;:&quot;WhatsApp Image 2025-10-04 at 9.48.44 PM&quot;,&quot;thumbnail&quot;:&quot;https:\\\/\\\/webpe.colegiomayor.cl\\\/wp-content\\\/uploads\\\/2025\\\/10\\\/WhatsApp-Image-2025-10-04-at-9.48.44-PM-150x150.jpeg&quot;,&quot;description&quot;:&quot;&quot;,&quot;is_video&quot;:0,&quot;image_id&quot;:39548,&quot;width&quot;:1280,&quot;height&quot;:853},{&quot;href&quot;:&quot;https:\\\/\\\/webpe.colegiomayor.cl\\\/wp-content\\\/uploads\\\/2025\\\/10\\\/WhatsApp-Image-2025-10-04-at-9.48.50-PM.jpeg&quot;,&quot;title&quot;:&quot;WhatsApp Image 2025-10-04 at 9.48.50 PM&quot;,&quot;thumbnail&quot;:&quot;https:\\\/\\\/webpe.colegiomayor.cl\\\/wp-content\\\/uploads\\\/2025\\\/10\\\/WhatsApp-Image-2025-10-04-at-9.48.50-PM-150x150.jpeg&quot;,&quot;description&quot;:&quot;&quot;,&quot;is_video&quot;:0,&quot;image_id&quot;:39549,&quot;width&quot;:1280,&quot;height&quot;:853},{&quot;href&quot;:&quot;https:\\\/\\\/webpe.colegiomayor.cl\\\/wp-content\\\/uploads\\\/2025\\\/10\\\/WhatsApp-Image-2025-10-04-at-9.48.55-PM.jpeg&quot;,&quot;title&quot;:&quot;WhatsApp Image 2025-10-04 at 9.48.55 PM&quot;,&quot;thumbnail&quot;:&quot;https:\\\/\\\/webpe.colegiomayor.cl\\\/wp-content\\\/uploads\\\/2025\\\/10\\\/WhatsApp-Image-2025-10-04-at-9.48.55-PM-150x150.jpeg&quot;,&quot;description&quot;:&quot;&quot;,&quot;is_video&quot;:0,&quot;image_id&quot;:39550,&quot;width&quot;:1280,&quot;height&quot;:853},{&quot;href&quot;:&quot;https:\\\/\\\/webpe.colegiomayor.cl\\\/wp-content\\\/uploads\\\/2025\\\/10\\\/WhatsApp-Image-2025-10-05-at-11.30.04-AM.jpeg&quot;,&quot;title&quot;:&quot;WhatsApp Image 2025-10-05 at 11.30.04 AM&quot;,&quot;thumbnail&quot;:&quot;https:\\\/\\\/webpe.colegiomayor.cl\\\/wp-content\\\/uploads\\\/2025\\\/10\\\/WhatsApp-Image-2025-10-05-at-11.30.04-AM-150x150.jpeg&quot;,&quot;description&quot;:&quot;&quot;,&quot;is_video&quot;:0,&quot;image_id&quot;:39551,&quot;width&quot;:1280,&quot;height&quot;:720}]}\">\r\n\t\t\t<div class=\"gallery-isotope-wrapper\">\r\n\t\t\t\t<div class=\"gt3pg-isotope-item loading \" ><div class=\"isotope_item-wrapper\"><a href=\"https:\/\/webpe.colegiomayor.cl\/wp-content\/uploads\/2025\/10\/WhatsApp-Image-2025-10-04-at-8.26.25-PM.jpeg\" class=\"gt3pg-lightbox\" data-elementor-open-lightbox=\"no\"><div class=\"img-wrapper \"><img loading=\"lazy\" decoding=\"async\" width=\"768\" height=\"731\" src=\"https:\/\/webpe.colegiomayor.cl\/wp-content\/uploads\/2025\/10\/WhatsApp-Image-2025-10-04-at-8.26.25-PM.jpeg\" class=\"skip-lazy gt3-lazy-image\" alt=\"\" data-lazy-srcset=\"https:\/\/webpe.colegiomayor.cl\/wp-content\/uploads\/2025\/10\/WhatsApp-Image-2025-10-04-at-8.26.25-PM.jpeg 1600w, https:\/\/webpe.colegiomayor.cl\/wp-content\/uploads\/2025\/10\/WhatsApp-Image-2025-10-04-at-8.26.25-PM-300x285.jpeg 300w\" data-lazy-sizes=\"(max-width: 768px) 100vw, 768px\" data-lazy-src=\"https:\/\/webpe.colegiomayor.cl\/wp-content\/uploads\/2025\/10\/WhatsApp-Image-2025-10-04-at-8.26.25-PM.jpeg?is-pending-load=1\" srcset=\"data:image\/png;base64,iVBORw0KGgoAAAANSUhEUgAAAE0AAABJCAYAAAB4mKumAAAACXBIWXMAAA7EAAAOxAGVKw4bAAAALUlEQVR42u3BMQEAAADCoPVPbQsvoAAAAAAAAAAAAAAAAAAAAAAAAAAAAICrAVgdAAF3rLyTAAAAAElFTkSuQmCC\" \/><\/div><\/a><\/div><\/div><div class=\"gt3pg-isotope-item loading \" ><div class=\"isotope_item-wrapper\"><a href=\"https:\/\/webpe.colegiomayor.cl\/wp-content\/uploads\/2025\/10\/WhatsApp-Image-2025-10-04-at-9.47.45-PM.jpeg\" class=\"gt3pg-lightbox\" data-elementor-open-lightbox=\"no\"><div class=\"img-wrapper \"><img loading=\"lazy\" decoding=\"async\" width=\"768\" height=\"512\" src=\"https:\/\/webpe.colegiomayor.cl\/wp-content\/uploads\/2025\/10\/WhatsApp-Image-2025-10-04-at-9.47.45-PM.jpeg\" class=\"skip-lazy gt3-lazy-image\" alt=\"\" data-lazy-srcset=\"https:\/\/webpe.colegiomayor.cl\/wp-content\/uploads\/2025\/10\/WhatsApp-Image-2025-10-04-at-9.47.45-PM.jpeg 1280w, https:\/\/webpe.colegiomayor.cl\/wp-content\/uploads\/2025\/10\/WhatsApp-Image-2025-10-04-at-9.47.45-PM-300x200.jpeg 300w\" data-lazy-sizes=\"(max-width: 768px) 100vw, 768px\" data-lazy-src=\"https:\/\/webpe.colegiomayor.cl\/wp-content\/uploads\/2025\/10\/WhatsApp-Image-2025-10-04-at-9.47.45-PM.jpeg?is-pending-load=1\" srcset=\"data:image\/png;base64,iVBORw0KGgoAAAANSUhEUgAAAE0AAAAzCAYAAADSIYUBAAAACXBIWXMAAA7EAAAOxAGVKw4bAAAAJklEQVRo3u3BgQAAAADDoPlTX+AIVQEAAAAAAAAAAAAAAAAAAHAMPY8AAQeL\/AcAAAAASUVORK5CYII=\" \/><\/div><\/a><\/div><\/div><div class=\"gt3pg-isotope-item loading \" ><div class=\"isotope_item-wrapper\"><a href=\"https:\/\/webpe.colegiomayor.cl\/wp-content\/uploads\/2025\/10\/WhatsApp-Image-2025-10-04-at-9.47.55-PM.jpeg\" class=\"gt3pg-lightbox\" data-elementor-open-lightbox=\"no\"><div class=\"img-wrapper \"><img loading=\"lazy\" decoding=\"async\" width=\"768\" height=\"512\" src=\"https:\/\/webpe.colegiomayor.cl\/wp-content\/uploads\/2025\/10\/WhatsApp-Image-2025-10-04-at-9.47.55-PM.jpeg\" class=\"skip-lazy gt3-lazy-image\" alt=\"\" data-lazy-srcset=\"https:\/\/webpe.colegiomayor.cl\/wp-content\/uploads\/2025\/10\/WhatsApp-Image-2025-10-04-at-9.47.55-PM.jpeg 1280w, https:\/\/webpe.colegiomayor.cl\/wp-content\/uploads\/2025\/10\/WhatsApp-Image-2025-10-04-at-9.47.55-PM-300x200.jpeg 300w\" data-lazy-sizes=\"(max-width: 768px) 100vw, 768px\" data-lazy-src=\"https:\/\/webpe.colegiomayor.cl\/wp-content\/uploads\/2025\/10\/WhatsApp-Image-2025-10-04-at-9.47.55-PM.jpeg?is-pending-load=1\" srcset=\"data:image\/png;base64,iVBORw0KGgoAAAANSUhEUgAAAE0AAAAzCAYAAADSIYUBAAAACXBIWXMAAA7EAAAOxAGVKw4bAAAAJklEQVRo3u3BgQAAAADDoPlTX+AIVQEAAAAAAAAAAAAAAAAAAHAMPY8AAQeL\/AcAAAAASUVORK5CYII=\" \/><\/div><\/a><\/div><\/div><div class=\"gt3pg-isotope-item loading \" ><div class=\"isotope_item-wrapper\"><a href=\"https:\/\/webpe.colegiomayor.cl\/wp-content\/uploads\/2025\/10\/WhatsApp-Image-2025-10-04-at-9.47.57-PM.jpeg\" class=\"gt3pg-lightbox\" data-elementor-open-lightbox=\"no\"><div class=\"img-wrapper \"><img loading=\"lazy\" decoding=\"async\" width=\"768\" height=\"512\" src=\"https:\/\/webpe.colegiomayor.cl\/wp-content\/uploads\/2025\/10\/WhatsApp-Image-2025-10-04-at-9.47.57-PM.jpeg\" class=\"skip-lazy gt3-lazy-image\" alt=\"\" data-lazy-srcset=\"https:\/\/webpe.colegiomayor.cl\/wp-content\/uploads\/2025\/10\/WhatsApp-Image-2025-10-04-at-9.47.57-PM.jpeg 1280w, https:\/\/webpe.colegiomayor.cl\/wp-content\/uploads\/2025\/10\/WhatsApp-Image-2025-10-04-at-9.47.57-PM-300x200.jpeg 300w, https:\/\/webpe.colegiomayor.cl\/wp-content\/uploads\/2025\/10\/WhatsApp-Image-2025-10-04-at-9.47.57-PM-150x100.jpeg 150w\" data-lazy-sizes=\"(max-width: 768px) 100vw, 768px\" data-lazy-src=\"https:\/\/webpe.colegiomayor.cl\/wp-content\/uploads\/2025\/10\/WhatsApp-Image-2025-10-04-at-9.47.57-PM.jpeg?is-pending-load=1\" srcset=\"data:image\/png;base64,iVBORw0KGgoAAAANSUhEUgAAAE0AAAAzCAYAAADSIYUBAAAACXBIWXMAAA7EAAAOxAGVKw4bAAAAJklEQVRo3u3BgQAAAADDoPlTX+AIVQEAAAAAAAAAAAAAAAAAAHAMPY8AAQeL\/AcAAAAASUVORK5CYII=\" \/><\/div><\/a><\/div><\/div><div class=\"gt3pg-isotope-item loading \" ><div class=\"isotope_item-wrapper\"><a href=\"https:\/\/webpe.colegiomayor.cl\/wp-content\/uploads\/2025\/10\/WhatsApp-Image-2025-10-04-at-9.48.44-PM.jpeg\" class=\"gt3pg-lightbox\" data-elementor-open-lightbox=\"no\"><div class=\"img-wrapper \"><img loading=\"lazy\" decoding=\"async\" width=\"768\" height=\"512\" src=\"https:\/\/webpe.colegiomayor.cl\/wp-content\/uploads\/2025\/10\/WhatsApp-Image-2025-10-04-at-9.48.44-PM.jpeg\" class=\"skip-lazy gt3-lazy-image\" alt=\"\" data-lazy-srcset=\"https:\/\/webpe.colegiomayor.cl\/wp-content\/uploads\/2025\/10\/WhatsApp-Image-2025-10-04-at-9.48.44-PM.jpeg 1280w, https:\/\/webpe.colegiomayor.cl\/wp-content\/uploads\/2025\/10\/WhatsApp-Image-2025-10-04-at-9.48.44-PM-300x200.jpeg 300w\" data-lazy-sizes=\"(max-width: 768px) 100vw, 768px\" data-lazy-src=\"https:\/\/webpe.colegiomayor.cl\/wp-content\/uploads\/2025\/10\/WhatsApp-Image-2025-10-04-at-9.48.44-PM.jpeg?is-pending-load=1\" srcset=\"data:image\/png;base64,iVBORw0KGgoAAAANSUhEUgAAAE0AAAAzCAYAAADSIYUBAAAACXBIWXMAAA7EAAAOxAGVKw4bAAAAJklEQVRo3u3BgQAAAADDoPlTX+AIVQEAAAAAAAAAAAAAAAAAAHAMPY8AAQeL\/AcAAAAASUVORK5CYII=\" \/><\/div><\/a><\/div><\/div><div class=\"gt3pg-isotope-item loading \" ><div class=\"isotope_item-wrapper\"><a href=\"https:\/\/webpe.colegiomayor.cl\/wp-content\/uploads\/2025\/10\/WhatsApp-Image-2025-10-04-at-9.48.50-PM.jpeg\" class=\"gt3pg-lightbox\" data-elementor-open-lightbox=\"no\"><div class=\"img-wrapper \"><img loading=\"lazy\" decoding=\"async\" width=\"768\" height=\"512\" src=\"https:\/\/webpe.colegiomayor.cl\/wp-content\/uploads\/2025\/10\/WhatsApp-Image-2025-10-04-at-9.48.50-PM.jpeg\" class=\"skip-lazy gt3-lazy-image\" alt=\"\" data-lazy-srcset=\"https:\/\/webpe.colegiomayor.cl\/wp-content\/uploads\/2025\/10\/WhatsApp-Image-2025-10-04-at-9.48.50-PM.jpeg 1280w, https:\/\/webpe.colegiomayor.cl\/wp-content\/uploads\/2025\/10\/WhatsApp-Image-2025-10-04-at-9.48.50-PM-300x200.jpeg 300w\" data-lazy-sizes=\"(max-width: 768px) 100vw, 768px\" data-lazy-src=\"https:\/\/webpe.colegiomayor.cl\/wp-content\/uploads\/2025\/10\/WhatsApp-Image-2025-10-04-at-9.48.50-PM.jpeg?is-pending-load=1\" srcset=\"data:image\/png;base64,iVBORw0KGgoAAAANSUhEUgAAAE0AAAAzCAYAAADSIYUBAAAACXBIWXMAAA7EAAAOxAGVKw4bAAAAJklEQVRo3u3BgQAAAADDoPlTX+AIVQEAAAAAAAAAAAAAAAAAAHAMPY8AAQeL\/AcAAAAASUVORK5CYII=\" \/><\/div><\/a><\/div><\/div><div class=\"gt3pg-isotope-item loading \" ><div class=\"isotope_item-wrapper\"><a href=\"https:\/\/webpe.colegiomayor.cl\/wp-content\/uploads\/2025\/10\/WhatsApp-Image-2025-10-04-at-9.48.55-PM.jpeg\" class=\"gt3pg-lightbox\" data-elementor-open-lightbox=\"no\"><div class=\"img-wrapper \"><img loading=\"lazy\" decoding=\"async\" width=\"768\" height=\"512\" src=\"https:\/\/webpe.colegiomayor.cl\/wp-content\/uploads\/2025\/10\/WhatsApp-Image-2025-10-04-at-9.48.55-PM.jpeg\" class=\"skip-lazy gt3-lazy-image\" alt=\"\" data-lazy-srcset=\"https:\/\/webpe.colegiomayor.cl\/wp-content\/uploads\/2025\/10\/WhatsApp-Image-2025-10-04-at-9.48.55-PM.jpeg 1280w, https:\/\/webpe.colegiomayor.cl\/wp-content\/uploads\/2025\/10\/WhatsApp-Image-2025-10-04-at-9.48.55-PM-300x200.jpeg 300w\" data-lazy-sizes=\"(max-width: 768px) 100vw, 768px\" data-lazy-src=\"https:\/\/webpe.colegiomayor.cl\/wp-content\/uploads\/2025\/10\/WhatsApp-Image-2025-10-04-at-9.48.55-PM.jpeg?is-pending-load=1\" srcset=\"data:image\/png;base64,iVBORw0KGgoAAAANSUhEUgAAAE0AAAAzCAYAAADSIYUBAAAACXBIWXMAAA7EAAAOxAGVKw4bAAAAJklEQVRo3u3BgQAAAADDoPlTX+AIVQEAAAAAAAAAAAAAAAAAAHAMPY8AAQeL\/AcAAAAASUVORK5CYII=\" \/><\/div><\/a><\/div><\/div><div class=\"gt3pg-isotope-item loading \" ><div class=\"isotope_item-wrapper\"><a href=\"https:\/\/webpe.colegiomayor.cl\/wp-content\/uploads\/2025\/10\/WhatsApp-Image-2025-10-05-at-11.30.04-AM.jpeg\" class=\"gt3pg-lightbox\" data-elementor-open-lightbox=\"no\"><div class=\"img-wrapper \"><img loading=\"lazy\" decoding=\"async\" width=\"768\" height=\"432\" src=\"https:\/\/webpe.colegiomayor.cl\/wp-content\/uploads\/2025\/10\/WhatsApp-Image-2025-10-05-at-11.30.04-AM.jpeg\" class=\"skip-lazy gt3-lazy-image\" alt=\"\" data-lazy-srcset=\"https:\/\/webpe.colegiomayor.cl\/wp-content\/uploads\/2025\/10\/WhatsApp-Image-2025-10-05-at-11.30.04-AM.jpeg 1280w, https:\/\/webpe.colegiomayor.cl\/wp-content\/uploads\/2025\/10\/WhatsApp-Image-2025-10-05-at-11.30.04-AM-300x169.jpeg 300w\" data-lazy-sizes=\"(max-width: 768px) 100vw, 768px\" data-lazy-src=\"https:\/\/webpe.colegiomayor.cl\/wp-content\/uploads\/2025\/10\/WhatsApp-Image-2025-10-05-at-11.30.04-AM.jpeg?is-pending-load=1\" srcset=\"data:image\/png;base64,iVBORw0KGgoAAAANSUhEUgAAAE0AAAArCAYAAAA9pAX3AAAACXBIWXMAAA7EAAAOxAGVKw4bAAAAJElEQVRo3u3BMQEAAADCoPVPbQwfoAAAAAAAAAAAAAAAAICzATPnAAGZbRrQAAAAAElFTkSuQmCC\" \/><\/div><\/a><\/div><\/div>\t\t\t<\/div>\r\n\t\t<\/div>\r\n\t\t<script type=\"application\/json\" id=\"settings--uid-5b528f97941c6c38\">{\"lightbox\":{\"enable\":true,\"options\":{\"instance\":1}},\"id\":1,\"uid\":\"uid-5b528f97941c6c38\",\"modules\":[\"Lightbox\"],\"lightboxArray\":[{\"href\":\"https:\\\/\\\/webpe.colegiomayor.cl\\\/wp-content\\\/uploads\\\/2025\\\/10\\\/WhatsApp-Image-2025-10-04-at-8.26.25-PM.jpeg\",\"title\":\"WhatsApp Image 2025-10-04 at 8.26.25 PM\",\"thumbnail\":\"https:\\\/\\\/webpe.colegiomayor.cl\\\/wp-content\\\/uploads\\\/2025\\\/10\\\/WhatsApp-Image-2025-10-04-at-8.26.25-PM-150x150.jpeg\",\"description\":\"\",\"is_video\":0,\"image_id\":39544,\"width\":1600,\"height\":1522},{\"href\":\"https:\\\/\\\/webpe.colegiomayor.cl\\\/wp-content\\\/uploads\\\/2025\\\/10\\\/WhatsApp-Image-2025-10-04-at-9.47.45-PM.jpeg\",\"title\":\"WhatsApp Image 2025-10-04 at 9.47.45 PM\",\"thumbnail\":\"https:\\\/\\\/webpe.colegiomayor.cl\\\/wp-content\\\/uploads\\\/2025\\\/10\\\/WhatsApp-Image-2025-10-04-at-9.47.45-PM-150x150.jpeg\",\"description\":\"\",\"is_video\":0,\"image_id\":39545,\"width\":1280,\"height\":853},{\"href\":\"https:\\\/\\\/webpe.colegiomayor.cl\\\/wp-content\\\/uploads\\\/2025\\\/10\\\/WhatsApp-Image-2025-10-04-at-9.47.55-PM.jpeg\",\"title\":\"WhatsApp Image 2025-10-04 at 9.47.55 PM\",\"thumbnail\":\"https:\\\/\\\/webpe.colegiomayor.cl\\\/wp-content\\\/uploads\\\/2025\\\/10\\\/WhatsApp-Image-2025-10-04-at-9.47.55-PM-150x150.jpeg\",\"description\":\"\",\"is_video\":0,\"image_id\":39546,\"width\":1280,\"height\":853},{\"href\":\"https:\\\/\\\/webpe.colegiomayor.cl\\\/wp-content\\\/uploads\\\/2025\\\/10\\\/WhatsApp-Image-2025-10-04-at-9.47.57-PM.jpeg\",\"title\":\"WhatsApp Image 2025-10-04 at 9.47.57 PM\",\"thumbnail\":\"https:\\\/\\\/webpe.colegiomayor.cl\\\/wp-content\\\/uploads\\\/2025\\\/10\\\/WhatsApp-Image-2025-10-04-at-9.47.57-PM-150x150.jpeg\",\"description\":\"\",\"is_video\":0,\"image_id\":39547,\"width\":1280,\"height\":853},{\"href\":\"https:\\\/\\\/webpe.colegiomayor.cl\\\/wp-content\\\/uploads\\\/2025\\\/10\\\/WhatsApp-Image-2025-10-04-at-9.48.44-PM.jpeg\",\"title\":\"WhatsApp Image 2025-10-04 at 9.48.44 PM\",\"thumbnail\":\"https:\\\/\\\/webpe.colegiomayor.cl\\\/wp-content\\\/uploads\\\/2025\\\/10\\\/WhatsApp-Image-2025-10-04-at-9.48.44-PM-150x150.jpeg\",\"description\":\"\",\"is_video\":0,\"image_id\":39548,\"width\":1280,\"height\":853},{\"href\":\"https:\\\/\\\/webpe.colegiomayor.cl\\\/wp-content\\\/uploads\\\/2025\\\/10\\\/WhatsApp-Image-2025-10-04-at-9.48.50-PM.jpeg\",\"title\":\"WhatsApp Image 2025-10-04 at 9.48.50 PM\",\"thumbnail\":\"https:\\\/\\\/webpe.colegiomayor.cl\\\/wp-content\\\/uploads\\\/2025\\\/10\\\/WhatsApp-Image-2025-10-04-at-9.48.50-PM-150x150.jpeg\",\"description\":\"\",\"is_video\":0,\"image_id\":39549,\"width\":1280,\"height\":853},{\"href\":\"https:\\\/\\\/webpe.colegiomayor.cl\\\/wp-content\\\/uploads\\\/2025\\\/10\\\/WhatsApp-Image-2025-10-04-at-9.48.55-PM.jpeg\",\"title\":\"WhatsApp Image 2025-10-04 at 9.48.55 PM\",\"thumbnail\":\"https:\\\/\\\/webpe.colegiomayor.cl\\\/wp-content\\\/uploads\\\/2025\\\/10\\\/WhatsApp-Image-2025-10-04-at-9.48.55-PM-150x150.jpeg\",\"description\":\"\",\"is_video\":0,\"image_id\":39550,\"width\":1280,\"height\":853},{\"href\":\"https:\\\/\\\/webpe.colegiomayor.cl\\\/wp-content\\\/uploads\\\/2025\\\/10\\\/WhatsApp-Image-2025-10-05-at-11.30.04-AM.jpeg\",\"title\":\"WhatsApp Image 2025-10-05 at 11.30.04 AM\",\"thumbnail\":\"https:\\\/\\\/webpe.colegiomayor.cl\\\/wp-content\\\/uploads\\\/2025\\\/10\\\/WhatsApp-Image-2025-10-05-at-11.30.04-AM-150x150.jpeg\",\"description\":\"\",\"is_video\":0,\"image_id\":39551,\"width\":1280,\"height\":720}],\"items\":[{\"href\":\"https:\\\/\\\/webpe.colegiomayor.cl\\\/wp-content\\\/uploads\\\/2025\\\/10\\\/WhatsApp-Image-2025-10-04-at-8.26.25-PM.jpeg\",\"title\":\"WhatsApp Image 2025-10-04 at 8.26.25 PM\",\"thumbnail\":\"https:\\\/\\\/webpe.colegiomayor.cl\\\/wp-content\\\/uploads\\\/2025\\\/10\\\/WhatsApp-Image-2025-10-04-at-8.26.25-PM-150x150.jpeg\",\"description\":\"\",\"is_video\":0,\"image_id\":39544,\"width\":1600,\"height\":1522},{\"href\":\"https:\\\/\\\/webpe.colegiomayor.cl\\\/wp-content\\\/uploads\\\/2025\\\/10\\\/WhatsApp-Image-2025-10-04-at-9.47.45-PM.jpeg\",\"title\":\"WhatsApp Image 2025-10-04 at 9.47.45 PM\",\"thumbnail\":\"https:\\\/\\\/webpe.colegiomayor.cl\\\/wp-content\\\/uploads\\\/2025\\\/10\\\/WhatsApp-Image-2025-10-04-at-9.47.45-PM-150x150.jpeg\",\"description\":\"\",\"is_video\":0,\"image_id\":39545,\"width\":1280,\"height\":853},{\"href\":\"https:\\\/\\\/webpe.colegiomayor.cl\\\/wp-content\\\/uploads\\\/2025\\\/10\\\/WhatsApp-Image-2025-10-04-at-9.47.55-PM.jpeg\",\"title\":\"WhatsApp Image 2025-10-04 at 9.47.55 PM\",\"thumbnail\":\"https:\\\/\\\/webpe.colegiomayor.cl\\\/wp-content\\\/uploads\\\/2025\\\/10\\\/WhatsApp-Image-2025-10-04-at-9.47.55-PM-150x150.jpeg\",\"description\":\"\",\"is_video\":0,\"image_id\":39546,\"width\":1280,\"height\":853},{\"href\":\"https:\\\/\\\/webpe.colegiomayor.cl\\\/wp-content\\\/uploads\\\/2025\\\/10\\\/WhatsApp-Image-2025-10-04-at-9.47.57-PM.jpeg\",\"title\":\"WhatsApp Image 2025-10-04 at 9.47.57 PM\",\"thumbnail\":\"https:\\\/\\\/webpe.colegiomayor.cl\\\/wp-content\\\/uploads\\\/2025\\\/10\\\/WhatsApp-Image-2025-10-04-at-9.47.57-PM-150x150.jpeg\",\"description\":\"\",\"is_video\":0,\"image_id\":39547,\"width\":1280,\"height\":853},{\"href\":\"https:\\\/\\\/webpe.colegiomayor.cl\\\/wp-content\\\/uploads\\\/2025\\\/10\\\/WhatsApp-Image-2025-10-04-at-9.48.44-PM.jpeg\",\"title\":\"WhatsApp Image 2025-10-04 at 9.48.44 PM\",\"thumbnail\":\"https:\\\/\\\/webpe.colegiomayor.cl\\\/wp-content\\\/uploads\\\/2025\\\/10\\\/WhatsApp-Image-2025-10-04-at-9.48.44-PM-150x150.jpeg\",\"description\":\"\",\"is_video\":0,\"image_id\":39548,\"width\":1280,\"height\":853},{\"href\":\"https:\\\/\\\/webpe.colegiomayor.cl\\\/wp-content\\\/uploads\\\/2025\\\/10\\\/WhatsApp-Image-2025-10-04-at-9.48.50-PM.jpeg\",\"title\":\"WhatsApp Image 2025-10-04 at 9.48.50 PM\",\"thumbnail\":\"https:\\\/\\\/webpe.colegiomayor.cl\\\/wp-content\\\/uploads\\\/2025\\\/10\\\/WhatsApp-Image-2025-10-04-at-9.48.50-PM-150x150.jpeg\",\"description\":\"\",\"is_video\":0,\"image_id\":39549,\"width\":1280,\"height\":853},{\"href\":\"https:\\\/\\\/webpe.colegiomayor.cl\\\/wp-content\\\/uploads\\\/2025\\\/10\\\/WhatsApp-Image-2025-10-04-at-9.48.55-PM.jpeg\",\"title\":\"WhatsApp Image 2025-10-04 at 9.48.55 PM\",\"thumbnail\":\"https:\\\/\\\/webpe.colegiomayor.cl\\\/wp-content\\\/uploads\\\/2025\\\/10\\\/WhatsApp-Image-2025-10-04-at-9.48.55-PM-150x150.jpeg\",\"description\":\"\",\"is_video\":0,\"image_id\":39550,\"width\":1280,\"height\":853},{\"href\":\"https:\\\/\\\/webpe.colegiomayor.cl\\\/wp-content\\\/uploads\\\/2025\\\/10\\\/WhatsApp-Image-2025-10-05-at-11.30.04-AM.jpeg\",\"title\":\"WhatsApp Image 2025-10-05 at 11.30.04 AM\",\"thumbnail\":\"https:\\\/\\\/webpe.colegiomayor.cl\\\/wp-content\\\/uploads\\\/2025\\\/10\\\/WhatsApp-Image-2025-10-05-at-11.30.04-AM-150x150.jpeg\",\"description\":\"\",\"is_video\":0,\"image_id\":39551,\"width\":1280,\"height\":720}]}<\/script>\r\n\t\t<\/div>","protected":false},"excerpt":{"rendered":"<p>El viernes 3 y s\u00e1bado 4 de octubre de 2025, se realiz\u00f3 el XVIII Torneo Interescolar Mixto de Atletismo de Los Lagos \u2013 Puerto Montt. Nuestro colegio compiti\u00f3 con estudiantes de quinto b\u00e1sico a cuarto medio, en pruebas de pista y campo, con excelentes resultados.&nbsp;<a href=\"https:\/\/webpe.colegiomayor.cl\/?p=39542\">&hellip;<\/a><\/p>\n","protected":false},"author":11,"featured_media":39547,"comment_status":"closed","ping_status":"closed","sticky":false,"template":"","format":"standard","meta":{"content-type":"","footnotes":""},"categories":[24,38,25,44],"tags":[96,99,149,97,150],"class_list":["post-39542","post","type-post","status-publish","format-standard","has-post-thumbnail","hentry","category-comunicaciones","category-comunicaciones-news","category-deportes","category-noticias","tag-atletismo-escolar","tag-competencia-nacional","tag-copa-xviii-interescolar-de-atletismo-soprole","tag-deporte-estudiantil","tag-puerto-montt","odd"],"rttpg_featured_image_url":{"full":["https:\/\/webpe.colegiomayor.cl\/wp-content\/uploads\/2025\/10\/WhatsApp-Image-2025-10-04-at-9.47.57-PM.jpeg",1280,853,false],"landscape":["https:\/\/webpe.colegiomayor.cl\/wp-content\/uploads\/2025\/10\/WhatsApp-Image-2025-10-04-at-9.47.57-PM.jpeg",1280,853,false],"portraits":["https:\/\/webpe.colegiomayor.cl\/wp-content\/uploads\/2025\/10\/WhatsApp-Image-2025-10-04-at-9.47.57-PM.jpeg",1280,853,false],"thumbnail":["https:\/\/webpe.colegiomayor.cl\/wp-content\/uploads\/2025\/10\/WhatsApp-Image-2025-10-04-at-9.47.57-PM-150x150.jpeg",150,150,true],"medium":["https:\/\/webpe.colegiomayor.cl\/wp-content\/uploads\/2025\/10\/WhatsApp-Image-2025-10-04-at-9.47.57-PM-300x200.jpeg",300,200,true],"large":["https:\/\/webpe.colegiomayor.cl\/wp-content\/uploads\/2025\/10\/WhatsApp-Image-2025-10-04-at-9.47.57-PM-1024x682.jpeg",1024,682,true],"1536x1536":["https:\/\/webpe.colegiomayor.cl\/wp-content\/uploads\/2025\/10\/WhatsApp-Image-2025-10-04-at-9.47.57-PM-1280x853.jpeg",1280,853,true],"2048x2048":["https:\/\/webpe.colegiomayor.cl\/wp-content\/uploads\/2025\/10\/WhatsApp-Image-2025-10-04-at-9.47.57-PM-1280x853.jpeg",1280,853,true],"post-thumbnail":["https:\/\/webpe.colegiomayor.cl\/wp-content\/uploads\/2025\/10\/WhatsApp-Image-2025-10-04-at-9.47.57-PM-150x100.jpeg",150,100,true],"ed-school-featured-image":["https:\/\/webpe.colegiomayor.cl\/wp-content\/uploads\/2025\/10\/WhatsApp-Image-2025-10-04-at-9.47.57-PM-990x500.jpeg",990,500,true],"ed-school-medium":["https:\/\/webpe.colegiomayor.cl\/wp-content\/uploads\/2025\/10\/WhatsApp-Image-2025-10-04-at-9.47.57-PM-768x510.jpeg",768,510,true],"ed-school-medium-alt":["https:\/\/webpe.colegiomayor.cl\/wp-content\/uploads\/2025\/10\/WhatsApp-Image-2025-10-04-at-9.47.57-PM-768x410.jpeg",768,410,true],"ed-school-square":["https:\/\/webpe.colegiomayor.cl\/wp-content\/uploads\/2025\/10\/WhatsApp-Image-2025-10-04-at-9.47.57-PM-768x768.jpeg",768,768,true],"ed-school-square-small":["https:\/\/webpe.colegiomayor.cl\/wp-content\/uploads\/2025\/10\/WhatsApp-Image-2025-10-04-at-9.47.57-PM-420x420.jpeg",420,420,true]},"rttpg_author":{"display_name":"Francisco Arriagada","author_link":"https:\/\/webpe.colegiomayor.cl\/?author=11"},"rttpg_comment":0,"rttpg_category":"<a href=\"https:\/\/webpe.colegiomayor.cl\/?cat=24\" rel=\"category\">COMUNICACIONES<\/a> <a href=\"https:\/\/webpe.colegiomayor.cl\/?cat=38\" rel=\"category\">Comunicaciones-NEWS<\/a> <a href=\"https:\/\/webpe.colegiomayor.cl\/?cat=25\" rel=\"category\">DEPORTES<\/a> <a href=\"https:\/\/webpe.colegiomayor.cl\/?cat=44\" rel=\"category\">NOTICIAS<\/a>","rttpg_excerpt":"El viernes 3 y s\u00e1bado 4 de octubre de 2025, se realiz\u00f3 el XVIII Torneo Interescolar Mixto de Atletismo de Los Lagos \u2013 Puerto Montt. Nuestro colegio compiti\u00f3 con estudiantes de quinto b\u00e1sico a cuarto medio, en pruebas de pista y campo, con excelentes resultados.&nbsp;&hellip;","_links":{"self":[{"href":"https:\/\/webpe.colegiomayor.cl\/index.php?rest_route=\/wp\/v2\/posts\/39542","targetHints":{"allow":["GET"]}}],"collection":[{"href":"https:\/\/webpe.colegiomayor.cl\/index.php?rest_route=\/wp\/v2\/posts"}],"about":[{"href":"https:\/\/webpe.colegiomayor.cl\/index.php?rest_route=\/wp\/v2\/types\/post"}],"author":[{"embeddable":true,"href":"https:\/\/webpe.colegiomayor.cl\/index.php?rest_route=\/wp\/v2\/users\/11"}],"replies":[{"embeddable":true,"href":"https:\/\/webpe.colegiomayor.cl\/index.php?rest_route=%2Fwp%2Fv2%2Fcomments&post=39542"}],"version-history":[{"count":1,"href":"https:\/\/webpe.colegiomayor.cl\/index.php?rest_route=\/wp\/v2\/posts\/39542\/revisions"}],"predecessor-version":[{"id":39552,"href":"https:\/\/webpe.colegiomayor.cl\/index.php?rest_route=\/wp\/v2\/posts\/39542\/revisions\/39552"}],"wp:featuredmedia":[{"embeddable":true,"href":"https:\/\/webpe.colegiomayor.cl\/index.php?rest_route=\/wp\/v2\/media\/39547"}],"wp:attachment":[{"href":"https:\/\/webpe.colegiomayor.cl\/index.php?rest_route=%2Fwp%2Fv2%2Fmedia&parent=39542"}],"wp:term":[{"taxonomy":"category","embeddable":true,"href":"https:\/\/webpe.colegiomayor.cl\/index.php?rest_route=%2Fwp%2Fv2%2Fcategories&post=39542"},{"taxonomy":"post_tag","embeddable":true,"href":"https:\/\/webpe.colegiomayor.cl\/index.php?rest_route=%2Fwp%2Fv2%2Ftags&post=39542"}],"curies":[{"name":"wp","href":"https:\/\/api.w.org\/{rel}","templated":true}]}}