{"id":39528,"date":"2025-10-07T11:26:31","date_gmt":"2025-10-07T14:26:31","guid":{"rendered":"https:\/\/webpe.colegiomayor.cl\/?p=39528"},"modified":"2025-10-07T11:31:31","modified_gmt":"2025-10-07T14:31:31","slug":"regreso-triunfal-emilia-belmar-brillo-con-tres-podios-tras-superar-una-lesion","status":"publish","type":"post","link":"https:\/\/webpe.colegiomayor.cl\/?p=39528","title":{"rendered":"Regreso triunfal: Emilia Belmar brill\u00f3 con tres podios tras superar una lesi\u00f3n"},"content":{"rendered":"\n<h4 class=\"wp-block-heading\">Luego de sufrir un edema \u00f3seo en su pie derecho y despu\u00e9s de seis meses de rehabilitaci\u00f3n, la estudiante del Colegio Mayor de Pe\u00f1alol\u00e9n regres\u00f3 a las pistas con un desempe\u00f1o notable en el Torneo Interescolar Mixto de Atletismo de Los Lagos realizado en Puerto Montt. Ah\u00ed ratific\u00f3 su condici\u00f3n de promesa del atletismo chileno.<\/h4>\n\n\n\n<p>Despu\u00e9s de varios meses fuera de las pistas debido a una lesi\u00f3n, la estudiante y atleta del Colegio Mayor de Pe\u00f1alol\u00e9n, Emilia Belmar, volvi\u00f3 a las competencias con un desempe\u00f1o sobresaliente. Su regreso se produjo en el Torneo Interescolar Mixto de Atletismo de Los Lagos realizado el pasado fin de semana en Puerto Montt, donde alcanz\u00f3 tres podios individuales, demostrando nuevamente su talento y determinaci\u00f3n.<\/p>\n\n\n\n<p>Antes de su logro, la deportista enfrent\u00f3 un complejo per\u00edodo durante gran parte del a\u00f1o. En abril sufri\u00f3 un edema \u00f3seo en el navicular de su pie derecho, lo que la oblig\u00f3 a alejarse de las competencias y a someterse a un exigente proceso de recuperaci\u00f3n. Esta lesi\u00f3n interrumpi\u00f3 un prometedor momento deportivo: en 2024 Emilia se hab\u00eda coronado doble campeona interescolar en 80 y 300 metros vallas, proyect\u00e1ndose como una de las j\u00f3venes figuras del atletismo chileno.<\/p>\n\n\n\n<p>Pese a la pausa competitiva, Emilia no dej\u00f3 de entrenar. Con disciplina y constancia, sigui\u00f3 un estricto tratamiento m\u00e9dico y un plan f\u00edsico centrado en mantenerse activa sin comprometer su rehabilitaci\u00f3n. Paralelamente, continu\u00f3 su preparaci\u00f3n como parte del programa Promesas Chile, al que se hab\u00eda integrado en enero de este a\u00f1o, lo que fortaleci\u00f3 a\u00fan m\u00e1s su desarrollo deportivo.<\/p>\n\n\n\n<p>Su retorno a las pistas no pudo ser m\u00e1s exitoso. En el torneo celebrado en Puerto Montt particip\u00f3 de tres pruebas individuales, obteniendo dos medallas de plata en 100 metros planos y 80 metros vallas, adem\u00e1s de un bronce en 300 metros planos. Este resultado es especialmente relevante considerando que estuvo seis meses sin competir, y aun as\u00ed se ubic\u00f3 entre las tres primeras en todas sus pruebas.<\/p>\n\n\n\n<p>\u201cEstaba s\u00faper emocionada y nerviosa de volver a competir, fue s\u00faper bonito regresar a estar con mis amigas y mis profesores de nuevo\u201d, analiz\u00f3 Emilia, emocionada por su regreso al deporte activo. \u201cSiempre me dije a m\u00ed misma que lo m\u00e1s importante era que el pie estuviera bien, independiente de los podios\u201d, sigui\u00f3 ella, quien comparti\u00f3 parte de su experiencia a trav\u00e9s de Instagram (su perfil es @emiilapaz).&nbsp;&nbsp;&nbsp;<\/p>\n\n\n\n<p>Andrea Ventura, madre de Emilia, la acompa\u00f1\u00f3 en su retorno a la disciplina. \u201cEstamos muy orgullosos como familia por su vuelta. Lo hizo excelente. Su entrenador la felicit\u00f3 mucho, porque despu\u00e9s de tanto tiempo sin correr, ubicarse en los primeros lugares en tres competencias no es algo f\u00e1cil\u201d, se\u00f1al\u00f3.<\/p>\n\n\n\n<p>Aunque el balance fue muy positivo, Emilia \u2014exigente consigo misma\u2014 no qued\u00f3 completamente satisfecha con su actuaci\u00f3n. \u201cElla siempre quiere m\u00e1s. Es apasionada, fuerte y muy comprometida con lo que hace\u201d, agreg\u00f3 su madre.<\/p>\n\n\n\n<p>La historia deportiva de Emilia comenz\u00f3 desde peque\u00f1a, cuando practic\u00f3 diversas disciplinas. En 8\u00b0 b\u00e1sico, un profesor la invit\u00f3 a integrar la selecci\u00f3n de atletismo del colegio. Desde entonces, cada competencia trajo consigo medallas y reconocimientos. Con el tiempo, encontr\u00f3 en las pruebas de vallas su verdadera especialidad, destacando a nivel nacional gracias a su t\u00e9cnica, velocidad y mentalidad competitiva.<\/p>\n\n\n\n<p>Como Colegio Mayor nos sentimos orgullosos del nuevo logro de Emilia, pero sobre todo de su car\u00e1cter, esfuerzo y esp\u00edritu competitivo, valores que representan fielmente a la comunidad educativa. Su desempe\u00f1o confirma que el talento, acompa\u00f1ado de disciplina y resiliencia, permite alcanzar grandes resultados incluso despu\u00e9s de momentos dif\u00edciles. \u00a1Felicitaciones Emilia!\u00a0<\/p>\n\n\n<style>.uid-d97b8680169fd479  .gt3pg-isotope-item {\n\tpadding-right: 20px;\n\tpadding-bottom: 20px;\n}\n.uid-d97b8680169fd479  .gallery-isotope-wrapper {\n\tmargin-right: -20px;\n\tmargin-bottom: -20px;\n}\n<\/style><div id=\"uid-d97b8680169fd479\" data-gt3pg-block=\"masonry\" data-index=\"1\" class=\"gt3-photo-gallery-pro--isotope_gallery uid-d97b8680169fd479 gt3pg-pro--wrapper gt3pg-pro--masonry \">\t\t<div data-cols=\"2\" data-cols-tablet=\"2\" data-cols-mobile=\"2\" class=\"gt3pg-isotope-gallery columns-2 hover-default gallery-masonry corner-standard\" data-settings=\"{&quot;lightbox&quot;:{&quot;enable&quot;:true,&quot;options&quot;:{&quot;instance&quot;:1}},&quot;id&quot;:1,&quot;uid&quot;:&quot;uid-d97b8680169fd479&quot;,&quot;modules&quot;:[&quot;Lightbox&quot;],&quot;lightboxArray&quot;:[{&quot;href&quot;:&quot;https:\\\/\\\/webpe.colegiomayor.cl\\\/wp-content\\\/uploads\\\/2025\\\/10\\\/Celebracion-en-Puerto-Montt-de-Emilia-Belmar.jpeg&quot;,&quot;title&quot;:&quot;Celebraci\\u00f3n en Puerto Montt de Emilia Belmar&quot;,&quot;thumbnail&quot;:&quot;https:\\\/\\\/webpe.colegiomayor.cl\\\/wp-content\\\/uploads\\\/2025\\\/10\\\/Celebracion-en-Puerto-Montt-de-Emilia-Belmar-150x150.jpeg&quot;,&quot;description&quot;:&quot;&quot;,&quot;is_video&quot;:0,&quot;image_id&quot;:39530,&quot;width&quot;:808,&quot;height&quot;:539},{&quot;href&quot;:&quot;https:\\\/\\\/webpe.colegiomayor.cl\\\/wp-content\\\/uploads\\\/2025\\\/10\\\/Emilia-Belmar.jpeg&quot;,&quot;title&quot;:&quot;Emilia Belmar&quot;,&quot;thumbnail&quot;:&quot;https:\\\/\\\/webpe.colegiomayor.cl\\\/wp-content\\\/uploads\\\/2025\\\/10\\\/Emilia-Belmar-150x150.jpeg&quot;,&quot;description&quot;:&quot;&quot;,&quot;is_video&quot;:0,&quot;image_id&quot;:39531,&quot;width&quot;:1280,&quot;height&quot;:1600}],&quot;items&quot;:[{&quot;href&quot;:&quot;https:\\\/\\\/webpe.colegiomayor.cl\\\/wp-content\\\/uploads\\\/2025\\\/10\\\/Celebracion-en-Puerto-Montt-de-Emilia-Belmar.jpeg&quot;,&quot;title&quot;:&quot;Celebraci\\u00f3n en Puerto Montt de Emilia Belmar&quot;,&quot;thumbnail&quot;:&quot;https:\\\/\\\/webpe.colegiomayor.cl\\\/wp-content\\\/uploads\\\/2025\\\/10\\\/Celebracion-en-Puerto-Montt-de-Emilia-Belmar-150x150.jpeg&quot;,&quot;description&quot;:&quot;&quot;,&quot;is_video&quot;:0,&quot;image_id&quot;:39530,&quot;width&quot;:808,&quot;height&quot;:539},{&quot;href&quot;:&quot;https:\\\/\\\/webpe.colegiomayor.cl\\\/wp-content\\\/uploads\\\/2025\\\/10\\\/Emilia-Belmar.jpeg&quot;,&quot;title&quot;:&quot;Emilia Belmar&quot;,&quot;thumbnail&quot;:&quot;https:\\\/\\\/webpe.colegiomayor.cl\\\/wp-content\\\/uploads\\\/2025\\\/10\\\/Emilia-Belmar-150x150.jpeg&quot;,&quot;description&quot;:&quot;&quot;,&quot;is_video&quot;:0,&quot;image_id&quot;:39531,&quot;width&quot;:1280,&quot;height&quot;:1600}]}\">\r\n\t\t\t<div class=\"gallery-isotope-wrapper\">\r\n\t\t\t\t<div class=\"gt3pg-isotope-item loading \" ><div class=\"isotope_item-wrapper\"><a href=\"https:\/\/webpe.colegiomayor.cl\/wp-content\/uploads\/2025\/10\/Celebracion-en-Puerto-Montt-de-Emilia-Belmar.jpeg\" class=\"gt3pg-lightbox\" data-elementor-open-lightbox=\"no\"><div class=\"img-wrapper \"><img loading=\"lazy\" decoding=\"async\" width=\"768\" height=\"512\" src=\"https:\/\/webpe.colegiomayor.cl\/wp-content\/uploads\/2025\/10\/Celebracion-en-Puerto-Montt-de-Emilia-Belmar.jpeg\" class=\"skip-lazy gt3-lazy-image\" alt=\"\" data-lazy-srcset=\"https:\/\/webpe.colegiomayor.cl\/wp-content\/uploads\/2025\/10\/Celebracion-en-Puerto-Montt-de-Emilia-Belmar.jpeg 808w, https:\/\/webpe.colegiomayor.cl\/wp-content\/uploads\/2025\/10\/Celebracion-en-Puerto-Montt-de-Emilia-Belmar-300x200.jpeg 300w\" data-lazy-sizes=\"(max-width: 768px) 100vw, 768px\" data-lazy-src=\"https:\/\/webpe.colegiomayor.cl\/wp-content\/uploads\/2025\/10\/Celebracion-en-Puerto-Montt-de-Emilia-Belmar.jpeg?is-pending-load=1\" srcset=\"data:image\/png;base64,iVBORw0KGgoAAAANSUhEUgAAAE0AAAAzCAYAAADSIYUBAAAACXBIWXMAAA7EAAAOxAGVKw4bAAAAJklEQVRo3u3BgQAAAADDoPlTX+AIVQEAAAAAAAAAAAAAAAAAAHAMPY8AAQeL\/AcAAAAASUVORK5CYII=\" \/><\/div><\/a><\/div><\/div><div class=\"gt3pg-isotope-item loading \" ><div class=\"isotope_item-wrapper\"><a href=\"https:\/\/webpe.colegiomayor.cl\/wp-content\/uploads\/2025\/10\/Emilia-Belmar.jpeg\" class=\"gt3pg-lightbox\" data-elementor-open-lightbox=\"no\"><div class=\"img-wrapper \"><img loading=\"lazy\" decoding=\"async\" width=\"768\" height=\"960\" src=\"https:\/\/webpe.colegiomayor.cl\/wp-content\/uploads\/2025\/10\/Emilia-Belmar.jpeg\" class=\"skip-lazy gt3-lazy-image\" alt=\"\" data-lazy-srcset=\"https:\/\/webpe.colegiomayor.cl\/wp-content\/uploads\/2025\/10\/Emilia-Belmar.jpeg 1280w, https:\/\/webpe.colegiomayor.cl\/wp-content\/uploads\/2025\/10\/Emilia-Belmar-240x300.jpeg 240w\" data-lazy-sizes=\"(max-width: 768px) 100vw, 768px\" data-lazy-src=\"https:\/\/webpe.colegiomayor.cl\/wp-content\/uploads\/2025\/10\/Emilia-Belmar.jpeg?is-pending-load=1\" srcset=\"data:image\/png;base64,iVBORw0KGgoAAAANSUhEUgAAAE0AAABgCAYAAABYO\/9YAAAACXBIWXMAAA7EAAAOxAGVKw4bAAAAM0lEQVR42u3BAQEAAACCIP+vbkhAAQAAAAAAAAAAAAAAAAAAAAAAAAAAAAAAAAAAAMCvAXPgAAGrlAKSAAAAAElFTkSuQmCC\" \/><\/div><\/a><\/div><\/div>\t\t\t<\/div>\r\n\t\t<\/div>\r\n\t\t<script type=\"application\/json\" id=\"settings--uid-d97b8680169fd479\">{\"lightbox\":{\"enable\":true,\"options\":{\"instance\":1}},\"id\":1,\"uid\":\"uid-d97b8680169fd479\",\"modules\":[\"Lightbox\"],\"lightboxArray\":[{\"href\":\"https:\\\/\\\/webpe.colegiomayor.cl\\\/wp-content\\\/uploads\\\/2025\\\/10\\\/Celebracion-en-Puerto-Montt-de-Emilia-Belmar.jpeg\",\"title\":\"Celebraci\\u00f3n en Puerto Montt de Emilia Belmar\",\"thumbnail\":\"https:\\\/\\\/webpe.colegiomayor.cl\\\/wp-content\\\/uploads\\\/2025\\\/10\\\/Celebracion-en-Puerto-Montt-de-Emilia-Belmar-150x150.jpeg\",\"description\":\"\",\"is_video\":0,\"image_id\":39530,\"width\":808,\"height\":539},{\"href\":\"https:\\\/\\\/webpe.colegiomayor.cl\\\/wp-content\\\/uploads\\\/2025\\\/10\\\/Emilia-Belmar.jpeg\",\"title\":\"Emilia Belmar\",\"thumbnail\":\"https:\\\/\\\/webpe.colegiomayor.cl\\\/wp-content\\\/uploads\\\/2025\\\/10\\\/Emilia-Belmar-150x150.jpeg\",\"description\":\"\",\"is_video\":0,\"image_id\":39531,\"width\":1280,\"height\":1600}],\"items\":[{\"href\":\"https:\\\/\\\/webpe.colegiomayor.cl\\\/wp-content\\\/uploads\\\/2025\\\/10\\\/Celebracion-en-Puerto-Montt-de-Emilia-Belmar.jpeg\",\"title\":\"Celebraci\\u00f3n en Puerto Montt de Emilia Belmar\",\"thumbnail\":\"https:\\\/\\\/webpe.colegiomayor.cl\\\/wp-content\\\/uploads\\\/2025\\\/10\\\/Celebracion-en-Puerto-Montt-de-Emilia-Belmar-150x150.jpeg\",\"description\":\"\",\"is_video\":0,\"image_id\":39530,\"width\":808,\"height\":539},{\"href\":\"https:\\\/\\\/webpe.colegiomayor.cl\\\/wp-content\\\/uploads\\\/2025\\\/10\\\/Emilia-Belmar.jpeg\",\"title\":\"Emilia Belmar\",\"thumbnail\":\"https:\\\/\\\/webpe.colegiomayor.cl\\\/wp-content\\\/uploads\\\/2025\\\/10\\\/Emilia-Belmar-150x150.jpeg\",\"description\":\"\",\"is_video\":0,\"image_id\":39531,\"width\":1280,\"height\":1600}]}<\/script>\r\n\t\t<\/div>","protected":false},"excerpt":{"rendered":"<p>Luego de sufrir un edema \u00f3seo en su pie derecho y despu\u00e9s de seis meses de rehabilitaci\u00f3n, la estudiante del Colegio Mayor de Pe\u00f1alol\u00e9n regres\u00f3 a las pistas con un desempe\u00f1o notable en el Torneo Interescolar Mixto de Atletismo de Los Lagos realizado en Puerto&nbsp;<a href=\"https:\/\/webpe.colegiomayor.cl\/?p=39528\">&hellip;<\/a><\/p>\n","protected":false},"author":11,"featured_media":39529,"comment_status":"closed","ping_status":"closed","sticky":false,"template":"","format":"standard","meta":{"content-type":"","footnotes":""},"categories":[24,38,25,44],"tags":[83,147,148,145,146,144],"class_list":["post-39528","post","type-post","status-publish","format-standard","has-post-thumbnail","hentry","category-comunicaciones","category-comunicaciones-news","category-deportes","category-noticias","tag-atletismo","tag-colegio-mayor-de-penalolen","tag-emilia-belmar","tag-lesion-y-recuperacion","tag-promesas-deportivas","tag-regreso-deportivo","odd"],"rttpg_featured_image_url":{"full":["https:\/\/webpe.colegiomayor.cl\/wp-content\/uploads\/2025\/10\/Diseno-sin-titulo2.jpg",1200,675,false],"landscape":["https:\/\/webpe.colegiomayor.cl\/wp-content\/uploads\/2025\/10\/Diseno-sin-titulo2.jpg",1200,675,false],"portraits":["https:\/\/webpe.colegiomayor.cl\/wp-content\/uploads\/2025\/10\/Diseno-sin-titulo2.jpg",1200,675,false],"thumbnail":["https:\/\/webpe.colegiomayor.cl\/wp-content\/uploads\/2025\/10\/Diseno-sin-titulo2-150x150.jpg",150,150,true],"medium":["https:\/\/webpe.colegiomayor.cl\/wp-content\/uploads\/2025\/10\/Diseno-sin-titulo2-300x169.jpg",300,169,true],"large":["https:\/\/webpe.colegiomayor.cl\/wp-content\/uploads\/2025\/10\/Diseno-sin-titulo2-1024x576.jpg",1024,576,true],"1536x1536":["https:\/\/webpe.colegiomayor.cl\/wp-content\/uploads\/2025\/10\/Diseno-sin-titulo2-1200x675.jpg",1200,675,true],"2048x2048":["https:\/\/webpe.colegiomayor.cl\/wp-content\/uploads\/2025\/10\/Diseno-sin-titulo2-1200x675.jpg",1200,675,true],"post-thumbnail":["https:\/\/webpe.colegiomayor.cl\/wp-content\/uploads\/2025\/10\/Diseno-sin-titulo2-150x84.jpg",150,84,true],"ed-school-featured-image":["https:\/\/webpe.colegiomayor.cl\/wp-content\/uploads\/2025\/10\/Diseno-sin-titulo2-990x500.jpg",990,500,true],"ed-school-medium":["https:\/\/webpe.colegiomayor.cl\/wp-content\/uploads\/2025\/10\/Diseno-sin-titulo2-768x510.jpg",768,510,true],"ed-school-medium-alt":["https:\/\/webpe.colegiomayor.cl\/wp-content\/uploads\/2025\/10\/Diseno-sin-titulo2-768x410.jpg",768,410,true],"ed-school-square":["https:\/\/webpe.colegiomayor.cl\/wp-content\/uploads\/2025\/10\/Diseno-sin-titulo2-768x675.jpg",768,675,true],"ed-school-square-small":["https:\/\/webpe.colegiomayor.cl\/wp-content\/uploads\/2025\/10\/Diseno-sin-titulo2-420x420.jpg",420,420,true]},"rttpg_author":{"display_name":"Francisco Arriagada","author_link":"https:\/\/webpe.colegiomayor.cl\/?author=11"},"rttpg_comment":0,"rttpg_category":"<a href=\"https:\/\/webpe.colegiomayor.cl\/?cat=24\" rel=\"category\">COMUNICACIONES<\/a> <a href=\"https:\/\/webpe.colegiomayor.cl\/?cat=38\" rel=\"category\">Comunicaciones-NEWS<\/a> <a href=\"https:\/\/webpe.colegiomayor.cl\/?cat=25\" rel=\"category\">DEPORTES<\/a> <a href=\"https:\/\/webpe.colegiomayor.cl\/?cat=44\" rel=\"category\">NOTICIAS<\/a>","rttpg_excerpt":"Luego de sufrir un edema \u00f3seo en su pie derecho y despu\u00e9s de seis meses de rehabilitaci\u00f3n, la estudiante del Colegio Mayor de Pe\u00f1alol\u00e9n regres\u00f3 a las pistas con un desempe\u00f1o notable en el Torneo Interescolar Mixto de Atletismo de Los Lagos realizado en Puerto&nbsp;&hellip;","_links":{"self":[{"href":"https:\/\/webpe.colegiomayor.cl\/index.php?rest_route=\/wp\/v2\/posts\/39528","targetHints":{"allow":["GET"]}}],"collection":[{"href":"https:\/\/webpe.colegiomayor.cl\/index.php?rest_route=\/wp\/v2\/posts"}],"about":[{"href":"https:\/\/webpe.colegiomayor.cl\/index.php?rest_route=\/wp\/v2\/types\/post"}],"author":[{"embeddable":true,"href":"https:\/\/webpe.colegiomayor.cl\/index.php?rest_route=\/wp\/v2\/users\/11"}],"replies":[{"embeddable":true,"href":"https:\/\/webpe.colegiomayor.cl\/index.php?rest_route=%2Fwp%2Fv2%2Fcomments&post=39528"}],"version-history":[{"count":1,"href":"https:\/\/webpe.colegiomayor.cl\/index.php?rest_route=\/wp\/v2\/posts\/39528\/revisions"}],"predecessor-version":[{"id":39532,"href":"https:\/\/webpe.colegiomayor.cl\/index.php?rest_route=\/wp\/v2\/posts\/39528\/revisions\/39532"}],"wp:featuredmedia":[{"embeddable":true,"href":"https:\/\/webpe.colegiomayor.cl\/index.php?rest_route=\/wp\/v2\/media\/39529"}],"wp:attachment":[{"href":"https:\/\/webpe.colegiomayor.cl\/index.php?rest_route=%2Fwp%2Fv2%2Fmedia&parent=39528"}],"wp:term":[{"taxonomy":"category","embeddable":true,"href":"https:\/\/webpe.colegiomayor.cl\/index.php?rest_route=%2Fwp%2Fv2%2Fcategories&post=39528"},{"taxonomy":"post_tag","embeddable":true,"href":"https:\/\/webpe.colegiomayor.cl\/index.php?rest_route=%2Fwp%2Fv2%2Ftags&post=39528"}],"curies":[{"name":"wp","href":"https:\/\/api.w.org\/{rel}","templated":true}]}}