{"id":39523,"date":"2025-10-07T11:25:12","date_gmt":"2025-10-07T14:25:12","guid":{"rendered":"https:\/\/webpe.colegiomayor.cl\/?p=39523"},"modified":"2025-10-09T08:36:01","modified_gmt":"2025-10-09T11:36:01","slug":"oro-en-el-agua-emilia-garrido-represento-a-chile-y-fue-campeona-sudamericana-con-su-equipo-en-brasil","status":"publish","type":"post","link":"https:\/\/webpe.colegiomayor.cl\/?p=39523","title":{"rendered":"Oro en el agua: Emilia Garrido represent\u00f3 a Chile y fue campeona sudamericana con su equipo en Brasil"},"content":{"rendered":"\n<h3 class=\"wp-block-heading\">La estudiante del Colegio Mayor de Pe\u00f1alol\u00e9n integr\u00f3 la selecci\u00f3n chilena juvenil de nataci\u00f3n art\u00edstica que brill\u00f3 en el Sudamericano de Deportes Acu\u00e1ticos de R\u00edo de Janeiro, alcanzando el primer lugar en rutina combinada por equipos y un destacado segundo puesto en la categor\u00eda rutina de equipo libre.<\/h3>\n\n\n\n<p>Tras consagrarse en junio como campeona nacional en la categor\u00eda dueto juvenil, la estudiante del Colegio Mayor de Pe\u00f1alol\u00e9n y destacada exponente de nataci\u00f3n art\u00edstica, Emilia Garrido, volvi\u00f3 a brillar, esta vez en \u00e1mbitos internacionales. La deportista integr\u00f3 la delegaci\u00f3n chilena que viaj\u00f3 a R\u00edo de Janeiro para competir en el Campeonato Sudamericano Juvenil de Deportes Acu\u00e1ticos, instancia que reuni\u00f3 a fines de septiembre a los mejores talentos de la regi\u00f3n.<\/p>\n\n\n\n<p>Durante la competencia, Emilia form\u00f3 parte del equipo juvenil de rutina combinada, con el que obtuvo el primer lugar sudamericano. Este resultado no s\u00f3lo refleja el alto nivel t\u00e9cnico alcanzado por la delegaci\u00f3n chilena, sino tambi\u00e9n el crecimiento sostenido que Emilia ha tenido en la disciplina.<\/p>\n\n\n\n<p>Adem\u00e1s, el conjunto nacional consigui\u00f3 el segundo lugar en la categor\u00eda rutina de equipo libre, sumando as\u00ed otro importante reconocimiento para Chile. Estos logros marcaron un hito en la trayectoria deportiva de la estudiante, ya que fue su debut representando oficialmente al pa\u00eds en un torneo internacional.<\/p>\n\n\n\n<p>\u201cVivir este campeonato sudamericano juvenil en Brasil fue una experiencia inolvidable, desde el primer momento sent\u00ed una mezcla de nervios, emoci\u00f3n y orgullo\u201d, evoc\u00f3 Emilia, quien record\u00f3 los arduos meses de preparaci\u00f3n f\u00edsica y mental previos a la competencia. \u201cTodo eso cobr\u00f3 sentido cuando nos convertimos en campeonas y subcampeonas sudamericanas, fue una alegr\u00eda enorme ver c\u00f3mo el trabajo en conjunto dio resultados y c\u00f3mo cada una de nosotras dio lo mejor para representar a Chile\u201d, a\u00f1adi\u00f3.&nbsp;&nbsp;&nbsp;<\/p>\n\n\n\n<p>Lorena Osorio, madre de Emilia, no pudo m\u00e1s del orgullo. \u201cFue su primera participaci\u00f3n como seleccionada y signific\u00f3 much\u00edsimo para ella. Salieron campeonas en rutina de combo y eso la llen\u00f3 de orgullo. Como familia estamos felices y agradecidos por todo el apoyo que ha recibido\u201d, se\u00f1al\u00f3.<\/p>\n\n\n\n<p>Desde el Colegio Mayor de Pe\u00f1alol\u00e9n felicitamos a Emilia por este importante logro, que destaca el esfuerzo, la disciplina y la dedicaci\u00f3n que ha demostrado a lo largo de su proceso formativo. Su participaci\u00f3n y desempe\u00f1o en el Sudamericano no s\u00f3lo la posicionan como una de las j\u00f3venes promesas de la nataci\u00f3n art\u00edstica nacional, sino que tambi\u00e9n la convierten en un ejemplo de constancia para toda la comunidad educativa.&nbsp;<\/p>\n\n\n<style>.uid-411df93bbe7d7756  .gt3pg-isotope-item {\n\tpadding-right: 20px;\n\tpadding-bottom: 20px;\n}\n.uid-411df93bbe7d7756  .gallery-isotope-wrapper {\n\tmargin-right: -20px;\n\tmargin-bottom: -20px;\n}\n<\/style><div id=\"uid-411df93bbe7d7756\" data-gt3pg-block=\"masonry\" data-index=\"1\" class=\"gt3-photo-gallery-pro--isotope_gallery uid-411df93bbe7d7756 gt3pg-pro--wrapper gt3pg-pro--masonry \">\t\t<div data-cols=\"2\" data-cols-tablet=\"2\" data-cols-mobile=\"2\" class=\"gt3pg-isotope-gallery columns-2 hover-default gallery-masonry corner-standard\" data-settings=\"{&quot;lightbox&quot;:{&quot;enable&quot;:true,&quot;options&quot;:{&quot;instance&quot;:1}},&quot;id&quot;:1,&quot;uid&quot;:&quot;uid-411df93bbe7d7756&quot;,&quot;modules&quot;:[&quot;Lightbox&quot;],&quot;lightboxArray&quot;:[{&quot;href&quot;:&quot;https:\\\/\\\/webpe.colegiomayor.cl\\\/wp-content\\\/uploads\\\/2025\\\/10\\\/2CB988BF-D1F9-49DF-9DDB-3FC7772434F2-scaled.jpeg&quot;,&quot;title&quot;:&quot;2CB988BF-D1F9-49DF-9DDB-3FC7772434F2&quot;,&quot;thumbnail&quot;:&quot;https:\\\/\\\/webpe.colegiomayor.cl\\\/wp-content\\\/uploads\\\/2025\\\/10\\\/2CB988BF-D1F9-49DF-9DDB-3FC7772434F2-scaled-150x150.jpeg&quot;,&quot;description&quot;:&quot;&quot;,&quot;is_video&quot;:0,&quot;image_id&quot;:39535,&quot;width&quot;:1920,&quot;height&quot;:2560},{&quot;href&quot;:&quot;https:\\\/\\\/webpe.colegiomayor.cl\\\/wp-content\\\/uploads\\\/2025\\\/10\\\/36ba5d38-5965-4235-93de-857add5df18c.jpeg&quot;,&quot;title&quot;:&quot;36ba5d38-5965-4235-93de-857add5df18c&quot;,&quot;thumbnail&quot;:&quot;https:\\\/\\\/webpe.colegiomayor.cl\\\/wp-content\\\/uploads\\\/2025\\\/10\\\/36ba5d38-5965-4235-93de-857add5df18c-150x150.jpeg&quot;,&quot;description&quot;:&quot;&quot;,&quot;is_video&quot;:0,&quot;image_id&quot;:39536,&quot;width&quot;:1171,&quot;height&quot;:779},{&quot;href&quot;:&quot;https:\\\/\\\/webpe.colegiomayor.cl\\\/wp-content\\\/uploads\\\/2025\\\/10\\\/IMG_4160-scaled.jpeg&quot;,&quot;title&quot;:&quot;IMG_4160&quot;,&quot;thumbnail&quot;:&quot;https:\\\/\\\/webpe.colegiomayor.cl\\\/wp-content\\\/uploads\\\/2025\\\/10\\\/IMG_4160-scaled-150x150.jpeg&quot;,&quot;description&quot;:&quot;&quot;,&quot;is_video&quot;:0,&quot;image_id&quot;:39537,&quot;width&quot;:1707,&quot;height&quot;:2560},{&quot;href&quot;:&quot;https:\\\/\\\/webpe.colegiomayor.cl\\\/wp-content\\\/uploads\\\/2025\\\/10\\\/IMG_7601.jpeg&quot;,&quot;title&quot;:&quot;IMG_7601&quot;,&quot;thumbnail&quot;:&quot;https:\\\/\\\/webpe.colegiomayor.cl\\\/wp-content\\\/uploads\\\/2025\\\/10\\\/IMG_7601-150x150.jpeg&quot;,&quot;description&quot;:&quot;&quot;,&quot;is_video&quot;:0,&quot;image_id&quot;:39538,&quot;width&quot;:1063,&quot;height&quot;:775},{&quot;href&quot;:&quot;https:\\\/\\\/webpe.colegiomayor.cl\\\/wp-content\\\/uploads\\\/2025\\\/10\\\/Emilia-Garrido-en-Brasil-scaled.jpeg&quot;,&quot;title&quot;:&quot;Emilia Garrido en Brasil&quot;,&quot;thumbnail&quot;:&quot;https:\\\/\\\/webpe.colegiomayor.cl\\\/wp-content\\\/uploads\\\/2025\\\/10\\\/Emilia-Garrido-en-Brasil-scaled-150x150.jpeg&quot;,&quot;description&quot;:&quot;&quot;,&quot;is_video&quot;:0,&quot;image_id&quot;:39524,&quot;width&quot;:1920,&quot;height&quot;:2560},{&quot;href&quot;:&quot;https:\\\/\\\/webpe.colegiomayor.cl\\\/wp-content\\\/uploads\\\/2025\\\/10\\\/Emilia-Garrido-scaled.jpeg&quot;,&quot;title&quot;:&quot;Emilia Garrido&quot;,&quot;thumbnail&quot;:&quot;https:\\\/\\\/webpe.colegiomayor.cl\\\/wp-content\\\/uploads\\\/2025\\\/10\\\/Emilia-Garrido-scaled-150x150.jpeg&quot;,&quot;description&quot;:&quot;&quot;,&quot;is_video&quot;:0,&quot;image_id&quot;:39525,&quot;width&quot;:1920,&quot;height&quot;:2560}],&quot;items&quot;:[{&quot;href&quot;:&quot;https:\\\/\\\/webpe.colegiomayor.cl\\\/wp-content\\\/uploads\\\/2025\\\/10\\\/2CB988BF-D1F9-49DF-9DDB-3FC7772434F2-scaled.jpeg&quot;,&quot;title&quot;:&quot;2CB988BF-D1F9-49DF-9DDB-3FC7772434F2&quot;,&quot;thumbnail&quot;:&quot;https:\\\/\\\/webpe.colegiomayor.cl\\\/wp-content\\\/uploads\\\/2025\\\/10\\\/2CB988BF-D1F9-49DF-9DDB-3FC7772434F2-scaled-150x150.jpeg&quot;,&quot;description&quot;:&quot;&quot;,&quot;is_video&quot;:0,&quot;image_id&quot;:39535,&quot;width&quot;:1920,&quot;height&quot;:2560},{&quot;href&quot;:&quot;https:\\\/\\\/webpe.colegiomayor.cl\\\/wp-content\\\/uploads\\\/2025\\\/10\\\/36ba5d38-5965-4235-93de-857add5df18c.jpeg&quot;,&quot;title&quot;:&quot;36ba5d38-5965-4235-93de-857add5df18c&quot;,&quot;thumbnail&quot;:&quot;https:\\\/\\\/webpe.colegiomayor.cl\\\/wp-content\\\/uploads\\\/2025\\\/10\\\/36ba5d38-5965-4235-93de-857add5df18c-150x150.jpeg&quot;,&quot;description&quot;:&quot;&quot;,&quot;is_video&quot;:0,&quot;image_id&quot;:39536,&quot;width&quot;:1171,&quot;height&quot;:779},{&quot;href&quot;:&quot;https:\\\/\\\/webpe.colegiomayor.cl\\\/wp-content\\\/uploads\\\/2025\\\/10\\\/IMG_4160-scaled.jpeg&quot;,&quot;title&quot;:&quot;IMG_4160&quot;,&quot;thumbnail&quot;:&quot;https:\\\/\\\/webpe.colegiomayor.cl\\\/wp-content\\\/uploads\\\/2025\\\/10\\\/IMG_4160-scaled-150x150.jpeg&quot;,&quot;description&quot;:&quot;&quot;,&quot;is_video&quot;:0,&quot;image_id&quot;:39537,&quot;width&quot;:1707,&quot;height&quot;:2560},{&quot;href&quot;:&quot;https:\\\/\\\/webpe.colegiomayor.cl\\\/wp-content\\\/uploads\\\/2025\\\/10\\\/IMG_7601.jpeg&quot;,&quot;title&quot;:&quot;IMG_7601&quot;,&quot;thumbnail&quot;:&quot;https:\\\/\\\/webpe.colegiomayor.cl\\\/wp-content\\\/uploads\\\/2025\\\/10\\\/IMG_7601-150x150.jpeg&quot;,&quot;description&quot;:&quot;&quot;,&quot;is_video&quot;:0,&quot;image_id&quot;:39538,&quot;width&quot;:1063,&quot;height&quot;:775},{&quot;href&quot;:&quot;https:\\\/\\\/webpe.colegiomayor.cl\\\/wp-content\\\/uploads\\\/2025\\\/10\\\/Emilia-Garrido-en-Brasil-scaled.jpeg&quot;,&quot;title&quot;:&quot;Emilia Garrido en Brasil&quot;,&quot;thumbnail&quot;:&quot;https:\\\/\\\/webpe.colegiomayor.cl\\\/wp-content\\\/uploads\\\/2025\\\/10\\\/Emilia-Garrido-en-Brasil-scaled-150x150.jpeg&quot;,&quot;description&quot;:&quot;&quot;,&quot;is_video&quot;:0,&quot;image_id&quot;:39524,&quot;width&quot;:1920,&quot;height&quot;:2560},{&quot;href&quot;:&quot;https:\\\/\\\/webpe.colegiomayor.cl\\\/wp-content\\\/uploads\\\/2025\\\/10\\\/Emilia-Garrido-scaled.jpeg&quot;,&quot;title&quot;:&quot;Emilia Garrido&quot;,&quot;thumbnail&quot;:&quot;https:\\\/\\\/webpe.colegiomayor.cl\\\/wp-content\\\/uploads\\\/2025\\\/10\\\/Emilia-Garrido-scaled-150x150.jpeg&quot;,&quot;description&quot;:&quot;&quot;,&quot;is_video&quot;:0,&quot;image_id&quot;:39525,&quot;width&quot;:1920,&quot;height&quot;:2560}]}\">\r\n\t\t\t<div class=\"gallery-isotope-wrapper\">\r\n\t\t\t\t<div class=\"gt3pg-isotope-item loading \" ><div class=\"isotope_item-wrapper\"><a href=\"https:\/\/webpe.colegiomayor.cl\/wp-content\/uploads\/2025\/10\/2CB988BF-D1F9-49DF-9DDB-3FC7772434F2-scaled.jpeg\" class=\"gt3pg-lightbox\" data-elementor-open-lightbox=\"no\"><div class=\"img-wrapper \"><img loading=\"lazy\" decoding=\"async\" width=\"768\" height=\"1024\" src=\"https:\/\/webpe.colegiomayor.cl\/wp-content\/uploads\/2025\/10\/2CB988BF-D1F9-49DF-9DDB-3FC7772434F2-scaled.jpeg\" class=\"skip-lazy gt3-lazy-image\" alt=\"\" data-lazy-srcset=\"https:\/\/webpe.colegiomayor.cl\/wp-content\/uploads\/2025\/10\/2CB988BF-D1F9-49DF-9DDB-3FC7772434F2-scaled.jpeg 1920w, https:\/\/webpe.colegiomayor.cl\/wp-content\/uploads\/2025\/10\/2CB988BF-D1F9-49DF-9DDB-3FC7772434F2-scaled-225x300.jpeg 225w, https:\/\/webpe.colegiomayor.cl\/wp-content\/uploads\/2025\/10\/2CB988BF-D1F9-49DF-9DDB-3FC7772434F2-scaled-768x1024.jpeg 768w\" data-lazy-sizes=\"(max-width: 768px) 100vw, 768px\" data-lazy-src=\"https:\/\/webpe.colegiomayor.cl\/wp-content\/uploads\/2025\/10\/2CB988BF-D1F9-49DF-9DDB-3FC7772434F2-scaled.jpeg?is-pending-load=1\" srcset=\"data:image\/png;base64,iVBORw0KGgoAAAANSUhEUgAAAE0AAABmCAYAAACOYhxFAAAACXBIWXMAAA7EAAAOxAGVKw4bAAAANUlEQVR42u3BgQAAAADDoPlTX+EAVQEAAAAAAAAAAAAAAAAAAAAAAAAAAAAAAAAAAAAAAMBrex4AARQEIPwAAAAASUVORK5CYII=\" \/><\/div><\/a><\/div><\/div><div class=\"gt3pg-isotope-item loading \" ><div class=\"isotope_item-wrapper\"><a href=\"https:\/\/webpe.colegiomayor.cl\/wp-content\/uploads\/2025\/10\/36ba5d38-5965-4235-93de-857add5df18c.jpeg\" class=\"gt3pg-lightbox\" data-elementor-open-lightbox=\"no\"><div class=\"img-wrapper \"><img loading=\"lazy\" decoding=\"async\" width=\"768\" height=\"511\" src=\"https:\/\/webpe.colegiomayor.cl\/wp-content\/uploads\/2025\/10\/36ba5d38-5965-4235-93de-857add5df18c.jpeg\" class=\"skip-lazy gt3-lazy-image\" alt=\"\" data-lazy-srcset=\"https:\/\/webpe.colegiomayor.cl\/wp-content\/uploads\/2025\/10\/36ba5d38-5965-4235-93de-857add5df18c.jpeg 1171w, https:\/\/webpe.colegiomayor.cl\/wp-content\/uploads\/2025\/10\/36ba5d38-5965-4235-93de-857add5df18c-300x200.jpeg 300w\" data-lazy-sizes=\"(max-width: 768px) 100vw, 768px\" data-lazy-src=\"https:\/\/webpe.colegiomayor.cl\/wp-content\/uploads\/2025\/10\/36ba5d38-5965-4235-93de-857add5df18c.jpeg?is-pending-load=1\" srcset=\"data:image\/png;base64,iVBORw0KGgoAAAANSUhEUgAAAE0AAAAzCAYAAADSIYUBAAAACXBIWXMAAA7EAAAOxAGVKw4bAAAAJklEQVRo3u3BgQAAAADDoPlTX+AIVQEAAAAAAAAAAAAAAAAAAHAMPY8AAQeL\/AcAAAAASUVORK5CYII=\" \/><\/div><\/a><\/div><\/div><div class=\"gt3pg-isotope-item loading \" ><div class=\"isotope_item-wrapper\"><a href=\"https:\/\/webpe.colegiomayor.cl\/wp-content\/uploads\/2025\/10\/IMG_4160-scaled.jpeg\" class=\"gt3pg-lightbox\" data-elementor-open-lightbox=\"no\"><div class=\"img-wrapper \"><img loading=\"lazy\" decoding=\"async\" width=\"768\" height=\"1152\" src=\"https:\/\/webpe.colegiomayor.cl\/wp-content\/uploads\/2025\/10\/IMG_4160-scaled.jpeg\" class=\"skip-lazy gt3-lazy-image\" alt=\"\" data-lazy-srcset=\"https:\/\/webpe.colegiomayor.cl\/wp-content\/uploads\/2025\/10\/IMG_4160-scaled.jpeg 1707w, https:\/\/webpe.colegiomayor.cl\/wp-content\/uploads\/2025\/10\/IMG_4160-scaled-200x300.jpeg 200w, https:\/\/webpe.colegiomayor.cl\/wp-content\/uploads\/2025\/10\/IMG_4160-scaled-683x1024.jpeg 683w\" data-lazy-sizes=\"(max-width: 768px) 100vw, 768px\" data-lazy-src=\"https:\/\/webpe.colegiomayor.cl\/wp-content\/uploads\/2025\/10\/IMG_4160-scaled.jpeg?is-pending-load=1\" srcset=\"data:image\/png;base64,iVBORw0KGgoAAAANSUhEUgAAAE0AAAByCAYAAAAWJVzIAAAACXBIWXMAAA7EAAAOxAGVKw4bAAAAOUlEQVR42u3BMQEAAADCoPVPbQ0PoAAAAAAAAAAAAAAAAAAAAAAAAAAAAAAAAAAAAAAAAAAAAABeDImaAAFUjfGlAAAAAElFTkSuQmCC\" \/><\/div><\/a><\/div><\/div><div class=\"gt3pg-isotope-item loading \" ><div class=\"isotope_item-wrapper\"><a href=\"https:\/\/webpe.colegiomayor.cl\/wp-content\/uploads\/2025\/10\/IMG_7601.jpeg\" class=\"gt3pg-lightbox\" data-elementor-open-lightbox=\"no\"><div class=\"img-wrapper \"><img loading=\"lazy\" decoding=\"async\" width=\"768\" height=\"560\" src=\"https:\/\/webpe.colegiomayor.cl\/wp-content\/uploads\/2025\/10\/IMG_7601.jpeg\" class=\"skip-lazy gt3-lazy-image\" alt=\"\" data-lazy-srcset=\"https:\/\/webpe.colegiomayor.cl\/wp-content\/uploads\/2025\/10\/IMG_7601.jpeg 1063w, https:\/\/webpe.colegiomayor.cl\/wp-content\/uploads\/2025\/10\/IMG_7601-300x219.jpeg 300w\" data-lazy-sizes=\"(max-width: 768px) 100vw, 768px\" data-lazy-src=\"https:\/\/webpe.colegiomayor.cl\/wp-content\/uploads\/2025\/10\/IMG_7601.jpeg?is-pending-load=1\" srcset=\"data:image\/png;base64,iVBORw0KGgoAAAANSUhEUgAAAE0AAAA4CAYAAAC45nXCAAAACXBIWXMAAA7EAAAOxAGVKw4bAAAAJ0lEQVR42u3BMQEAAADCoPVP7W8GoAAAAAAAAAAAAAAAAAAAAACAN0OYAAGor4wZAAAAAElFTkSuQmCC\" \/><\/div><\/a><\/div><\/div><div class=\"gt3pg-isotope-item loading \" ><div class=\"isotope_item-wrapper\"><a href=\"https:\/\/webpe.colegiomayor.cl\/wp-content\/uploads\/2025\/10\/Emilia-Garrido-en-Brasil-scaled.jpeg\" class=\"gt3pg-lightbox\" data-elementor-open-lightbox=\"no\"><div class=\"img-wrapper \"><img loading=\"lazy\" decoding=\"async\" width=\"768\" height=\"1024\" src=\"https:\/\/webpe.colegiomayor.cl\/wp-content\/uploads\/2025\/10\/Emilia-Garrido-en-Brasil-scaled.jpeg\" class=\"skip-lazy gt3-lazy-image\" alt=\"\" data-lazy-srcset=\"https:\/\/webpe.colegiomayor.cl\/wp-content\/uploads\/2025\/10\/Emilia-Garrido-en-Brasil-scaled.jpeg 1920w, https:\/\/webpe.colegiomayor.cl\/wp-content\/uploads\/2025\/10\/Emilia-Garrido-en-Brasil-scaled-225x300.jpeg 225w, https:\/\/webpe.colegiomayor.cl\/wp-content\/uploads\/2025\/10\/Emilia-Garrido-en-Brasil-scaled-768x1024.jpeg 768w\" data-lazy-sizes=\"(max-width: 768px) 100vw, 768px\" data-lazy-src=\"https:\/\/webpe.colegiomayor.cl\/wp-content\/uploads\/2025\/10\/Emilia-Garrido-en-Brasil-scaled.jpeg?is-pending-load=1\" srcset=\"data:image\/png;base64,iVBORw0KGgoAAAANSUhEUgAAAE0AAABmCAYAAACOYhxFAAAACXBIWXMAAA7EAAAOxAGVKw4bAAAANUlEQVR42u3BgQAAAADDoPlTX+EAVQEAAAAAAAAAAAAAAAAAAAAAAAAAAAAAAAAAAAAAAMBrex4AARQEIPwAAAAASUVORK5CYII=\" \/><\/div><\/a><\/div><\/div><div class=\"gt3pg-isotope-item loading \" ><div class=\"isotope_item-wrapper\"><a href=\"https:\/\/webpe.colegiomayor.cl\/wp-content\/uploads\/2025\/10\/Emilia-Garrido-scaled.jpeg\" class=\"gt3pg-lightbox\" data-elementor-open-lightbox=\"no\"><div class=\"img-wrapper \"><img loading=\"lazy\" decoding=\"async\" width=\"768\" height=\"1024\" src=\"https:\/\/webpe.colegiomayor.cl\/wp-content\/uploads\/2025\/10\/Emilia-Garrido-scaled.jpeg\" class=\"skip-lazy gt3-lazy-image\" alt=\"\" data-lazy-srcset=\"https:\/\/webpe.colegiomayor.cl\/wp-content\/uploads\/2025\/10\/Emilia-Garrido-scaled.jpeg 1920w, https:\/\/webpe.colegiomayor.cl\/wp-content\/uploads\/2025\/10\/Emilia-Garrido-scaled-225x300.jpeg 225w, https:\/\/webpe.colegiomayor.cl\/wp-content\/uploads\/2025\/10\/Emilia-Garrido-scaled-768x1024.jpeg 768w\" data-lazy-sizes=\"(max-width: 768px) 100vw, 768px\" data-lazy-src=\"https:\/\/webpe.colegiomayor.cl\/wp-content\/uploads\/2025\/10\/Emilia-Garrido-scaled.jpeg?is-pending-load=1\" srcset=\"data:image\/png;base64,iVBORw0KGgoAAAANSUhEUgAAAE0AAABmCAYAAACOYhxFAAAACXBIWXMAAA7EAAAOxAGVKw4bAAAANUlEQVR42u3BgQAAAADDoPlTX+EAVQEAAAAAAAAAAAAAAAAAAAAAAAAAAAAAAAAAAAAAAMBrex4AARQEIPwAAAAASUVORK5CYII=\" \/><\/div><\/a><\/div><\/div>\t\t\t<\/div>\r\n\t\t<\/div>\r\n\t\t<script type=\"application\/json\" id=\"settings--uid-411df93bbe7d7756\">{\"lightbox\":{\"enable\":true,\"options\":{\"instance\":1}},\"id\":1,\"uid\":\"uid-411df93bbe7d7756\",\"modules\":[\"Lightbox\"],\"lightboxArray\":[{\"href\":\"https:\\\/\\\/webpe.colegiomayor.cl\\\/wp-content\\\/uploads\\\/2025\\\/10\\\/2CB988BF-D1F9-49DF-9DDB-3FC7772434F2-scaled.jpeg\",\"title\":\"2CB988BF-D1F9-49DF-9DDB-3FC7772434F2\",\"thumbnail\":\"https:\\\/\\\/webpe.colegiomayor.cl\\\/wp-content\\\/uploads\\\/2025\\\/10\\\/2CB988BF-D1F9-49DF-9DDB-3FC7772434F2-scaled-150x150.jpeg\",\"description\":\"\",\"is_video\":0,\"image_id\":39535,\"width\":1920,\"height\":2560},{\"href\":\"https:\\\/\\\/webpe.colegiomayor.cl\\\/wp-content\\\/uploads\\\/2025\\\/10\\\/36ba5d38-5965-4235-93de-857add5df18c.jpeg\",\"title\":\"36ba5d38-5965-4235-93de-857add5df18c\",\"thumbnail\":\"https:\\\/\\\/webpe.colegiomayor.cl\\\/wp-content\\\/uploads\\\/2025\\\/10\\\/36ba5d38-5965-4235-93de-857add5df18c-150x150.jpeg\",\"description\":\"\",\"is_video\":0,\"image_id\":39536,\"width\":1171,\"height\":779},{\"href\":\"https:\\\/\\\/webpe.colegiomayor.cl\\\/wp-content\\\/uploads\\\/2025\\\/10\\\/IMG_4160-scaled.jpeg\",\"title\":\"IMG_4160\",\"thumbnail\":\"https:\\\/\\\/webpe.colegiomayor.cl\\\/wp-content\\\/uploads\\\/2025\\\/10\\\/IMG_4160-scaled-150x150.jpeg\",\"description\":\"\",\"is_video\":0,\"image_id\":39537,\"width\":1707,\"height\":2560},{\"href\":\"https:\\\/\\\/webpe.colegiomayor.cl\\\/wp-content\\\/uploads\\\/2025\\\/10\\\/IMG_7601.jpeg\",\"title\":\"IMG_7601\",\"thumbnail\":\"https:\\\/\\\/webpe.colegiomayor.cl\\\/wp-content\\\/uploads\\\/2025\\\/10\\\/IMG_7601-150x150.jpeg\",\"description\":\"\",\"is_video\":0,\"image_id\":39538,\"width\":1063,\"height\":775},{\"href\":\"https:\\\/\\\/webpe.colegiomayor.cl\\\/wp-content\\\/uploads\\\/2025\\\/10\\\/Emilia-Garrido-en-Brasil-scaled.jpeg\",\"title\":\"Emilia Garrido en Brasil\",\"thumbnail\":\"https:\\\/\\\/webpe.colegiomayor.cl\\\/wp-content\\\/uploads\\\/2025\\\/10\\\/Emilia-Garrido-en-Brasil-scaled-150x150.jpeg\",\"description\":\"\",\"is_video\":0,\"image_id\":39524,\"width\":1920,\"height\":2560},{\"href\":\"https:\\\/\\\/webpe.colegiomayor.cl\\\/wp-content\\\/uploads\\\/2025\\\/10\\\/Emilia-Garrido-scaled.jpeg\",\"title\":\"Emilia Garrido\",\"thumbnail\":\"https:\\\/\\\/webpe.colegiomayor.cl\\\/wp-content\\\/uploads\\\/2025\\\/10\\\/Emilia-Garrido-scaled-150x150.jpeg\",\"description\":\"\",\"is_video\":0,\"image_id\":39525,\"width\":1920,\"height\":2560}],\"items\":[{\"href\":\"https:\\\/\\\/webpe.colegiomayor.cl\\\/wp-content\\\/uploads\\\/2025\\\/10\\\/2CB988BF-D1F9-49DF-9DDB-3FC7772434F2-scaled.jpeg\",\"title\":\"2CB988BF-D1F9-49DF-9DDB-3FC7772434F2\",\"thumbnail\":\"https:\\\/\\\/webpe.colegiomayor.cl\\\/wp-content\\\/uploads\\\/2025\\\/10\\\/2CB988BF-D1F9-49DF-9DDB-3FC7772434F2-scaled-150x150.jpeg\",\"description\":\"\",\"is_video\":0,\"image_id\":39535,\"width\":1920,\"height\":2560},{\"href\":\"https:\\\/\\\/webpe.colegiomayor.cl\\\/wp-content\\\/uploads\\\/2025\\\/10\\\/36ba5d38-5965-4235-93de-857add5df18c.jpeg\",\"title\":\"36ba5d38-5965-4235-93de-857add5df18c\",\"thumbnail\":\"https:\\\/\\\/webpe.colegiomayor.cl\\\/wp-content\\\/uploads\\\/2025\\\/10\\\/36ba5d38-5965-4235-93de-857add5df18c-150x150.jpeg\",\"description\":\"\",\"is_video\":0,\"image_id\":39536,\"width\":1171,\"height\":779},{\"href\":\"https:\\\/\\\/webpe.colegiomayor.cl\\\/wp-content\\\/uploads\\\/2025\\\/10\\\/IMG_4160-scaled.jpeg\",\"title\":\"IMG_4160\",\"thumbnail\":\"https:\\\/\\\/webpe.colegiomayor.cl\\\/wp-content\\\/uploads\\\/2025\\\/10\\\/IMG_4160-scaled-150x150.jpeg\",\"description\":\"\",\"is_video\":0,\"image_id\":39537,\"width\":1707,\"height\":2560},{\"href\":\"https:\\\/\\\/webpe.colegiomayor.cl\\\/wp-content\\\/uploads\\\/2025\\\/10\\\/IMG_7601.jpeg\",\"title\":\"IMG_7601\",\"thumbnail\":\"https:\\\/\\\/webpe.colegiomayor.cl\\\/wp-content\\\/uploads\\\/2025\\\/10\\\/IMG_7601-150x150.jpeg\",\"description\":\"\",\"is_video\":0,\"image_id\":39538,\"width\":1063,\"height\":775},{\"href\":\"https:\\\/\\\/webpe.colegiomayor.cl\\\/wp-content\\\/uploads\\\/2025\\\/10\\\/Emilia-Garrido-en-Brasil-scaled.jpeg\",\"title\":\"Emilia Garrido en Brasil\",\"thumbnail\":\"https:\\\/\\\/webpe.colegiomayor.cl\\\/wp-content\\\/uploads\\\/2025\\\/10\\\/Emilia-Garrido-en-Brasil-scaled-150x150.jpeg\",\"description\":\"\",\"is_video\":0,\"image_id\":39524,\"width\":1920,\"height\":2560},{\"href\":\"https:\\\/\\\/webpe.colegiomayor.cl\\\/wp-content\\\/uploads\\\/2025\\\/10\\\/Emilia-Garrido-scaled.jpeg\",\"title\":\"Emilia Garrido\",\"thumbnail\":\"https:\\\/\\\/webpe.colegiomayor.cl\\\/wp-content\\\/uploads\\\/2025\\\/10\\\/Emilia-Garrido-scaled-150x150.jpeg\",\"description\":\"\",\"is_video\":0,\"image_id\":39525,\"width\":1920,\"height\":2560}]}<\/script>\r\n\t\t<\/div>","protected":false},"excerpt":{"rendered":"<p>La estudiante del Colegio Mayor de Pe\u00f1alol\u00e9n integr\u00f3 la selecci\u00f3n chilena juvenil de nataci\u00f3n art\u00edstica que brill\u00f3 en el Sudamericano de Deportes Acu\u00e1ticos de R\u00edo de Janeiro, alcanzando el primer lugar en rutina combinada por equipos y un destacado segundo puesto en la categor\u00eda rutina&nbsp;<a href=\"https:\/\/webpe.colegiomayor.cl\/?p=39523\">&hellip;<\/a><\/p>\n","protected":false},"author":11,"featured_media":39526,"comment_status":"closed","ping_status":"closed","sticky":false,"template":"","format":"standard","meta":{"content-type":"","footnotes":""},"categories":[24,38,25,1],"tags":[138,139,143,134,141,140,136,135,142,137],"class_list":["post-39523","post","type-post","status-publish","format-standard","has-post-thumbnail","hentry","category-comunicaciones","category-comunicaciones-news","category-deportes","category-categoria-3","tag-brasil","tag-competencias","tag-competicion","tag-deporte","tag-medalla-oro","tag-medallas","tag-nado","tag-natacion","tag-oro-olimpico","tag-piscina","odd"],"rttpg_featured_image_url":{"full":["https:\/\/webpe.colegiomayor.cl\/wp-content\/uploads\/2025\/10\/Diseno-sin-titulo1.jpg",1200,675,false],"landscape":["https:\/\/webpe.colegiomayor.cl\/wp-content\/uploads\/2025\/10\/Diseno-sin-titulo1.jpg",1200,675,false],"portraits":["https:\/\/webpe.colegiomayor.cl\/wp-content\/uploads\/2025\/10\/Diseno-sin-titulo1.jpg",1200,675,false],"thumbnail":["https:\/\/webpe.colegiomayor.cl\/wp-content\/uploads\/2025\/10\/Diseno-sin-titulo1-150x150.jpg",150,150,true],"medium":["https:\/\/webpe.colegiomayor.cl\/wp-content\/uploads\/2025\/10\/Diseno-sin-titulo1-300x169.jpg",300,169,true],"large":["https:\/\/webpe.colegiomayor.cl\/wp-content\/uploads\/2025\/10\/Diseno-sin-titulo1-1024x576.jpg",1024,576,true],"1536x1536":["https:\/\/webpe.colegiomayor.cl\/wp-content\/uploads\/2025\/10\/Diseno-sin-titulo1-1200x675.jpg",1200,675,true],"2048x2048":["https:\/\/webpe.colegiomayor.cl\/wp-content\/uploads\/2025\/10\/Diseno-sin-titulo1-1200x675.jpg",1200,675,true],"post-thumbnail":["https:\/\/webpe.colegiomayor.cl\/wp-content\/uploads\/2025\/10\/Diseno-sin-titulo1-150x84.jpg",150,84,true],"ed-school-featured-image":["https:\/\/webpe.colegiomayor.cl\/wp-content\/uploads\/2025\/10\/Diseno-sin-titulo1-990x500.jpg",990,500,true],"ed-school-medium":["https:\/\/webpe.colegiomayor.cl\/wp-content\/uploads\/2025\/10\/Diseno-sin-titulo1-768x510.jpg",768,510,true],"ed-school-medium-alt":["https:\/\/webpe.colegiomayor.cl\/wp-content\/uploads\/2025\/10\/Diseno-sin-titulo1-768x410.jpg",768,410,true],"ed-school-square":["https:\/\/webpe.colegiomayor.cl\/wp-content\/uploads\/2025\/10\/Diseno-sin-titulo1-768x675.jpg",768,675,true],"ed-school-square-small":["https:\/\/webpe.colegiomayor.cl\/wp-content\/uploads\/2025\/10\/Diseno-sin-titulo1-420x420.jpg",420,420,true]},"rttpg_author":{"display_name":"Francisco Arriagada","author_link":"https:\/\/webpe.colegiomayor.cl\/?author=11"},"rttpg_comment":0,"rttpg_category":"<a href=\"https:\/\/webpe.colegiomayor.cl\/?cat=24\" rel=\"category\">COMUNICACIONES<\/a> <a href=\"https:\/\/webpe.colegiomayor.cl\/?cat=38\" rel=\"category\">Comunicaciones-NEWS<\/a> <a href=\"https:\/\/webpe.colegiomayor.cl\/?cat=25\" rel=\"category\">DEPORTES<\/a> <a href=\"https:\/\/webpe.colegiomayor.cl\/?cat=1\" rel=\"category\">NOTICIAS<\/a>","rttpg_excerpt":"La estudiante del Colegio Mayor de Pe\u00f1alol\u00e9n integr\u00f3 la selecci\u00f3n chilena juvenil de nataci\u00f3n art\u00edstica que brill\u00f3 en el Sudamericano de Deportes Acu\u00e1ticos de R\u00edo de Janeiro, alcanzando el primer lugar en rutina combinada por equipos y un destacado segundo puesto en la categor\u00eda rutina&nbsp;&hellip;","_links":{"self":[{"href":"https:\/\/webpe.colegiomayor.cl\/index.php?rest_route=\/wp\/v2\/posts\/39523","targetHints":{"allow":["GET"]}}],"collection":[{"href":"https:\/\/webpe.colegiomayor.cl\/index.php?rest_route=\/wp\/v2\/posts"}],"about":[{"href":"https:\/\/webpe.colegiomayor.cl\/index.php?rest_route=\/wp\/v2\/types\/post"}],"author":[{"embeddable":true,"href":"https:\/\/webpe.colegiomayor.cl\/index.php?rest_route=\/wp\/v2\/users\/11"}],"replies":[{"embeddable":true,"href":"https:\/\/webpe.colegiomayor.cl\/index.php?rest_route=%2Fwp%2Fv2%2Fcomments&post=39523"}],"version-history":[{"count":2,"href":"https:\/\/webpe.colegiomayor.cl\/index.php?rest_route=\/wp\/v2\/posts\/39523\/revisions"}],"predecessor-version":[{"id":39540,"href":"https:\/\/webpe.colegiomayor.cl\/index.php?rest_route=\/wp\/v2\/posts\/39523\/revisions\/39540"}],"wp:featuredmedia":[{"embeddable":true,"href":"https:\/\/webpe.colegiomayor.cl\/index.php?rest_route=\/wp\/v2\/media\/39526"}],"wp:attachment":[{"href":"https:\/\/webpe.colegiomayor.cl\/index.php?rest_route=%2Fwp%2Fv2%2Fmedia&parent=39523"}],"wp:term":[{"taxonomy":"category","embeddable":true,"href":"https:\/\/webpe.colegiomayor.cl\/index.php?rest_route=%2Fwp%2Fv2%2Fcategories&post=39523"},{"taxonomy":"post_tag","embeddable":true,"href":"https:\/\/webpe.colegiomayor.cl\/index.php?rest_route=%2Fwp%2Fv2%2Ftags&post=39523"}],"curies":[{"name":"wp","href":"https:\/\/api.w.org\/{rel}","templated":true}]}}