{"id":39516,"date":"2025-10-07T11:09:28","date_gmt":"2025-10-07T14:09:28","guid":{"rendered":"https:\/\/webpe.colegiomayor.cl\/?p=39516"},"modified":"2025-10-07T14:15:39","modified_gmt":"2025-10-07T17:15:39","slug":"campeon-resiliente-david-valenzuela-volvio-a-las-pistas-de-bmx-race-tras-superar-una-rebelde-bacteria","status":"publish","type":"post","link":"https:\/\/webpe.colegiomayor.cl\/?p=39516","title":{"rendered":"Campe\u00f3n resiliente: David Valenzuela volvi\u00f3 a las pistas de BMX Race tras superar una rebelde bacteria"},"content":{"rendered":"\n<h4 class=\"wp-block-heading\">David Valenzuela, estudiante de 10 a\u00f1os del Colegio Mayor de Pe\u00f1alol\u00e9n, enfrent\u00f3 semanas complicadas producto de Micoplasma pneumoniae, una bacteria conocida por causar neumon\u00edas at\u00edpicas. Ya recuperado, volvi\u00f3 a competir el fin de semana en Chill\u00e1n, donde disput\u00f3 la quinta y sexta fecha de la Copa Chile de BMX Race.<\/h4>\n\n\n\n<p>Nuestro estudiante David Valenzuela, de 10 a\u00f1os y actual tricampe\u00f3n nacional de BMX Race, enfrent\u00f3 semanas complejas debido a problemas respiratorios provocados por una infecci\u00f3n bacteriana. Ya completamente recuperado, volvi\u00f3 a competir el fin de semana en Chill\u00e1n, donde particip\u00f3 en la quinta y sexta fecha de la Copa Chile de BMX Race.<\/p>\n\n\n\n<p>Despu\u00e9s de m\u00e1s de tres meses alejado de su mejor nivel, David regres\u00f3 a las pistas con un desempe\u00f1o notable. En la quinta jornada obtuvo el tercer lugar, mientras que en la sexta se qued\u00f3 con el primer puesto, resultados que lo consolidan como uno de los l\u00edderes de la tabla general en su categor\u00eda.<\/p>\n\n\n\n<p>Su regreso no fue sencillo. Desde junio, comenz\u00f3 a presentar s\u00edntomas respiratorios como tos persistente, fatiga y malestares generales. En un inicio fue tratado por cuadros de bronquitis y faringitis, pero al no mejorar, su familia acudi\u00f3 a un especialista que dio con el diagn\u00f3stico correcto: una infecci\u00f3n por Micoplasma pneumoniae, bacteria que puede provocar neumon\u00edas at\u00edpicas y extenderse por semanas si no se detecta a tiempo.<\/p>\n\n\n\n<p>\u201cYo encontraba raro que tuviera tantos resfr\u00edos seguidos. Dec\u00eda: \u2018\u00a1C\u00f3mo tanta mala suerte!\u2019, jam\u00e1s pens\u00e9 que ten\u00eda una bacteria\u201d, recuerda Ingrid P\u00e9rez, madre de David. Gracias a un tratamiento con antibi\u00f3ticos, nuestro estudiante logr\u00f3 finalmente superar la enfermedad. \u201c\u00c9l estaba tosiendo todo el tiempo, pero a pesar de eso no deca\u00eda. Segu\u00eda entrenando como pod\u00eda, tiene mucho car\u00e1cter. En estas \u00faltimas competencias, incluso teniendo buenos resultados, no qued\u00f3 del todo satisfecho. Es muy competitivo y no considera que viene saliendo de una enfermedad\u201d, agrega.<\/p>\n\n\n\n<p>David valora sus resultados en Chill\u00e1n, aunque mantiene la autoexigencia que lo caracteriza. Reconoce que tuvo buenos tiempos, pero que a\u00fan puede rendir mejor. \u201cEstuve tres meses con una bacteria que me complic\u00f3 los entrenamientos. Algunas veces no pude ir porque me sent\u00eda muy mal, aunque la mayor\u00eda igual iba, pero no era lo mismo. A veces no pod\u00eda parar de toser y no respiraba bien. Ahora estoy intentando volver al cien por ciento\u201d, comenta con madurez.<\/p>\n\n\n\n<p>De vuelta en plena forma y con hambre de triunfo, nuestro deportista tiene un objetivo claro: cerrar la temporada y conseguir el tetracampeonato nacional. \u201cMe siento mucho mejor. Lo \u00fanico que pienso es en seguir entrenando duro, porque si hago eso, los resultados llegar\u00e1n solos\u201d, concluye.<\/p>\n\n\n\n<p>Como comunidad educativa, felicitamos a David por su esfuerzo, perseverancia y destacada participaci\u00f3n, valores que reflejan fielmente el esp\u00edritu del Colegio Mayor Pe\u00f1alol\u00e9n. Celebramos sus logros deportivos y el ejemplo que entrega a sus compa\u00f1eros y compa\u00f1eras, dese\u00e1ndole el mayor de los \u00e9xitos en la recta final de la temporada.<\/p>\n\n\n<style>.uid-8d402d3e95f44b34  .gt3pg-isotope-item {\n\tpadding-right: 20px;\n\tpadding-bottom: 20px;\n}\n.uid-8d402d3e95f44b34  .gallery-isotope-wrapper {\n\tmargin-right: -20px;\n\tmargin-bottom: -20px;\n}\n<\/style><div id=\"uid-8d402d3e95f44b34\" data-gt3pg-block=\"masonry\" data-index=\"1\" class=\"gt3-photo-gallery-pro--isotope_gallery uid-8d402d3e95f44b34 gt3pg-pro--wrapper gt3pg-pro--masonry \">\t\t<div data-cols=\"2\" data-cols-tablet=\"2\" data-cols-mobile=\"2\" class=\"gt3pg-isotope-gallery columns-2 hover-default gallery-masonry corner-standard\" data-settings=\"{&quot;lightbox&quot;:{&quot;enable&quot;:true,&quot;options&quot;:{&quot;instance&quot;:1}},&quot;id&quot;:1,&quot;uid&quot;:&quot;uid-8d402d3e95f44b34&quot;,&quot;modules&quot;:[&quot;Lightbox&quot;],&quot;lightboxArray&quot;:[{&quot;href&quot;:&quot;https:\\\/\\\/webpe.colegiomayor.cl\\\/wp-content\\\/uploads\\\/2025\\\/10\\\/WhatsApp-Image-2025-10-07-at-10.30.21.jpeg&quot;,&quot;title&quot;:&quot;WhatsApp Image 2025-10-07 at 10.30.21&quot;,&quot;thumbnail&quot;:&quot;https:\\\/\\\/webpe.colegiomayor.cl\\\/wp-content\\\/uploads\\\/2025\\\/10\\\/WhatsApp-Image-2025-10-07-at-10.30.21-150x150.jpeg&quot;,&quot;description&quot;:&quot;&quot;,&quot;is_video&quot;:0,&quot;image_id&quot;:39517,&quot;width&quot;:720,&quot;height&quot;:1280},{&quot;href&quot;:&quot;https:\\\/\\\/webpe.colegiomayor.cl\\\/wp-content\\\/uploads\\\/2025\\\/10\\\/WhatsApp-Image-2025-10-07-at-10.32.34.jpeg&quot;,&quot;title&quot;:&quot;WhatsApp Image 2025-10-07 at 10.32.34&quot;,&quot;thumbnail&quot;:&quot;https:\\\/\\\/webpe.colegiomayor.cl\\\/wp-content\\\/uploads\\\/2025\\\/10\\\/WhatsApp-Image-2025-10-07-at-10.32.34-150x150.jpeg&quot;,&quot;description&quot;:&quot;&quot;,&quot;is_video&quot;:0,&quot;image_id&quot;:39518,&quot;width&quot;:829,&quot;height&quot;:1280}],&quot;items&quot;:[{&quot;href&quot;:&quot;https:\\\/\\\/webpe.colegiomayor.cl\\\/wp-content\\\/uploads\\\/2025\\\/10\\\/WhatsApp-Image-2025-10-07-at-10.30.21.jpeg&quot;,&quot;title&quot;:&quot;WhatsApp Image 2025-10-07 at 10.30.21&quot;,&quot;thumbnail&quot;:&quot;https:\\\/\\\/webpe.colegiomayor.cl\\\/wp-content\\\/uploads\\\/2025\\\/10\\\/WhatsApp-Image-2025-10-07-at-10.30.21-150x150.jpeg&quot;,&quot;description&quot;:&quot;&quot;,&quot;is_video&quot;:0,&quot;image_id&quot;:39517,&quot;width&quot;:720,&quot;height&quot;:1280},{&quot;href&quot;:&quot;https:\\\/\\\/webpe.colegiomayor.cl\\\/wp-content\\\/uploads\\\/2025\\\/10\\\/WhatsApp-Image-2025-10-07-at-10.32.34.jpeg&quot;,&quot;title&quot;:&quot;WhatsApp Image 2025-10-07 at 10.32.34&quot;,&quot;thumbnail&quot;:&quot;https:\\\/\\\/webpe.colegiomayor.cl\\\/wp-content\\\/uploads\\\/2025\\\/10\\\/WhatsApp-Image-2025-10-07-at-10.32.34-150x150.jpeg&quot;,&quot;description&quot;:&quot;&quot;,&quot;is_video&quot;:0,&quot;image_id&quot;:39518,&quot;width&quot;:829,&quot;height&quot;:1280}]}\">\r\n\t\t\t<div class=\"gallery-isotope-wrapper\">\r\n\t\t\t\t<div class=\"gt3pg-isotope-item loading \" ><div class=\"isotope_item-wrapper\"><a href=\"https:\/\/webpe.colegiomayor.cl\/wp-content\/uploads\/2025\/10\/WhatsApp-Image-2025-10-07-at-10.30.21.jpeg\" class=\"gt3pg-lightbox\" data-elementor-open-lightbox=\"no\"><div class=\"img-wrapper \"><img loading=\"lazy\" decoding=\"async\" width=\"720\" height=\"1280\" src=\"https:\/\/webpe.colegiomayor.cl\/wp-content\/uploads\/2025\/10\/WhatsApp-Image-2025-10-07-at-10.30.21.jpeg\" class=\"skip-lazy gt3-lazy-image\" alt=\"\" data-lazy-srcset=\"https:\/\/webpe.colegiomayor.cl\/wp-content\/uploads\/2025\/10\/WhatsApp-Image-2025-10-07-at-10.30.21.jpeg 720w, https:\/\/webpe.colegiomayor.cl\/wp-content\/uploads\/2025\/10\/WhatsApp-Image-2025-10-07-at-10.30.21-169x300.jpeg 169w, https:\/\/webpe.colegiomayor.cl\/wp-content\/uploads\/2025\/10\/WhatsApp-Image-2025-10-07-at-10.30.21-576x1024.jpeg 576w\" data-lazy-sizes=\"(max-width: 720px) 100vw, 720px\" data-lazy-src=\"https:\/\/webpe.colegiomayor.cl\/wp-content\/uploads\/2025\/10\/WhatsApp-Image-2025-10-07-at-10.30.21.jpeg?is-pending-load=1\" srcset=\"data:image\/png;base64,iVBORw0KGgoAAAANSUhEUgAAAEgAAACACAYAAACoVi+eAAAACXBIWXMAAA7EAAAOxAGVKw4bAAAAO0lEQVR42u3BMQEAAADCoPVPbQo\/oAAAAAAAAAAAAAAAAAAAAAAAAAAAAAAAAAAAAAAAAAAAAAAAgLcBkIAAAbNfO30AAAAASUVORK5CYII=\" \/><\/div><\/a><\/div><\/div><div class=\"gt3pg-isotope-item loading \" ><div class=\"isotope_item-wrapper\"><a href=\"https:\/\/webpe.colegiomayor.cl\/wp-content\/uploads\/2025\/10\/WhatsApp-Image-2025-10-07-at-10.32.34.jpeg\" class=\"gt3pg-lightbox\" data-elementor-open-lightbox=\"no\"><div class=\"img-wrapper \"><img loading=\"lazy\" decoding=\"async\" width=\"768\" height=\"1186\" src=\"https:\/\/webpe.colegiomayor.cl\/wp-content\/uploads\/2025\/10\/WhatsApp-Image-2025-10-07-at-10.32.34.jpeg\" class=\"skip-lazy gt3-lazy-image\" alt=\"\" data-lazy-srcset=\"https:\/\/webpe.colegiomayor.cl\/wp-content\/uploads\/2025\/10\/WhatsApp-Image-2025-10-07-at-10.32.34.jpeg 829w, https:\/\/webpe.colegiomayor.cl\/wp-content\/uploads\/2025\/10\/WhatsApp-Image-2025-10-07-at-10.32.34-194x300.jpeg 194w, https:\/\/webpe.colegiomayor.cl\/wp-content\/uploads\/2025\/10\/WhatsApp-Image-2025-10-07-at-10.32.34-663x1024.jpeg 663w\" data-lazy-sizes=\"(max-width: 768px) 100vw, 768px\" data-lazy-src=\"https:\/\/webpe.colegiomayor.cl\/wp-content\/uploads\/2025\/10\/WhatsApp-Image-2025-10-07-at-10.32.34.jpeg?is-pending-load=1\" srcset=\"data:image\/png;base64,iVBORw0KGgoAAAANSUhEUgAAAE0AAAB2CAYAAACNtB7eAAAACXBIWXMAAA7EAAAOxAGVKw4bAAAAOklEQVR42u3BMQEAAADCoPVPbQlPoAAAAAAAAAAAAAAAAAAAAAAAAAAAAAAAAAAAAAAAAAAAAAAA+BuObgABvL2sKAAAAABJRU5ErkJggg==\" \/><\/div><\/a><\/div><\/div>\t\t\t<\/div>\r\n\t\t<\/div>\r\n\t\t<script type=\"application\/json\" id=\"settings--uid-8d402d3e95f44b34\">{\"lightbox\":{\"enable\":true,\"options\":{\"instance\":1}},\"id\":1,\"uid\":\"uid-8d402d3e95f44b34\",\"modules\":[\"Lightbox\"],\"lightboxArray\":[{\"href\":\"https:\\\/\\\/webpe.colegiomayor.cl\\\/wp-content\\\/uploads\\\/2025\\\/10\\\/WhatsApp-Image-2025-10-07-at-10.30.21.jpeg\",\"title\":\"WhatsApp Image 2025-10-07 at 10.30.21\",\"thumbnail\":\"https:\\\/\\\/webpe.colegiomayor.cl\\\/wp-content\\\/uploads\\\/2025\\\/10\\\/WhatsApp-Image-2025-10-07-at-10.30.21-150x150.jpeg\",\"description\":\"\",\"is_video\":0,\"image_id\":39517,\"width\":720,\"height\":1280},{\"href\":\"https:\\\/\\\/webpe.colegiomayor.cl\\\/wp-content\\\/uploads\\\/2025\\\/10\\\/WhatsApp-Image-2025-10-07-at-10.32.34.jpeg\",\"title\":\"WhatsApp Image 2025-10-07 at 10.32.34\",\"thumbnail\":\"https:\\\/\\\/webpe.colegiomayor.cl\\\/wp-content\\\/uploads\\\/2025\\\/10\\\/WhatsApp-Image-2025-10-07-at-10.32.34-150x150.jpeg\",\"description\":\"\",\"is_video\":0,\"image_id\":39518,\"width\":829,\"height\":1280}],\"items\":[{\"href\":\"https:\\\/\\\/webpe.colegiomayor.cl\\\/wp-content\\\/uploads\\\/2025\\\/10\\\/WhatsApp-Image-2025-10-07-at-10.30.21.jpeg\",\"title\":\"WhatsApp Image 2025-10-07 at 10.30.21\",\"thumbnail\":\"https:\\\/\\\/webpe.colegiomayor.cl\\\/wp-content\\\/uploads\\\/2025\\\/10\\\/WhatsApp-Image-2025-10-07-at-10.30.21-150x150.jpeg\",\"description\":\"\",\"is_video\":0,\"image_id\":39517,\"width\":720,\"height\":1280},{\"href\":\"https:\\\/\\\/webpe.colegiomayor.cl\\\/wp-content\\\/uploads\\\/2025\\\/10\\\/WhatsApp-Image-2025-10-07-at-10.32.34.jpeg\",\"title\":\"WhatsApp Image 2025-10-07 at 10.32.34\",\"thumbnail\":\"https:\\\/\\\/webpe.colegiomayor.cl\\\/wp-content\\\/uploads\\\/2025\\\/10\\\/WhatsApp-Image-2025-10-07-at-10.32.34-150x150.jpeg\",\"description\":\"\",\"is_video\":0,\"image_id\":39518,\"width\":829,\"height\":1280}]}<\/script>\r\n\t\t<\/div>\n\n\n<figure class=\"wp-block-video\"><video height=\"384\" style=\"aspect-ratio: 848 \/ 384;\" width=\"848\" controls src=\"https:\/\/webpe.colegiomayor.cl\/wp-content\/uploads\/2025\/10\/WhatsApp-Video-2025-10-07-at-10.36.45.mp4\"><\/video><\/figure>\n\n\n\n<p><\/p>\n","protected":false},"excerpt":{"rendered":"<p>David Valenzuela, estudiante de 10 a\u00f1os del Colegio Mayor de Pe\u00f1alol\u00e9n, enfrent\u00f3 semanas complicadas producto de Micoplasma pneumoniae, una bacteria conocida por causar neumon\u00edas at\u00edpicas. Ya recuperado, volvi\u00f3 a competir el fin de semana en Chill\u00e1n, donde disput\u00f3 la quinta y sexta fecha de la&nbsp;<a href=\"https:\/\/webpe.colegiomayor.cl\/?p=39516\">&hellip;<\/a><\/p>\n","protected":false},"author":11,"featured_media":39522,"comment_status":"closed","ping_status":"closed","sticky":false,"template":"","format":"standard","meta":{"content-type":"","footnotes":""},"categories":[24,38,25,1],"tags":[131,130,132,129,66,133],"class_list":["post-39516","post","type-post","status-publish","format-standard","has-post-thumbnail","hentry","category-comunicaciones","category-comunicaciones-news","category-deportes","category-categoria-3","tag-bmx","tag-colegio-mayor-penalolen","tag-copa-chile","tag-david-valenzuela","tag-deporte-escolar","tag-triunfo-deportivo","odd"],"rttpg_featured_image_url":{"full":["https:\/\/webpe.colegiomayor.cl\/wp-content\/uploads\/2025\/10\/Diseno-sin-titulo.jpg",1200,675,false],"landscape":["https:\/\/webpe.colegiomayor.cl\/wp-content\/uploads\/2025\/10\/Diseno-sin-titulo.jpg",1200,675,false],"portraits":["https:\/\/webpe.colegiomayor.cl\/wp-content\/uploads\/2025\/10\/Diseno-sin-titulo.jpg",1200,675,false],"thumbnail":["https:\/\/webpe.colegiomayor.cl\/wp-content\/uploads\/2025\/10\/Diseno-sin-titulo-150x150.jpg",150,150,true],"medium":["https:\/\/webpe.colegiomayor.cl\/wp-content\/uploads\/2025\/10\/Diseno-sin-titulo-300x169.jpg",300,169,true],"large":["https:\/\/webpe.colegiomayor.cl\/wp-content\/uploads\/2025\/10\/Diseno-sin-titulo-1024x576.jpg",1024,576,true],"1536x1536":["https:\/\/webpe.colegiomayor.cl\/wp-content\/uploads\/2025\/10\/Diseno-sin-titulo-1200x675.jpg",1200,675,true],"2048x2048":["https:\/\/webpe.colegiomayor.cl\/wp-content\/uploads\/2025\/10\/Diseno-sin-titulo-1200x675.jpg",1200,675,true],"post-thumbnail":["https:\/\/webpe.colegiomayor.cl\/wp-content\/uploads\/2025\/10\/Diseno-sin-titulo-150x84.jpg",150,84,true],"ed-school-featured-image":["https:\/\/webpe.colegiomayor.cl\/wp-content\/uploads\/2025\/10\/Diseno-sin-titulo-990x500.jpg",990,500,true],"ed-school-medium":["https:\/\/webpe.colegiomayor.cl\/wp-content\/uploads\/2025\/10\/Diseno-sin-titulo-768x510.jpg",768,510,true],"ed-school-medium-alt":["https:\/\/webpe.colegiomayor.cl\/wp-content\/uploads\/2025\/10\/Diseno-sin-titulo-768x410.jpg",768,410,true],"ed-school-square":["https:\/\/webpe.colegiomayor.cl\/wp-content\/uploads\/2025\/10\/Diseno-sin-titulo-768x675.jpg",768,675,true],"ed-school-square-small":["https:\/\/webpe.colegiomayor.cl\/wp-content\/uploads\/2025\/10\/Diseno-sin-titulo-420x420.jpg",420,420,true]},"rttpg_author":{"display_name":"Francisco Arriagada","author_link":"https:\/\/webpe.colegiomayor.cl\/?author=11"},"rttpg_comment":0,"rttpg_category":"<a href=\"https:\/\/webpe.colegiomayor.cl\/?cat=24\" rel=\"category\">COMUNICACIONES<\/a> <a href=\"https:\/\/webpe.colegiomayor.cl\/?cat=38\" rel=\"category\">Comunicaciones-NEWS<\/a> <a href=\"https:\/\/webpe.colegiomayor.cl\/?cat=25\" rel=\"category\">DEPORTES<\/a> <a href=\"https:\/\/webpe.colegiomayor.cl\/?cat=1\" rel=\"category\">NOTICIAS<\/a>","rttpg_excerpt":"David Valenzuela, estudiante de 10 a\u00f1os del Colegio Mayor de Pe\u00f1alol\u00e9n, enfrent\u00f3 semanas complicadas producto de Micoplasma pneumoniae, una bacteria conocida por causar neumon\u00edas at\u00edpicas. Ya recuperado, volvi\u00f3 a competir el fin de semana en Chill\u00e1n, donde disput\u00f3 la quinta y sexta fecha de la&nbsp;&hellip;","_links":{"self":[{"href":"https:\/\/webpe.colegiomayor.cl\/index.php?rest_route=\/wp\/v2\/posts\/39516","targetHints":{"allow":["GET"]}}],"collection":[{"href":"https:\/\/webpe.colegiomayor.cl\/index.php?rest_route=\/wp\/v2\/posts"}],"about":[{"href":"https:\/\/webpe.colegiomayor.cl\/index.php?rest_route=\/wp\/v2\/types\/post"}],"author":[{"embeddable":true,"href":"https:\/\/webpe.colegiomayor.cl\/index.php?rest_route=\/wp\/v2\/users\/11"}],"replies":[{"embeddable":true,"href":"https:\/\/webpe.colegiomayor.cl\/index.php?rest_route=%2Fwp%2Fv2%2Fcomments&post=39516"}],"version-history":[{"count":2,"href":"https:\/\/webpe.colegiomayor.cl\/index.php?rest_route=\/wp\/v2\/posts\/39516\/revisions"}],"predecessor-version":[{"id":39534,"href":"https:\/\/webpe.colegiomayor.cl\/index.php?rest_route=\/wp\/v2\/posts\/39516\/revisions\/39534"}],"wp:featuredmedia":[{"embeddable":true,"href":"https:\/\/webpe.colegiomayor.cl\/index.php?rest_route=\/wp\/v2\/media\/39522"}],"wp:attachment":[{"href":"https:\/\/webpe.colegiomayor.cl\/index.php?rest_route=%2Fwp%2Fv2%2Fmedia&parent=39516"}],"wp:term":[{"taxonomy":"category","embeddable":true,"href":"https:\/\/webpe.colegiomayor.cl\/index.php?rest_route=%2Fwp%2Fv2%2Fcategories&post=39516"},{"taxonomy":"post_tag","embeddable":true,"href":"https:\/\/webpe.colegiomayor.cl\/index.php?rest_route=%2Fwp%2Fv2%2Ftags&post=39516"}],"curies":[{"name":"wp","href":"https:\/\/api.w.org\/{rel}","templated":true}]}}