{"id":39503,"date":"2025-10-03T10:52:24","date_gmt":"2025-10-03T13:52:24","guid":{"rendered":"https:\/\/webpe.colegiomayor.cl\/?p=39503"},"modified":"2025-10-06T10:57:58","modified_gmt":"2025-10-06T13:57:58","slug":"actividades-selecciones-y-escuelas-deportivas-sabado-4-de-octubre","status":"publish","type":"post","link":"https:\/\/webpe.colegiomayor.cl\/?p=39503","title":{"rendered":"Actividades Selecciones y Escuelas Deportivas S\u00e1bado 4 de octubre"},"content":{"rendered":"\n<!DOCTYPE html>\n<html lang=\"es\">\n<head>\n    <meta charset=\"UTF-8\">\n    <meta name=\"viewport\" content=\"width=device-width, initial-scale=1.0\">\n    <title>Selecciones Deportivas<\/title>\n    <style>\n        body {\n            font-family: 'Montserrat', sans-serif;\n            background: #f4f4f4;\n            color: #333;\n            padding: 20px;\n        }\n        .container {\n            max-width: 850px;\n            margin: auto;\n            background: #fff;\n            padding: 30px;\n            border-radius: 12px;\n            box-shadow: 0 4px 12px rgba(0,0,0,0.1);\n            line-height: 1.7;\n        }\n        h2 {\n            text-align: center;\n            color: #2c3e50;\n            font-weight: 700;\n            margin-bottom: 5px;\n        }\n        h3 {\n            text-align: center;\n            color: #16a085;\n            font-weight: 600;\n            margin-top: 0;\n            margin-bottom: 25px;\n        }\n        .disciplina {\n            padding: 20px;\n            margin-bottom: 20px;\n            border-left: 8px solid;\n            border-radius: 8px;\n            background: #fafafa;\n        }\n        .disciplina strong {\n            font-size: 20px;\n            display: block;\n            margin-bottom: 5px;\n        }\n        .atletismo {border-color: #2980b9;}\n        .basket {border-color: #e67e22;}\n        .gimnasia {border-color: #c0392b;}\n        .natacion {border-color: #27ae60;}\n        .tenis {border-color: #8e44ad;}\n        .cheer {border-color: #e84393;}\n        .vmasc {border-color: #3498db;}\n        .vfem {border-color: #9b59b6;}\n        .futbol {border-color: #2ecc71;}\n        u {color: #555;}\n        em {color: #666;}\n        .pendiente {\n            background-color: #fff3cd;\n            border-left-color: #ffc107;\n        }\n    <\/style>\n<\/head>\n<body>\n    <div class=\"container\">\n        <h2>Selecciones Deportivas<\/h2>\n        <h3>S\u00e1bado 04 de octubre<\/h3>\n\n        <div class=\"disciplina atletismo\">\n            <strong>Atletismo<\/strong>\n            <u>Inter Escolar mixto de Atletismo de Los Lagos<\/u><br>\n            Fechas: Viernes 03, s\u00e1bado 04 y domingo 05<br>\n            <em>Se suspenden los entrenamientos de los d\u00edas viernes 03, s\u00e1bado 04 y lunes 06 de octubre.<\/em>\n        <\/div>\n\n        <div class=\"disciplina basket\">\n            <strong>B\u00e1squetbol<\/strong>\n            <u>COPA UC<\/u><br>\n            Serie Infantil \u2013 Rival: Colegio San Agust\u00edn<br>\n            Horario de partido: 09:00 hrs. \/ Citaci\u00f3n: 08:30 hrs.<br>\n            Serie Mini \u2013 Horario de partido: 10:15 hrs. \/ Citaci\u00f3n: 09:40 hrs.<br>\n            Lugar: Colegio San Agust\u00edn (Duble Almeyda #4950, \u00d1u\u00f1oa)<br>\n            <em>Profesor a cargo:<\/em> Carlos Cerecera<br><br>\n            \n            <u>Liforbasket &#8211; Jornada 2<\/u><br>\n            Hora: 09:00 a 13:00 hrs.<br>\n            Lugar: Multicanchas Estadio Mayor<br>\n            Mini primer a\u00f1o<br>\n            <em>Profesor a cargo:<\/em> Nicol\u00e1s Ortiz<br><br>\n            \n            Series Intermedia y Superior \u2013 Sin Actividades\n        <\/div>\n\n        <div class=\"disciplina gimnasia\">\n            <strong>Gimnasia Art\u00edstica<\/strong>\n            <u>Competencia nivel Inicial 0<\/u><br>\n            Citaci\u00f3n: 08:00 hrs.<br>\n            Lugar: Colegio Monte Tabor y Nazaret (Avenida Pie Andino #5894, Lo Barnechea)<br>\n            <em>Profesores a cargo:<\/em> Loreto Erazo, Catalina Cuevas<br><br>\n            \n            <u>Jornada de evaluaci\u00f3n juezas<\/u><br>\n            Horario: 08:50 hrs.<br>\n            Lugar: Carpeta Estadio Mayor<br>\n            <em>Profesor a cargo:<\/em> Yabhet Oblitas<br><br>\n            \n            Entrenamiento selecci\u00f3n suspendido.\n        <\/div>\n\n        <div class=\"disciplina natacion\">\n            <strong>Nataci\u00f3n<\/strong>\n            <u>Entrenamiento<\/u><br>\n            Grupo 1\u00b0 a 5\u00b0 b\u00e1sico \u2013 Hora: 11:00 a 12:00 hrs.<br>\n            Lugar: Piscina Estadio Mayor<br>\n            <em>Profesora a cargo:<\/em> Katalina Bravo<br><br>\n            \n            <u>Competencia Copa Chile<\/u><br>\n            Grupo competitivo (4\u00b0 b\u00e1sico a IV medio)<br>\n            Fechas: Viernes 03, s\u00e1bado 04 y domingo 05<br>\n            Lugar: Piscina ol\u00edmpica Estadio Nacional<br>\n            Citaci\u00f3n: 07:00 hrs.<br>\n            <em>Profesores:<\/em> Sim\u00f3n Fern\u00e1ndez, Mat\u00edas Jaque\n        <\/div>\n\n        <div class=\"disciplina tenis\">\n            <strong>Tenis<\/strong>\n            <u>Torneo Escolar Mario Caracci<\/u><br>\n            Categor\u00eda damas 16 \u2013 Hora: 5 octubre 13:00 hrs.<br>\n            Categor\u00eda varones 10 \u2013 Hora: 4 octubre 14:00 hrs.<br>\n            Categor\u00eda varones 18 \u2013 Hora: 4 octubre 17:00 hrs.<br>\n            Lugar: Estadio San Carlos de Apoquindo (Camino Las Flores 13.000, Las Condes)<br>\n            <em>Profesores a cargo:<\/em> Hern\u00e1n P\u00e9rez, Claudio Catal\u00e1n<br><br>\n            \n            Entrenamiento suspendido\n        <\/div>\n\n        <div class=\"disciplina cheer\">\n            <strong>Cheerleader<\/strong>\n            Categor\u00eda Senior \u2013 Hora: 07:30 a 09:00 hrs. \/ Lugar: Gimnasio Hurac\u00e1n (Walker Mart\u00ednez #5520, San Miguel)<br>\n            Categor\u00eda Junior \u2013 Hora: 09:30 a 11:30 hrs. \/ Lugar: Foro Colegio Mayor<br><br>\n            \n            <u>Domingo 5 de octubre<\/u> \u2013 Campeonato &#8220;The Films CSChile&#8221;<br>\n            Lugar: Centro de eventos Chimkowe<br>\n            Citaci\u00f3n Junior: 10:15 hrs. \/ Citaci\u00f3n Senior: 08:30 hrs.<br>\n            <em>Profesores a cargo:<\/em> Daniela Acu\u00f1a, Ricardo Vergara\n        <\/div>\n\n        <div class=\"disciplina vmasc\">\n            <strong>Voleibol Masculino<\/strong>\n            <u>Categor\u00eda Mini &#8211; Torneo UC<\/u><br>\n            Citaci\u00f3n: 10:00 hrs. \/ Partido: 11:00 hrs.<br>\n            Rival: Colegio Domingo Matte<br>\n            Lugar: Colegio Domingo Matte (Tocornal Grez 440, Puente Alto)<br>\n            <em>Profesor a cargo:<\/em> Valent\u00edn Tamayo<br><br>\n            \n            <u>Entrenamiento (No Citados)<\/u><br>\n            Lugar: Foro \/ Hora: 09:00 a 11:00 hrs.<br>\n            <em>Profesor a cargo:<\/em> Cristi\u00e1n Henr\u00edquez<br><br>\n            \n            <u>Categor\u00eda Infantil &#8211; Torneo UC<\/u><br>\n            Citaci\u00f3n: 11:00 hrs. \/ Partido: 12:00 hrs.<br>\n            Rival: Colegio Domingo Matte<br>\n            Lugar: Colegio Domingo Matte (Tocornal Grez 440, Puente Alto)<br>\n            <em>Profesor a cargo:<\/em> Valent\u00edn Tamayo<br><br>\n            \n            Categor\u00eda Superior \u2013 Sin Actividades\n        <\/div>\n\n        <div class=\"disciplina vfem\">\n            <strong>Voleibol Femenino<\/strong>\n            <u>Categor\u00eda Infantil &#8211; Torneo UC<\/u><br>\n            Citaci\u00f3n: 09:00 hrs.<br>\n            Rival: Trewhelas de Chicureo<br>\n            Lugar: Carpeta, Colegio Mayor<br>\n            <em>Profesor a cargo:<\/em> Pablo Beltr\u00e1n<br><br>\n            \n            <u>Categor\u00eda Mini &#8211; Torneo UC<\/u><br>\n            Citaci\u00f3n: 08:15 hrs.<br>\n            Rival: Trewhelas de Chicureo<br>\n            Lugar: Carpeta, Colegio Mayor<br>\n            <em>Profesor a cargo:<\/em> Pablo Beltr\u00e1n<br><br>\n            \n            <u>Masivo de Voleibol &#8211; Amistoso 5\u00b0 y 6\u00b0 b\u00e1sico<\/u><br>\n            Citaci\u00f3n: 08:15 hrs.<br>\n            Rival: Colegio Saint Gabriel<br>\n            Lugar: Colegio Saint Gabriel (Lo Fontecilla #440, Las Condes)<br>\n            <em>Profesor a cargo:<\/em> Joaqu\u00edn M\u00e9ndez\n        <\/div>\n\n        <div class=\"disciplina futbol pendiente\">\n            <strong>F\u00fatbol<\/strong>\n            <em>Pendiente &#8211; A la espera de programaci\u00f3n.<\/em>\n        <\/div>\n    <\/div>\n<\/body>\n<\/html>\n\n\n\n<p><br><\/p>\n","protected":false},"excerpt":{"rendered":"<p>Selecciones Deportivas Selecciones Deportivas S\u00e1bado 04 de octubre Atletismo Inter Escolar mixto de Atletismo de Los Lagos Fechas: Viernes 03, s\u00e1bado 04 y domingo 05 Se suspenden los entrenamientos de los d\u00edas viernes 03, s\u00e1bado 04 y lunes 06 de octubre. B\u00e1squetbol COPA UC Serie&nbsp;<a href=\"https:\/\/webpe.colegiomayor.cl\/?p=39503\">&hellip;<\/a><\/p>\n","protected":false},"author":11,"featured_media":37185,"comment_status":"closed","ping_status":"closed","sticky":false,"template":"","format":"standard","meta":{"content-type":"","footnotes":""},"categories":[25,44],"tags":[101,103],"class_list":["post-39503","post","type-post","status-publish","format-standard","has-post-thumbnail","hentry","category-deportes","category-noticias","tag-deportes","tag-selecciones-deportivas","odd"],"rttpg_featured_image_url":{"full":["https:\/\/webpe.colegiomayor.cl\/wp-content\/uploads\/2024\/12\/deportes.jpg",1085,611,false],"landscape":["https:\/\/webpe.colegiomayor.cl\/wp-content\/uploads\/2024\/12\/deportes.jpg",1085,611,false],"portraits":["https:\/\/webpe.colegiomayor.cl\/wp-content\/uploads\/2024\/12\/deportes.jpg",1085,611,false],"thumbnail":["https:\/\/webpe.colegiomayor.cl\/wp-content\/uploads\/2024\/12\/deportes-150x150.jpg",150,150,true],"medium":["https:\/\/webpe.colegiomayor.cl\/wp-content\/uploads\/2024\/12\/deportes-300x169.jpg",300,169,true],"large":["https:\/\/webpe.colegiomayor.cl\/wp-content\/uploads\/2024\/12\/deportes-1024x577.jpg",1024,577,true],"1536x1536":["https:\/\/webpe.colegiomayor.cl\/wp-content\/uploads\/2024\/12\/deportes-1085x611.jpg",1085,611,true],"2048x2048":["https:\/\/webpe.colegiomayor.cl\/wp-content\/uploads\/2024\/12\/deportes-1085x611.jpg",1085,611,true],"post-thumbnail":["https:\/\/webpe.colegiomayor.cl\/wp-content\/uploads\/2024\/12\/deportes-150x84.jpg",150,84,true],"ed-school-featured-image":["https:\/\/webpe.colegiomayor.cl\/wp-content\/uploads\/2024\/12\/deportes-990x500.jpg",990,500,true],"ed-school-medium":["https:\/\/webpe.colegiomayor.cl\/wp-content\/uploads\/2024\/12\/deportes-768x510.jpg",768,510,true],"ed-school-medium-alt":["https:\/\/webpe.colegiomayor.cl\/wp-content\/uploads\/2024\/12\/deportes-768x410.jpg",768,410,true],"ed-school-square":["https:\/\/webpe.colegiomayor.cl\/wp-content\/uploads\/2024\/12\/deportes-768x611.jpg",768,611,true],"ed-school-square-small":["https:\/\/webpe.colegiomayor.cl\/wp-content\/uploads\/2024\/12\/deportes-420x420.jpg",420,420,true]},"rttpg_author":{"display_name":"Francisco Arriagada","author_link":"https:\/\/webpe.colegiomayor.cl\/?author=11"},"rttpg_comment":0,"rttpg_category":"<a href=\"https:\/\/webpe.colegiomayor.cl\/?cat=25\" rel=\"category\">DEPORTES<\/a> <a href=\"https:\/\/webpe.colegiomayor.cl\/?cat=44\" rel=\"category\">NOTICIAS<\/a>","rttpg_excerpt":"Selecciones Deportivas Selecciones Deportivas S\u00e1bado 04 de octubre Atletismo Inter Escolar mixto de Atletismo de Los Lagos Fechas: Viernes 03, s\u00e1bado 04 y domingo 05 Se suspenden los entrenamientos de los d\u00edas viernes 03, s\u00e1bado 04 y lunes 06 de octubre. B\u00e1squetbol COPA UC Serie&nbsp;&hellip;","_links":{"self":[{"href":"https:\/\/webpe.colegiomayor.cl\/index.php?rest_route=\/wp\/v2\/posts\/39503","targetHints":{"allow":["GET"]}}],"collection":[{"href":"https:\/\/webpe.colegiomayor.cl\/index.php?rest_route=\/wp\/v2\/posts"}],"about":[{"href":"https:\/\/webpe.colegiomayor.cl\/index.php?rest_route=\/wp\/v2\/types\/post"}],"author":[{"embeddable":true,"href":"https:\/\/webpe.colegiomayor.cl\/index.php?rest_route=\/wp\/v2\/users\/11"}],"replies":[{"embeddable":true,"href":"https:\/\/webpe.colegiomayor.cl\/index.php?rest_route=%2Fwp%2Fv2%2Fcomments&post=39503"}],"version-history":[{"count":2,"href":"https:\/\/webpe.colegiomayor.cl\/index.php?rest_route=\/wp\/v2\/posts\/39503\/revisions"}],"predecessor-version":[{"id":39505,"href":"https:\/\/webpe.colegiomayor.cl\/index.php?rest_route=\/wp\/v2\/posts\/39503\/revisions\/39505"}],"wp:featuredmedia":[{"embeddable":true,"href":"https:\/\/webpe.colegiomayor.cl\/index.php?rest_route=\/wp\/v2\/media\/37185"}],"wp:attachment":[{"href":"https:\/\/webpe.colegiomayor.cl\/index.php?rest_route=%2Fwp%2Fv2%2Fmedia&parent=39503"}],"wp:term":[{"taxonomy":"category","embeddable":true,"href":"https:\/\/webpe.colegiomayor.cl\/index.php?rest_route=%2Fwp%2Fv2%2Fcategories&post=39503"},{"taxonomy":"post_tag","embeddable":true,"href":"https:\/\/webpe.colegiomayor.cl\/index.php?rest_route=%2Fwp%2Fv2%2Ftags&post=39503"}],"curies":[{"name":"wp","href":"https:\/\/api.w.org\/{rel}","templated":true}]}}