{"id":39489,"date":"2025-10-02T10:03:50","date_gmt":"2025-10-02T13:03:50","guid":{"rendered":"https:\/\/webpe.colegiomayor.cl\/?p=39489"},"modified":"2025-10-02T10:03:50","modified_gmt":"2025-10-02T13:03:50","slug":"destacada-participacion-de-nuestra-seleccion-de-voleibol-sub-13","status":"publish","type":"post","link":"https:\/\/webpe.colegiomayor.cl\/?p=39489","title":{"rendered":"Destacada participaci\u00f3n de nuestra Selecci\u00f3n de Voleibol Sub 13"},"content":{"rendered":"\n<p><strong>Nuestra Selecci\u00f3n Femenina de Voleibol Sub 13 brill\u00f3 en el torneo organizado por el colegio SS.CC. Alameda el pasado s\u00e1bado 27 de septiembre.<\/strong><\/p>\n\n\n\n<p>El Colegio Mayor estuvo representado por dos equipos conformados por estudiantes de 5\u00b0 a 7\u00b0 b\u00e1sico, quienes disputaron 5 partidos durante la jornada deportiva.<\/p>\n\n\n\n<h2 class=\"wp-block-heading\">Resultados destacados<\/h2>\n\n\n\n<p>Nuestras jugadoras lograron importantes reconocimientos:<\/p>\n\n\n\n<ul class=\"wp-block-list\">\n<li><strong>4\u00b0 lugar en la Copa de Plata<\/strong><\/li>\n\n\n\n<li><strong>2\u00b0 lugar en la Copa de Oro<\/strong>, tras una intensa final contra el Colegio Saint Gabriel<\/li>\n<\/ul>\n\n\n\n<h2 class=\"wp-block-heading\">Valores que nos representan<\/h2>\n\n\n\n<p>M\u00e1s all\u00e1 de los resultados, destacamos el compromiso, esfuerzo y esp\u00edritu de equipo demostrado por todas las estudiantes, quienes llevaron con orgullo los valores de nuestra instituci\u00f3n.<\/p>\n\n\n\n<p>Felicitamos a cada una de las jugadoras y agradecemos especialmente a los profesores <strong>Pablo Beltr\u00e1n y Joaqu\u00edn M\u00e9ndez<\/strong> por su dedicado acompa\u00f1amiento y gu\u00eda durante esta experiencia deportiva.<\/p>\n\n\n\n<p><strong>\u00a1Seguimos creciendo y aprendiendo en cada desaf\u00edo!<\/strong><\/p>\n\n\n<style>.uid-18ac1849db84c42e  .gt3pg-isotope-item {\n\tpadding-right: 20px;\n\tpadding-bottom: 20px;\n}\n.uid-18ac1849db84c42e  .gallery-isotope-wrapper {\n\tmargin-right: -20px;\n\tmargin-bottom: -20px;\n}\n<\/style><div id=\"uid-18ac1849db84c42e\" data-gt3pg-block=\"masonry\" data-index=\"1\" class=\"gt3-photo-gallery-pro--isotope_gallery uid-18ac1849db84c42e gt3pg-pro--wrapper gt3pg-pro--masonry \">\t\t<div data-cols=\"3\" data-cols-tablet=\"3\" data-cols-mobile=\"2\" class=\"gt3pg-isotope-gallery columns-3 hover-default gallery-masonry corner-standard\" data-settings=\"{&quot;lightbox&quot;:{&quot;enable&quot;:true,&quot;options&quot;:{&quot;instance&quot;:1}},&quot;id&quot;:1,&quot;uid&quot;:&quot;uid-18ac1849db84c42e&quot;,&quot;modules&quot;:[&quot;Lightbox&quot;],&quot;lightboxArray&quot;:[{&quot;href&quot;:&quot;https:\\\/\\\/webpe.colegiomayor.cl\\\/wp-content\\\/uploads\\\/2025\\\/10\\\/WhatsApp-Image-2025-09-27-at-21.50.24.jpeg&quot;,&quot;title&quot;:&quot;WhatsApp Image 2025-09-27 at 21.50.24&quot;,&quot;thumbnail&quot;:&quot;https:\\\/\\\/webpe.colegiomayor.cl\\\/wp-content\\\/uploads\\\/2025\\\/10\\\/WhatsApp-Image-2025-09-27-at-21.50.24-150x150.jpeg&quot;,&quot;description&quot;:&quot;&quot;,&quot;is_video&quot;:0,&quot;image_id&quot;:39491,&quot;width&quot;:900,&quot;height&quot;:1600},{&quot;href&quot;:&quot;https:\\\/\\\/webpe.colegiomayor.cl\\\/wp-content\\\/uploads\\\/2025\\\/10\\\/WhatsApp-Image-2025-09-27-at-21.54.04.jpeg&quot;,&quot;title&quot;:&quot;WhatsApp Image 2025-09-27 at 21.54.04&quot;,&quot;thumbnail&quot;:&quot;https:\\\/\\\/webpe.colegiomayor.cl\\\/wp-content\\\/uploads\\\/2025\\\/10\\\/WhatsApp-Image-2025-09-27-at-21.54.04-150x150.jpeg&quot;,&quot;description&quot;:&quot;&quot;,&quot;is_video&quot;:0,&quot;image_id&quot;:39492,&quot;width&quot;:1200,&quot;height&quot;:1600},{&quot;href&quot;:&quot;https:\\\/\\\/webpe.colegiomayor.cl\\\/wp-content\\\/uploads\\\/2025\\\/10\\\/WhatsApp-Image-2025-09-27-at-21.54.08-1.jpeg&quot;,&quot;title&quot;:&quot;WhatsApp Image 2025-09-27 at 21.54.08&quot;,&quot;thumbnail&quot;:&quot;https:\\\/\\\/webpe.colegiomayor.cl\\\/wp-content\\\/uploads\\\/2025\\\/10\\\/WhatsApp-Image-2025-09-27-at-21.54.08-1-150x150.jpeg&quot;,&quot;description&quot;:&quot;&quot;,&quot;is_video&quot;:0,&quot;image_id&quot;:39493,&quot;width&quot;:1600,&quot;height&quot;:1200},{&quot;href&quot;:&quot;https:\\\/\\\/webpe.colegiomayor.cl\\\/wp-content\\\/uploads\\\/2025\\\/10\\\/WhatsApp-Image-2025-09-29-at-11.26.59.jpeg&quot;,&quot;title&quot;:&quot;WhatsApp Image 2025-09-29 at 11.26.59&quot;,&quot;thumbnail&quot;:&quot;https:\\\/\\\/webpe.colegiomayor.cl\\\/wp-content\\\/uploads\\\/2025\\\/10\\\/WhatsApp-Image-2025-09-29-at-11.26.59-150x150.jpeg&quot;,&quot;description&quot;:&quot;&quot;,&quot;is_video&quot;:0,&quot;image_id&quot;:39494,&quot;width&quot;:1280,&quot;height&quot;:591}],&quot;items&quot;:[{&quot;href&quot;:&quot;https:\\\/\\\/webpe.colegiomayor.cl\\\/wp-content\\\/uploads\\\/2025\\\/10\\\/WhatsApp-Image-2025-09-27-at-21.50.24.jpeg&quot;,&quot;title&quot;:&quot;WhatsApp Image 2025-09-27 at 21.50.24&quot;,&quot;thumbnail&quot;:&quot;https:\\\/\\\/webpe.colegiomayor.cl\\\/wp-content\\\/uploads\\\/2025\\\/10\\\/WhatsApp-Image-2025-09-27-at-21.50.24-150x150.jpeg&quot;,&quot;description&quot;:&quot;&quot;,&quot;is_video&quot;:0,&quot;image_id&quot;:39491,&quot;width&quot;:900,&quot;height&quot;:1600},{&quot;href&quot;:&quot;https:\\\/\\\/webpe.colegiomayor.cl\\\/wp-content\\\/uploads\\\/2025\\\/10\\\/WhatsApp-Image-2025-09-27-at-21.54.04.jpeg&quot;,&quot;title&quot;:&quot;WhatsApp Image 2025-09-27 at 21.54.04&quot;,&quot;thumbnail&quot;:&quot;https:\\\/\\\/webpe.colegiomayor.cl\\\/wp-content\\\/uploads\\\/2025\\\/10\\\/WhatsApp-Image-2025-09-27-at-21.54.04-150x150.jpeg&quot;,&quot;description&quot;:&quot;&quot;,&quot;is_video&quot;:0,&quot;image_id&quot;:39492,&quot;width&quot;:1200,&quot;height&quot;:1600},{&quot;href&quot;:&quot;https:\\\/\\\/webpe.colegiomayor.cl\\\/wp-content\\\/uploads\\\/2025\\\/10\\\/WhatsApp-Image-2025-09-27-at-21.54.08-1.jpeg&quot;,&quot;title&quot;:&quot;WhatsApp Image 2025-09-27 at 21.54.08&quot;,&quot;thumbnail&quot;:&quot;https:\\\/\\\/webpe.colegiomayor.cl\\\/wp-content\\\/uploads\\\/2025\\\/10\\\/WhatsApp-Image-2025-09-27-at-21.54.08-1-150x150.jpeg&quot;,&quot;description&quot;:&quot;&quot;,&quot;is_video&quot;:0,&quot;image_id&quot;:39493,&quot;width&quot;:1600,&quot;height&quot;:1200},{&quot;href&quot;:&quot;https:\\\/\\\/webpe.colegiomayor.cl\\\/wp-content\\\/uploads\\\/2025\\\/10\\\/WhatsApp-Image-2025-09-29-at-11.26.59.jpeg&quot;,&quot;title&quot;:&quot;WhatsApp Image 2025-09-29 at 11.26.59&quot;,&quot;thumbnail&quot;:&quot;https:\\\/\\\/webpe.colegiomayor.cl\\\/wp-content\\\/uploads\\\/2025\\\/10\\\/WhatsApp-Image-2025-09-29-at-11.26.59-150x150.jpeg&quot;,&quot;description&quot;:&quot;&quot;,&quot;is_video&quot;:0,&quot;image_id&quot;:39494,&quot;width&quot;:1280,&quot;height&quot;:591}]}\">\r\n\t\t\t<div class=\"gallery-isotope-wrapper\">\r\n\t\t\t\t<div class=\"gt3pg-isotope-item loading \" ><div class=\"isotope_item-wrapper\"><a href=\"https:\/\/webpe.colegiomayor.cl\/wp-content\/uploads\/2025\/10\/WhatsApp-Image-2025-09-27-at-21.50.24.jpeg\" class=\"gt3pg-lightbox\" data-elementor-open-lightbox=\"no\"><div class=\"img-wrapper \"><img loading=\"lazy\" decoding=\"async\" width=\"768\" height=\"1365\" src=\"https:\/\/webpe.colegiomayor.cl\/wp-content\/uploads\/2025\/10\/WhatsApp-Image-2025-09-27-at-21.50.24.jpeg\" class=\"skip-lazy gt3-lazy-image\" alt=\"\" data-lazy-srcset=\"https:\/\/webpe.colegiomayor.cl\/wp-content\/uploads\/2025\/10\/WhatsApp-Image-2025-09-27-at-21.50.24.jpeg 900w, https:\/\/webpe.colegiomayor.cl\/wp-content\/uploads\/2025\/10\/WhatsApp-Image-2025-09-27-at-21.50.24-169x300.jpeg 169w, https:\/\/webpe.colegiomayor.cl\/wp-content\/uploads\/2025\/10\/WhatsApp-Image-2025-09-27-at-21.50.24-576x1024.jpeg 576w\" data-lazy-sizes=\"(max-width: 768px) 100vw, 768px\" data-lazy-src=\"https:\/\/webpe.colegiomayor.cl\/wp-content\/uploads\/2025\/10\/WhatsApp-Image-2025-09-27-at-21.50.24.jpeg?is-pending-load=1\" srcset=\"data:image\/png;base64,iVBORw0KGgoAAAANSUhEUgAAAE0AAACJCAYAAABpcLUSAAAACXBIWXMAAA7EAAAOxAGVKw4bAAAAQElEQVR42u3BgQAAAADDoPlTX+AIVQEAAAAAAAAAAAAAAAAAAAAAAAAAAAAAAAAAAAAAAAAAAAAAAAAAAAAAHAOlXQABF97QIAAAAABJRU5ErkJggg==\" \/><\/div><\/a><\/div><\/div><div class=\"gt3pg-isotope-item loading \" ><div class=\"isotope_item-wrapper\"><a href=\"https:\/\/webpe.colegiomayor.cl\/wp-content\/uploads\/2025\/10\/WhatsApp-Image-2025-09-27-at-21.54.04.jpeg\" class=\"gt3pg-lightbox\" data-elementor-open-lightbox=\"no\"><div class=\"img-wrapper \"><img loading=\"lazy\" decoding=\"async\" width=\"768\" height=\"1024\" src=\"https:\/\/webpe.colegiomayor.cl\/wp-content\/uploads\/2025\/10\/WhatsApp-Image-2025-09-27-at-21.54.04.jpeg\" class=\"skip-lazy gt3-lazy-image\" alt=\"\" data-lazy-srcset=\"https:\/\/webpe.colegiomayor.cl\/wp-content\/uploads\/2025\/10\/WhatsApp-Image-2025-09-27-at-21.54.04.jpeg 1200w, https:\/\/webpe.colegiomayor.cl\/wp-content\/uploads\/2025\/10\/WhatsApp-Image-2025-09-27-at-21.54.04-225x300.jpeg 225w, https:\/\/webpe.colegiomayor.cl\/wp-content\/uploads\/2025\/10\/WhatsApp-Image-2025-09-27-at-21.54.04-768x1024.jpeg 768w\" data-lazy-sizes=\"(max-width: 768px) 100vw, 768px\" data-lazy-src=\"https:\/\/webpe.colegiomayor.cl\/wp-content\/uploads\/2025\/10\/WhatsApp-Image-2025-09-27-at-21.54.04.jpeg?is-pending-load=1\" srcset=\"data:image\/png;base64,iVBORw0KGgoAAAANSUhEUgAAAE0AAABmCAYAAACOYhxFAAAACXBIWXMAAA7EAAAOxAGVKw4bAAAANUlEQVR42u3BgQAAAADDoPlTX+EAVQEAAAAAAAAAAAAAAAAAAAAAAAAAAAAAAAAAAAAAAMBrex4AARQEIPwAAAAASUVORK5CYII=\" \/><\/div><\/a><\/div><\/div><div class=\"gt3pg-isotope-item loading \" ><div class=\"isotope_item-wrapper\"><a href=\"https:\/\/webpe.colegiomayor.cl\/wp-content\/uploads\/2025\/10\/WhatsApp-Image-2025-09-27-at-21.54.08-1.jpeg\" class=\"gt3pg-lightbox\" data-elementor-open-lightbox=\"no\"><div class=\"img-wrapper \"><img loading=\"lazy\" decoding=\"async\" width=\"768\" height=\"576\" src=\"https:\/\/webpe.colegiomayor.cl\/wp-content\/uploads\/2025\/10\/WhatsApp-Image-2025-09-27-at-21.54.08-1.jpeg\" class=\"skip-lazy gt3-lazy-image\" alt=\"\" data-lazy-srcset=\"https:\/\/webpe.colegiomayor.cl\/wp-content\/uploads\/2025\/10\/WhatsApp-Image-2025-09-27-at-21.54.08-1.jpeg 1600w, https:\/\/webpe.colegiomayor.cl\/wp-content\/uploads\/2025\/10\/WhatsApp-Image-2025-09-27-at-21.54.08-1-300x225.jpeg 300w\" data-lazy-sizes=\"(max-width: 768px) 100vw, 768px\" data-lazy-src=\"https:\/\/webpe.colegiomayor.cl\/wp-content\/uploads\/2025\/10\/WhatsApp-Image-2025-09-27-at-21.54.08-1.jpeg?is-pending-load=1\" srcset=\"data:image\/png;base64,iVBORw0KGgoAAAANSUhEUgAAAE0AAAA5CAYAAABzuqZnAAAACXBIWXMAAA7EAAAOxAGVKw4bAAAAKElEQVR42u3BMQEAAADCoPVPbQlPoAAAAAAAAAAAAAAAAAAAAAAADgZEzQABzhJDggAAAABJRU5ErkJggg==\" \/><\/div><\/a><\/div><\/div><div class=\"gt3pg-isotope-item loading \" ><div class=\"isotope_item-wrapper\"><a href=\"https:\/\/webpe.colegiomayor.cl\/wp-content\/uploads\/2025\/10\/WhatsApp-Image-2025-09-29-at-11.26.59.jpeg\" class=\"gt3pg-lightbox\" data-elementor-open-lightbox=\"no\"><div class=\"img-wrapper \"><img loading=\"lazy\" decoding=\"async\" width=\"768\" height=\"355\" src=\"https:\/\/webpe.colegiomayor.cl\/wp-content\/uploads\/2025\/10\/WhatsApp-Image-2025-09-29-at-11.26.59.jpeg\" class=\"skip-lazy gt3-lazy-image\" alt=\"\" data-lazy-srcset=\"https:\/\/webpe.colegiomayor.cl\/wp-content\/uploads\/2025\/10\/WhatsApp-Image-2025-09-29-at-11.26.59.jpeg 1280w, https:\/\/webpe.colegiomayor.cl\/wp-content\/uploads\/2025\/10\/WhatsApp-Image-2025-09-29-at-11.26.59-300x139.jpeg 300w\" data-lazy-sizes=\"(max-width: 768px) 100vw, 768px\" data-lazy-src=\"https:\/\/webpe.colegiomayor.cl\/wp-content\/uploads\/2025\/10\/WhatsApp-Image-2025-09-29-at-11.26.59.jpeg?is-pending-load=1\" srcset=\"data:image\/png;base64,iVBORw0KGgoAAAANSUhEUgAAAE0AAAAjCAYAAADR94eaAAAACXBIWXMAAA7EAAAOxAGVKw4bAAAAIElEQVRo3u3BAQEAAACCIP+vbkhAAQAAAAAAAAAAAHBkKj8AAX1GcroAAAAASUVORK5CYII=\" \/><\/div><\/a><\/div><\/div>\t\t\t<\/div>\r\n\t\t<\/div>\r\n\t\t<script type=\"application\/json\" id=\"settings--uid-18ac1849db84c42e\">{\"lightbox\":{\"enable\":true,\"options\":{\"instance\":1}},\"id\":1,\"uid\":\"uid-18ac1849db84c42e\",\"modules\":[\"Lightbox\"],\"lightboxArray\":[{\"href\":\"https:\\\/\\\/webpe.colegiomayor.cl\\\/wp-content\\\/uploads\\\/2025\\\/10\\\/WhatsApp-Image-2025-09-27-at-21.50.24.jpeg\",\"title\":\"WhatsApp Image 2025-09-27 at 21.50.24\",\"thumbnail\":\"https:\\\/\\\/webpe.colegiomayor.cl\\\/wp-content\\\/uploads\\\/2025\\\/10\\\/WhatsApp-Image-2025-09-27-at-21.50.24-150x150.jpeg\",\"description\":\"\",\"is_video\":0,\"image_id\":39491,\"width\":900,\"height\":1600},{\"href\":\"https:\\\/\\\/webpe.colegiomayor.cl\\\/wp-content\\\/uploads\\\/2025\\\/10\\\/WhatsApp-Image-2025-09-27-at-21.54.04.jpeg\",\"title\":\"WhatsApp Image 2025-09-27 at 21.54.04\",\"thumbnail\":\"https:\\\/\\\/webpe.colegiomayor.cl\\\/wp-content\\\/uploads\\\/2025\\\/10\\\/WhatsApp-Image-2025-09-27-at-21.54.04-150x150.jpeg\",\"description\":\"\",\"is_video\":0,\"image_id\":39492,\"width\":1200,\"height\":1600},{\"href\":\"https:\\\/\\\/webpe.colegiomayor.cl\\\/wp-content\\\/uploads\\\/2025\\\/10\\\/WhatsApp-Image-2025-09-27-at-21.54.08-1.jpeg\",\"title\":\"WhatsApp Image 2025-09-27 at 21.54.08\",\"thumbnail\":\"https:\\\/\\\/webpe.colegiomayor.cl\\\/wp-content\\\/uploads\\\/2025\\\/10\\\/WhatsApp-Image-2025-09-27-at-21.54.08-1-150x150.jpeg\",\"description\":\"\",\"is_video\":0,\"image_id\":39493,\"width\":1600,\"height\":1200},{\"href\":\"https:\\\/\\\/webpe.colegiomayor.cl\\\/wp-content\\\/uploads\\\/2025\\\/10\\\/WhatsApp-Image-2025-09-29-at-11.26.59.jpeg\",\"title\":\"WhatsApp Image 2025-09-29 at 11.26.59\",\"thumbnail\":\"https:\\\/\\\/webpe.colegiomayor.cl\\\/wp-content\\\/uploads\\\/2025\\\/10\\\/WhatsApp-Image-2025-09-29-at-11.26.59-150x150.jpeg\",\"description\":\"\",\"is_video\":0,\"image_id\":39494,\"width\":1280,\"height\":591}],\"items\":[{\"href\":\"https:\\\/\\\/webpe.colegiomayor.cl\\\/wp-content\\\/uploads\\\/2025\\\/10\\\/WhatsApp-Image-2025-09-27-at-21.50.24.jpeg\",\"title\":\"WhatsApp Image 2025-09-27 at 21.50.24\",\"thumbnail\":\"https:\\\/\\\/webpe.colegiomayor.cl\\\/wp-content\\\/uploads\\\/2025\\\/10\\\/WhatsApp-Image-2025-09-27-at-21.50.24-150x150.jpeg\",\"description\":\"\",\"is_video\":0,\"image_id\":39491,\"width\":900,\"height\":1600},{\"href\":\"https:\\\/\\\/webpe.colegiomayor.cl\\\/wp-content\\\/uploads\\\/2025\\\/10\\\/WhatsApp-Image-2025-09-27-at-21.54.04.jpeg\",\"title\":\"WhatsApp Image 2025-09-27 at 21.54.04\",\"thumbnail\":\"https:\\\/\\\/webpe.colegiomayor.cl\\\/wp-content\\\/uploads\\\/2025\\\/10\\\/WhatsApp-Image-2025-09-27-at-21.54.04-150x150.jpeg\",\"description\":\"\",\"is_video\":0,\"image_id\":39492,\"width\":1200,\"height\":1600},{\"href\":\"https:\\\/\\\/webpe.colegiomayor.cl\\\/wp-content\\\/uploads\\\/2025\\\/10\\\/WhatsApp-Image-2025-09-27-at-21.54.08-1.jpeg\",\"title\":\"WhatsApp Image 2025-09-27 at 21.54.08\",\"thumbnail\":\"https:\\\/\\\/webpe.colegiomayor.cl\\\/wp-content\\\/uploads\\\/2025\\\/10\\\/WhatsApp-Image-2025-09-27-at-21.54.08-1-150x150.jpeg\",\"description\":\"\",\"is_video\":0,\"image_id\":39493,\"width\":1600,\"height\":1200},{\"href\":\"https:\\\/\\\/webpe.colegiomayor.cl\\\/wp-content\\\/uploads\\\/2025\\\/10\\\/WhatsApp-Image-2025-09-29-at-11.26.59.jpeg\",\"title\":\"WhatsApp Image 2025-09-29 at 11.26.59\",\"thumbnail\":\"https:\\\/\\\/webpe.colegiomayor.cl\\\/wp-content\\\/uploads\\\/2025\\\/10\\\/WhatsApp-Image-2025-09-29-at-11.26.59-150x150.jpeg\",\"description\":\"\",\"is_video\":0,\"image_id\":39494,\"width\":1280,\"height\":591}]}<\/script>\r\n\t\t<\/div>","protected":false},"excerpt":{"rendered":"<p>Nuestra Selecci\u00f3n Femenina de Voleibol Sub 13 brill\u00f3 en el torneo organizado por el colegio SS.CC. Alameda el pasado s\u00e1bado 27 de septiembre. El Colegio Mayor estuvo representado por dos equipos conformados por estudiantes de 5\u00b0 a 7\u00b0 b\u00e1sico, quienes disputaron 5 partidos durante la&nbsp;<a href=\"https:\/\/webpe.colegiomayor.cl\/?p=39489\">&hellip;<\/a><\/p>\n","protected":false},"author":11,"featured_media":39490,"comment_status":"closed","ping_status":"closed","sticky":false,"template":"","format":"standard","meta":{"content-type":"","footnotes":""},"categories":[24,38,25,1],"tags":[126,127,101,125,124],"class_list":["post-39489","post","type-post","status-publish","format-standard","has-post-thumbnail","hentry","category-comunicaciones","category-comunicaciones-news","category-deportes","category-categoria-3","tag-actividades-extraprogramaticas","tag-competencias-escolares","tag-deportes","tag-seleccion-femenina","tag-voleibol","odd"],"rttpg_featured_image_url":{"full":["https:\/\/webpe.colegiomayor.cl\/wp-content\/uploads\/2025\/10\/WhatsApp-Image-2025-09-27-at-21.54.08.jpeg",1600,1200,false],"landscape":["https:\/\/webpe.colegiomayor.cl\/wp-content\/uploads\/2025\/10\/WhatsApp-Image-2025-09-27-at-21.54.08.jpeg",1600,1200,false],"portraits":["https:\/\/webpe.colegiomayor.cl\/wp-content\/uploads\/2025\/10\/WhatsApp-Image-2025-09-27-at-21.54.08.jpeg",1600,1200,false],"thumbnail":["https:\/\/webpe.colegiomayor.cl\/wp-content\/uploads\/2025\/10\/WhatsApp-Image-2025-09-27-at-21.54.08-150x150.jpeg",150,150,true],"medium":["https:\/\/webpe.colegiomayor.cl\/wp-content\/uploads\/2025\/10\/WhatsApp-Image-2025-09-27-at-21.54.08-300x225.jpeg",300,225,true],"large":["https:\/\/webpe.colegiomayor.cl\/wp-content\/uploads\/2025\/10\/WhatsApp-Image-2025-09-27-at-21.54.08-1024x768.jpeg",1024,768,true],"1536x1536":["https:\/\/webpe.colegiomayor.cl\/wp-content\/uploads\/2025\/10\/WhatsApp-Image-2025-09-27-at-21.54.08-1536x1152.jpeg",1536,1152,true],"2048x2048":["https:\/\/webpe.colegiomayor.cl\/wp-content\/uploads\/2025\/10\/WhatsApp-Image-2025-09-27-at-21.54.08-1600x1200.jpeg",1600,1200,true],"post-thumbnail":["https:\/\/webpe.colegiomayor.cl\/wp-content\/uploads\/2025\/10\/WhatsApp-Image-2025-09-27-at-21.54.08-150x113.jpeg",150,113,true],"ed-school-featured-image":["https:\/\/webpe.colegiomayor.cl\/wp-content\/uploads\/2025\/10\/WhatsApp-Image-2025-09-27-at-21.54.08-990x500.jpeg",990,500,true],"ed-school-medium":["https:\/\/webpe.colegiomayor.cl\/wp-content\/uploads\/2025\/10\/WhatsApp-Image-2025-09-27-at-21.54.08-768x510.jpeg",768,510,true],"ed-school-medium-alt":["https:\/\/webpe.colegiomayor.cl\/wp-content\/uploads\/2025\/10\/WhatsApp-Image-2025-09-27-at-21.54.08-768x410.jpeg",768,410,true],"ed-school-square":["https:\/\/webpe.colegiomayor.cl\/wp-content\/uploads\/2025\/10\/WhatsApp-Image-2025-09-27-at-21.54.08-768x768.jpeg",768,768,true],"ed-school-square-small":["https:\/\/webpe.colegiomayor.cl\/wp-content\/uploads\/2025\/10\/WhatsApp-Image-2025-09-27-at-21.54.08-420x420.jpeg",420,420,true]},"rttpg_author":{"display_name":"Francisco Arriagada","author_link":"https:\/\/webpe.colegiomayor.cl\/?author=11"},"rttpg_comment":0,"rttpg_category":"<a href=\"https:\/\/webpe.colegiomayor.cl\/?cat=24\" rel=\"category\">COMUNICACIONES<\/a> <a href=\"https:\/\/webpe.colegiomayor.cl\/?cat=38\" rel=\"category\">Comunicaciones-NEWS<\/a> <a href=\"https:\/\/webpe.colegiomayor.cl\/?cat=25\" rel=\"category\">DEPORTES<\/a> <a href=\"https:\/\/webpe.colegiomayor.cl\/?cat=1\" rel=\"category\">NOTICIAS<\/a>","rttpg_excerpt":"Nuestra Selecci\u00f3n Femenina de Voleibol Sub 13 brill\u00f3 en el torneo organizado por el colegio SS.CC. Alameda el pasado s\u00e1bado 27 de septiembre. El Colegio Mayor estuvo representado por dos equipos conformados por estudiantes de 5\u00b0 a 7\u00b0 b\u00e1sico, quienes disputaron 5 partidos durante la&nbsp;&hellip;","_links":{"self":[{"href":"https:\/\/webpe.colegiomayor.cl\/index.php?rest_route=\/wp\/v2\/posts\/39489","targetHints":{"allow":["GET"]}}],"collection":[{"href":"https:\/\/webpe.colegiomayor.cl\/index.php?rest_route=\/wp\/v2\/posts"}],"about":[{"href":"https:\/\/webpe.colegiomayor.cl\/index.php?rest_route=\/wp\/v2\/types\/post"}],"author":[{"embeddable":true,"href":"https:\/\/webpe.colegiomayor.cl\/index.php?rest_route=\/wp\/v2\/users\/11"}],"replies":[{"embeddable":true,"href":"https:\/\/webpe.colegiomayor.cl\/index.php?rest_route=%2Fwp%2Fv2%2Fcomments&post=39489"}],"version-history":[{"count":1,"href":"https:\/\/webpe.colegiomayor.cl\/index.php?rest_route=\/wp\/v2\/posts\/39489\/revisions"}],"predecessor-version":[{"id":39495,"href":"https:\/\/webpe.colegiomayor.cl\/index.php?rest_route=\/wp\/v2\/posts\/39489\/revisions\/39495"}],"wp:featuredmedia":[{"embeddable":true,"href":"https:\/\/webpe.colegiomayor.cl\/index.php?rest_route=\/wp\/v2\/media\/39490"}],"wp:attachment":[{"href":"https:\/\/webpe.colegiomayor.cl\/index.php?rest_route=%2Fwp%2Fv2%2Fmedia&parent=39489"}],"wp:term":[{"taxonomy":"category","embeddable":true,"href":"https:\/\/webpe.colegiomayor.cl\/index.php?rest_route=%2Fwp%2Fv2%2Fcategories&post=39489"},{"taxonomy":"post_tag","embeddable":true,"href":"https:\/\/webpe.colegiomayor.cl\/index.php?rest_route=%2Fwp%2Fv2%2Ftags&post=39489"}],"curies":[{"name":"wp","href":"https:\/\/api.w.org\/{rel}","templated":true}]}}