{"id":39410,"date":"2025-09-26T10:47:39","date_gmt":"2025-09-26T13:47:39","guid":{"rendered":"https:\/\/webpe.colegiomayor.cl\/?p=39410"},"modified":"2025-09-26T10:54:22","modified_gmt":"2025-09-26T13:54:22","slug":"actividades-selecciones-y-escuelas-deportivas-sabado-27-de-septiembre","status":"publish","type":"post","link":"https:\/\/webpe.colegiomayor.cl\/?p=39410","title":{"rendered":"Actividades Selecciones y Escuelas Deportivas S\u00e1bado 27 de septiembre"},"content":{"rendered":"\n<!DOCTYPE html>\n<html lang=\"es\">\n<head>\n<meta charset=\"UTF-8\">\n<title>Selecciones Deportivas<\/title>\n<link href=\"https:\/\/fonts.googleapis.com\/css2?family=Montserrat:wght@400;600;700&#038;display=swap\" rel=\"stylesheet\">\n<style>\n  body {\n    font-family: 'Montserrat', sans-serif;\n    background: #f4f4f4;\n    color: #333;\n    padding: 20px;\n  }\n  .container {\n    max-width: 850px;\n    margin: auto;\n    background: #fff;\n    padding: 30px;\n    border-radius: 12px;\n    box-shadow: 0 4px 12px rgba(0,0,0,0.1);\n    line-height: 1.7;\n  }\n  h2 {\n    text-align: center;\n    color: #2c3e50;\n    font-weight: 700;\n    margin-bottom: 5px;\n  }\n  h3 {\n    text-align: center;\n    color: #16a085;\n    font-weight: 600;\n    margin-top: 0;\n    margin-bottom: 25px;\n  }\n  .disciplina {\n    padding: 20px;\n    margin-bottom: 20px;\n    border-left: 8px solid;\n    border-radius: 8px;\n    background: #fafafa;\n  }\n  .disciplina strong {\n    font-size: 20px;\n    display: block;\n    margin-bottom: 5px;\n  }\n  .atletismo {border-color: #2980b9;}\n  .basket {border-color: #e67e22;}\n  .gimnasia {border-color: #c0392b;}\n  .natacion {border-color: #27ae60;}\n  .tenis {border-color: #8e44ad;}\n  .cheer {border-color: #e84393;}\n  .vmasc {border-color: #3498db;}\n  .vfem {border-color: #9b59b6;}\n  .futbol {border-color: #2ecc71;}\n  u {color: #555;}\n  em {color: #666;}\n<\/style>\n<\/head>\n<body>\n\n<div class=\"container\">\n  <h2>Selecciones Deportivas<\/h2>\n  <h3>S\u00e1bado 27 de septiembre<\/h3>\n\n  <div class=\"disciplina atletismo\">\n    <strong>Atletismo<\/strong>\n    <u>Entrenamiento<\/u><br>\n    Lugar: Pista Estadio Mayor<br>\n    Categor\u00eda Preparatoria e Infantil \u2013 Hora: 09:00 a 10:30 hrs.<br>\n    Categor\u00edas Intermedia y Superior \u2013 Hora: 10:30 a 12:00 hrs.<br>\n    <em>Profesores a cargo:<\/em> \u00darsula Rebolledo, Carlos Soto, Mario G\u00f3mez, Claudio Ulloa\n  <\/div>\n\n  <div class=\"disciplina basket\">\n    <strong>B\u00e1squetbol<\/strong>\n    <u>Mini primer a\u00f1o<\/u> \u2013 Torneo Liforbasket<br>\n    Lugar: Colegio San Ignacio el Bosque (Av. Pocuro 2801, Providencia)<br>\n    U11 \u2013 Partido: 09:00 hrs. \/ Citaci\u00f3n: 08:40 hrs.<br>\n    U9 \u2013 Partido: 09:50 hrs. \/ Citaci\u00f3n: 09:30 hrs.<br>\n    Intermedia y Superior \u2013 Sin actividades<br>\n    Mini e Infantil \u2013 Sin actividades<br>\n    <em>Profesores a cargo:<\/em> Carlos Cerecera, Nicol\u00e1s Ortiz\n  <\/div>\n\n  <div class=\"disciplina gimnasia\">\n    <strong>Gimnasia Art\u00edstica<\/strong>\n    <u>Competencia niveles 4, 5 y 6<\/u><br>\n    Lugar: Scuola Italiana \u2013 Citaci\u00f3n: 07:45 hrs.<br>\n    <em>Profesor a cargo:<\/em> Yabhet Oblitas<br><br>\n    <u>Entrenamiento<\/u><br>\n    09:00 a 10:30 hrs. \u2013 Nivel 0, 1 y 2<br>\n    10:30 a 12:00 hrs. \u2013 Nivel 0 (preselecci\u00f3n)<br>\n    <em>Profesores a cargo:<\/em> Loreto Erazo, Catalina Cuevas\n  <\/div>\n\n  <div class=\"disciplina natacion\">\n    <strong>Nataci\u00f3n<\/strong>\n    <u>Entrenamiento<\/u><br>\n    Grupo Competencia \u2013 Hora: 09:00 a 11:00 hrs.<br>\n    Grupo 1\u00b0 a 5\u00b0 b\u00e1sico \u2013 Hora: 11:00 a 12:00 hrs.<br>\n    Lugar: Piscina Estadio Mayor<br>\n    <em>Profesores:<\/em> Sim\u00f3n Fern\u00e1ndez, Mat\u00edas Jaque, Katalina Bravo\n  <\/div>\n\n  <div class=\"disciplina tenis\">\n    <strong>Tenis<\/strong>\n    <u>Entrenamiento<\/u><br>\n    Lugar: Canchas de Tenis<br>\n    Primer grupo Infantil \u2013 Hora: 09:00 a 10:30 hrs.<br>\n    Segundo grupo Intermedia \u2013 Hora: 10:30 a 12:00 hrs.<br>\n    <em>Profesor a cargo:<\/em> Hern\u00e1n P\u00e9rez\n  <\/div>\n\n  <div class=\"disciplina cheer\">\n    <strong>Cheerleader<\/strong>\n    Categor\u00eda Senior \u2013 Hora: 07:30 a 09:00 hrs. \/ Lugar: Gimnasio Hurac\u00e1n (Walker Mart\u00ednez 5520, San Miguel)<br>\n    Categor\u00eda Junior \u2013 Hora: 10:00 a 12:30 hrs. \/ Lugar: Foro Colegio<br><br>\n    <u>Domingo 28 de septiembre<\/u> \u2013 Campeonato \u201cThe National Experience\u201d<br>\n    Lugar: Polideportivo Estadio Nacional<br>\n    Citaci\u00f3n Junior: 07:45 hrs. \/ Citaci\u00f3n Senior: 10:00 hrs.<br>\n    <em>Profesores a cargo:<\/em> Daniela Acu\u00f1a, Ricardo Vergara\n  <\/div>\n\n  <div class=\"disciplina vmasc\">\n    <strong>Voleibol Masculino<\/strong>\n    Categor\u00eda Mini \u2013 Lugar: Foro \u2013 Entrenamiento: 09:00 a 10:30 hrs.<br>\n    Categor\u00eda Infantil \u2013 Lugar: Foro \u2013 Entrenamiento: 10:30 a 12:00 hrs.<br>\n    Categor\u00eda Superior \u2013 Sin actividades<br>\n    <em>Profesores a cargo:<\/em> Valent\u00edn Tamayo, Christian Henr\u00edquez\n  <\/div>\n\n  <div class=\"disciplina vfem\">\n    <strong>Voleibol Femenino<\/strong>\n    Categor\u00eda Infantil \u2013 Sin actividades<br>\n    Categor\u00eda Mini \u2013 Campeonato<br>\n    Lugar: SS.CC Alameda (Almirante Latorre 114, Santiago)<br>\n    Citaci\u00f3n: 08:15 hrs.<br>\n    Rivales: San Gabriel, San Anselmo, Santa Cruz de Chicureo<br>\n    <em>Profesores a cargo:<\/em> Pablo Beltr\u00e1n, Joaqu\u00edn M\u00e9ndez\n  <\/div>\n\n  <div class=\"disciplina futbol\">\n    <strong>F\u00fatbol<\/strong>\n    Torneo UC \u2013 Lugar: Cancha Estadio Mayor<br>\n    Rival: Colegio Monte Tabor<br>\n    Serie Mini \u2013 Citaci\u00f3n: 08:45 hrs. \/ Partido: 09:30 hrs.<br>\n    Serie Infantil \u2013 Citaci\u00f3n: 09:30 hrs. \/ Partido: 10:45 hrs.<br>\n    Series Intermedia y Superior \u2013 Sin actividad<br>\n    <em>Profesores a cargo:<\/em> Pablo S\u00e1nchez, Edgard Vargas\n  <\/div>\n\n<\/div>\n<\/body>\n<\/html>\n\n\n\n\n<p><br><\/p>\n","protected":false},"excerpt":{"rendered":"<p>Selecciones Deportivas Selecciones Deportivas S\u00e1bado 27 de septiembre Atletismo Entrenamiento Lugar: Pista Estadio Mayor Categor\u00eda Preparatoria e Infantil \u2013 Hora: 09:00 a 10:30 hrs. Categor\u00edas Intermedia y Superior \u2013 Hora: 10:30 a 12:00 hrs. Profesores a cargo: \u00darsula Rebolledo, Carlos Soto, Mario G\u00f3mez, Claudio Ulloa&nbsp;<a href=\"https:\/\/webpe.colegiomayor.cl\/?p=39410\">&hellip;<\/a><\/p>\n","protected":false},"author":11,"featured_media":2299,"comment_status":"closed","ping_status":"closed","sticky":false,"template":"","format":"standard","meta":{"content-type":"","footnotes":""},"categories":[25,44],"tags":[101,103],"class_list":["post-39410","post","type-post","status-publish","format-standard","has-post-thumbnail","hentry","category-deportes","category-noticias","tag-deportes","tag-selecciones-deportivas","odd"],"rttpg_featured_image_url":{"full":["https:\/\/webpe.colegiomayor.cl\/wp-content\/uploads\/2016\/08\/27-08-16\u00ac\u00a9AA14.jpg",640,426,false],"landscape":["https:\/\/webpe.colegiomayor.cl\/wp-content\/uploads\/2016\/08\/27-08-16\u00ac\u00a9AA14.jpg",640,426,false],"portraits":["https:\/\/webpe.colegiomayor.cl\/wp-content\/uploads\/2016\/08\/27-08-16\u00ac\u00a9AA14.jpg",640,426,false],"thumbnail":["https:\/\/webpe.colegiomayor.cl\/wp-content\/uploads\/2016\/08\/27-08-16\u00ac\u00a9AA14-150x150.jpg",150,150,true],"medium":["https:\/\/webpe.colegiomayor.cl\/wp-content\/uploads\/2016\/08\/27-08-16\u00ac\u00a9AA14-300x200.jpg",300,200,true],"large":["https:\/\/webpe.colegiomayor.cl\/wp-content\/uploads\/2016\/08\/27-08-16\u00ac\u00a9AA14-640x426.jpg",640,426,true],"1536x1536":["https:\/\/webpe.colegiomayor.cl\/wp-content\/uploads\/2016\/08\/27-08-16\u00ac\u00a9AA14-640x426.jpg",640,426,true],"2048x2048":["https:\/\/webpe.colegiomayor.cl\/wp-content\/uploads\/2016\/08\/27-08-16\u00ac\u00a9AA14-640x426.jpg",640,426,true],"post-thumbnail":["https:\/\/webpe.colegiomayor.cl\/wp-content\/uploads\/2016\/08\/27-08-16\u00ac\u00a9AA14-150x100.jpg",150,100,true],"ed-school-featured-image":["https:\/\/webpe.colegiomayor.cl\/wp-content\/uploads\/2016\/08\/27-08-16\u00ac\u00a9AA14-640x426.jpg",640,426,true],"ed-school-medium":["https:\/\/webpe.colegiomayor.cl\/wp-content\/uploads\/2016\/08\/27-08-16\u00ac\u00a9AA14-640x426.jpg",640,426,true],"ed-school-medium-alt":["https:\/\/webpe.colegiomayor.cl\/wp-content\/uploads\/2016\/08\/27-08-16\u00ac\u00a9AA14-640x410.jpg",640,410,true],"ed-school-square":["https:\/\/webpe.colegiomayor.cl\/wp-content\/uploads\/2016\/08\/27-08-16\u00ac\u00a9AA14-640x426.jpg",640,426,true],"ed-school-square-small":["https:\/\/webpe.colegiomayor.cl\/wp-content\/uploads\/2016\/08\/27-08-16\u00ac\u00a9AA14-420x420.jpg",420,420,true]},"rttpg_author":{"display_name":"Francisco Arriagada","author_link":"https:\/\/webpe.colegiomayor.cl\/?author=11"},"rttpg_comment":0,"rttpg_category":"<a href=\"https:\/\/webpe.colegiomayor.cl\/?cat=25\" rel=\"category\">DEPORTES<\/a> <a href=\"https:\/\/webpe.colegiomayor.cl\/?cat=44\" rel=\"category\">NOTICIAS<\/a>","rttpg_excerpt":"Selecciones Deportivas Selecciones Deportivas S\u00e1bado 27 de septiembre Atletismo Entrenamiento Lugar: Pista Estadio Mayor Categor\u00eda Preparatoria e Infantil \u2013 Hora: 09:00 a 10:30 hrs. Categor\u00edas Intermedia y Superior \u2013 Hora: 10:30 a 12:00 hrs. Profesores a cargo: \u00darsula Rebolledo, Carlos Soto, Mario G\u00f3mez, Claudio Ulloa&nbsp;&hellip;","_links":{"self":[{"href":"https:\/\/webpe.colegiomayor.cl\/index.php?rest_route=\/wp\/v2\/posts\/39410","targetHints":{"allow":["GET"]}}],"collection":[{"href":"https:\/\/webpe.colegiomayor.cl\/index.php?rest_route=\/wp\/v2\/posts"}],"about":[{"href":"https:\/\/webpe.colegiomayor.cl\/index.php?rest_route=\/wp\/v2\/types\/post"}],"author":[{"embeddable":true,"href":"https:\/\/webpe.colegiomayor.cl\/index.php?rest_route=\/wp\/v2\/users\/11"}],"replies":[{"embeddable":true,"href":"https:\/\/webpe.colegiomayor.cl\/index.php?rest_route=%2Fwp%2Fv2%2Fcomments&post=39410"}],"version-history":[{"count":1,"href":"https:\/\/webpe.colegiomayor.cl\/index.php?rest_route=\/wp\/v2\/posts\/39410\/revisions"}],"predecessor-version":[{"id":39411,"href":"https:\/\/webpe.colegiomayor.cl\/index.php?rest_route=\/wp\/v2\/posts\/39410\/revisions\/39411"}],"wp:featuredmedia":[{"embeddable":true,"href":"https:\/\/webpe.colegiomayor.cl\/index.php?rest_route=\/wp\/v2\/media\/2299"}],"wp:attachment":[{"href":"https:\/\/webpe.colegiomayor.cl\/index.php?rest_route=%2Fwp%2Fv2%2Fmedia&parent=39410"}],"wp:term":[{"taxonomy":"category","embeddable":true,"href":"https:\/\/webpe.colegiomayor.cl\/index.php?rest_route=%2Fwp%2Fv2%2Fcategories&post=39410"},{"taxonomy":"post_tag","embeddable":true,"href":"https:\/\/webpe.colegiomayor.cl\/index.php?rest_route=%2Fwp%2Fv2%2Ftags&post=39410"}],"curies":[{"name":"wp","href":"https:\/\/api.w.org\/{rel}","templated":true}]}}