{"id":39368,"date":"2025-09-24T14:37:57","date_gmt":"2025-09-24T17:37:57","guid":{"rendered":"https:\/\/webpe.colegiomayor.cl\/?p=39368"},"modified":"2025-09-24T14:37:57","modified_gmt":"2025-09-24T17:37:57","slug":"una-jornada-de-alegria-y-aprendizaje-estudiantes-y-apoderados-comparten-con-el-hogar-de-adultos-mayores-cam","status":"publish","type":"post","link":"https:\/\/webpe.colegiomayor.cl\/?p=39368","title":{"rendered":"Una jornada de alegr\u00eda y aprendizaje: Estudiantes y apoderados comparten con el Hogar de Adultos Mayores CAM"},"content":{"rendered":"\n<p>Un d\u00eda cargado de emociones, m\u00fasica y valiosas lecciones de vida fue la que vivieron nuestros estudiantes el pasado mi\u00e9rcoles 3 de septiembre, gracias a un voluntariado organizado por el Centro de Estudiantes junto al Centro de Padres y Apoderados en el Hogar de Adultos Mayores (CAM).<\/p>\n\n\n\n<p>El objetivo de esta iniciativa fue compartir con los residentes una ma\u00f1ana diferente, llena de alegr\u00eda, compa\u00f1\u00eda y momentos que, sin duda, quedar\u00e1n grabados en la memoria de todos los presentes.<\/p>\n\n\n\n<p>Al llegar al hogar, los voluntarios fueron recibidos con gran entusiasmo, estableciendo desde el primer momento un ambiente c\u00e1lido y cercano. La jornada estuvo marcada por diversas actividades que fomentaron la conexi\u00f3n intergeneracional:<\/p>\n\n\n\n<ul class=\"wp-block-list\">\n<li>Canciones y bailes que hicieron vibrar a todos.<\/li>\n\n\n\n<li>Juegos que desataron risas y sana competencia.<\/li>\n\n\n\n<li>Conversaciones profundas donde los adultos mayores compartieron experiencias y sabios consejos de vida.<\/li>\n<\/ul>\n\n\n\n<p>Uno de los momentos m\u00e1s especiales fue la preparaci\u00f3n conjunta del almuerzo, donde estudiantes y residentes colaboraron codo a codo. Posteriormente, disfrutaron de la comida en comunidad, un espacio que se llen\u00f3 de an\u00e9cdotas y se coron\u00f3 con un divertido juego de bingo.<\/p>\n\n\n\n<p>En total, participaron 15 estudiantes de distintos niveles educativos. Para muchos de ellos, esta fue su primera experiencia en un voluntariado, lo que la convirti\u00f3 en una vivencia profundamente significativa que permiti\u00f3 fortalecer valores esenciales como la empat\u00eda, la solidaridad y el respeto.<\/p>\n\n\n\n<p><strong>Agradecimientos<\/strong><\/p>\n\n\n\n<p>Desde nuestro colegio, queremos extender un sincero agradecimiento:<\/p>\n\n\n\n<ul class=\"wp-block-list\">\n<li>A los <strong>alumnos participantes<\/strong> por su energ\u00eda y compromiso.<\/li>\n\n\n\n<li>Al <strong>Centro de Estudiantes<\/strong> y al <strong>Centro de Padres y Apoderados<\/strong> por la impecable organizaci\u00f3n y por hacer posible esta actividad.<\/li>\n\n\n\n<li>Al <strong>Hogar de Adultos Mayores (CAM)<\/strong> por abrirnos sus puertas y recibirnos con tanto cari\u00f1o.<\/li>\n<\/ul>\n\n\n\n<p>Experiencias como esta refuerzan nuestra identidad como comunidad educativa y nos inspiran a seguir construyendo lazos que enriquecen el coraz\u00f3n y el esp\u00edritu de todos quienes formamos parte de ella.<\/p>\n\n\n<style>.uid-a68f171772449fd1  .gt3pg-isotope-item {\n\tpadding-right: 20px;\n\tpadding-bottom: 20px;\n}\n.uid-a68f171772449fd1  .gallery-isotope-wrapper {\n\tmargin-right: -20px;\n\tmargin-bottom: -20px;\n}\n<\/style><div id=\"uid-a68f171772449fd1\" data-gt3pg-block=\"masonry\" data-index=\"1\" class=\"gt3-photo-gallery-pro--isotope_gallery uid-a68f171772449fd1 gt3pg-pro--wrapper gt3pg-pro--masonry \">\t\t<div data-cols=\"3\" data-cols-tablet=\"3\" data-cols-mobile=\"2\" class=\"gt3pg-isotope-gallery columns-3 hover-default gallery-masonry corner-standard\" data-settings=\"{&quot;lightbox&quot;:{&quot;enable&quot;:true,&quot;options&quot;:{&quot;instance&quot;:1}},&quot;id&quot;:1,&quot;uid&quot;:&quot;uid-a68f171772449fd1&quot;,&quot;modules&quot;:[&quot;Lightbox&quot;],&quot;lightboxArray&quot;:[{&quot;href&quot;:&quot;https:\\\/\\\/webpe.colegiomayor.cl\\\/wp-content\\\/uploads\\\/2025\\\/09\\\/f8955f4c-515f-41ee-9ad2-adcbe0d1dfcc.jpg&quot;,&quot;title&quot;:&quot;f8955f4c-515f-41ee-9ad2-adcbe0d1dfcc&quot;,&quot;thumbnail&quot;:&quot;https:\\\/\\\/webpe.colegiomayor.cl\\\/wp-content\\\/uploads\\\/2025\\\/09\\\/f8955f4c-515f-41ee-9ad2-adcbe0d1dfcc-150x150.jpg&quot;,&quot;description&quot;:&quot;&quot;,&quot;is_video&quot;:0,&quot;image_id&quot;:39369,&quot;width&quot;:900,&quot;height&quot;:1600},{&quot;href&quot;:&quot;https:\\\/\\\/webpe.colegiomayor.cl\\\/wp-content\\\/uploads\\\/2025\\\/09\\\/378658e3-8e7f-4bb0-86c2-e7c970b4e2b3.jpg&quot;,&quot;title&quot;:&quot;378658e3-8e7f-4bb0-86c2-e7c970b4e2b3&quot;,&quot;thumbnail&quot;:&quot;https:\\\/\\\/webpe.colegiomayor.cl\\\/wp-content\\\/uploads\\\/2025\\\/09\\\/378658e3-8e7f-4bb0-86c2-e7c970b4e2b3-150x150.jpg&quot;,&quot;description&quot;:&quot;&quot;,&quot;is_video&quot;:0,&quot;image_id&quot;:39370,&quot;width&quot;:900,&quot;height&quot;:1600},{&quot;href&quot;:&quot;https:\\\/\\\/webpe.colegiomayor.cl\\\/wp-content\\\/uploads\\\/2025\\\/09\\\/c69860d2-b5df-4e10-8b2b-bf23df43cb3b.jpg&quot;,&quot;title&quot;:&quot;c69860d2-b5df-4e10-8b2b-bf23df43cb3b&quot;,&quot;thumbnail&quot;:&quot;https:\\\/\\\/webpe.colegiomayor.cl\\\/wp-content\\\/uploads\\\/2025\\\/09\\\/c69860d2-b5df-4e10-8b2b-bf23df43cb3b-150x150.jpg&quot;,&quot;description&quot;:&quot;&quot;,&quot;is_video&quot;:0,&quot;image_id&quot;:39371,&quot;width&quot;:1600,&quot;height&quot;:900},{&quot;href&quot;:&quot;https:\\\/\\\/webpe.colegiomayor.cl\\\/wp-content\\\/uploads\\\/2025\\\/09\\\/dbd05acd-9b08-4548-ac4b-d86e09135465.jpg&quot;,&quot;title&quot;:&quot;dbd05acd-9b08-4548-ac4b-d86e09135465&quot;,&quot;thumbnail&quot;:&quot;https:\\\/\\\/webpe.colegiomayor.cl\\\/wp-content\\\/uploads\\\/2025\\\/09\\\/dbd05acd-9b08-4548-ac4b-d86e09135465-150x150.jpg&quot;,&quot;description&quot;:&quot;&quot;,&quot;is_video&quot;:0,&quot;image_id&quot;:39372,&quot;width&quot;:900,&quot;height&quot;:1600}],&quot;items&quot;:[{&quot;href&quot;:&quot;https:\\\/\\\/webpe.colegiomayor.cl\\\/wp-content\\\/uploads\\\/2025\\\/09\\\/f8955f4c-515f-41ee-9ad2-adcbe0d1dfcc.jpg&quot;,&quot;title&quot;:&quot;f8955f4c-515f-41ee-9ad2-adcbe0d1dfcc&quot;,&quot;thumbnail&quot;:&quot;https:\\\/\\\/webpe.colegiomayor.cl\\\/wp-content\\\/uploads\\\/2025\\\/09\\\/f8955f4c-515f-41ee-9ad2-adcbe0d1dfcc-150x150.jpg&quot;,&quot;description&quot;:&quot;&quot;,&quot;is_video&quot;:0,&quot;image_id&quot;:39369,&quot;width&quot;:900,&quot;height&quot;:1600},{&quot;href&quot;:&quot;https:\\\/\\\/webpe.colegiomayor.cl\\\/wp-content\\\/uploads\\\/2025\\\/09\\\/378658e3-8e7f-4bb0-86c2-e7c970b4e2b3.jpg&quot;,&quot;title&quot;:&quot;378658e3-8e7f-4bb0-86c2-e7c970b4e2b3&quot;,&quot;thumbnail&quot;:&quot;https:\\\/\\\/webpe.colegiomayor.cl\\\/wp-content\\\/uploads\\\/2025\\\/09\\\/378658e3-8e7f-4bb0-86c2-e7c970b4e2b3-150x150.jpg&quot;,&quot;description&quot;:&quot;&quot;,&quot;is_video&quot;:0,&quot;image_id&quot;:39370,&quot;width&quot;:900,&quot;height&quot;:1600},{&quot;href&quot;:&quot;https:\\\/\\\/webpe.colegiomayor.cl\\\/wp-content\\\/uploads\\\/2025\\\/09\\\/c69860d2-b5df-4e10-8b2b-bf23df43cb3b.jpg&quot;,&quot;title&quot;:&quot;c69860d2-b5df-4e10-8b2b-bf23df43cb3b&quot;,&quot;thumbnail&quot;:&quot;https:\\\/\\\/webpe.colegiomayor.cl\\\/wp-content\\\/uploads\\\/2025\\\/09\\\/c69860d2-b5df-4e10-8b2b-bf23df43cb3b-150x150.jpg&quot;,&quot;description&quot;:&quot;&quot;,&quot;is_video&quot;:0,&quot;image_id&quot;:39371,&quot;width&quot;:1600,&quot;height&quot;:900},{&quot;href&quot;:&quot;https:\\\/\\\/webpe.colegiomayor.cl\\\/wp-content\\\/uploads\\\/2025\\\/09\\\/dbd05acd-9b08-4548-ac4b-d86e09135465.jpg&quot;,&quot;title&quot;:&quot;dbd05acd-9b08-4548-ac4b-d86e09135465&quot;,&quot;thumbnail&quot;:&quot;https:\\\/\\\/webpe.colegiomayor.cl\\\/wp-content\\\/uploads\\\/2025\\\/09\\\/dbd05acd-9b08-4548-ac4b-d86e09135465-150x150.jpg&quot;,&quot;description&quot;:&quot;&quot;,&quot;is_video&quot;:0,&quot;image_id&quot;:39372,&quot;width&quot;:900,&quot;height&quot;:1600}]}\">\r\n\t\t\t<div class=\"gallery-isotope-wrapper\">\r\n\t\t\t\t<div class=\"gt3pg-isotope-item loading \" ><div class=\"isotope_item-wrapper\"><a href=\"https:\/\/webpe.colegiomayor.cl\/wp-content\/uploads\/2025\/09\/f8955f4c-515f-41ee-9ad2-adcbe0d1dfcc.jpg\" class=\"gt3pg-lightbox\" data-elementor-open-lightbox=\"no\"><div class=\"img-wrapper \"><img loading=\"lazy\" decoding=\"async\" width=\"768\" height=\"1365\" src=\"https:\/\/webpe.colegiomayor.cl\/wp-content\/uploads\/2025\/09\/f8955f4c-515f-41ee-9ad2-adcbe0d1dfcc.jpg\" class=\"skip-lazy gt3-lazy-image\" alt=\"\" data-lazy-srcset=\"https:\/\/webpe.colegiomayor.cl\/wp-content\/uploads\/2025\/09\/f8955f4c-515f-41ee-9ad2-adcbe0d1dfcc.jpg 900w, https:\/\/webpe.colegiomayor.cl\/wp-content\/uploads\/2025\/09\/f8955f4c-515f-41ee-9ad2-adcbe0d1dfcc-169x300.jpg 169w, https:\/\/webpe.colegiomayor.cl\/wp-content\/uploads\/2025\/09\/f8955f4c-515f-41ee-9ad2-adcbe0d1dfcc-576x1024.jpg 576w\" data-lazy-sizes=\"(max-width: 768px) 100vw, 768px\" data-lazy-src=\"https:\/\/webpe.colegiomayor.cl\/wp-content\/uploads\/2025\/09\/f8955f4c-515f-41ee-9ad2-adcbe0d1dfcc.jpg?is-pending-load=1\" srcset=\"data:image\/png;base64,iVBORw0KGgoAAAANSUhEUgAAAE0AAACJCAYAAABpcLUSAAAACXBIWXMAAA7EAAAOxAGVKw4bAAAAQElEQVR42u3BgQAAAADDoPlTX+AIVQEAAAAAAAAAAAAAAAAAAAAAAAAAAAAAAAAAAAAAAAAAAAAAAAAAAAAAHAOlXQABF97QIAAAAABJRU5ErkJggg==\" \/><\/div><\/a><\/div><\/div><div class=\"gt3pg-isotope-item loading \" ><div class=\"isotope_item-wrapper\"><a href=\"https:\/\/webpe.colegiomayor.cl\/wp-content\/uploads\/2025\/09\/378658e3-8e7f-4bb0-86c2-e7c970b4e2b3.jpg\" class=\"gt3pg-lightbox\" data-elementor-open-lightbox=\"no\"><div class=\"img-wrapper \"><img loading=\"lazy\" decoding=\"async\" width=\"768\" height=\"1365\" src=\"https:\/\/webpe.colegiomayor.cl\/wp-content\/uploads\/2025\/09\/378658e3-8e7f-4bb0-86c2-e7c970b4e2b3.jpg\" class=\"skip-lazy gt3-lazy-image\" alt=\"\" data-lazy-srcset=\"https:\/\/webpe.colegiomayor.cl\/wp-content\/uploads\/2025\/09\/378658e3-8e7f-4bb0-86c2-e7c970b4e2b3.jpg 900w, https:\/\/webpe.colegiomayor.cl\/wp-content\/uploads\/2025\/09\/378658e3-8e7f-4bb0-86c2-e7c970b4e2b3-169x300.jpg 169w, https:\/\/webpe.colegiomayor.cl\/wp-content\/uploads\/2025\/09\/378658e3-8e7f-4bb0-86c2-e7c970b4e2b3-576x1024.jpg 576w\" data-lazy-sizes=\"(max-width: 768px) 100vw, 768px\" data-lazy-src=\"https:\/\/webpe.colegiomayor.cl\/wp-content\/uploads\/2025\/09\/378658e3-8e7f-4bb0-86c2-e7c970b4e2b3.jpg?is-pending-load=1\" srcset=\"data:image\/png;base64,iVBORw0KGgoAAAANSUhEUgAAAE0AAACJCAYAAABpcLUSAAAACXBIWXMAAA7EAAAOxAGVKw4bAAAAQElEQVR42u3BgQAAAADDoPlTX+AIVQEAAAAAAAAAAAAAAAAAAAAAAAAAAAAAAAAAAAAAAAAAAAAAAAAAAAAAHAOlXQABF97QIAAAAABJRU5ErkJggg==\" \/><\/div><\/a><\/div><\/div><div class=\"gt3pg-isotope-item loading \" ><div class=\"isotope_item-wrapper\"><a href=\"https:\/\/webpe.colegiomayor.cl\/wp-content\/uploads\/2025\/09\/c69860d2-b5df-4e10-8b2b-bf23df43cb3b.jpg\" class=\"gt3pg-lightbox\" data-elementor-open-lightbox=\"no\"><div class=\"img-wrapper \"><img loading=\"lazy\" decoding=\"async\" width=\"768\" height=\"432\" src=\"https:\/\/webpe.colegiomayor.cl\/wp-content\/uploads\/2025\/09\/c69860d2-b5df-4e10-8b2b-bf23df43cb3b.jpg\" class=\"skip-lazy gt3-lazy-image\" alt=\"\" data-lazy-srcset=\"https:\/\/webpe.colegiomayor.cl\/wp-content\/uploads\/2025\/09\/c69860d2-b5df-4e10-8b2b-bf23df43cb3b.jpg 1600w, https:\/\/webpe.colegiomayor.cl\/wp-content\/uploads\/2025\/09\/c69860d2-b5df-4e10-8b2b-bf23df43cb3b-300x169.jpg 300w\" data-lazy-sizes=\"(max-width: 768px) 100vw, 768px\" data-lazy-src=\"https:\/\/webpe.colegiomayor.cl\/wp-content\/uploads\/2025\/09\/c69860d2-b5df-4e10-8b2b-bf23df43cb3b.jpg?is-pending-load=1\" srcset=\"data:image\/png;base64,iVBORw0KGgoAAAANSUhEUgAAAE0AAAArCAYAAAA9pAX3AAAACXBIWXMAAA7EAAAOxAGVKw4bAAAAJElEQVRo3u3BMQEAAADCoPVPbQwfoAAAAAAAAAAAAAAAAICzATPnAAGZbRrQAAAAAElFTkSuQmCC\" \/><\/div><\/a><\/div><\/div><div class=\"gt3pg-isotope-item loading \" ><div class=\"isotope_item-wrapper\"><a href=\"https:\/\/webpe.colegiomayor.cl\/wp-content\/uploads\/2025\/09\/dbd05acd-9b08-4548-ac4b-d86e09135465.jpg\" class=\"gt3pg-lightbox\" data-elementor-open-lightbox=\"no\"><div class=\"img-wrapper \"><img loading=\"lazy\" decoding=\"async\" width=\"768\" height=\"1365\" src=\"https:\/\/webpe.colegiomayor.cl\/wp-content\/uploads\/2025\/09\/dbd05acd-9b08-4548-ac4b-d86e09135465.jpg\" class=\"skip-lazy gt3-lazy-image\" alt=\"\" data-lazy-srcset=\"https:\/\/webpe.colegiomayor.cl\/wp-content\/uploads\/2025\/09\/dbd05acd-9b08-4548-ac4b-d86e09135465.jpg 900w, https:\/\/webpe.colegiomayor.cl\/wp-content\/uploads\/2025\/09\/dbd05acd-9b08-4548-ac4b-d86e09135465-169x300.jpg 169w, https:\/\/webpe.colegiomayor.cl\/wp-content\/uploads\/2025\/09\/dbd05acd-9b08-4548-ac4b-d86e09135465-576x1024.jpg 576w\" data-lazy-sizes=\"(max-width: 768px) 100vw, 768px\" data-lazy-src=\"https:\/\/webpe.colegiomayor.cl\/wp-content\/uploads\/2025\/09\/dbd05acd-9b08-4548-ac4b-d86e09135465.jpg?is-pending-load=1\" srcset=\"data:image\/png;base64,iVBORw0KGgoAAAANSUhEUgAAAE0AAACJCAYAAABpcLUSAAAACXBIWXMAAA7EAAAOxAGVKw4bAAAAQElEQVR42u3BgQAAAADDoPlTX+AIVQEAAAAAAAAAAAAAAAAAAAAAAAAAAAAAAAAAAAAAAAAAAAAAAAAAAAAAHAOlXQABF97QIAAAAABJRU5ErkJggg==\" \/><\/div><\/a><\/div><\/div>\t\t\t<\/div>\r\n\t\t<\/div>\r\n\t\t<script type=\"application\/json\" id=\"settings--uid-a68f171772449fd1\">{\"lightbox\":{\"enable\":true,\"options\":{\"instance\":1}},\"id\":1,\"uid\":\"uid-a68f171772449fd1\",\"modules\":[\"Lightbox\"],\"lightboxArray\":[{\"href\":\"https:\\\/\\\/webpe.colegiomayor.cl\\\/wp-content\\\/uploads\\\/2025\\\/09\\\/f8955f4c-515f-41ee-9ad2-adcbe0d1dfcc.jpg\",\"title\":\"f8955f4c-515f-41ee-9ad2-adcbe0d1dfcc\",\"thumbnail\":\"https:\\\/\\\/webpe.colegiomayor.cl\\\/wp-content\\\/uploads\\\/2025\\\/09\\\/f8955f4c-515f-41ee-9ad2-adcbe0d1dfcc-150x150.jpg\",\"description\":\"\",\"is_video\":0,\"image_id\":39369,\"width\":900,\"height\":1600},{\"href\":\"https:\\\/\\\/webpe.colegiomayor.cl\\\/wp-content\\\/uploads\\\/2025\\\/09\\\/378658e3-8e7f-4bb0-86c2-e7c970b4e2b3.jpg\",\"title\":\"378658e3-8e7f-4bb0-86c2-e7c970b4e2b3\",\"thumbnail\":\"https:\\\/\\\/webpe.colegiomayor.cl\\\/wp-content\\\/uploads\\\/2025\\\/09\\\/378658e3-8e7f-4bb0-86c2-e7c970b4e2b3-150x150.jpg\",\"description\":\"\",\"is_video\":0,\"image_id\":39370,\"width\":900,\"height\":1600},{\"href\":\"https:\\\/\\\/webpe.colegiomayor.cl\\\/wp-content\\\/uploads\\\/2025\\\/09\\\/c69860d2-b5df-4e10-8b2b-bf23df43cb3b.jpg\",\"title\":\"c69860d2-b5df-4e10-8b2b-bf23df43cb3b\",\"thumbnail\":\"https:\\\/\\\/webpe.colegiomayor.cl\\\/wp-content\\\/uploads\\\/2025\\\/09\\\/c69860d2-b5df-4e10-8b2b-bf23df43cb3b-150x150.jpg\",\"description\":\"\",\"is_video\":0,\"image_id\":39371,\"width\":1600,\"height\":900},{\"href\":\"https:\\\/\\\/webpe.colegiomayor.cl\\\/wp-content\\\/uploads\\\/2025\\\/09\\\/dbd05acd-9b08-4548-ac4b-d86e09135465.jpg\",\"title\":\"dbd05acd-9b08-4548-ac4b-d86e09135465\",\"thumbnail\":\"https:\\\/\\\/webpe.colegiomayor.cl\\\/wp-content\\\/uploads\\\/2025\\\/09\\\/dbd05acd-9b08-4548-ac4b-d86e09135465-150x150.jpg\",\"description\":\"\",\"is_video\":0,\"image_id\":39372,\"width\":900,\"height\":1600}],\"items\":[{\"href\":\"https:\\\/\\\/webpe.colegiomayor.cl\\\/wp-content\\\/uploads\\\/2025\\\/09\\\/f8955f4c-515f-41ee-9ad2-adcbe0d1dfcc.jpg\",\"title\":\"f8955f4c-515f-41ee-9ad2-adcbe0d1dfcc\",\"thumbnail\":\"https:\\\/\\\/webpe.colegiomayor.cl\\\/wp-content\\\/uploads\\\/2025\\\/09\\\/f8955f4c-515f-41ee-9ad2-adcbe0d1dfcc-150x150.jpg\",\"description\":\"\",\"is_video\":0,\"image_id\":39369,\"width\":900,\"height\":1600},{\"href\":\"https:\\\/\\\/webpe.colegiomayor.cl\\\/wp-content\\\/uploads\\\/2025\\\/09\\\/378658e3-8e7f-4bb0-86c2-e7c970b4e2b3.jpg\",\"title\":\"378658e3-8e7f-4bb0-86c2-e7c970b4e2b3\",\"thumbnail\":\"https:\\\/\\\/webpe.colegiomayor.cl\\\/wp-content\\\/uploads\\\/2025\\\/09\\\/378658e3-8e7f-4bb0-86c2-e7c970b4e2b3-150x150.jpg\",\"description\":\"\",\"is_video\":0,\"image_id\":39370,\"width\":900,\"height\":1600},{\"href\":\"https:\\\/\\\/webpe.colegiomayor.cl\\\/wp-content\\\/uploads\\\/2025\\\/09\\\/c69860d2-b5df-4e10-8b2b-bf23df43cb3b.jpg\",\"title\":\"c69860d2-b5df-4e10-8b2b-bf23df43cb3b\",\"thumbnail\":\"https:\\\/\\\/webpe.colegiomayor.cl\\\/wp-content\\\/uploads\\\/2025\\\/09\\\/c69860d2-b5df-4e10-8b2b-bf23df43cb3b-150x150.jpg\",\"description\":\"\",\"is_video\":0,\"image_id\":39371,\"width\":1600,\"height\":900},{\"href\":\"https:\\\/\\\/webpe.colegiomayor.cl\\\/wp-content\\\/uploads\\\/2025\\\/09\\\/dbd05acd-9b08-4548-ac4b-d86e09135465.jpg\",\"title\":\"dbd05acd-9b08-4548-ac4b-d86e09135465\",\"thumbnail\":\"https:\\\/\\\/webpe.colegiomayor.cl\\\/wp-content\\\/uploads\\\/2025\\\/09\\\/dbd05acd-9b08-4548-ac4b-d86e09135465-150x150.jpg\",\"description\":\"\",\"is_video\":0,\"image_id\":39372,\"width\":900,\"height\":1600}]}<\/script>\r\n\t\t<\/div>","protected":false},"excerpt":{"rendered":"<p>Un d\u00eda cargado de emociones, m\u00fasica y valiosas lecciones de vida fue la que vivieron nuestros estudiantes el pasado mi\u00e9rcoles 3 de septiembre, gracias a un voluntariado organizado por el Centro de Estudiantes junto al Centro de Padres y Apoderados en el Hogar de Adultos&nbsp;<a href=\"https:\/\/webpe.colegiomayor.cl\/?p=39368\">&hellip;<\/a><\/p>\n","protected":false},"author":11,"featured_media":39373,"comment_status":"closed","ping_status":"closed","sticky":false,"template":"","format":"standard","meta":{"content-type":"","footnotes":""},"categories":[37,27,23,24,1],"tags":[115,86,116,114],"class_list":["post-39368","post","type-post","status-publish","format-standard","has-post-thumbnail","hentry","category-bienestar-emocional","category-centro-de-padres","category-actualidad","category-comunicaciones","category-categoria-3","tag-adulto-mayor","tag-estudiantes","tag-hogar-cam","tag-voluntariado","odd"],"rttpg_featured_image_url":{"full":["https:\/\/webpe.colegiomayor.cl\/wp-content\/uploads\/2025\/09\/voluntariado-cam.jpg",1200,675,false],"landscape":["https:\/\/webpe.colegiomayor.cl\/wp-content\/uploads\/2025\/09\/voluntariado-cam.jpg",1200,675,false],"portraits":["https:\/\/webpe.colegiomayor.cl\/wp-content\/uploads\/2025\/09\/voluntariado-cam.jpg",1200,675,false],"thumbnail":["https:\/\/webpe.colegiomayor.cl\/wp-content\/uploads\/2025\/09\/voluntariado-cam-150x150.jpg",150,150,true],"medium":["https:\/\/webpe.colegiomayor.cl\/wp-content\/uploads\/2025\/09\/voluntariado-cam-300x169.jpg",300,169,true],"large":["https:\/\/webpe.colegiomayor.cl\/wp-content\/uploads\/2025\/09\/voluntariado-cam-1024x576.jpg",1024,576,true],"1536x1536":["https:\/\/webpe.colegiomayor.cl\/wp-content\/uploads\/2025\/09\/voluntariado-cam-1200x675.jpg",1200,675,true],"2048x2048":["https:\/\/webpe.colegiomayor.cl\/wp-content\/uploads\/2025\/09\/voluntariado-cam-1200x675.jpg",1200,675,true],"post-thumbnail":["https:\/\/webpe.colegiomayor.cl\/wp-content\/uploads\/2025\/09\/voluntariado-cam-150x84.jpg",150,84,true],"ed-school-featured-image":["https:\/\/webpe.colegiomayor.cl\/wp-content\/uploads\/2025\/09\/voluntariado-cam-990x500.jpg",990,500,true],"ed-school-medium":["https:\/\/webpe.colegiomayor.cl\/wp-content\/uploads\/2025\/09\/voluntariado-cam-768x510.jpg",768,510,true],"ed-school-medium-alt":["https:\/\/webpe.colegiomayor.cl\/wp-content\/uploads\/2025\/09\/voluntariado-cam-768x410.jpg",768,410,true],"ed-school-square":["https:\/\/webpe.colegiomayor.cl\/wp-content\/uploads\/2025\/09\/voluntariado-cam-768x675.jpg",768,675,true],"ed-school-square-small":["https:\/\/webpe.colegiomayor.cl\/wp-content\/uploads\/2025\/09\/voluntariado-cam-420x420.jpg",420,420,true]},"rttpg_author":{"display_name":"Francisco Arriagada","author_link":"https:\/\/webpe.colegiomayor.cl\/?author=11"},"rttpg_comment":0,"rttpg_category":"<a href=\"https:\/\/webpe.colegiomayor.cl\/?cat=37\" rel=\"category\">Bienestar Emocional<\/a> <a href=\"https:\/\/webpe.colegiomayor.cl\/?cat=27\" rel=\"category\">CENTRO DE PADRES Y APODERADOS<\/a> <a href=\"https:\/\/webpe.colegiomayor.cl\/?cat=23\" rel=\"category\">COLEGIO<\/a> <a href=\"https:\/\/webpe.colegiomayor.cl\/?cat=24\" rel=\"category\">COMUNICACIONES<\/a> <a href=\"https:\/\/webpe.colegiomayor.cl\/?cat=1\" rel=\"category\">NOTICIAS<\/a>","rttpg_excerpt":"Un d\u00eda cargado de emociones, m\u00fasica y valiosas lecciones de vida fue la que vivieron nuestros estudiantes el pasado mi\u00e9rcoles 3 de septiembre, gracias a un voluntariado organizado por el Centro de Estudiantes junto al Centro de Padres y Apoderados en el Hogar de Adultos&nbsp;&hellip;","_links":{"self":[{"href":"https:\/\/webpe.colegiomayor.cl\/index.php?rest_route=\/wp\/v2\/posts\/39368","targetHints":{"allow":["GET"]}}],"collection":[{"href":"https:\/\/webpe.colegiomayor.cl\/index.php?rest_route=\/wp\/v2\/posts"}],"about":[{"href":"https:\/\/webpe.colegiomayor.cl\/index.php?rest_route=\/wp\/v2\/types\/post"}],"author":[{"embeddable":true,"href":"https:\/\/webpe.colegiomayor.cl\/index.php?rest_route=\/wp\/v2\/users\/11"}],"replies":[{"embeddable":true,"href":"https:\/\/webpe.colegiomayor.cl\/index.php?rest_route=%2Fwp%2Fv2%2Fcomments&post=39368"}],"version-history":[{"count":1,"href":"https:\/\/webpe.colegiomayor.cl\/index.php?rest_route=\/wp\/v2\/posts\/39368\/revisions"}],"predecessor-version":[{"id":39374,"href":"https:\/\/webpe.colegiomayor.cl\/index.php?rest_route=\/wp\/v2\/posts\/39368\/revisions\/39374"}],"wp:featuredmedia":[{"embeddable":true,"href":"https:\/\/webpe.colegiomayor.cl\/index.php?rest_route=\/wp\/v2\/media\/39373"}],"wp:attachment":[{"href":"https:\/\/webpe.colegiomayor.cl\/index.php?rest_route=%2Fwp%2Fv2%2Fmedia&parent=39368"}],"wp:term":[{"taxonomy":"category","embeddable":true,"href":"https:\/\/webpe.colegiomayor.cl\/index.php?rest_route=%2Fwp%2Fv2%2Fcategories&post=39368"},{"taxonomy":"post_tag","embeddable":true,"href":"https:\/\/webpe.colegiomayor.cl\/index.php?rest_route=%2Fwp%2Fv2%2Ftags&post=39368"}],"curies":[{"name":"wp","href":"https:\/\/api.w.org\/{rel}","templated":true}]}}