{"id":39362,"date":"2025-09-22T09:27:11","date_gmt":"2025-09-22T12:27:11","guid":{"rendered":"https:\/\/webpe.colegiomayor.cl\/?p=39362"},"modified":"2025-09-22T09:27:11","modified_gmt":"2025-09-22T12:27:11","slug":"actividades-selecciones-y-escuelas-deportivas-semana-aniversario","status":"publish","type":"post","link":"https:\/\/webpe.colegiomayor.cl\/?p=39362","title":{"rendered":"Actividades Selecciones y Escuelas Deportivas Semana Aniversario"},"content":{"rendered":"\n<div style=\"font-family: 'Montserrat', sans-serif; max-width: 800px; margin: auto; padding: 20px; line-height: 1.6; color: #333;\">\n  <p style=\"text-align: right; color: #555; font-size: 16px;\"><strong>Pe\u00f1alol\u00e9n, 22 de septiembre de 2025<\/strong><\/p>\n\n  <h2 style=\"text-align: center; color: #2c3e50; font-weight: 700; margin-top: 10px;\">Actividades Selecciones y Escuelas Deportivas<\/h2>\n  <h3 style=\"text-align: center; color: #16a085; font-weight: 600;\">Semana Aniversario<\/h3>\n\n  <p style=\"margin-top: 20px;\">Estimadas Familias:<\/p>\n\n  <p>Esperamos que se encuentren bien y hayan tenido unas lindas fiestas. Recordamos que, debido a la celebraci\u00f3n de nuestro aniversario, entre los d\u00edas <strong>mi\u00e9rcoles 24<\/strong> al <strong>viernes 26 de septiembre<\/strong>, nuestras actividades deportivas se realizar\u00e1n de la siguiente manera:<\/p>\n\n  <p style=\"margin-top: 20px;\"><strong style=\"color:#2980b9;\">Mi\u00e9rcoles 24<\/strong><br>\n  Selecciones deportivas se realizan de manera normal, los estudiantes que se retiran temprano deben volver en el horario habitual.<\/p>\n\n  <p><strong style=\"color:#e67e22;\">Jueves 25<\/strong><br>\n  Estudiantes de primer a cuarto b\u00e1sico, se retiran a las <strong>12:00 hrs.<\/strong>, por lo tanto nuestras <strong>ESCUELAS DEPORTIVAS EST\u00c1N SUSPENDIDAS<\/strong>.<\/p>\n\n  <p><strong style=\"color:#c0392b;\">Viernes 26<\/strong><br>\n  Selecciones Deportivas <strong>Suspendidas<\/strong>.<\/p>\n\n  <p><strong style=\"color:#27ae60;\">S\u00e1bado 27<\/strong><br>\n  Selecciones Deportivas se realizan de manera normal, entrenamientos y competencias, seg\u00fan planificaci\u00f3n de cada selecci\u00f3n.<\/p>\n\n  <p style=\"margin-top: 30px;\">Les saluda,<\/p>\n  <p><strong>Ra\u00fal Briones G.<\/strong><br>\n  Coordinador de Selecciones y Escuelas Deportivas<\/p>\n<\/div>\n\n\n\n<p><br><\/p>\n","protected":false},"excerpt":{"rendered":"<p>Pe\u00f1alol\u00e9n, 22 de septiembre de 2025 Actividades Selecciones y Escuelas Deportivas Semana Aniversario Estimadas Familias: Esperamos que se encuentren bien y hayan tenido unas lindas fiestas. Recordamos que, debido a la celebraci\u00f3n de nuestro aniversario, entre los d\u00edas mi\u00e9rcoles 24 al viernes 26 de septiembre,&nbsp;<a href=\"https:\/\/webpe.colegiomayor.cl\/?p=39362\">&hellip;<\/a><\/p>\n","protected":false},"author":11,"featured_media":38821,"comment_status":"closed","ping_status":"closed","sticky":false,"template":"","format":"standard","meta":{"content-type":"","footnotes":""},"categories":[25,1],"tags":[113,101,112],"class_list":["post-39362","post","type-post","status-publish","format-standard","has-post-thumbnail","hentry","category-deportes","category-categoria-3","tag-aniversario","tag-deportes","tag-semana-aniversario","odd"],"rttpg_featured_image_url":{"full":["https:\/\/webpe.colegiomayor.cl\/wp-content\/uploads\/2025\/07\/deportes.jpg",1440,810,false],"landscape":["https:\/\/webpe.colegiomayor.cl\/wp-content\/uploads\/2025\/07\/deportes.jpg",1440,810,false],"portraits":["https:\/\/webpe.colegiomayor.cl\/wp-content\/uploads\/2025\/07\/deportes.jpg",1440,810,false],"thumbnail":["https:\/\/webpe.colegiomayor.cl\/wp-content\/uploads\/2025\/07\/deportes-150x150.jpg",150,150,true],"medium":["https:\/\/webpe.colegiomayor.cl\/wp-content\/uploads\/2025\/07\/deportes-300x169.jpg",300,169,true],"large":["https:\/\/webpe.colegiomayor.cl\/wp-content\/uploads\/2025\/07\/deportes-1024x576.jpg",1024,576,true],"1536x1536":["https:\/\/webpe.colegiomayor.cl\/wp-content\/uploads\/2025\/07\/deportes-1440x810.jpg",1440,810,true],"2048x2048":["https:\/\/webpe.colegiomayor.cl\/wp-content\/uploads\/2025\/07\/deportes-1440x810.jpg",1440,810,true],"post-thumbnail":["https:\/\/webpe.colegiomayor.cl\/wp-content\/uploads\/2025\/07\/deportes-150x84.jpg",150,84,true],"ed-school-featured-image":["https:\/\/webpe.colegiomayor.cl\/wp-content\/uploads\/2025\/07\/deportes-990x500.jpg",990,500,true],"ed-school-medium":["https:\/\/webpe.colegiomayor.cl\/wp-content\/uploads\/2025\/07\/deportes-768x510.jpg",768,510,true],"ed-school-medium-alt":["https:\/\/webpe.colegiomayor.cl\/wp-content\/uploads\/2025\/07\/deportes-768x410.jpg",768,410,true],"ed-school-square":["https:\/\/webpe.colegiomayor.cl\/wp-content\/uploads\/2025\/07\/deportes-768x768.jpg",768,768,true],"ed-school-square-small":["https:\/\/webpe.colegiomayor.cl\/wp-content\/uploads\/2025\/07\/deportes-420x420.jpg",420,420,true]},"rttpg_author":{"display_name":"Francisco Arriagada","author_link":"https:\/\/webpe.colegiomayor.cl\/?author=11"},"rttpg_comment":0,"rttpg_category":"<a href=\"https:\/\/webpe.colegiomayor.cl\/?cat=25\" rel=\"category\">DEPORTES<\/a> <a href=\"https:\/\/webpe.colegiomayor.cl\/?cat=1\" rel=\"category\">NOTICIAS<\/a>","rttpg_excerpt":"Pe\u00f1alol\u00e9n, 22 de septiembre de 2025 Actividades Selecciones y Escuelas Deportivas Semana Aniversario Estimadas Familias: Esperamos que se encuentren bien y hayan tenido unas lindas fiestas. Recordamos que, debido a la celebraci\u00f3n de nuestro aniversario, entre los d\u00edas mi\u00e9rcoles 24 al viernes 26 de septiembre,&nbsp;&hellip;","_links":{"self":[{"href":"https:\/\/webpe.colegiomayor.cl\/index.php?rest_route=\/wp\/v2\/posts\/39362","targetHints":{"allow":["GET"]}}],"collection":[{"href":"https:\/\/webpe.colegiomayor.cl\/index.php?rest_route=\/wp\/v2\/posts"}],"about":[{"href":"https:\/\/webpe.colegiomayor.cl\/index.php?rest_route=\/wp\/v2\/types\/post"}],"author":[{"embeddable":true,"href":"https:\/\/webpe.colegiomayor.cl\/index.php?rest_route=\/wp\/v2\/users\/11"}],"replies":[{"embeddable":true,"href":"https:\/\/webpe.colegiomayor.cl\/index.php?rest_route=%2Fwp%2Fv2%2Fcomments&post=39362"}],"version-history":[{"count":1,"href":"https:\/\/webpe.colegiomayor.cl\/index.php?rest_route=\/wp\/v2\/posts\/39362\/revisions"}],"predecessor-version":[{"id":39363,"href":"https:\/\/webpe.colegiomayor.cl\/index.php?rest_route=\/wp\/v2\/posts\/39362\/revisions\/39363"}],"wp:featuredmedia":[{"embeddable":true,"href":"https:\/\/webpe.colegiomayor.cl\/index.php?rest_route=\/wp\/v2\/media\/38821"}],"wp:attachment":[{"href":"https:\/\/webpe.colegiomayor.cl\/index.php?rest_route=%2Fwp%2Fv2%2Fmedia&parent=39362"}],"wp:term":[{"taxonomy":"category","embeddable":true,"href":"https:\/\/webpe.colegiomayor.cl\/index.php?rest_route=%2Fwp%2Fv2%2Fcategories&post=39362"},{"taxonomy":"post_tag","embeddable":true,"href":"https:\/\/webpe.colegiomayor.cl\/index.php?rest_route=%2Fwp%2Fv2%2Ftags&post=39362"}],"curies":[{"name":"wp","href":"https:\/\/api.w.org\/{rel}","templated":true}]}}