{"id":39324,"date":"2025-09-10T17:20:18","date_gmt":"2025-09-10T20:20:18","guid":{"rendered":"https:\/\/webpe.colegiomayor.cl\/?p=39324"},"modified":"2025-09-10T17:30:35","modified_gmt":"2025-09-10T20:30:35","slug":"colegio-mayor-de-penalolen-se-corona-campeon-absoluto-en-la-i-copa-mini-mayor-de-atletismo","status":"publish","type":"post","link":"https:\/\/webpe.colegiomayor.cl\/?p=39324","title":{"rendered":"Colegio Mayor de Pe\u00f1alol\u00e9n se corona campe\u00f3n absoluto en la I Copa Mini Mayor de Atletismo"},"content":{"rendered":"\n<p><strong>Construyendo campeonas y campeones 2025<\/strong><\/p>\n\n\n\n<p>El s\u00e1bado 6 de septiembre de 2025 se realiz\u00f3 la <strong>I Copa Mini Mayor de Atletismo<\/strong>. Nuestro colegio compiti\u00f3 con estudiantes de la escuelita y de la selecci\u00f3n en pruebas de pista y campo, con excelentes resultados.<\/p>\n\n\n\n<p>Participaron, adem\u00e1s, colegios como Nuestra Se\u00f1ora del Camino, Boston Academy, De La Salle, Instituto Hebreo, Instituci\u00f3n Teresiana y Estadio Mayor.<\/p>\n\n\n\n<p>El Colegio Mayor de Pe\u00f1alol\u00e9n destac\u00f3 en varias pruebas, en damas y varones. Se not\u00f3 un lindo trabajo y entrega <strong>de cada<\/strong> atleta.<\/p>\n\n\n\n<p>Destacamos a <strong>:<\/strong> Rom\u00e1n Delgado (800 metros Peneca), Aline De Almeida (600 metros Sub Preparatoria), Mariana Paolini (600 metros y 50 metros Peneca), Isidora Paz (Salto Largo Peneca), Samuel Araguainamo (Salto Largo Sub Preparatoria), Diego Oropeza (Lanzamiento de la Pelotita Sub Preparatoria), Camila P\u00e9rez (Lanzamiento de la Pelotita Sub Preparatoria) y Salvador Cerda (Lanzamiento de la Pelotita Peneca) por <strong>estar entre<\/strong> los mejores en sus pruebas.<\/p>\n\n\n\n<p>Agradecemos a los apoderados y acompa\u00f1antes asistentes, ya que fue un lindo campeonato donde el trabajo en equipo nos otorg\u00f3 un <strong>1.er lugar<\/strong> para el equipo de damas y un <strong>1.er lugar<\/strong> para el equipo de varones.<\/p>\n\n\n\n<p>\u201cA seguir en la senda del alto vuelo, buscando proyectar a este maravilloso equipo\u201d.<\/p>\n\n\n<style>.uid-cdb1b0269f3e884e  .gt3pg-isotope-item {\n\tpadding-right: 20px;\n\tpadding-bottom: 20px;\n}\n.uid-cdb1b0269f3e884e  .gallery-isotope-wrapper {\n\tmargin-right: -20px;\n\tmargin-bottom: -20px;\n}\n<\/style><div id=\"uid-cdb1b0269f3e884e\" data-gt3pg-block=\"masonry\" data-index=\"1\" class=\"gt3-photo-gallery-pro--isotope_gallery uid-cdb1b0269f3e884e gt3pg-pro--wrapper gt3pg-pro--masonry \">\t\t<div data-cols=\"3\" data-cols-tablet=\"3\" data-cols-mobile=\"2\" class=\"gt3pg-isotope-gallery columns-3 hover-default gallery-masonry corner-standard\" data-settings=\"{&quot;lightbox&quot;:{&quot;enable&quot;:true,&quot;options&quot;:{&quot;instance&quot;:1}},&quot;id&quot;:1,&quot;uid&quot;:&quot;uid-cdb1b0269f3e884e&quot;,&quot;modules&quot;:[&quot;Lightbox&quot;],&quot;lightboxArray&quot;:[{&quot;href&quot;:&quot;https:\\\/\\\/webpe.colegiomayor.cl\\\/wp-content\\\/uploads\\\/2025\\\/09\\\/WhatsApp-Image-2025-09-07-at-8.52.26-PM-scaled.jpeg&quot;,&quot;title&quot;:&quot;WhatsApp Image 2025-09-07 at 8.52.26 PM&quot;,&quot;thumbnail&quot;:&quot;https:\\\/\\\/webpe.colegiomayor.cl\\\/wp-content\\\/uploads\\\/2025\\\/09\\\/WhatsApp-Image-2025-09-07-at-8.52.26-PM-scaled-150x150.jpeg&quot;,&quot;description&quot;:&quot;&quot;,&quot;is_video&quot;:0,&quot;image_id&quot;:39338,&quot;width&quot;:2560,&quot;height&quot;:1920},{&quot;href&quot;:&quot;https:\\\/\\\/webpe.colegiomayor.cl\\\/wp-content\\\/uploads\\\/2025\\\/09\\\/WhatsApp-Image-2025-09-07-at-8.52.18-PM-scaled.jpeg&quot;,&quot;title&quot;:&quot;WhatsApp Image 2025-09-07 at 8.52.18 PM&quot;,&quot;thumbnail&quot;:&quot;https:\\\/\\\/webpe.colegiomayor.cl\\\/wp-content\\\/uploads\\\/2025\\\/09\\\/WhatsApp-Image-2025-09-07-at-8.52.18-PM-scaled-150x150.jpeg&quot;,&quot;description&quot;:&quot;&quot;,&quot;is_video&quot;:0,&quot;image_id&quot;:39336,&quot;width&quot;:2560,&quot;height&quot;:1920},{&quot;href&quot;:&quot;https:\\\/\\\/webpe.colegiomayor.cl\\\/wp-content\\\/uploads\\\/2025\\\/09\\\/WhatsApp-Image-2025-09-07-at-8.52.17-PM-scaled.jpeg&quot;,&quot;title&quot;:&quot;WhatsApp Image 2025-09-07 at 8.52.17 PM&quot;,&quot;thumbnail&quot;:&quot;https:\\\/\\\/webpe.colegiomayor.cl\\\/wp-content\\\/uploads\\\/2025\\\/09\\\/WhatsApp-Image-2025-09-07-at-8.52.17-PM-scaled-150x150.jpeg&quot;,&quot;description&quot;:&quot;&quot;,&quot;is_video&quot;:0,&quot;image_id&quot;:39335,&quot;width&quot;:2560,&quot;height&quot;:1920},{&quot;href&quot;:&quot;https:\\\/\\\/webpe.colegiomayor.cl\\\/wp-content\\\/uploads\\\/2025\\\/09\\\/WhatsApp-Image-2025-09-07-at-8.52.12-PM-scaled.jpeg&quot;,&quot;title&quot;:&quot;WhatsApp Image 2025-09-07 at 8.52.12 PM&quot;,&quot;thumbnail&quot;:&quot;https:\\\/\\\/webpe.colegiomayor.cl\\\/wp-content\\\/uploads\\\/2025\\\/09\\\/WhatsApp-Image-2025-09-07-at-8.52.12-PM-scaled-150x150.jpeg&quot;,&quot;description&quot;:&quot;&quot;,&quot;is_video&quot;:0,&quot;image_id&quot;:39334,&quot;width&quot;:1920,&quot;height&quot;:2560},{&quot;href&quot;:&quot;https:\\\/\\\/webpe.colegiomayor.cl\\\/wp-content\\\/uploads\\\/2025\\\/09\\\/WhatsApp-Image-2025-09-06-at-4.21.13-PM.jpeg&quot;,&quot;title&quot;:&quot;WhatsApp Image 2025-09-06 at 4.21.13 PM&quot;,&quot;thumbnail&quot;:&quot;https:\\\/\\\/webpe.colegiomayor.cl\\\/wp-content\\\/uploads\\\/2025\\\/09\\\/WhatsApp-Image-2025-09-06-at-4.21.13-PM-150x150.jpeg&quot;,&quot;description&quot;:&quot;&quot;,&quot;is_video&quot;:0,&quot;image_id&quot;:39333,&quot;width&quot;:1600,&quot;height&quot;:1200},{&quot;href&quot;:&quot;https:\\\/\\\/webpe.colegiomayor.cl\\\/wp-content\\\/uploads\\\/2025\\\/09\\\/WhatsApp-Image-2025-09-07-at-8.53.32-PM-scaled.jpeg&quot;,&quot;title&quot;:&quot;WhatsApp Image 2025-09-07 at 8.53.32 PM&quot;,&quot;thumbnail&quot;:&quot;https:\\\/\\\/webpe.colegiomayor.cl\\\/wp-content\\\/uploads\\\/2025\\\/09\\\/WhatsApp-Image-2025-09-07-at-8.53.32-PM-scaled-150x150.jpeg&quot;,&quot;description&quot;:&quot;&quot;,&quot;is_video&quot;:0,&quot;image_id&quot;:39332,&quot;width&quot;:2560,&quot;height&quot;:1920},{&quot;href&quot;:&quot;https:\\\/\\\/webpe.colegiomayor.cl\\\/wp-content\\\/uploads\\\/2025\\\/09\\\/WhatsApp-Image-2025-09-07-at-8.53.15-PM-scaled.jpeg&quot;,&quot;title&quot;:&quot;WhatsApp Image 2025-09-07 at 8.53.15 PM&quot;,&quot;thumbnail&quot;:&quot;https:\\\/\\\/webpe.colegiomayor.cl\\\/wp-content\\\/uploads\\\/2025\\\/09\\\/WhatsApp-Image-2025-09-07-at-8.53.15-PM-scaled-150x150.jpeg&quot;,&quot;description&quot;:&quot;&quot;,&quot;is_video&quot;:0,&quot;image_id&quot;:39331,&quot;width&quot;:1920,&quot;height&quot;:2560},{&quot;href&quot;:&quot;https:\\\/\\\/webpe.colegiomayor.cl\\\/wp-content\\\/uploads\\\/2025\\\/09\\\/WhatsApp-Image-2025-09-07-at-8.53.04-PM-scaled.jpeg&quot;,&quot;title&quot;:&quot;WhatsApp Image 2025-09-07 at 8.53.04 PM&quot;,&quot;thumbnail&quot;:&quot;https:\\\/\\\/webpe.colegiomayor.cl\\\/wp-content\\\/uploads\\\/2025\\\/09\\\/WhatsApp-Image-2025-09-07-at-8.53.04-PM-scaled-150x150.jpeg&quot;,&quot;description&quot;:&quot;&quot;,&quot;is_video&quot;:0,&quot;image_id&quot;:39330,&quot;width&quot;:1920,&quot;height&quot;:2560},{&quot;href&quot;:&quot;https:\\\/\\\/webpe.colegiomayor.cl\\\/wp-content\\\/uploads\\\/2025\\\/09\\\/WhatsApp-Image-2025-09-07-at-8.52.58-PM-scaled.jpeg&quot;,&quot;title&quot;:&quot;WhatsApp Image 2025-09-07 at 8.52.58 PM&quot;,&quot;thumbnail&quot;:&quot;https:\\\/\\\/webpe.colegiomayor.cl\\\/wp-content\\\/uploads\\\/2025\\\/09\\\/WhatsApp-Image-2025-09-07-at-8.52.58-PM-scaled-150x150.jpeg&quot;,&quot;description&quot;:&quot;&quot;,&quot;is_video&quot;:0,&quot;image_id&quot;:39329,&quot;width&quot;:2560,&quot;height&quot;:1920},{&quot;href&quot;:&quot;https:\\\/\\\/webpe.colegiomayor.cl\\\/wp-content\\\/uploads\\\/2025\\\/09\\\/WhatsApp-Image-2025-09-07-at-8.52.38-PM_1-scaled.jpeg&quot;,&quot;title&quot;:&quot;WhatsApp Image 2025-09-07 at 8.52.38 PM_1&quot;,&quot;thumbnail&quot;:&quot;https:\\\/\\\/webpe.colegiomayor.cl\\\/wp-content\\\/uploads\\\/2025\\\/09\\\/WhatsApp-Image-2025-09-07-at-8.52.38-PM_1-scaled-150x150.jpeg&quot;,&quot;description&quot;:&quot;&quot;,&quot;is_video&quot;:0,&quot;image_id&quot;:39328,&quot;width&quot;:2560,&quot;height&quot;:1920},{&quot;href&quot;:&quot;https:\\\/\\\/webpe.colegiomayor.cl\\\/wp-content\\\/uploads\\\/2025\\\/09\\\/WhatsApp-Image-2025-09-07-at-8.52.38-PM-1-scaled.jpeg&quot;,&quot;title&quot;:&quot;WhatsApp Image 2025-09-07 at 8.52.38 PM&quot;,&quot;thumbnail&quot;:&quot;https:\\\/\\\/webpe.colegiomayor.cl\\\/wp-content\\\/uploads\\\/2025\\\/09\\\/WhatsApp-Image-2025-09-07-at-8.52.38-PM-1-scaled-150x150.jpeg&quot;,&quot;description&quot;:&quot;&quot;,&quot;is_video&quot;:0,&quot;image_id&quot;:39327,&quot;width&quot;:2560,&quot;height&quot;:1920},{&quot;href&quot;:&quot;https:\\\/\\\/webpe.colegiomayor.cl\\\/wp-content\\\/uploads\\\/2025\\\/09\\\/WhatsApp-Image-2025-09-07-at-8.52.38-PM-scaled.jpeg&quot;,&quot;title&quot;:&quot;WhatsApp Image 2025-09-07 at 8.52.38 PM&quot;,&quot;thumbnail&quot;:&quot;https:\\\/\\\/webpe.colegiomayor.cl\\\/wp-content\\\/uploads\\\/2025\\\/09\\\/WhatsApp-Image-2025-09-07-at-8.52.38-PM-scaled-150x150.jpeg&quot;,&quot;description&quot;:&quot;&quot;,&quot;is_video&quot;:0,&quot;image_id&quot;:39325,&quot;width&quot;:2560,&quot;height&quot;:1920}],&quot;items&quot;:[{&quot;href&quot;:&quot;https:\\\/\\\/webpe.colegiomayor.cl\\\/wp-content\\\/uploads\\\/2025\\\/09\\\/WhatsApp-Image-2025-09-07-at-8.52.26-PM-scaled.jpeg&quot;,&quot;title&quot;:&quot;WhatsApp Image 2025-09-07 at 8.52.26 PM&quot;,&quot;thumbnail&quot;:&quot;https:\\\/\\\/webpe.colegiomayor.cl\\\/wp-content\\\/uploads\\\/2025\\\/09\\\/WhatsApp-Image-2025-09-07-at-8.52.26-PM-scaled-150x150.jpeg&quot;,&quot;description&quot;:&quot;&quot;,&quot;is_video&quot;:0,&quot;image_id&quot;:39338,&quot;width&quot;:2560,&quot;height&quot;:1920},{&quot;href&quot;:&quot;https:\\\/\\\/webpe.colegiomayor.cl\\\/wp-content\\\/uploads\\\/2025\\\/09\\\/WhatsApp-Image-2025-09-07-at-8.52.18-PM-scaled.jpeg&quot;,&quot;title&quot;:&quot;WhatsApp Image 2025-09-07 at 8.52.18 PM&quot;,&quot;thumbnail&quot;:&quot;https:\\\/\\\/webpe.colegiomayor.cl\\\/wp-content\\\/uploads\\\/2025\\\/09\\\/WhatsApp-Image-2025-09-07-at-8.52.18-PM-scaled-150x150.jpeg&quot;,&quot;description&quot;:&quot;&quot;,&quot;is_video&quot;:0,&quot;image_id&quot;:39336,&quot;width&quot;:2560,&quot;height&quot;:1920},{&quot;href&quot;:&quot;https:\\\/\\\/webpe.colegiomayor.cl\\\/wp-content\\\/uploads\\\/2025\\\/09\\\/WhatsApp-Image-2025-09-07-at-8.52.17-PM-scaled.jpeg&quot;,&quot;title&quot;:&quot;WhatsApp Image 2025-09-07 at 8.52.17 PM&quot;,&quot;thumbnail&quot;:&quot;https:\\\/\\\/webpe.colegiomayor.cl\\\/wp-content\\\/uploads\\\/2025\\\/09\\\/WhatsApp-Image-2025-09-07-at-8.52.17-PM-scaled-150x150.jpeg&quot;,&quot;description&quot;:&quot;&quot;,&quot;is_video&quot;:0,&quot;image_id&quot;:39335,&quot;width&quot;:2560,&quot;height&quot;:1920},{&quot;href&quot;:&quot;https:\\\/\\\/webpe.colegiomayor.cl\\\/wp-content\\\/uploads\\\/2025\\\/09\\\/WhatsApp-Image-2025-09-07-at-8.52.12-PM-scaled.jpeg&quot;,&quot;title&quot;:&quot;WhatsApp Image 2025-09-07 at 8.52.12 PM&quot;,&quot;thumbnail&quot;:&quot;https:\\\/\\\/webpe.colegiomayor.cl\\\/wp-content\\\/uploads\\\/2025\\\/09\\\/WhatsApp-Image-2025-09-07-at-8.52.12-PM-scaled-150x150.jpeg&quot;,&quot;description&quot;:&quot;&quot;,&quot;is_video&quot;:0,&quot;image_id&quot;:39334,&quot;width&quot;:1920,&quot;height&quot;:2560},{&quot;href&quot;:&quot;https:\\\/\\\/webpe.colegiomayor.cl\\\/wp-content\\\/uploads\\\/2025\\\/09\\\/WhatsApp-Image-2025-09-06-at-4.21.13-PM.jpeg&quot;,&quot;title&quot;:&quot;WhatsApp Image 2025-09-06 at 4.21.13 PM&quot;,&quot;thumbnail&quot;:&quot;https:\\\/\\\/webpe.colegiomayor.cl\\\/wp-content\\\/uploads\\\/2025\\\/09\\\/WhatsApp-Image-2025-09-06-at-4.21.13-PM-150x150.jpeg&quot;,&quot;description&quot;:&quot;&quot;,&quot;is_video&quot;:0,&quot;image_id&quot;:39333,&quot;width&quot;:1600,&quot;height&quot;:1200},{&quot;href&quot;:&quot;https:\\\/\\\/webpe.colegiomayor.cl\\\/wp-content\\\/uploads\\\/2025\\\/09\\\/WhatsApp-Image-2025-09-07-at-8.53.32-PM-scaled.jpeg&quot;,&quot;title&quot;:&quot;WhatsApp Image 2025-09-07 at 8.53.32 PM&quot;,&quot;thumbnail&quot;:&quot;https:\\\/\\\/webpe.colegiomayor.cl\\\/wp-content\\\/uploads\\\/2025\\\/09\\\/WhatsApp-Image-2025-09-07-at-8.53.32-PM-scaled-150x150.jpeg&quot;,&quot;description&quot;:&quot;&quot;,&quot;is_video&quot;:0,&quot;image_id&quot;:39332,&quot;width&quot;:2560,&quot;height&quot;:1920},{&quot;href&quot;:&quot;https:\\\/\\\/webpe.colegiomayor.cl\\\/wp-content\\\/uploads\\\/2025\\\/09\\\/WhatsApp-Image-2025-09-07-at-8.53.15-PM-scaled.jpeg&quot;,&quot;title&quot;:&quot;WhatsApp Image 2025-09-07 at 8.53.15 PM&quot;,&quot;thumbnail&quot;:&quot;https:\\\/\\\/webpe.colegiomayor.cl\\\/wp-content\\\/uploads\\\/2025\\\/09\\\/WhatsApp-Image-2025-09-07-at-8.53.15-PM-scaled-150x150.jpeg&quot;,&quot;description&quot;:&quot;&quot;,&quot;is_video&quot;:0,&quot;image_id&quot;:39331,&quot;width&quot;:1920,&quot;height&quot;:2560},{&quot;href&quot;:&quot;https:\\\/\\\/webpe.colegiomayor.cl\\\/wp-content\\\/uploads\\\/2025\\\/09\\\/WhatsApp-Image-2025-09-07-at-8.53.04-PM-scaled.jpeg&quot;,&quot;title&quot;:&quot;WhatsApp Image 2025-09-07 at 8.53.04 PM&quot;,&quot;thumbnail&quot;:&quot;https:\\\/\\\/webpe.colegiomayor.cl\\\/wp-content\\\/uploads\\\/2025\\\/09\\\/WhatsApp-Image-2025-09-07-at-8.53.04-PM-scaled-150x150.jpeg&quot;,&quot;description&quot;:&quot;&quot;,&quot;is_video&quot;:0,&quot;image_id&quot;:39330,&quot;width&quot;:1920,&quot;height&quot;:2560},{&quot;href&quot;:&quot;https:\\\/\\\/webpe.colegiomayor.cl\\\/wp-content\\\/uploads\\\/2025\\\/09\\\/WhatsApp-Image-2025-09-07-at-8.52.58-PM-scaled.jpeg&quot;,&quot;title&quot;:&quot;WhatsApp Image 2025-09-07 at 8.52.58 PM&quot;,&quot;thumbnail&quot;:&quot;https:\\\/\\\/webpe.colegiomayor.cl\\\/wp-content\\\/uploads\\\/2025\\\/09\\\/WhatsApp-Image-2025-09-07-at-8.52.58-PM-scaled-150x150.jpeg&quot;,&quot;description&quot;:&quot;&quot;,&quot;is_video&quot;:0,&quot;image_id&quot;:39329,&quot;width&quot;:2560,&quot;height&quot;:1920},{&quot;href&quot;:&quot;https:\\\/\\\/webpe.colegiomayor.cl\\\/wp-content\\\/uploads\\\/2025\\\/09\\\/WhatsApp-Image-2025-09-07-at-8.52.38-PM_1-scaled.jpeg&quot;,&quot;title&quot;:&quot;WhatsApp Image 2025-09-07 at 8.52.38 PM_1&quot;,&quot;thumbnail&quot;:&quot;https:\\\/\\\/webpe.colegiomayor.cl\\\/wp-content\\\/uploads\\\/2025\\\/09\\\/WhatsApp-Image-2025-09-07-at-8.52.38-PM_1-scaled-150x150.jpeg&quot;,&quot;description&quot;:&quot;&quot;,&quot;is_video&quot;:0,&quot;image_id&quot;:39328,&quot;width&quot;:2560,&quot;height&quot;:1920},{&quot;href&quot;:&quot;https:\\\/\\\/webpe.colegiomayor.cl\\\/wp-content\\\/uploads\\\/2025\\\/09\\\/WhatsApp-Image-2025-09-07-at-8.52.38-PM-1-scaled.jpeg&quot;,&quot;title&quot;:&quot;WhatsApp Image 2025-09-07 at 8.52.38 PM&quot;,&quot;thumbnail&quot;:&quot;https:\\\/\\\/webpe.colegiomayor.cl\\\/wp-content\\\/uploads\\\/2025\\\/09\\\/WhatsApp-Image-2025-09-07-at-8.52.38-PM-1-scaled-150x150.jpeg&quot;,&quot;description&quot;:&quot;&quot;,&quot;is_video&quot;:0,&quot;image_id&quot;:39327,&quot;width&quot;:2560,&quot;height&quot;:1920},{&quot;href&quot;:&quot;https:\\\/\\\/webpe.colegiomayor.cl\\\/wp-content\\\/uploads\\\/2025\\\/09\\\/WhatsApp-Image-2025-09-07-at-8.52.38-PM-scaled.jpeg&quot;,&quot;title&quot;:&quot;WhatsApp Image 2025-09-07 at 8.52.38 PM&quot;,&quot;thumbnail&quot;:&quot;https:\\\/\\\/webpe.colegiomayor.cl\\\/wp-content\\\/uploads\\\/2025\\\/09\\\/WhatsApp-Image-2025-09-07-at-8.52.38-PM-scaled-150x150.jpeg&quot;,&quot;description&quot;:&quot;&quot;,&quot;is_video&quot;:0,&quot;image_id&quot;:39325,&quot;width&quot;:2560,&quot;height&quot;:1920}]}\">\r\n\t\t\t<div class=\"gallery-isotope-wrapper\">\r\n\t\t\t\t<div class=\"gt3pg-isotope-item loading \" ><div class=\"isotope_item-wrapper\"><a href=\"https:\/\/webpe.colegiomayor.cl\/wp-content\/uploads\/2025\/09\/WhatsApp-Image-2025-09-07-at-8.52.26-PM-scaled.jpeg\" class=\"gt3pg-lightbox\" data-elementor-open-lightbox=\"no\"><div class=\"img-wrapper \"><img loading=\"lazy\" decoding=\"async\" width=\"768\" height=\"576\" src=\"https:\/\/webpe.colegiomayor.cl\/wp-content\/uploads\/2025\/09\/WhatsApp-Image-2025-09-07-at-8.52.26-PM-scaled.jpeg\" class=\"skip-lazy gt3-lazy-image\" alt=\"\" data-lazy-srcset=\"https:\/\/webpe.colegiomayor.cl\/wp-content\/uploads\/2025\/09\/WhatsApp-Image-2025-09-07-at-8.52.26-PM-scaled.jpeg 2560w, https:\/\/webpe.colegiomayor.cl\/wp-content\/uploads\/2025\/09\/WhatsApp-Image-2025-09-07-at-8.52.26-PM-scaled-300x225.jpeg 300w\" data-lazy-sizes=\"(max-width: 768px) 100vw, 768px\" data-lazy-src=\"https:\/\/webpe.colegiomayor.cl\/wp-content\/uploads\/2025\/09\/WhatsApp-Image-2025-09-07-at-8.52.26-PM-scaled.jpeg?is-pending-load=1\" srcset=\"data:image\/png;base64,iVBORw0KGgoAAAANSUhEUgAAAE0AAAA5CAYAAABzuqZnAAAACXBIWXMAAA7EAAAOxAGVKw4bAAAAKElEQVR42u3BMQEAAADCoPVPbQlPoAAAAAAAAAAAAAAAAAAAAAAADgZEzQABzhJDggAAAABJRU5ErkJggg==\" \/><\/div><\/a><\/div><\/div><div class=\"gt3pg-isotope-item loading \" ><div class=\"isotope_item-wrapper\"><a href=\"https:\/\/webpe.colegiomayor.cl\/wp-content\/uploads\/2025\/09\/WhatsApp-Image-2025-09-07-at-8.52.18-PM-scaled.jpeg\" class=\"gt3pg-lightbox\" data-elementor-open-lightbox=\"no\"><div class=\"img-wrapper \"><img loading=\"lazy\" decoding=\"async\" width=\"768\" height=\"576\" src=\"https:\/\/webpe.colegiomayor.cl\/wp-content\/uploads\/2025\/09\/WhatsApp-Image-2025-09-07-at-8.52.18-PM-scaled.jpeg\" class=\"skip-lazy gt3-lazy-image\" alt=\"\" data-lazy-srcset=\"https:\/\/webpe.colegiomayor.cl\/wp-content\/uploads\/2025\/09\/WhatsApp-Image-2025-09-07-at-8.52.18-PM-scaled.jpeg 2560w, https:\/\/webpe.colegiomayor.cl\/wp-content\/uploads\/2025\/09\/WhatsApp-Image-2025-09-07-at-8.52.18-PM-scaled-300x225.jpeg 300w\" data-lazy-sizes=\"(max-width: 768px) 100vw, 768px\" data-lazy-src=\"https:\/\/webpe.colegiomayor.cl\/wp-content\/uploads\/2025\/09\/WhatsApp-Image-2025-09-07-at-8.52.18-PM-scaled.jpeg?is-pending-load=1\" srcset=\"data:image\/png;base64,iVBORw0KGgoAAAANSUhEUgAAAE0AAAA5CAYAAABzuqZnAAAACXBIWXMAAA7EAAAOxAGVKw4bAAAAKElEQVR42u3BMQEAAADCoPVPbQlPoAAAAAAAAAAAAAAAAAAAAAAADgZEzQABzhJDggAAAABJRU5ErkJggg==\" \/><\/div><\/a><\/div><\/div><div class=\"gt3pg-isotope-item loading \" ><div class=\"isotope_item-wrapper\"><a href=\"https:\/\/webpe.colegiomayor.cl\/wp-content\/uploads\/2025\/09\/WhatsApp-Image-2025-09-07-at-8.52.17-PM-scaled.jpeg\" class=\"gt3pg-lightbox\" data-elementor-open-lightbox=\"no\"><div class=\"img-wrapper \"><img loading=\"lazy\" decoding=\"async\" width=\"768\" height=\"576\" src=\"https:\/\/webpe.colegiomayor.cl\/wp-content\/uploads\/2025\/09\/WhatsApp-Image-2025-09-07-at-8.52.17-PM-scaled.jpeg\" class=\"skip-lazy gt3-lazy-image\" alt=\"\" data-lazy-srcset=\"https:\/\/webpe.colegiomayor.cl\/wp-content\/uploads\/2025\/09\/WhatsApp-Image-2025-09-07-at-8.52.17-PM-scaled.jpeg 2560w, https:\/\/webpe.colegiomayor.cl\/wp-content\/uploads\/2025\/09\/WhatsApp-Image-2025-09-07-at-8.52.17-PM-scaled-300x225.jpeg 300w\" data-lazy-sizes=\"(max-width: 768px) 100vw, 768px\" data-lazy-src=\"https:\/\/webpe.colegiomayor.cl\/wp-content\/uploads\/2025\/09\/WhatsApp-Image-2025-09-07-at-8.52.17-PM-scaled.jpeg?is-pending-load=1\" srcset=\"data:image\/png;base64,iVBORw0KGgoAAAANSUhEUgAAAE0AAAA5CAYAAABzuqZnAAAACXBIWXMAAA7EAAAOxAGVKw4bAAAAKElEQVR42u3BMQEAAADCoPVPbQlPoAAAAAAAAAAAAAAAAAAAAAAADgZEzQABzhJDggAAAABJRU5ErkJggg==\" \/><\/div><\/a><\/div><\/div><div class=\"gt3pg-isotope-item loading \" ><div class=\"isotope_item-wrapper\"><a href=\"https:\/\/webpe.colegiomayor.cl\/wp-content\/uploads\/2025\/09\/WhatsApp-Image-2025-09-07-at-8.52.12-PM-scaled.jpeg\" class=\"gt3pg-lightbox\" data-elementor-open-lightbox=\"no\"><div class=\"img-wrapper \"><img loading=\"lazy\" decoding=\"async\" width=\"768\" height=\"1024\" src=\"https:\/\/webpe.colegiomayor.cl\/wp-content\/uploads\/2025\/09\/WhatsApp-Image-2025-09-07-at-8.52.12-PM-scaled.jpeg\" class=\"skip-lazy gt3-lazy-image\" alt=\"\" data-lazy-srcset=\"https:\/\/webpe.colegiomayor.cl\/wp-content\/uploads\/2025\/09\/WhatsApp-Image-2025-09-07-at-8.52.12-PM-scaled.jpeg 1920w, https:\/\/webpe.colegiomayor.cl\/wp-content\/uploads\/2025\/09\/WhatsApp-Image-2025-09-07-at-8.52.12-PM-scaled-225x300.jpeg 225w, https:\/\/webpe.colegiomayor.cl\/wp-content\/uploads\/2025\/09\/WhatsApp-Image-2025-09-07-at-8.52.12-PM-scaled-768x1024.jpeg 768w\" data-lazy-sizes=\"(max-width: 768px) 100vw, 768px\" data-lazy-src=\"https:\/\/webpe.colegiomayor.cl\/wp-content\/uploads\/2025\/09\/WhatsApp-Image-2025-09-07-at-8.52.12-PM-scaled.jpeg?is-pending-load=1\" srcset=\"data:image\/png;base64,iVBORw0KGgoAAAANSUhEUgAAAE0AAABmCAYAAACOYhxFAAAACXBIWXMAAA7EAAAOxAGVKw4bAAAANUlEQVR42u3BgQAAAADDoPlTX+EAVQEAAAAAAAAAAAAAAAAAAAAAAAAAAAAAAAAAAAAAAMBrex4AARQEIPwAAAAASUVORK5CYII=\" \/><\/div><\/a><\/div><\/div><div class=\"gt3pg-isotope-item loading \" ><div class=\"isotope_item-wrapper\"><a href=\"https:\/\/webpe.colegiomayor.cl\/wp-content\/uploads\/2025\/09\/WhatsApp-Image-2025-09-06-at-4.21.13-PM.jpeg\" class=\"gt3pg-lightbox\" data-elementor-open-lightbox=\"no\"><div class=\"img-wrapper \"><img loading=\"lazy\" decoding=\"async\" width=\"768\" height=\"576\" src=\"https:\/\/webpe.colegiomayor.cl\/wp-content\/uploads\/2025\/09\/WhatsApp-Image-2025-09-06-at-4.21.13-PM.jpeg\" class=\"skip-lazy gt3-lazy-image\" alt=\"\" data-lazy-srcset=\"https:\/\/webpe.colegiomayor.cl\/wp-content\/uploads\/2025\/09\/WhatsApp-Image-2025-09-06-at-4.21.13-PM.jpeg 1600w, https:\/\/webpe.colegiomayor.cl\/wp-content\/uploads\/2025\/09\/WhatsApp-Image-2025-09-06-at-4.21.13-PM-300x225.jpeg 300w\" data-lazy-sizes=\"(max-width: 768px) 100vw, 768px\" data-lazy-src=\"https:\/\/webpe.colegiomayor.cl\/wp-content\/uploads\/2025\/09\/WhatsApp-Image-2025-09-06-at-4.21.13-PM.jpeg?is-pending-load=1\" srcset=\"data:image\/png;base64,iVBORw0KGgoAAAANSUhEUgAAAE0AAAA5CAYAAABzuqZnAAAACXBIWXMAAA7EAAAOxAGVKw4bAAAAKElEQVR42u3BMQEAAADCoPVPbQlPoAAAAAAAAAAAAAAAAAAAAAAADgZEzQABzhJDggAAAABJRU5ErkJggg==\" \/><\/div><\/a><\/div><\/div><div class=\"gt3pg-isotope-item loading \" ><div class=\"isotope_item-wrapper\"><a href=\"https:\/\/webpe.colegiomayor.cl\/wp-content\/uploads\/2025\/09\/WhatsApp-Image-2025-09-07-at-8.53.32-PM-scaled.jpeg\" class=\"gt3pg-lightbox\" data-elementor-open-lightbox=\"no\"><div class=\"img-wrapper \"><img loading=\"lazy\" decoding=\"async\" width=\"768\" height=\"576\" src=\"https:\/\/webpe.colegiomayor.cl\/wp-content\/uploads\/2025\/09\/WhatsApp-Image-2025-09-07-at-8.53.32-PM-scaled.jpeg\" class=\"skip-lazy gt3-lazy-image\" alt=\"\" data-lazy-srcset=\"https:\/\/webpe.colegiomayor.cl\/wp-content\/uploads\/2025\/09\/WhatsApp-Image-2025-09-07-at-8.53.32-PM-scaled.jpeg 2560w, https:\/\/webpe.colegiomayor.cl\/wp-content\/uploads\/2025\/09\/WhatsApp-Image-2025-09-07-at-8.53.32-PM-scaled-300x225.jpeg 300w\" data-lazy-sizes=\"(max-width: 768px) 100vw, 768px\" data-lazy-src=\"https:\/\/webpe.colegiomayor.cl\/wp-content\/uploads\/2025\/09\/WhatsApp-Image-2025-09-07-at-8.53.32-PM-scaled.jpeg?is-pending-load=1\" srcset=\"data:image\/png;base64,iVBORw0KGgoAAAANSUhEUgAAAE0AAAA5CAYAAABzuqZnAAAACXBIWXMAAA7EAAAOxAGVKw4bAAAAKElEQVR42u3BMQEAAADCoPVPbQlPoAAAAAAAAAAAAAAAAAAAAAAADgZEzQABzhJDggAAAABJRU5ErkJggg==\" \/><\/div><\/a><\/div><\/div><div class=\"gt3pg-isotope-item loading \" ><div class=\"isotope_item-wrapper\"><a href=\"https:\/\/webpe.colegiomayor.cl\/wp-content\/uploads\/2025\/09\/WhatsApp-Image-2025-09-07-at-8.53.15-PM-scaled.jpeg\" class=\"gt3pg-lightbox\" data-elementor-open-lightbox=\"no\"><div class=\"img-wrapper \"><img loading=\"lazy\" decoding=\"async\" width=\"768\" height=\"1024\" src=\"https:\/\/webpe.colegiomayor.cl\/wp-content\/uploads\/2025\/09\/WhatsApp-Image-2025-09-07-at-8.53.15-PM-scaled.jpeg\" class=\"skip-lazy gt3-lazy-image\" alt=\"\" data-lazy-srcset=\"https:\/\/webpe.colegiomayor.cl\/wp-content\/uploads\/2025\/09\/WhatsApp-Image-2025-09-07-at-8.53.15-PM-scaled.jpeg 1920w, https:\/\/webpe.colegiomayor.cl\/wp-content\/uploads\/2025\/09\/WhatsApp-Image-2025-09-07-at-8.53.15-PM-scaled-225x300.jpeg 225w, https:\/\/webpe.colegiomayor.cl\/wp-content\/uploads\/2025\/09\/WhatsApp-Image-2025-09-07-at-8.53.15-PM-scaled-768x1024.jpeg 768w\" data-lazy-sizes=\"(max-width: 768px) 100vw, 768px\" data-lazy-src=\"https:\/\/webpe.colegiomayor.cl\/wp-content\/uploads\/2025\/09\/WhatsApp-Image-2025-09-07-at-8.53.15-PM-scaled.jpeg?is-pending-load=1\" srcset=\"data:image\/png;base64,iVBORw0KGgoAAAANSUhEUgAAAE0AAABmCAYAAACOYhxFAAAACXBIWXMAAA7EAAAOxAGVKw4bAAAANUlEQVR42u3BgQAAAADDoPlTX+EAVQEAAAAAAAAAAAAAAAAAAAAAAAAAAAAAAAAAAAAAAMBrex4AARQEIPwAAAAASUVORK5CYII=\" \/><\/div><\/a><\/div><\/div><div class=\"gt3pg-isotope-item loading \" ><div class=\"isotope_item-wrapper\"><a href=\"https:\/\/webpe.colegiomayor.cl\/wp-content\/uploads\/2025\/09\/WhatsApp-Image-2025-09-07-at-8.53.04-PM-scaled.jpeg\" class=\"gt3pg-lightbox\" data-elementor-open-lightbox=\"no\"><div class=\"img-wrapper \"><img loading=\"lazy\" decoding=\"async\" width=\"768\" height=\"1024\" src=\"https:\/\/webpe.colegiomayor.cl\/wp-content\/uploads\/2025\/09\/WhatsApp-Image-2025-09-07-at-8.53.04-PM-scaled.jpeg\" class=\"skip-lazy gt3-lazy-image\" alt=\"\" data-lazy-srcset=\"https:\/\/webpe.colegiomayor.cl\/wp-content\/uploads\/2025\/09\/WhatsApp-Image-2025-09-07-at-8.53.04-PM-scaled.jpeg 1920w, https:\/\/webpe.colegiomayor.cl\/wp-content\/uploads\/2025\/09\/WhatsApp-Image-2025-09-07-at-8.53.04-PM-scaled-225x300.jpeg 225w, https:\/\/webpe.colegiomayor.cl\/wp-content\/uploads\/2025\/09\/WhatsApp-Image-2025-09-07-at-8.53.04-PM-scaled-768x1024.jpeg 768w\" data-lazy-sizes=\"(max-width: 768px) 100vw, 768px\" data-lazy-src=\"https:\/\/webpe.colegiomayor.cl\/wp-content\/uploads\/2025\/09\/WhatsApp-Image-2025-09-07-at-8.53.04-PM-scaled.jpeg?is-pending-load=1\" srcset=\"data:image\/png;base64,iVBORw0KGgoAAAANSUhEUgAAAE0AAABmCAYAAACOYhxFAAAACXBIWXMAAA7EAAAOxAGVKw4bAAAANUlEQVR42u3BgQAAAADDoPlTX+EAVQEAAAAAAAAAAAAAAAAAAAAAAAAAAAAAAAAAAAAAAMBrex4AARQEIPwAAAAASUVORK5CYII=\" \/><\/div><\/a><\/div><\/div><div class=\"gt3pg-isotope-item loading \" ><div class=\"isotope_item-wrapper\"><a href=\"https:\/\/webpe.colegiomayor.cl\/wp-content\/uploads\/2025\/09\/WhatsApp-Image-2025-09-07-at-8.52.58-PM-scaled.jpeg\" class=\"gt3pg-lightbox\" data-elementor-open-lightbox=\"no\"><div class=\"img-wrapper \"><img loading=\"lazy\" decoding=\"async\" width=\"768\" height=\"576\" src=\"https:\/\/webpe.colegiomayor.cl\/wp-content\/uploads\/2025\/09\/WhatsApp-Image-2025-09-07-at-8.52.58-PM-scaled.jpeg\" class=\"skip-lazy gt3-lazy-image\" alt=\"\" data-lazy-srcset=\"https:\/\/webpe.colegiomayor.cl\/wp-content\/uploads\/2025\/09\/WhatsApp-Image-2025-09-07-at-8.52.58-PM-scaled.jpeg 2560w, https:\/\/webpe.colegiomayor.cl\/wp-content\/uploads\/2025\/09\/WhatsApp-Image-2025-09-07-at-8.52.58-PM-scaled-300x225.jpeg 300w\" data-lazy-sizes=\"(max-width: 768px) 100vw, 768px\" data-lazy-src=\"https:\/\/webpe.colegiomayor.cl\/wp-content\/uploads\/2025\/09\/WhatsApp-Image-2025-09-07-at-8.52.58-PM-scaled.jpeg?is-pending-load=1\" srcset=\"data:image\/png;base64,iVBORw0KGgoAAAANSUhEUgAAAE0AAAA5CAYAAABzuqZnAAAACXBIWXMAAA7EAAAOxAGVKw4bAAAAKElEQVR42u3BMQEAAADCoPVPbQlPoAAAAAAAAAAAAAAAAAAAAAAADgZEzQABzhJDggAAAABJRU5ErkJggg==\" \/><\/div><\/a><\/div><\/div><div class=\"gt3pg-isotope-item loading \" ><div class=\"isotope_item-wrapper\"><a href=\"https:\/\/webpe.colegiomayor.cl\/wp-content\/uploads\/2025\/09\/WhatsApp-Image-2025-09-07-at-8.52.38-PM_1-scaled.jpeg\" class=\"gt3pg-lightbox\" data-elementor-open-lightbox=\"no\"><div class=\"img-wrapper \"><img loading=\"lazy\" decoding=\"async\" width=\"768\" height=\"576\" src=\"https:\/\/webpe.colegiomayor.cl\/wp-content\/uploads\/2025\/09\/WhatsApp-Image-2025-09-07-at-8.52.38-PM_1-scaled.jpeg\" class=\"skip-lazy gt3-lazy-image\" alt=\"\" data-lazy-srcset=\"https:\/\/webpe.colegiomayor.cl\/wp-content\/uploads\/2025\/09\/WhatsApp-Image-2025-09-07-at-8.52.38-PM_1-scaled.jpeg 2560w, https:\/\/webpe.colegiomayor.cl\/wp-content\/uploads\/2025\/09\/WhatsApp-Image-2025-09-07-at-8.52.38-PM_1-scaled-300x225.jpeg 300w\" data-lazy-sizes=\"(max-width: 768px) 100vw, 768px\" data-lazy-src=\"https:\/\/webpe.colegiomayor.cl\/wp-content\/uploads\/2025\/09\/WhatsApp-Image-2025-09-07-at-8.52.38-PM_1-scaled.jpeg?is-pending-load=1\" srcset=\"data:image\/png;base64,iVBORw0KGgoAAAANSUhEUgAAAE0AAAA5CAYAAABzuqZnAAAACXBIWXMAAA7EAAAOxAGVKw4bAAAAKElEQVR42u3BMQEAAADCoPVPbQlPoAAAAAAAAAAAAAAAAAAAAAAADgZEzQABzhJDggAAAABJRU5ErkJggg==\" \/><\/div><\/a><\/div><\/div><div class=\"gt3pg-isotope-item loading \" ><div class=\"isotope_item-wrapper\"><a href=\"https:\/\/webpe.colegiomayor.cl\/wp-content\/uploads\/2025\/09\/WhatsApp-Image-2025-09-07-at-8.52.38-PM-1-scaled.jpeg\" class=\"gt3pg-lightbox\" data-elementor-open-lightbox=\"no\"><div class=\"img-wrapper \"><img loading=\"lazy\" decoding=\"async\" width=\"768\" height=\"576\" src=\"https:\/\/webpe.colegiomayor.cl\/wp-content\/uploads\/2025\/09\/WhatsApp-Image-2025-09-07-at-8.52.38-PM-1-scaled.jpeg\" class=\"skip-lazy gt3-lazy-image\" alt=\"\" data-lazy-srcset=\"https:\/\/webpe.colegiomayor.cl\/wp-content\/uploads\/2025\/09\/WhatsApp-Image-2025-09-07-at-8.52.38-PM-1-scaled.jpeg 2560w, https:\/\/webpe.colegiomayor.cl\/wp-content\/uploads\/2025\/09\/WhatsApp-Image-2025-09-07-at-8.52.38-PM-1-scaled-300x225.jpeg 300w\" data-lazy-sizes=\"(max-width: 768px) 100vw, 768px\" data-lazy-src=\"https:\/\/webpe.colegiomayor.cl\/wp-content\/uploads\/2025\/09\/WhatsApp-Image-2025-09-07-at-8.52.38-PM-1-scaled.jpeg?is-pending-load=1\" srcset=\"data:image\/png;base64,iVBORw0KGgoAAAANSUhEUgAAAE0AAAA5CAYAAABzuqZnAAAACXBIWXMAAA7EAAAOxAGVKw4bAAAAKElEQVR42u3BMQEAAADCoPVPbQlPoAAAAAAAAAAAAAAAAAAAAAAADgZEzQABzhJDggAAAABJRU5ErkJggg==\" \/><\/div><\/a><\/div><\/div><div class=\"gt3pg-isotope-item loading \" ><div class=\"isotope_item-wrapper\"><a href=\"https:\/\/webpe.colegiomayor.cl\/wp-content\/uploads\/2025\/09\/WhatsApp-Image-2025-09-07-at-8.52.38-PM-scaled.jpeg\" class=\"gt3pg-lightbox\" data-elementor-open-lightbox=\"no\"><div class=\"img-wrapper \"><img loading=\"lazy\" decoding=\"async\" width=\"768\" height=\"576\" src=\"https:\/\/webpe.colegiomayor.cl\/wp-content\/uploads\/2025\/09\/WhatsApp-Image-2025-09-07-at-8.52.38-PM-scaled.jpeg\" class=\"skip-lazy gt3-lazy-image\" alt=\"\" data-lazy-srcset=\"https:\/\/webpe.colegiomayor.cl\/wp-content\/uploads\/2025\/09\/WhatsApp-Image-2025-09-07-at-8.52.38-PM-scaled.jpeg 2560w, https:\/\/webpe.colegiomayor.cl\/wp-content\/uploads\/2025\/09\/WhatsApp-Image-2025-09-07-at-8.52.38-PM-scaled-300x225.jpeg 300w, https:\/\/webpe.colegiomayor.cl\/wp-content\/uploads\/2025\/09\/WhatsApp-Image-2025-09-07-at-8.52.38-PM-scaled-150x113.jpeg 150w\" data-lazy-sizes=\"(max-width: 768px) 100vw, 768px\" data-lazy-src=\"https:\/\/webpe.colegiomayor.cl\/wp-content\/uploads\/2025\/09\/WhatsApp-Image-2025-09-07-at-8.52.38-PM-scaled.jpeg?is-pending-load=1\" srcset=\"data:image\/png;base64,iVBORw0KGgoAAAANSUhEUgAAAE0AAAA5CAYAAABzuqZnAAAACXBIWXMAAA7EAAAOxAGVKw4bAAAAKElEQVR42u3BMQEAAADCoPVPbQlPoAAAAAAAAAAAAAAAAAAAAAAADgZEzQABzhJDggAAAABJRU5ErkJggg==\" \/><\/div><\/a><\/div><\/div>\t\t\t<\/div>\r\n\t\t<\/div>\r\n\t\t<script type=\"application\/json\" id=\"settings--uid-cdb1b0269f3e884e\">{\"lightbox\":{\"enable\":true,\"options\":{\"instance\":1}},\"id\":1,\"uid\":\"uid-cdb1b0269f3e884e\",\"modules\":[\"Lightbox\"],\"lightboxArray\":[{\"href\":\"https:\\\/\\\/webpe.colegiomayor.cl\\\/wp-content\\\/uploads\\\/2025\\\/09\\\/WhatsApp-Image-2025-09-07-at-8.52.26-PM-scaled.jpeg\",\"title\":\"WhatsApp Image 2025-09-07 at 8.52.26 PM\",\"thumbnail\":\"https:\\\/\\\/webpe.colegiomayor.cl\\\/wp-content\\\/uploads\\\/2025\\\/09\\\/WhatsApp-Image-2025-09-07-at-8.52.26-PM-scaled-150x150.jpeg\",\"description\":\"\",\"is_video\":0,\"image_id\":39338,\"width\":2560,\"height\":1920},{\"href\":\"https:\\\/\\\/webpe.colegiomayor.cl\\\/wp-content\\\/uploads\\\/2025\\\/09\\\/WhatsApp-Image-2025-09-07-at-8.52.18-PM-scaled.jpeg\",\"title\":\"WhatsApp Image 2025-09-07 at 8.52.18 PM\",\"thumbnail\":\"https:\\\/\\\/webpe.colegiomayor.cl\\\/wp-content\\\/uploads\\\/2025\\\/09\\\/WhatsApp-Image-2025-09-07-at-8.52.18-PM-scaled-150x150.jpeg\",\"description\":\"\",\"is_video\":0,\"image_id\":39336,\"width\":2560,\"height\":1920},{\"href\":\"https:\\\/\\\/webpe.colegiomayor.cl\\\/wp-content\\\/uploads\\\/2025\\\/09\\\/WhatsApp-Image-2025-09-07-at-8.52.17-PM-scaled.jpeg\",\"title\":\"WhatsApp Image 2025-09-07 at 8.52.17 PM\",\"thumbnail\":\"https:\\\/\\\/webpe.colegiomayor.cl\\\/wp-content\\\/uploads\\\/2025\\\/09\\\/WhatsApp-Image-2025-09-07-at-8.52.17-PM-scaled-150x150.jpeg\",\"description\":\"\",\"is_video\":0,\"image_id\":39335,\"width\":2560,\"height\":1920},{\"href\":\"https:\\\/\\\/webpe.colegiomayor.cl\\\/wp-content\\\/uploads\\\/2025\\\/09\\\/WhatsApp-Image-2025-09-07-at-8.52.12-PM-scaled.jpeg\",\"title\":\"WhatsApp Image 2025-09-07 at 8.52.12 PM\",\"thumbnail\":\"https:\\\/\\\/webpe.colegiomayor.cl\\\/wp-content\\\/uploads\\\/2025\\\/09\\\/WhatsApp-Image-2025-09-07-at-8.52.12-PM-scaled-150x150.jpeg\",\"description\":\"\",\"is_video\":0,\"image_id\":39334,\"width\":1920,\"height\":2560},{\"href\":\"https:\\\/\\\/webpe.colegiomayor.cl\\\/wp-content\\\/uploads\\\/2025\\\/09\\\/WhatsApp-Image-2025-09-06-at-4.21.13-PM.jpeg\",\"title\":\"WhatsApp Image 2025-09-06 at 4.21.13 PM\",\"thumbnail\":\"https:\\\/\\\/webpe.colegiomayor.cl\\\/wp-content\\\/uploads\\\/2025\\\/09\\\/WhatsApp-Image-2025-09-06-at-4.21.13-PM-150x150.jpeg\",\"description\":\"\",\"is_video\":0,\"image_id\":39333,\"width\":1600,\"height\":1200},{\"href\":\"https:\\\/\\\/webpe.colegiomayor.cl\\\/wp-content\\\/uploads\\\/2025\\\/09\\\/WhatsApp-Image-2025-09-07-at-8.53.32-PM-scaled.jpeg\",\"title\":\"WhatsApp Image 2025-09-07 at 8.53.32 PM\",\"thumbnail\":\"https:\\\/\\\/webpe.colegiomayor.cl\\\/wp-content\\\/uploads\\\/2025\\\/09\\\/WhatsApp-Image-2025-09-07-at-8.53.32-PM-scaled-150x150.jpeg\",\"description\":\"\",\"is_video\":0,\"image_id\":39332,\"width\":2560,\"height\":1920},{\"href\":\"https:\\\/\\\/webpe.colegiomayor.cl\\\/wp-content\\\/uploads\\\/2025\\\/09\\\/WhatsApp-Image-2025-09-07-at-8.53.15-PM-scaled.jpeg\",\"title\":\"WhatsApp Image 2025-09-07 at 8.53.15 PM\",\"thumbnail\":\"https:\\\/\\\/webpe.colegiomayor.cl\\\/wp-content\\\/uploads\\\/2025\\\/09\\\/WhatsApp-Image-2025-09-07-at-8.53.15-PM-scaled-150x150.jpeg\",\"description\":\"\",\"is_video\":0,\"image_id\":39331,\"width\":1920,\"height\":2560},{\"href\":\"https:\\\/\\\/webpe.colegiomayor.cl\\\/wp-content\\\/uploads\\\/2025\\\/09\\\/WhatsApp-Image-2025-09-07-at-8.53.04-PM-scaled.jpeg\",\"title\":\"WhatsApp Image 2025-09-07 at 8.53.04 PM\",\"thumbnail\":\"https:\\\/\\\/webpe.colegiomayor.cl\\\/wp-content\\\/uploads\\\/2025\\\/09\\\/WhatsApp-Image-2025-09-07-at-8.53.04-PM-scaled-150x150.jpeg\",\"description\":\"\",\"is_video\":0,\"image_id\":39330,\"width\":1920,\"height\":2560},{\"href\":\"https:\\\/\\\/webpe.colegiomayor.cl\\\/wp-content\\\/uploads\\\/2025\\\/09\\\/WhatsApp-Image-2025-09-07-at-8.52.58-PM-scaled.jpeg\",\"title\":\"WhatsApp Image 2025-09-07 at 8.52.58 PM\",\"thumbnail\":\"https:\\\/\\\/webpe.colegiomayor.cl\\\/wp-content\\\/uploads\\\/2025\\\/09\\\/WhatsApp-Image-2025-09-07-at-8.52.58-PM-scaled-150x150.jpeg\",\"description\":\"\",\"is_video\":0,\"image_id\":39329,\"width\":2560,\"height\":1920},{\"href\":\"https:\\\/\\\/webpe.colegiomayor.cl\\\/wp-content\\\/uploads\\\/2025\\\/09\\\/WhatsApp-Image-2025-09-07-at-8.52.38-PM_1-scaled.jpeg\",\"title\":\"WhatsApp Image 2025-09-07 at 8.52.38 PM_1\",\"thumbnail\":\"https:\\\/\\\/webpe.colegiomayor.cl\\\/wp-content\\\/uploads\\\/2025\\\/09\\\/WhatsApp-Image-2025-09-07-at-8.52.38-PM_1-scaled-150x150.jpeg\",\"description\":\"\",\"is_video\":0,\"image_id\":39328,\"width\":2560,\"height\":1920},{\"href\":\"https:\\\/\\\/webpe.colegiomayor.cl\\\/wp-content\\\/uploads\\\/2025\\\/09\\\/WhatsApp-Image-2025-09-07-at-8.52.38-PM-1-scaled.jpeg\",\"title\":\"WhatsApp Image 2025-09-07 at 8.52.38 PM\",\"thumbnail\":\"https:\\\/\\\/webpe.colegiomayor.cl\\\/wp-content\\\/uploads\\\/2025\\\/09\\\/WhatsApp-Image-2025-09-07-at-8.52.38-PM-1-scaled-150x150.jpeg\",\"description\":\"\",\"is_video\":0,\"image_id\":39327,\"width\":2560,\"height\":1920},{\"href\":\"https:\\\/\\\/webpe.colegiomayor.cl\\\/wp-content\\\/uploads\\\/2025\\\/09\\\/WhatsApp-Image-2025-09-07-at-8.52.38-PM-scaled.jpeg\",\"title\":\"WhatsApp Image 2025-09-07 at 8.52.38 PM\",\"thumbnail\":\"https:\\\/\\\/webpe.colegiomayor.cl\\\/wp-content\\\/uploads\\\/2025\\\/09\\\/WhatsApp-Image-2025-09-07-at-8.52.38-PM-scaled-150x150.jpeg\",\"description\":\"\",\"is_video\":0,\"image_id\":39325,\"width\":2560,\"height\":1920}],\"items\":[{\"href\":\"https:\\\/\\\/webpe.colegiomayor.cl\\\/wp-content\\\/uploads\\\/2025\\\/09\\\/WhatsApp-Image-2025-09-07-at-8.52.26-PM-scaled.jpeg\",\"title\":\"WhatsApp Image 2025-09-07 at 8.52.26 PM\",\"thumbnail\":\"https:\\\/\\\/webpe.colegiomayor.cl\\\/wp-content\\\/uploads\\\/2025\\\/09\\\/WhatsApp-Image-2025-09-07-at-8.52.26-PM-scaled-150x150.jpeg\",\"description\":\"\",\"is_video\":0,\"image_id\":39338,\"width\":2560,\"height\":1920},{\"href\":\"https:\\\/\\\/webpe.colegiomayor.cl\\\/wp-content\\\/uploads\\\/2025\\\/09\\\/WhatsApp-Image-2025-09-07-at-8.52.18-PM-scaled.jpeg\",\"title\":\"WhatsApp Image 2025-09-07 at 8.52.18 PM\",\"thumbnail\":\"https:\\\/\\\/webpe.colegiomayor.cl\\\/wp-content\\\/uploads\\\/2025\\\/09\\\/WhatsApp-Image-2025-09-07-at-8.52.18-PM-scaled-150x150.jpeg\",\"description\":\"\",\"is_video\":0,\"image_id\":39336,\"width\":2560,\"height\":1920},{\"href\":\"https:\\\/\\\/webpe.colegiomayor.cl\\\/wp-content\\\/uploads\\\/2025\\\/09\\\/WhatsApp-Image-2025-09-07-at-8.52.17-PM-scaled.jpeg\",\"title\":\"WhatsApp Image 2025-09-07 at 8.52.17 PM\",\"thumbnail\":\"https:\\\/\\\/webpe.colegiomayor.cl\\\/wp-content\\\/uploads\\\/2025\\\/09\\\/WhatsApp-Image-2025-09-07-at-8.52.17-PM-scaled-150x150.jpeg\",\"description\":\"\",\"is_video\":0,\"image_id\":39335,\"width\":2560,\"height\":1920},{\"href\":\"https:\\\/\\\/webpe.colegiomayor.cl\\\/wp-content\\\/uploads\\\/2025\\\/09\\\/WhatsApp-Image-2025-09-07-at-8.52.12-PM-scaled.jpeg\",\"title\":\"WhatsApp Image 2025-09-07 at 8.52.12 PM\",\"thumbnail\":\"https:\\\/\\\/webpe.colegiomayor.cl\\\/wp-content\\\/uploads\\\/2025\\\/09\\\/WhatsApp-Image-2025-09-07-at-8.52.12-PM-scaled-150x150.jpeg\",\"description\":\"\",\"is_video\":0,\"image_id\":39334,\"width\":1920,\"height\":2560},{\"href\":\"https:\\\/\\\/webpe.colegiomayor.cl\\\/wp-content\\\/uploads\\\/2025\\\/09\\\/WhatsApp-Image-2025-09-06-at-4.21.13-PM.jpeg\",\"title\":\"WhatsApp Image 2025-09-06 at 4.21.13 PM\",\"thumbnail\":\"https:\\\/\\\/webpe.colegiomayor.cl\\\/wp-content\\\/uploads\\\/2025\\\/09\\\/WhatsApp-Image-2025-09-06-at-4.21.13-PM-150x150.jpeg\",\"description\":\"\",\"is_video\":0,\"image_id\":39333,\"width\":1600,\"height\":1200},{\"href\":\"https:\\\/\\\/webpe.colegiomayor.cl\\\/wp-content\\\/uploads\\\/2025\\\/09\\\/WhatsApp-Image-2025-09-07-at-8.53.32-PM-scaled.jpeg\",\"title\":\"WhatsApp Image 2025-09-07 at 8.53.32 PM\",\"thumbnail\":\"https:\\\/\\\/webpe.colegiomayor.cl\\\/wp-content\\\/uploads\\\/2025\\\/09\\\/WhatsApp-Image-2025-09-07-at-8.53.32-PM-scaled-150x150.jpeg\",\"description\":\"\",\"is_video\":0,\"image_id\":39332,\"width\":2560,\"height\":1920},{\"href\":\"https:\\\/\\\/webpe.colegiomayor.cl\\\/wp-content\\\/uploads\\\/2025\\\/09\\\/WhatsApp-Image-2025-09-07-at-8.53.15-PM-scaled.jpeg\",\"title\":\"WhatsApp Image 2025-09-07 at 8.53.15 PM\",\"thumbnail\":\"https:\\\/\\\/webpe.colegiomayor.cl\\\/wp-content\\\/uploads\\\/2025\\\/09\\\/WhatsApp-Image-2025-09-07-at-8.53.15-PM-scaled-150x150.jpeg\",\"description\":\"\",\"is_video\":0,\"image_id\":39331,\"width\":1920,\"height\":2560},{\"href\":\"https:\\\/\\\/webpe.colegiomayor.cl\\\/wp-content\\\/uploads\\\/2025\\\/09\\\/WhatsApp-Image-2025-09-07-at-8.53.04-PM-scaled.jpeg\",\"title\":\"WhatsApp Image 2025-09-07 at 8.53.04 PM\",\"thumbnail\":\"https:\\\/\\\/webpe.colegiomayor.cl\\\/wp-content\\\/uploads\\\/2025\\\/09\\\/WhatsApp-Image-2025-09-07-at-8.53.04-PM-scaled-150x150.jpeg\",\"description\":\"\",\"is_video\":0,\"image_id\":39330,\"width\":1920,\"height\":2560},{\"href\":\"https:\\\/\\\/webpe.colegiomayor.cl\\\/wp-content\\\/uploads\\\/2025\\\/09\\\/WhatsApp-Image-2025-09-07-at-8.52.58-PM-scaled.jpeg\",\"title\":\"WhatsApp Image 2025-09-07 at 8.52.58 PM\",\"thumbnail\":\"https:\\\/\\\/webpe.colegiomayor.cl\\\/wp-content\\\/uploads\\\/2025\\\/09\\\/WhatsApp-Image-2025-09-07-at-8.52.58-PM-scaled-150x150.jpeg\",\"description\":\"\",\"is_video\":0,\"image_id\":39329,\"width\":2560,\"height\":1920},{\"href\":\"https:\\\/\\\/webpe.colegiomayor.cl\\\/wp-content\\\/uploads\\\/2025\\\/09\\\/WhatsApp-Image-2025-09-07-at-8.52.38-PM_1-scaled.jpeg\",\"title\":\"WhatsApp Image 2025-09-07 at 8.52.38 PM_1\",\"thumbnail\":\"https:\\\/\\\/webpe.colegiomayor.cl\\\/wp-content\\\/uploads\\\/2025\\\/09\\\/WhatsApp-Image-2025-09-07-at-8.52.38-PM_1-scaled-150x150.jpeg\",\"description\":\"\",\"is_video\":0,\"image_id\":39328,\"width\":2560,\"height\":1920},{\"href\":\"https:\\\/\\\/webpe.colegiomayor.cl\\\/wp-content\\\/uploads\\\/2025\\\/09\\\/WhatsApp-Image-2025-09-07-at-8.52.38-PM-1-scaled.jpeg\",\"title\":\"WhatsApp Image 2025-09-07 at 8.52.38 PM\",\"thumbnail\":\"https:\\\/\\\/webpe.colegiomayor.cl\\\/wp-content\\\/uploads\\\/2025\\\/09\\\/WhatsApp-Image-2025-09-07-at-8.52.38-PM-1-scaled-150x150.jpeg\",\"description\":\"\",\"is_video\":0,\"image_id\":39327,\"width\":2560,\"height\":1920},{\"href\":\"https:\\\/\\\/webpe.colegiomayor.cl\\\/wp-content\\\/uploads\\\/2025\\\/09\\\/WhatsApp-Image-2025-09-07-at-8.52.38-PM-scaled.jpeg\",\"title\":\"WhatsApp Image 2025-09-07 at 8.52.38 PM\",\"thumbnail\":\"https:\\\/\\\/webpe.colegiomayor.cl\\\/wp-content\\\/uploads\\\/2025\\\/09\\\/WhatsApp-Image-2025-09-07-at-8.52.38-PM-scaled-150x150.jpeg\",\"description\":\"\",\"is_video\":0,\"image_id\":39325,\"width\":2560,\"height\":1920}]}<\/script>\r\n\t\t<\/div>","protected":false},"excerpt":{"rendered":"<p>Construyendo campeonas y campeones 2025 El s\u00e1bado 6 de septiembre de 2025 se realiz\u00f3 la I Copa Mini Mayor de Atletismo. Nuestro colegio compiti\u00f3 con estudiantes de la escuelita y de la selecci\u00f3n en pruebas de pista y campo, con excelentes resultados. Participaron, adem\u00e1s, colegios&nbsp;<a href=\"https:\/\/webpe.colegiomayor.cl\/?p=39324\">&hellip;<\/a><\/p>\n","protected":false},"author":11,"featured_media":39325,"comment_status":"closed","ping_status":"closed","sticky":false,"template":"","format":"standard","meta":{"content-type":"","footnotes":""},"categories":[24,38,25,44],"tags":[96,99,111,97,98],"class_list":["post-39324","post","type-post","status-publish","format-standard","has-post-thumbnail","hentry","category-comunicaciones","category-comunicaciones-news","category-deportes","category-noticias","tag-atletismo-escolar","tag-competencia-nacional","tag-copa-mini-mayor","tag-deporte-estudiantil","tag-region-metropolitana","odd"],"rttpg_featured_image_url":{"full":["https:\/\/webpe.colegiomayor.cl\/wp-content\/uploads\/2025\/09\/WhatsApp-Image-2025-09-07-at-8.52.38-PM-scaled.jpeg",2560,1920,false],"landscape":["https:\/\/webpe.colegiomayor.cl\/wp-content\/uploads\/2025\/09\/WhatsApp-Image-2025-09-07-at-8.52.38-PM-scaled.jpeg",2560,1920,false],"portraits":["https:\/\/webpe.colegiomayor.cl\/wp-content\/uploads\/2025\/09\/WhatsApp-Image-2025-09-07-at-8.52.38-PM-scaled.jpeg",2560,1920,false],"thumbnail":["https:\/\/webpe.colegiomayor.cl\/wp-content\/uploads\/2025\/09\/WhatsApp-Image-2025-09-07-at-8.52.38-PM-scaled-150x150.jpeg",150,150,true],"medium":["https:\/\/webpe.colegiomayor.cl\/wp-content\/uploads\/2025\/09\/WhatsApp-Image-2025-09-07-at-8.52.38-PM-scaled-300x225.jpeg",300,225,true],"large":["https:\/\/webpe.colegiomayor.cl\/wp-content\/uploads\/2025\/09\/WhatsApp-Image-2025-09-07-at-8.52.38-PM-scaled-1024x768.jpeg",1024,768,true],"1536x1536":["https:\/\/webpe.colegiomayor.cl\/wp-content\/uploads\/2025\/09\/WhatsApp-Image-2025-09-07-at-8.52.38-PM-scaled-1536x1152.jpeg",1536,1152,true],"2048x2048":["https:\/\/webpe.colegiomayor.cl\/wp-content\/uploads\/2025\/09\/WhatsApp-Image-2025-09-07-at-8.52.38-PM-scaled-2048x1536.jpeg",2048,1536,true],"post-thumbnail":["https:\/\/webpe.colegiomayor.cl\/wp-content\/uploads\/2025\/09\/WhatsApp-Image-2025-09-07-at-8.52.38-PM-scaled-150x113.jpeg",150,113,true],"ed-school-featured-image":["https:\/\/webpe.colegiomayor.cl\/wp-content\/uploads\/2025\/09\/WhatsApp-Image-2025-09-07-at-8.52.38-PM-scaled-990x500.jpeg",990,500,true],"ed-school-medium":["https:\/\/webpe.colegiomayor.cl\/wp-content\/uploads\/2025\/09\/WhatsApp-Image-2025-09-07-at-8.52.38-PM-scaled-768x510.jpeg",768,510,true],"ed-school-medium-alt":["https:\/\/webpe.colegiomayor.cl\/wp-content\/uploads\/2025\/09\/WhatsApp-Image-2025-09-07-at-8.52.38-PM-scaled-768x410.jpeg",768,410,true],"ed-school-square":["https:\/\/webpe.colegiomayor.cl\/wp-content\/uploads\/2025\/09\/WhatsApp-Image-2025-09-07-at-8.52.38-PM-scaled-768x768.jpeg",768,768,true],"ed-school-square-small":["https:\/\/webpe.colegiomayor.cl\/wp-content\/uploads\/2025\/09\/WhatsApp-Image-2025-09-07-at-8.52.38-PM-scaled-420x420.jpeg",420,420,true]},"rttpg_author":{"display_name":"Francisco Arriagada","author_link":"https:\/\/webpe.colegiomayor.cl\/?author=11"},"rttpg_comment":0,"rttpg_category":"<a href=\"https:\/\/webpe.colegiomayor.cl\/?cat=24\" rel=\"category\">COMUNICACIONES<\/a> <a href=\"https:\/\/webpe.colegiomayor.cl\/?cat=38\" rel=\"category\">Comunicaciones-NEWS<\/a> <a href=\"https:\/\/webpe.colegiomayor.cl\/?cat=25\" rel=\"category\">DEPORTES<\/a> <a href=\"https:\/\/webpe.colegiomayor.cl\/?cat=44\" rel=\"category\">NOTICIAS<\/a>","rttpg_excerpt":"Construyendo campeonas y campeones 2025 El s\u00e1bado 6 de septiembre de 2025 se realiz\u00f3 la I Copa Mini Mayor de Atletismo. Nuestro colegio compiti\u00f3 con estudiantes de la escuelita y de la selecci\u00f3n en pruebas de pista y campo, con excelentes resultados. Participaron, adem\u00e1s, colegios&nbsp;&hellip;","_links":{"self":[{"href":"https:\/\/webpe.colegiomayor.cl\/index.php?rest_route=\/wp\/v2\/posts\/39324","targetHints":{"allow":["GET"]}}],"collection":[{"href":"https:\/\/webpe.colegiomayor.cl\/index.php?rest_route=\/wp\/v2\/posts"}],"about":[{"href":"https:\/\/webpe.colegiomayor.cl\/index.php?rest_route=\/wp\/v2\/types\/post"}],"author":[{"embeddable":true,"href":"https:\/\/webpe.colegiomayor.cl\/index.php?rest_route=\/wp\/v2\/users\/11"}],"replies":[{"embeddable":true,"href":"https:\/\/webpe.colegiomayor.cl\/index.php?rest_route=%2Fwp%2Fv2%2Fcomments&post=39324"}],"version-history":[{"count":2,"href":"https:\/\/webpe.colegiomayor.cl\/index.php?rest_route=\/wp\/v2\/posts\/39324\/revisions"}],"predecessor-version":[{"id":39339,"href":"https:\/\/webpe.colegiomayor.cl\/index.php?rest_route=\/wp\/v2\/posts\/39324\/revisions\/39339"}],"wp:featuredmedia":[{"embeddable":true,"href":"https:\/\/webpe.colegiomayor.cl\/index.php?rest_route=\/wp\/v2\/media\/39325"}],"wp:attachment":[{"href":"https:\/\/webpe.colegiomayor.cl\/index.php?rest_route=%2Fwp%2Fv2%2Fmedia&parent=39324"}],"wp:term":[{"taxonomy":"category","embeddable":true,"href":"https:\/\/webpe.colegiomayor.cl\/index.php?rest_route=%2Fwp%2Fv2%2Fcategories&post=39324"},{"taxonomy":"post_tag","embeddable":true,"href":"https:\/\/webpe.colegiomayor.cl\/index.php?rest_route=%2Fwp%2Fv2%2Ftags&post=39324"}],"curies":[{"name":"wp","href":"https:\/\/api.w.org\/{rel}","templated":true}]}}