{"id":39317,"date":"2025-09-04T16:08:39","date_gmt":"2025-09-04T19:08:39","guid":{"rendered":"https:\/\/webpe.colegiomayor.cl\/?p=39317"},"modified":"2025-09-04T16:13:38","modified_gmt":"2025-09-04T19:13:38","slug":"actividades-selecciones-deportivas-sabado-6-de-septiembre","status":"publish","type":"post","link":"https:\/\/webpe.colegiomayor.cl\/?p=39317","title":{"rendered":"Actividades Selecciones Deportivas &#8211; S\u00e1bado 6 de septiembre"},"content":{"rendered":"\n<!-- Pega esto en un bloque HTML Personalizado de WordPress -->\n<div id=\"programa-selecciones\">\n  <style>\n    @import url('https:\/\/fonts.googleapis.com\/css2?family=Montserrat:wght@400;500;600;700&display=swap');\n\n    #programa-selecciones, \n    #programa-selecciones * {\n      font-family: 'Montserrat', sans-serif;\n      box-sizing: border-box;\n    }\n\n    #programa-selecciones {\n      margin: 20px;\n    }\n\n    #programa-selecciones .disciplina {\n      padding: 18px;\n      border-radius: 12px;\n      margin-bottom: 20px;\n      color: #fff;\n    }\n\n    #programa-selecciones .disciplina h2 {\n      margin-top: 0;\n      font-size: 1.4rem;\n      font-weight: 700;\n    }\n\n    #programa-selecciones p {\n      margin: 6px 0;\n      font-size: 0.95rem;\n      line-height: 1.4;\n    }\n\n    \/* Colores por disciplina *\/\n    #programa-selecciones .atletismo { background: #27ae60; }\n    #programa-selecciones .basquetbol { background: #2980b9; }\n    #programa-selecciones .gimnasia { background: #8e44ad; }\n    #programa-selecciones .natacion { background: #16a085; }\n    #programa-selecciones .tenis { background: #d35400; }\n    #programa-selecciones .cheerleader { background: #c0392b; }\n    #programa-selecciones .voleibol-masculino { background: #2c3e50; }\n    #programa-selecciones .voleibol-femenino { background: #e67e22; }\n    #programa-selecciones .futbol { background: #7f8c8d; }\n  <\/style>\n\n  <div class=\"programa\">\n\n    <!-- Atletismo -->\n    <div class=\"disciplina atletismo\">\n      <h2>Atletismo<\/h2>\n      <p><strong>Competencia:<\/strong> I Torneo MINI MAYOR<\/p>\n      <p><strong>Hora:<\/strong> 09:00 a 13:00 hrs<\/p>\n      <p><strong>Lugar:<\/strong> Pista, Estadio Mayor<\/p>\n      <p><strong>Entrada:<\/strong> Ingreso por puerta principal del Colegio Mayor Pe\u00f1alol\u00e9n<\/p>\n      <p><strong>Citaci\u00f3n:<\/strong> 1 hora antes de su prueba<\/p>\n      <p><strong>Colegios que asisten:<\/strong> Everest, Instituto Hebreo, Instituci\u00f3n Teresiana, Nuestra Se\u00f1ora del Camino, La Salle, Boston Academy, Estadio Mayor, Nido de \u00c1guila<\/p>\n      <p><strong>Profesores:<\/strong> \u00darsula Rebolledo, Carlos Soto, Mario G\u00f3mez, Claudio Ulloa<\/p>\n    <\/div>\n\n    <!-- B\u00e1squetbol -->\n    <div class=\"disciplina basquetbol\">\n      <h2>B\u00e1squetbol<\/h2>\n      <p><strong>Entrenamiento:<\/strong> Mini 2\u00ba a\u00f1o (09:00\u201310:30), Infantil (10:45\u201311:00)<\/p>\n      <p><strong>Lugar:<\/strong> Carpeta Estadio Mayor<\/p>\n      <p><strong>Profesor:<\/strong> Carlos Cerecera<\/p>\n      <p><strong>LIFORBASKET U11:<\/strong> Partido 09:00\u201310:30, citaci\u00f3n 08:45<\/p>\n      <p><strong>LIFORBASKET U9:<\/strong> Partido 11:00\u201312:30, citaci\u00f3n 10:45<\/p>\n      <p><strong>Lugar:<\/strong> Colegio San Ignacio el Bosque (Avenida Pocuro #2801, Providencia)<\/p>\n      <p><strong>Profesor:<\/strong> Nicol\u00e1s Ortiz<\/p>\n    <\/div>\n\n    <!-- Gimnasia -->\n    <div class=\"disciplina gimnasia\">\n      <h2>Gimnasia Art\u00edstica<\/h2>\n      <p><strong>Competencia nivel 3:<\/strong> Colegio SEK, citaci\u00f3n 07:45<\/p>\n      <p><strong>Profesor:<\/strong> Catalina Cuevas<\/p>\n      <p><strong>Entrenamiento:<\/strong> 09:00\u201310:30 (Nivel 0,1,2), 10:30\u201312:00 (Nivel 0 preselecci\u00f3n)<\/p>\n      <p><strong>Lugar:<\/strong> Carpeta Estadio Mayor<\/p>\n      <p><strong>Profesor:<\/strong> Loreto Erazo<\/p>\n    <\/div>\n\n    <!-- Nataci\u00f3n -->\n    <div class=\"disciplina natacion\">\n      <h2>Nataci\u00f3n<\/h2>\n      <p><strong>Entrenamiento:<\/strong> 11:00\u201312:00 (Grupo 1\u00ba a 5\u00ba b\u00e1sico), Piscina Estadio Mayor<\/p>\n      <p><strong>Profesora:<\/strong> Katalina Bravo<\/p>\n      <p><strong>Competencia Copa Espa\u00f1a:<\/strong> Piscina Semi Ol\u00edmpica, Estadio Espa\u00f1ol (Never\u00eda #4855, Las Condes)<\/p>\n      <p><strong>D\u00edas:<\/strong> Viernes, s\u00e1bado y domingo<\/p>\n      <p><strong>Citaci\u00f3n:<\/strong> 07:00 hrs<\/p>\n      <p><strong>Profesores:<\/strong> Sim\u00f3n Fern\u00e1ndez, Mat\u00edas Jaque<\/p>\n    <\/div>\n\n    <!-- Tenis -->\n    <div class=\"disciplina tenis\">\n      <h2>Tenis<\/h2>\n      <p><strong>Entrenamiento:<\/strong> Canchas de Tenis<\/p>\n      <p><strong>Infantil:<\/strong> 09:00\u201310:30<\/p>\n      <p><strong>Intermedia:<\/strong> 10:30\u201312:00<\/p>\n      <p><strong>Profesor:<\/strong> Hern\u00e1n P\u00e9rez<\/p>\n    <\/div>\n\n    <!-- Cheerleader -->\n    <div class=\"disciplina cheerleader\">\n      <h2>Cheerleader<\/h2>\n      <p><strong>Senior:<\/strong> 07:30\u201309:00 Gimnasio Hurac\u00e1n (Walker Mart\u00ednez 5520, San Miguel)<\/p>\n      <p><strong>Junior:<\/strong> 10:00\u201312:00 Foro Colegio Mayor<\/p>\n      <p><strong>Profesores:<\/strong> Daniela Acu\u00f1a, Ricardo Vergara<\/p>\n    <\/div>\n\n    <!-- Voleibol Masculino -->\n    <div class=\"disciplina voleibol-masculino\">\n      <h2>Voleibol Masculino<\/h2>\n      <p><strong>Torneo Amistoso Serie Mini:<\/strong> Foro Colegio Mayor Pe\u00f1alol\u00e9n, cursos 3\u00ba\u20136\u00ba, rivales: Club Excelsior, USS. Citaci\u00f3n 08:30, partidos 09:00\u201310:30<\/p>\n      <p><strong>Categor\u00eda Infantil Amistoso:<\/strong> Rival Club Excelsior, citaci\u00f3n 10:00, partido 10:30\u201312:00<\/p>\n      <p><strong>Profesor:<\/strong> Valent\u00edn Tamayo<\/p>\n    <\/div>\n\n    <!-- Voleibol Femenino -->\n    <div class=\"disciplina voleibol-femenino\">\n      <h2>Voleibol Femenino<\/h2>\n      <p><strong>Encuentro Masivo:<\/strong> Nacidas 2014\u20132016<\/p>\n      <p><strong>Horario:<\/strong> 10:00\u201312:00<\/p>\n      <p><strong>Lugar:<\/strong> Colegio San Francisco de As\u00eds (Cerro Catedral norte #12150, Las Condes)<\/p>\n      <p><strong>Profesores:<\/strong> Joaqu\u00edn M\u00e9ndez, Cristian Henr\u00edquez<\/p>\n      <p><strong>Desayuno Familiar:<\/strong> 09:30\u201310:45, sector fuera del casino Colegio Mayor<\/p>\n      <p><strong>Entrenamiento Foro:<\/strong> 11:00\u201312:00<\/p>\n      <p><strong>Profesor:<\/strong> Pablo Beltr\u00e1n<\/p>\n    <\/div>\n\n    <!-- F\u00fatbol -->\n    <div class=\"disciplina futbol\">\n      <h2>F\u00fatbol<\/h2>\n      <p><strong>Torneo UC:<\/strong> Rival Colegio San Benito<\/p>\n      <p><strong>Lugar:<\/strong> Av. Parque Antonio Rabat #6150, Vitacura<\/p>\n      <p><strong>Serie Mini:<\/strong> Citaci\u00f3n 09:15, partido 10:00<\/p>\n      <p><strong>Serie Infantil:<\/strong> Citaci\u00f3n 10:00, partido 11:15<\/p>\n      <p><strong>Series Intermedia y Superior:<\/strong> Sin actividad<\/p>\n      <p><strong>Profesores:<\/strong> Pablo S\u00e1nchez, Edgard Vargas<\/p>\n    <\/div>\n\n  <\/div>\n<\/div>\n\n","protected":false},"excerpt":{"rendered":"<p>Atletismo Competencia: I Torneo MINI MAYOR Hora: 09:00 a 13:00 hrs Lugar: Pista, Estadio Mayor Entrada: Ingreso por puerta principal del Colegio Mayor Pe\u00f1alol\u00e9n Citaci\u00f3n: 1 hora antes de su prueba Colegios que asisten: Everest, Instituto Hebreo, Instituci\u00f3n Teresiana, Nuestra Se\u00f1ora del Camino, La Salle,&nbsp;<a href=\"https:\/\/webpe.colegiomayor.cl\/?p=39317\">&hellip;<\/a><\/p>\n","protected":false},"author":11,"featured_media":38754,"comment_status":"closed","ping_status":"closed","sticky":false,"template":"","format":"standard","meta":{"content-type":"","footnotes":""},"categories":[25,44],"tags":[66,101,104,102,103],"class_list":["post-39317","post","type-post","status-publish","format-standard","has-post-thumbnail","hentry","category-deportes","category-noticias","tag-deporte-escolar","tag-deportes","tag-deportivo","tag-selecciones","tag-selecciones-deportivas","odd"],"rttpg_featured_image_url":{"full":["https:\/\/webpe.colegiomayor.cl\/wp-content\/uploads\/2025\/06\/WhatsApp-Image-2025-06-14-at-11.48.02-AM-1.jpeg",1600,720,false],"landscape":["https:\/\/webpe.colegiomayor.cl\/wp-content\/uploads\/2025\/06\/WhatsApp-Image-2025-06-14-at-11.48.02-AM-1.jpeg",1600,720,false],"portraits":["https:\/\/webpe.colegiomayor.cl\/wp-content\/uploads\/2025\/06\/WhatsApp-Image-2025-06-14-at-11.48.02-AM-1.jpeg",1600,720,false],"thumbnail":["https:\/\/webpe.colegiomayor.cl\/wp-content\/uploads\/2025\/06\/WhatsApp-Image-2025-06-14-at-11.48.02-AM-1-150x150.jpeg",150,150,true],"medium":["https:\/\/webpe.colegiomayor.cl\/wp-content\/uploads\/2025\/06\/WhatsApp-Image-2025-06-14-at-11.48.02-AM-1-300x135.jpeg",300,135,true],"large":["https:\/\/webpe.colegiomayor.cl\/wp-content\/uploads\/2025\/06\/WhatsApp-Image-2025-06-14-at-11.48.02-AM-1-1024x461.jpeg",1024,461,true],"1536x1536":["https:\/\/webpe.colegiomayor.cl\/wp-content\/uploads\/2025\/06\/WhatsApp-Image-2025-06-14-at-11.48.02-AM-1-1536x691.jpeg",1536,691,true],"2048x2048":["https:\/\/webpe.colegiomayor.cl\/wp-content\/uploads\/2025\/06\/WhatsApp-Image-2025-06-14-at-11.48.02-AM-1-1600x720.jpeg",1600,720,true],"post-thumbnail":["https:\/\/webpe.colegiomayor.cl\/wp-content\/uploads\/2025\/06\/WhatsApp-Image-2025-06-14-at-11.48.02-AM-1-150x68.jpeg",150,68,true],"ed-school-featured-image":["https:\/\/webpe.colegiomayor.cl\/wp-content\/uploads\/2025\/06\/WhatsApp-Image-2025-06-14-at-11.48.02-AM-1-990x500.jpeg",990,500,true],"ed-school-medium":["https:\/\/webpe.colegiomayor.cl\/wp-content\/uploads\/2025\/06\/WhatsApp-Image-2025-06-14-at-11.48.02-AM-1-768x510.jpeg",768,510,true],"ed-school-medium-alt":["https:\/\/webpe.colegiomayor.cl\/wp-content\/uploads\/2025\/06\/WhatsApp-Image-2025-06-14-at-11.48.02-AM-1-768x410.jpeg",768,410,true],"ed-school-square":["https:\/\/webpe.colegiomayor.cl\/wp-content\/uploads\/2025\/06\/WhatsApp-Image-2025-06-14-at-11.48.02-AM-1-768x720.jpeg",768,720,true],"ed-school-square-small":["https:\/\/webpe.colegiomayor.cl\/wp-content\/uploads\/2025\/06\/WhatsApp-Image-2025-06-14-at-11.48.02-AM-1-420x420.jpeg",420,420,true]},"rttpg_author":{"display_name":"Francisco Arriagada","author_link":"https:\/\/webpe.colegiomayor.cl\/?author=11"},"rttpg_comment":0,"rttpg_category":"<a href=\"https:\/\/webpe.colegiomayor.cl\/?cat=25\" rel=\"category\">DEPORTES<\/a> <a href=\"https:\/\/webpe.colegiomayor.cl\/?cat=44\" rel=\"category\">NOTICIAS<\/a>","rttpg_excerpt":"Atletismo Competencia: I Torneo MINI MAYOR Hora: 09:00 a 13:00 hrs Lugar: Pista, Estadio Mayor Entrada: Ingreso por puerta principal del Colegio Mayor Pe\u00f1alol\u00e9n Citaci\u00f3n: 1 hora antes de su prueba Colegios que asisten: Everest, Instituto Hebreo, Instituci\u00f3n Teresiana, Nuestra Se\u00f1ora del Camino, La Salle,&nbsp;&hellip;","_links":{"self":[{"href":"https:\/\/webpe.colegiomayor.cl\/index.php?rest_route=\/wp\/v2\/posts\/39317","targetHints":{"allow":["GET"]}}],"collection":[{"href":"https:\/\/webpe.colegiomayor.cl\/index.php?rest_route=\/wp\/v2\/posts"}],"about":[{"href":"https:\/\/webpe.colegiomayor.cl\/index.php?rest_route=\/wp\/v2\/types\/post"}],"author":[{"embeddable":true,"href":"https:\/\/webpe.colegiomayor.cl\/index.php?rest_route=\/wp\/v2\/users\/11"}],"replies":[{"embeddable":true,"href":"https:\/\/webpe.colegiomayor.cl\/index.php?rest_route=%2Fwp%2Fv2%2Fcomments&post=39317"}],"version-history":[{"count":2,"href":"https:\/\/webpe.colegiomayor.cl\/index.php?rest_route=\/wp\/v2\/posts\/39317\/revisions"}],"predecessor-version":[{"id":39319,"href":"https:\/\/webpe.colegiomayor.cl\/index.php?rest_route=\/wp\/v2\/posts\/39317\/revisions\/39319"}],"wp:featuredmedia":[{"embeddable":true,"href":"https:\/\/webpe.colegiomayor.cl\/index.php?rest_route=\/wp\/v2\/media\/38754"}],"wp:attachment":[{"href":"https:\/\/webpe.colegiomayor.cl\/index.php?rest_route=%2Fwp%2Fv2%2Fmedia&parent=39317"}],"wp:term":[{"taxonomy":"category","embeddable":true,"href":"https:\/\/webpe.colegiomayor.cl\/index.php?rest_route=%2Fwp%2Fv2%2Fcategories&post=39317"},{"taxonomy":"post_tag","embeddable":true,"href":"https:\/\/webpe.colegiomayor.cl\/index.php?rest_route=%2Fwp%2Fv2%2Ftags&post=39317"}],"curies":[{"name":"wp","href":"https:\/\/api.w.org\/{rel}","templated":true}]}}