{"id":39311,"date":"2025-09-03T12:04:04","date_gmt":"2025-09-03T15:04:04","guid":{"rendered":"https:\/\/webpe.colegiomayor.cl\/?p=39311"},"modified":"2025-09-03T12:11:09","modified_gmt":"2025-09-03T15:11:09","slug":"marcelo-meneses-se-luce-en-la-final-nacional-de-los-juegos-deportivos-escolares-jde","status":"publish","type":"post","link":"https:\/\/webpe.colegiomayor.cl\/?p=39311","title":{"rendered":"Marcelo Meneses se luce en la Final Nacional de los Juegos Deportivos Escolares (JDE)"},"content":{"rendered":"\n<p><p data-start=\"87\" data-end=\"273\">El pasado 31 de agosto y 1 de septiembre, se realiz\u00f3 la GRAN FINAL NACIONAL DE LOS JUEGOS DEPORTIVOS ESCOLARES DE ATLETISMO, que son clasificatorios para el SUDAMERICANO ESCOLAR de Asunci\u00f3n, Paraguay.<\/p><p data-start=\"275\" data-end=\"528\">Nuestro estudiante Marcelo Meneses Tobar, del 8\u00b0 b\u00e1sico E, particip\u00f3 por nuestra Regi\u00f3n Metropolitana, producto de haber clasificado en los Juegos Deportivos Regionales en el mes de junio, en las pruebas de 80 metros, salto largo y relevo 8&#215;50 metros.<\/p><p data-start=\"530\" data-end=\"689\">La primera prueba de estos juegos fue la carrera de los 80 metros planos, logrando Marcelo, pararse en el p\u00f3dium en el 3er. lugar a nivel nacional.<\/p><p data-start=\"691\" data-end=\"1010\">Al d\u00eda siguiente, en la jornada de la ma\u00f1ana, comenz\u00f3 su participaci\u00f3n en el concurso de salto largo, obteniendo el 2\u00b0 lugar a nivel nacional. En la jornada de la tarde, Marcelo particip\u00f3 en el relevo, siendo el partidor, y logrando ganar la prueba de equipo. De esta forma, consigui\u00f3 su tercera presea y esta vez de oro.<\/p><p data-start=\"1012\" data-end=\"1141\">Felicitamos a Marcelo Meneses Tobar por su destacada participaci\u00f3n en la Gran Final de los Juegos Deportivos Escolares 2025.<\/p><\/p>\n\n\n<style>.uid-51c5f9e3b03d2892  .gt3pg-isotope-item {\n\tpadding-right: 20px;\n\tpadding-bottom: 20px;\n}\n.uid-51c5f9e3b03d2892  .gallery-isotope-wrapper {\n\tmargin-right: -20px;\n\tmargin-bottom: -20px;\n}\n<\/style><div id=\"uid-51c5f9e3b03d2892\" data-gt3pg-block=\"masonry\" data-index=\"1\" class=\"gt3-photo-gallery-pro--isotope_gallery uid-51c5f9e3b03d2892 gt3pg-pro--wrapper gt3pg-pro--masonry \">\t\t<div data-cols=\"3\" data-cols-tablet=\"3\" data-cols-mobile=\"2\" class=\"gt3pg-isotope-gallery columns-3 hover-default gallery-masonry corner-standard\" data-settings=\"{&quot;lightbox&quot;:{&quot;enable&quot;:true,&quot;options&quot;:{&quot;instance&quot;:1}},&quot;id&quot;:1,&quot;uid&quot;:&quot;uid-51c5f9e3b03d2892&quot;,&quot;modules&quot;:[&quot;Lightbox&quot;],&quot;lightboxArray&quot;:[{&quot;href&quot;:&quot;https:\\\/\\\/webpe.colegiomayor.cl\\\/wp-content\\\/uploads\\\/2025\\\/09\\\/Relevo-de-marcelo.jpeg&quot;,&quot;title&quot;:&quot;Relevo de marcelo&quot;,&quot;thumbnail&quot;:&quot;https:\\\/\\\/webpe.colegiomayor.cl\\\/wp-content\\\/uploads\\\/2025\\\/09\\\/Relevo-de-marcelo-150x150.jpeg&quot;,&quot;description&quot;:&quot;&quot;,&quot;is_video&quot;:0,&quot;image_id&quot;:39312,&quot;width&quot;:1600,&quot;height&quot;:1276},{&quot;href&quot;:&quot;https:\\\/\\\/webpe.colegiomayor.cl\\\/wp-content\\\/uploads\\\/2025\\\/09\\\/Marcelo-y-la-mascota.jpeg&quot;,&quot;title&quot;:&quot;Marcelo y la mascota&quot;,&quot;thumbnail&quot;:&quot;https:\\\/\\\/webpe.colegiomayor.cl\\\/wp-content\\\/uploads\\\/2025\\\/09\\\/Marcelo-y-la-mascota-150x150.jpeg&quot;,&quot;description&quot;:&quot;&quot;,&quot;is_video&quot;:0,&quot;image_id&quot;:39313,&quot;width&quot;:1200,&quot;height&quot;:1600}],&quot;items&quot;:[{&quot;href&quot;:&quot;https:\\\/\\\/webpe.colegiomayor.cl\\\/wp-content\\\/uploads\\\/2025\\\/09\\\/Relevo-de-marcelo.jpeg&quot;,&quot;title&quot;:&quot;Relevo de marcelo&quot;,&quot;thumbnail&quot;:&quot;https:\\\/\\\/webpe.colegiomayor.cl\\\/wp-content\\\/uploads\\\/2025\\\/09\\\/Relevo-de-marcelo-150x150.jpeg&quot;,&quot;description&quot;:&quot;&quot;,&quot;is_video&quot;:0,&quot;image_id&quot;:39312,&quot;width&quot;:1600,&quot;height&quot;:1276},{&quot;href&quot;:&quot;https:\\\/\\\/webpe.colegiomayor.cl\\\/wp-content\\\/uploads\\\/2025\\\/09\\\/Marcelo-y-la-mascota.jpeg&quot;,&quot;title&quot;:&quot;Marcelo y la mascota&quot;,&quot;thumbnail&quot;:&quot;https:\\\/\\\/webpe.colegiomayor.cl\\\/wp-content\\\/uploads\\\/2025\\\/09\\\/Marcelo-y-la-mascota-150x150.jpeg&quot;,&quot;description&quot;:&quot;&quot;,&quot;is_video&quot;:0,&quot;image_id&quot;:39313,&quot;width&quot;:1200,&quot;height&quot;:1600}]}\">\r\n\t\t\t<div class=\"gallery-isotope-wrapper\">\r\n\t\t\t\t<div class=\"gt3pg-isotope-item loading \" ><div class=\"isotope_item-wrapper\"><a href=\"https:\/\/webpe.colegiomayor.cl\/wp-content\/uploads\/2025\/09\/Relevo-de-marcelo.jpeg\" class=\"gt3pg-lightbox\" data-elementor-open-lightbox=\"no\"><div class=\"img-wrapper \"><img loading=\"lazy\" decoding=\"async\" width=\"768\" height=\"612\" src=\"https:\/\/webpe.colegiomayor.cl\/wp-content\/uploads\/2025\/09\/Relevo-de-marcelo.jpeg\" class=\"skip-lazy gt3-lazy-image\" alt=\"\" data-lazy-srcset=\"https:\/\/webpe.colegiomayor.cl\/wp-content\/uploads\/2025\/09\/Relevo-de-marcelo.jpeg 1600w, https:\/\/webpe.colegiomayor.cl\/wp-content\/uploads\/2025\/09\/Relevo-de-marcelo-300x239.jpeg 300w\" data-lazy-sizes=\"(max-width: 768px) 100vw, 768px\" data-lazy-src=\"https:\/\/webpe.colegiomayor.cl\/wp-content\/uploads\/2025\/09\/Relevo-de-marcelo.jpeg?is-pending-load=1\" srcset=\"data:image\/png;base64,iVBORw0KGgoAAAANSUhEUgAAAE0AAAA9CAYAAADoK+RxAAAACXBIWXMAAA7EAAAOxAGVKw4bAAAAKUlEQVR42u3BMQEAAADCoPVP7W0HoAAAAAAAAAAAAAAAAAAAAAAAADgDSaEAAbV9wxIAAAAASUVORK5CYII=\" \/><\/div><\/a><\/div><\/div><div class=\"gt3pg-isotope-item loading \" ><div class=\"isotope_item-wrapper\"><a href=\"https:\/\/webpe.colegiomayor.cl\/wp-content\/uploads\/2025\/09\/Marcelo-y-la-mascota.jpeg\" class=\"gt3pg-lightbox\" data-elementor-open-lightbox=\"no\"><div class=\"img-wrapper \"><img loading=\"lazy\" decoding=\"async\" width=\"768\" height=\"1024\" src=\"https:\/\/webpe.colegiomayor.cl\/wp-content\/uploads\/2025\/09\/Marcelo-y-la-mascota.jpeg\" class=\"skip-lazy gt3-lazy-image\" alt=\"\" data-lazy-srcset=\"https:\/\/webpe.colegiomayor.cl\/wp-content\/uploads\/2025\/09\/Marcelo-y-la-mascota.jpeg 1200w, https:\/\/webpe.colegiomayor.cl\/wp-content\/uploads\/2025\/09\/Marcelo-y-la-mascota-225x300.jpeg 225w, https:\/\/webpe.colegiomayor.cl\/wp-content\/uploads\/2025\/09\/Marcelo-y-la-mascota-768x1024.jpeg 768w\" data-lazy-sizes=\"(max-width: 768px) 100vw, 768px\" data-lazy-src=\"https:\/\/webpe.colegiomayor.cl\/wp-content\/uploads\/2025\/09\/Marcelo-y-la-mascota.jpeg?is-pending-load=1\" srcset=\"data:image\/png;base64,iVBORw0KGgoAAAANSUhEUgAAAE0AAABmCAYAAACOYhxFAAAACXBIWXMAAA7EAAAOxAGVKw4bAAAANUlEQVR42u3BgQAAAADDoPlTX+EAVQEAAAAAAAAAAAAAAAAAAAAAAAAAAAAAAAAAAAAAAMBrex4AARQEIPwAAAAASUVORK5CYII=\" \/><\/div><\/a><\/div><\/div>\t\t\t<\/div>\r\n\t\t<\/div>\r\n\t\t<script type=\"application\/json\" id=\"settings--uid-51c5f9e3b03d2892\">{\"lightbox\":{\"enable\":true,\"options\":{\"instance\":1}},\"id\":1,\"uid\":\"uid-51c5f9e3b03d2892\",\"modules\":[\"Lightbox\"],\"lightboxArray\":[{\"href\":\"https:\\\/\\\/webpe.colegiomayor.cl\\\/wp-content\\\/uploads\\\/2025\\\/09\\\/Relevo-de-marcelo.jpeg\",\"title\":\"Relevo de marcelo\",\"thumbnail\":\"https:\\\/\\\/webpe.colegiomayor.cl\\\/wp-content\\\/uploads\\\/2025\\\/09\\\/Relevo-de-marcelo-150x150.jpeg\",\"description\":\"\",\"is_video\":0,\"image_id\":39312,\"width\":1600,\"height\":1276},{\"href\":\"https:\\\/\\\/webpe.colegiomayor.cl\\\/wp-content\\\/uploads\\\/2025\\\/09\\\/Marcelo-y-la-mascota.jpeg\",\"title\":\"Marcelo y la mascota\",\"thumbnail\":\"https:\\\/\\\/webpe.colegiomayor.cl\\\/wp-content\\\/uploads\\\/2025\\\/09\\\/Marcelo-y-la-mascota-150x150.jpeg\",\"description\":\"\",\"is_video\":0,\"image_id\":39313,\"width\":1200,\"height\":1600}],\"items\":[{\"href\":\"https:\\\/\\\/webpe.colegiomayor.cl\\\/wp-content\\\/uploads\\\/2025\\\/09\\\/Relevo-de-marcelo.jpeg\",\"title\":\"Relevo de marcelo\",\"thumbnail\":\"https:\\\/\\\/webpe.colegiomayor.cl\\\/wp-content\\\/uploads\\\/2025\\\/09\\\/Relevo-de-marcelo-150x150.jpeg\",\"description\":\"\",\"is_video\":0,\"image_id\":39312,\"width\":1600,\"height\":1276},{\"href\":\"https:\\\/\\\/webpe.colegiomayor.cl\\\/wp-content\\\/uploads\\\/2025\\\/09\\\/Marcelo-y-la-mascota.jpeg\",\"title\":\"Marcelo y la mascota\",\"thumbnail\":\"https:\\\/\\\/webpe.colegiomayor.cl\\\/wp-content\\\/uploads\\\/2025\\\/09\\\/Marcelo-y-la-mascota-150x150.jpeg\",\"description\":\"\",\"is_video\":0,\"image_id\":39313,\"width\":1200,\"height\":1600}]}<\/script>\r\n\t\t<\/div>","protected":false},"excerpt":{"rendered":"<p>El pasado 31 de agosto y 1 de septiembre, se realiz\u00f3 la GRAN FINAL NACIONAL DE LOS JUEGOS DEPORTIVOS ESCOLARES DE ATLETISMO, que son clasificatorios para el SUDAMERICANO ESCOLAR de Asunci\u00f3n, Paraguay. Nuestro estudiante Marcelo Meneses Tobar, del 8\u00b0 b\u00e1sico E, particip\u00f3 por nuestra Regi\u00f3n&nbsp;<a href=\"https:\/\/webpe.colegiomayor.cl\/?p=39311\">&hellip;<\/a><\/p>\n","protected":false},"author":11,"featured_media":39314,"comment_status":"closed","ping_status":"closed","sticky":false,"template":"","format":"standard","meta":{"content-type":"","footnotes":""},"categories":[24,38,25,44],"tags":[96,99,97,95,100,98],"class_list":["post-39311","post","type-post","status-publish","format-standard","has-post-thumbnail","hentry","category-comunicaciones","category-comunicaciones-news","category-deportes","category-noticias","tag-atletismo-escolar","tag-competencia-nacional","tag-deporte-estudiantil","tag-jde-2025","tag-marcelo-meneses","tag-region-metropolitana","odd"],"rttpg_featured_image_url":{"full":["https:\/\/webpe.colegiomayor.cl\/wp-content\/uploads\/2025\/09\/Relevo-de-marcelo-1.jpeg",1600,1276,false],"landscape":["https:\/\/webpe.colegiomayor.cl\/wp-content\/uploads\/2025\/09\/Relevo-de-marcelo-1.jpeg",1600,1276,false],"portraits":["https:\/\/webpe.colegiomayor.cl\/wp-content\/uploads\/2025\/09\/Relevo-de-marcelo-1.jpeg",1600,1276,false],"thumbnail":["https:\/\/webpe.colegiomayor.cl\/wp-content\/uploads\/2025\/09\/Relevo-de-marcelo-1-150x150.jpeg",150,150,true],"medium":["https:\/\/webpe.colegiomayor.cl\/wp-content\/uploads\/2025\/09\/Relevo-de-marcelo-1-300x239.jpeg",300,239,true],"large":["https:\/\/webpe.colegiomayor.cl\/wp-content\/uploads\/2025\/09\/Relevo-de-marcelo-1-1024x817.jpeg",1024,817,true],"1536x1536":["https:\/\/webpe.colegiomayor.cl\/wp-content\/uploads\/2025\/09\/Relevo-de-marcelo-1-1536x1225.jpeg",1536,1225,true],"2048x2048":["https:\/\/webpe.colegiomayor.cl\/wp-content\/uploads\/2025\/09\/Relevo-de-marcelo-1-1600x1276.jpeg",1600,1276,true],"post-thumbnail":["https:\/\/webpe.colegiomayor.cl\/wp-content\/uploads\/2025\/09\/Relevo-de-marcelo-1-150x120.jpeg",150,120,true],"ed-school-featured-image":["https:\/\/webpe.colegiomayor.cl\/wp-content\/uploads\/2025\/09\/Relevo-de-marcelo-1-990x500.jpeg",990,500,true],"ed-school-medium":["https:\/\/webpe.colegiomayor.cl\/wp-content\/uploads\/2025\/09\/Relevo-de-marcelo-1-768x510.jpeg",768,510,true],"ed-school-medium-alt":["https:\/\/webpe.colegiomayor.cl\/wp-content\/uploads\/2025\/09\/Relevo-de-marcelo-1-768x410.jpeg",768,410,true],"ed-school-square":["https:\/\/webpe.colegiomayor.cl\/wp-content\/uploads\/2025\/09\/Relevo-de-marcelo-1-768x768.jpeg",768,768,true],"ed-school-square-small":["https:\/\/webpe.colegiomayor.cl\/wp-content\/uploads\/2025\/09\/Relevo-de-marcelo-1-420x420.jpeg",420,420,true]},"rttpg_author":{"display_name":"Francisco Arriagada","author_link":"https:\/\/webpe.colegiomayor.cl\/?author=11"},"rttpg_comment":0,"rttpg_category":"<a href=\"https:\/\/webpe.colegiomayor.cl\/?cat=24\" rel=\"category\">COMUNICACIONES<\/a> <a href=\"https:\/\/webpe.colegiomayor.cl\/?cat=38\" rel=\"category\">Comunicaciones-NEWS<\/a> <a href=\"https:\/\/webpe.colegiomayor.cl\/?cat=25\" rel=\"category\">DEPORTES<\/a> <a href=\"https:\/\/webpe.colegiomayor.cl\/?cat=44\" rel=\"category\">NOTICIAS<\/a>","rttpg_excerpt":"El pasado 31 de agosto y 1 de septiembre, se realiz\u00f3 la GRAN FINAL NACIONAL DE LOS JUEGOS DEPORTIVOS ESCOLARES DE ATLETISMO, que son clasificatorios para el SUDAMERICANO ESCOLAR de Asunci\u00f3n, Paraguay. Nuestro estudiante Marcelo Meneses Tobar, del 8\u00b0 b\u00e1sico E, particip\u00f3 por nuestra Regi\u00f3n&nbsp;&hellip;","_links":{"self":[{"href":"https:\/\/webpe.colegiomayor.cl\/index.php?rest_route=\/wp\/v2\/posts\/39311","targetHints":{"allow":["GET"]}}],"collection":[{"href":"https:\/\/webpe.colegiomayor.cl\/index.php?rest_route=\/wp\/v2\/posts"}],"about":[{"href":"https:\/\/webpe.colegiomayor.cl\/index.php?rest_route=\/wp\/v2\/types\/post"}],"author":[{"embeddable":true,"href":"https:\/\/webpe.colegiomayor.cl\/index.php?rest_route=\/wp\/v2\/users\/11"}],"replies":[{"embeddable":true,"href":"https:\/\/webpe.colegiomayor.cl\/index.php?rest_route=%2Fwp%2Fv2%2Fcomments&post=39311"}],"version-history":[{"count":2,"href":"https:\/\/webpe.colegiomayor.cl\/index.php?rest_route=\/wp\/v2\/posts\/39311\/revisions"}],"predecessor-version":[{"id":39316,"href":"https:\/\/webpe.colegiomayor.cl\/index.php?rest_route=\/wp\/v2\/posts\/39311\/revisions\/39316"}],"wp:featuredmedia":[{"embeddable":true,"href":"https:\/\/webpe.colegiomayor.cl\/index.php?rest_route=\/wp\/v2\/media\/39314"}],"wp:attachment":[{"href":"https:\/\/webpe.colegiomayor.cl\/index.php?rest_route=%2Fwp%2Fv2%2Fmedia&parent=39311"}],"wp:term":[{"taxonomy":"category","embeddable":true,"href":"https:\/\/webpe.colegiomayor.cl\/index.php?rest_route=%2Fwp%2Fv2%2Fcategories&post=39311"},{"taxonomy":"post_tag","embeddable":true,"href":"https:\/\/webpe.colegiomayor.cl\/index.php?rest_route=%2Fwp%2Fv2%2Ftags&post=39311"}],"curies":[{"name":"wp","href":"https:\/\/api.w.org\/{rel}","templated":true}]}}