{"id":39265,"date":"2025-08-29T09:39:16","date_gmt":"2025-08-29T12:39:16","guid":{"rendered":"https:\/\/webpe.colegiomayor.cl\/?p=39265"},"modified":"2025-08-29T11:04:10","modified_gmt":"2025-08-29T14:04:10","slug":"actividades-selecciones-deportivas-sabado-30-de-agosto","status":"publish","type":"post","link":"https:\/\/webpe.colegiomayor.cl\/?p=39265","title":{"rendered":"Actividades Selecciones Deportivas &#8211; S\u00e1bado 30 de agosto"},"content":{"rendered":"\n<!-- Pega esto en un bloque HTML Personalizado de WordPress -->\n<div id=\"programa-selecciones\">\n  <style>\n    \/* Cargar la fuente Montserrat *\/\n    @import url('https:\/\/fonts.googleapis.com\/css2?family=Montserrat:wght@400;500;600;700&display=swap');\n\n    #programa-selecciones, \n    #programa-selecciones * {\n      font-family: 'Montserrat', sans-serif;\n      box-sizing: border-box;\n    }\n\n    #programa-selecciones {\n      margin: 20px;\n    }\n\n    #programa-selecciones .disciplina {\n      padding: 18px;\n      border-radius: 12px;\n      margin-bottom: 20px;\n      color: #fff;\n    }\n\n    #programa-selecciones .disciplina h2 {\n      margin-top: 0;\n      font-size: 1.4rem;\n      font-weight: 700;\n    }\n\n    #programa-selecciones p {\n      margin: 6px 0;\n      font-size: 0.95rem;\n      line-height: 1.4;\n    }\n\n    \/* Colores por disciplina con buena legibilidad *\/\n    #programa-selecciones .atletismo { background: #27ae60; }       \/* Verde *\/\n    #programa-selecciones .basquetbol { background: #2980b9; }     \/* Azul *\/\n    #programa-selecciones .gimnasia { background: #8e44ad; }       \/* Morado *\/\n    #programa-selecciones .natacion { background: #16a085; }       \/* Verde azulado *\/\n    #programa-selecciones .tenis { background: #d35400; }          \/* Naranjo *\/\n    #programa-selecciones .cheerleader { background: #c0392b; }    \/* Rojo *\/\n    #programa-selecciones .voleibol-masculino { background: #2c3e50; } \/* Azul gris oscuro *\/\n    #programa-selecciones .voleibol-femenino { background: #e67e22; }  \/* Naranjo claro *\/\n    #programa-selecciones .futbol { background: #7f8c8d; }         \/* Gris *\/\n  <\/style>\n\n  <div class=\"programa\">\n\n    <!-- Atletismo -->\n    <div class=\"disciplina atletismo\">\n      <h2>Atletismo<\/h2>\n      <p><strong>Estado:<\/strong> Entrenamiento y Final Nacional programados<\/p>\n      <p><strong>S\u00e1bado 30:<\/strong> Preparatoria\/Infantil 09:00\u201310:30, Intermedia\/Superior 10:30\u201312:00<\/p>\n      <p><strong>Profesores:<\/strong> Carlos Soto, Mario G\u00f3mez, Claudio Ulloa<\/p>\n    <\/div>\n\n    <!-- B\u00e1squetbol -->\n    <div class=\"disciplina basquetbol\">\n      <h2>B\u00e1squetbol<\/h2>\n      <p><strong>Estado:<\/strong> Actividades programadas (torneos y partidos)<\/p>\n      <p><strong>Viernes 29:<\/strong> Torneo Libascopar (Intermedia y Superior)<\/p>\n      <p><strong>S\u00e1bado 30:<\/strong> Torneo UC \u2014 Mini 11:30, Infantil 12:45<\/p>\n      <p><strong>LIFORBASKET:<\/strong> U11 (09:00), U9 (11:00)<\/p>\n    <\/div>\n\n    <!-- Gimnasia -->\n    <div class=\"disciplina gimnasia\">\n      <h2>Gimnasia Art\u00edstica<\/h2>\n      <p><strong>Estado:<\/strong> Campeonato y entrenamientos<\/p>\n      <p><strong>Campeonato LEGA:<\/strong> Colegio El Carmen Teresiano, citaci\u00f3n 10:45<\/p>\n      <p><strong>Entrenamiento:<\/strong> 09:00\u201310:30 (Nivel 0-1), 10:30\u201312:00 (Nivel 3-5)<\/p>\n    <\/div>\n\n    <!-- Nataci\u00f3n -->\n    <div class=\"disciplina natacion\">\n      <h2>Nataci\u00f3n<\/h2>\n      <p><strong>Estado:<\/strong> Entrenamientos normales y grupo competencia<\/p>\n      <p><strong>Entrenamiento:<\/strong> 09:00\u201311:00 grupo competencia \/ 11:00\u201312:00 grupo 1\u00ba\u20135\u00ba b\u00e1sico<\/p>\n      <p><strong>Lugar:<\/strong> Piscina Estadio Mayor<\/p>\n    <\/div>\n\n    <!-- Tenis -->\n    <div class=\"disciplina tenis\">\n      <h2>Tenis<\/h2>\n      <p><strong>Estado:<\/strong> Entrenamientos en canchas (al aire libre)<\/p>\n      <p><strong>Lugar:<\/strong> Canchas Estadio Mayor<\/p>\n      <p><strong>Infantil:<\/strong> 09:00\u201310:30 \/ <strong>Intermedia:<\/strong> 10:30\u201312:00<\/p>\n    <\/div>\n\n    <!-- Cheerleader -->\n    <div class=\"disciplina cheerleader\">\n      <h2>Cheerleader<\/h2>\n      <p><strong>Estado:<\/strong> Actividades programadas<\/p>\n      <p><strong>Senior:<\/strong> 07:30\u201309:00 Gimnasio Hurac\u00e1n (San Miguel)<\/p>\n      <p><strong>Junior:<\/strong> 10:00\u201312:00 Sala Danza Estadio Mayor<\/p>\n    <\/div>\n\n    <!-- Voleibol Masculino -->\n    <div class=\"disciplina voleibol-masculino\">\n      <h2>Voleibol Masculino<\/h2>\n      <p><strong>Estado:<\/strong> Sin actividades<\/p>\n      <p><strong>Torneo amistoso \u2014 Serie Mini:<\/strong> Foro Colegio Mayor Pe\u00f1alol\u00e9n, 09:00\u201311:00 (citaci\u00f3n 08:30)<\/p>\n      <p><strong>Series Infantil y Superior:<\/strong> Sin actividades<\/p>\n    <\/div>\n\n    <!-- Voleibol Femenino -->\n    <div class=\"disciplina voleibol-femenino\">\n      <h2>Voleibol Femenino<\/h2>\n      <p><strong>Estado:<\/strong> Torneo UC Soprole<\/p>\n      <p><strong>Rival:<\/strong> Colegio Everest \u2014 Gimnasio Colegio Everest<\/p>\n      <p><strong>Serie Infantil:<\/strong> Citaci\u00f3n 08:15<\/p>\n      <p><strong>Serie Mini:<\/strong> Citaci\u00f3n 09:00<\/p>\n      <p><strong>Serie Superior:<\/strong> Sin actividades<\/p>\n    <\/div>\n\n    <!-- F\u00fatbol -->\n    <div class=\"disciplina futbol\">\n      <h2>F\u00fatbol<\/h2>\n      <p><strong>Estado:<\/strong> Torneo UC \u2014 actividades en cancha Estadio Mayor<\/p>\n      <p><strong>Rival:<\/strong> Colegio Everest<\/p>\n      <p><strong>Serie Mini:<\/strong> Citaci\u00f3n 08:45, Partido 09:30<\/p>\n      <p><strong>Serie Infantil:<\/strong> Citaci\u00f3n 10:00, Partido 10:45<\/p>\n    <\/div>\n\n  <\/div>\n<\/div>\n\n","protected":false},"excerpt":{"rendered":"<p>Atletismo Estado: Entrenamiento y Final Nacional programados S\u00e1bado 30: Preparatoria\/Infantil 09:00\u201310:30, Intermedia\/Superior 10:30\u201312:00 Profesores: Carlos Soto, Mario G\u00f3mez, Claudio Ulloa B\u00e1squetbol Estado: Actividades programadas (torneos y partidos) Viernes 29: Torneo Libascopar (Intermedia y Superior) S\u00e1bado 30: Torneo UC \u2014 Mini 11:30, Infantil 12:45 LIFORBASKET: U11&nbsp;<a href=\"https:\/\/webpe.colegiomayor.cl\/?p=39265\">&hellip;<\/a><\/p>\n","protected":false},"author":11,"featured_media":39088,"comment_status":"closed","ping_status":"closed","sticky":false,"template":"","format":"standard","meta":{"content-type":"","footnotes":""},"categories":[25,44],"tags":[66,101,104,102,103],"class_list":["post-39265","post","type-post","status-publish","format-standard","has-post-thumbnail","hentry","category-deportes","category-noticias","tag-deporte-escolar","tag-deportes","tag-deportivo","tag-selecciones","tag-selecciones-deportivas","odd"],"rttpg_featured_image_url":{"full":["https:\/\/webpe.colegiomayor.cl\/wp-content\/uploads\/2025\/08\/20250710_122141-scaled.jpg",2560,1441,false],"landscape":["https:\/\/webpe.colegiomayor.cl\/wp-content\/uploads\/2025\/08\/20250710_122141-scaled.jpg",2560,1441,false],"portraits":["https:\/\/webpe.colegiomayor.cl\/wp-content\/uploads\/2025\/08\/20250710_122141-scaled.jpg",2560,1441,false],"thumbnail":["https:\/\/webpe.colegiomayor.cl\/wp-content\/uploads\/2025\/08\/20250710_122141-scaled-150x150.jpg",150,150,true],"medium":["https:\/\/webpe.colegiomayor.cl\/wp-content\/uploads\/2025\/08\/20250710_122141-scaled-300x169.jpg",300,169,true],"large":["https:\/\/webpe.colegiomayor.cl\/wp-content\/uploads\/2025\/08\/20250710_122141-scaled-1024x576.jpg",1024,576,true],"1536x1536":["https:\/\/webpe.colegiomayor.cl\/wp-content\/uploads\/2025\/08\/20250710_122141-scaled-1536x865.jpg",1536,865,true],"2048x2048":["https:\/\/webpe.colegiomayor.cl\/wp-content\/uploads\/2025\/08\/20250710_122141-scaled-2048x1153.jpg",2048,1153,true],"post-thumbnail":["https:\/\/webpe.colegiomayor.cl\/wp-content\/uploads\/2025\/08\/20250710_122141-scaled-150x84.jpg",150,84,true],"ed-school-featured-image":["https:\/\/webpe.colegiomayor.cl\/wp-content\/uploads\/2025\/08\/20250710_122141-scaled-990x500.jpg",990,500,true],"ed-school-medium":["https:\/\/webpe.colegiomayor.cl\/wp-content\/uploads\/2025\/08\/20250710_122141-scaled-768x510.jpg",768,510,true],"ed-school-medium-alt":["https:\/\/webpe.colegiomayor.cl\/wp-content\/uploads\/2025\/08\/20250710_122141-scaled-768x410.jpg",768,410,true],"ed-school-square":["https:\/\/webpe.colegiomayor.cl\/wp-content\/uploads\/2025\/08\/20250710_122141-scaled-768x768.jpg",768,768,true],"ed-school-square-small":["https:\/\/webpe.colegiomayor.cl\/wp-content\/uploads\/2025\/08\/20250710_122141-scaled-420x420.jpg",420,420,true]},"rttpg_author":{"display_name":"Francisco Arriagada","author_link":"https:\/\/webpe.colegiomayor.cl\/?author=11"},"rttpg_comment":0,"rttpg_category":"<a href=\"https:\/\/webpe.colegiomayor.cl\/?cat=25\" rel=\"category\">DEPORTES<\/a> <a href=\"https:\/\/webpe.colegiomayor.cl\/?cat=44\" rel=\"category\">NOTICIAS<\/a>","rttpg_excerpt":"Atletismo Estado: Entrenamiento y Final Nacional programados S\u00e1bado 30: Preparatoria\/Infantil 09:00\u201310:30, Intermedia\/Superior 10:30\u201312:00 Profesores: Carlos Soto, Mario G\u00f3mez, Claudio Ulloa B\u00e1squetbol Estado: Actividades programadas (torneos y partidos) Viernes 29: Torneo Libascopar (Intermedia y Superior) S\u00e1bado 30: Torneo UC \u2014 Mini 11:30, Infantil 12:45 LIFORBASKET: U11&nbsp;&hellip;","_links":{"self":[{"href":"https:\/\/webpe.colegiomayor.cl\/index.php?rest_route=\/wp\/v2\/posts\/39265","targetHints":{"allow":["GET"]}}],"collection":[{"href":"https:\/\/webpe.colegiomayor.cl\/index.php?rest_route=\/wp\/v2\/posts"}],"about":[{"href":"https:\/\/webpe.colegiomayor.cl\/index.php?rest_route=\/wp\/v2\/types\/post"}],"author":[{"embeddable":true,"href":"https:\/\/webpe.colegiomayor.cl\/index.php?rest_route=\/wp\/v2\/users\/11"}],"replies":[{"embeddable":true,"href":"https:\/\/webpe.colegiomayor.cl\/index.php?rest_route=%2Fwp%2Fv2%2Fcomments&post=39265"}],"version-history":[{"count":5,"href":"https:\/\/webpe.colegiomayor.cl\/index.php?rest_route=\/wp\/v2\/posts\/39265\/revisions"}],"predecessor-version":[{"id":39273,"href":"https:\/\/webpe.colegiomayor.cl\/index.php?rest_route=\/wp\/v2\/posts\/39265\/revisions\/39273"}],"wp:featuredmedia":[{"embeddable":true,"href":"https:\/\/webpe.colegiomayor.cl\/index.php?rest_route=\/wp\/v2\/media\/39088"}],"wp:attachment":[{"href":"https:\/\/webpe.colegiomayor.cl\/index.php?rest_route=%2Fwp%2Fv2%2Fmedia&parent=39265"}],"wp:term":[{"taxonomy":"category","embeddable":true,"href":"https:\/\/webpe.colegiomayor.cl\/index.php?rest_route=%2Fwp%2Fv2%2Fcategories&post=39265"},{"taxonomy":"post_tag","embeddable":true,"href":"https:\/\/webpe.colegiomayor.cl\/index.php?rest_route=%2Fwp%2Fv2%2Ftags&post=39265"}],"curies":[{"name":"wp","href":"https:\/\/api.w.org\/{rel}","templated":true}]}}