{"id":39261,"date":"2025-08-28T16:08:00","date_gmt":"2025-08-28T19:08:00","guid":{"rendered":"https:\/\/webpe.colegiomayor.cl\/?p=39261"},"modified":"2025-08-28T16:11:43","modified_gmt":"2025-08-28T19:11:43","slug":"marcelo-meneses-se-prepara-para-la-final-nacional-de-los-jde-2025","status":"publish","type":"post","link":"https:\/\/webpe.colegiomayor.cl\/?p=39261","title":{"rendered":"Marcelo Meneses se prepara para la Final Nacional de los JDE 2025"},"content":{"rendered":"\n<p>El estudiante <strong>Marcelo Meneses<\/strong> ha vivido una semana intensa de preparaci\u00f3n de cara a la Final Nacional de los <strong>JDE 2025<\/strong>, instancia que re\u00fane a los mejores atletas escolares del pa\u00eds.<\/p>\n\n\n\n<p>Durante el s\u00e1bado y el mi\u00e9rcoles, Marcelo particip\u00f3 en el entrenamiento de relevos 5&#215;80 metros en el colegio Verbo Divino. Adem\u00e1s, este martes recibi\u00f3 su indumentaria oficial, con la que representar\u00e1 con orgullo a la Regi\u00f3n Metropolitana en esta importante competencia.<\/p>\n\n\n\n<h2 class=\"wp-block-heading\">Las pruebas de Marcelo<\/h2>\n\n\n\n<p>Marcelo participar\u00e1 en tres pruebas, que se disputar\u00e1n el domingo y el lunes en el coliseo central del Estadio Nacional:<\/p>\n\n\n\n<ul class=\"wp-block-list\">\n<li><strong>80 metros planos<\/strong><\/li>\n\n\n\n<li><strong>Salto largo<\/strong><\/li>\n\n\n\n<li><strong>Relevos 5&#215;80 metros<\/strong><\/li>\n<\/ul>\n\n\n\n<h2 class=\"wp-block-heading\">Sobre los Juegos Deportivos Escolares<\/h2>\n\n\n\n<p>Los Juegos Deportivos Escolares son una de las competencias estudiantiles m\u00e1s relevantes del pa\u00eds, ya que re\u00fanen a j\u00f3venes talentos y fomentan el desarrollo deportivo a nivel nacional.<\/p>\n\n\n\n<p>Marcelo llega motivado, enfocado y con altas expectativas, dispuesto a dejar en alto el nombre de su establecimiento y de su regi\u00f3n. La comunidad educativa lo acompa\u00f1a en este gran desaf\u00edo, entreg\u00e1ndole todo su apoyo y energ\u00eda positiva.<\/p>\n","protected":false},"excerpt":{"rendered":"<p>El estudiante Marcelo Meneses ha vivido una semana intensa de preparaci\u00f3n de cara a la Final Nacional de los JDE 2025, instancia que re\u00fane a los mejores atletas escolares del pa\u00eds. Durante el s\u00e1bado y el mi\u00e9rcoles, Marcelo particip\u00f3 en el entrenamiento de relevos 5&#215;80&nbsp;<a href=\"https:\/\/webpe.colegiomayor.cl\/?p=39261\">&hellip;<\/a><\/p>\n","protected":false},"author":11,"featured_media":39262,"comment_status":"closed","ping_status":"closed","sticky":false,"template":"","format":"standard","meta":{"content-type":"","footnotes":""},"categories":[24,38,25,44],"tags":[96,99,97,95,100,98],"class_list":["post-39261","post","type-post","status-publish","format-standard","has-post-thumbnail","hentry","category-comunicaciones","category-comunicaciones-news","category-deportes","category-noticias","tag-atletismo-escolar","tag-competencia-nacional","tag-deporte-estudiantil","tag-jde-2025","tag-marcelo-meneses","tag-region-metropolitana","odd"],"rttpg_featured_image_url":{"full":["https:\/\/webpe.colegiomayor.cl\/wp-content\/uploads\/2025\/08\/meneses-wide.png",1200,675,false],"landscape":["https:\/\/webpe.colegiomayor.cl\/wp-content\/uploads\/2025\/08\/meneses-wide.png",1200,675,false],"portraits":["https:\/\/webpe.colegiomayor.cl\/wp-content\/uploads\/2025\/08\/meneses-wide.png",1200,675,false],"thumbnail":["https:\/\/webpe.colegiomayor.cl\/wp-content\/uploads\/2025\/08\/meneses-wide-150x150.png",150,150,true],"medium":["https:\/\/webpe.colegiomayor.cl\/wp-content\/uploads\/2025\/08\/meneses-wide-300x169.png",300,169,true],"large":["https:\/\/webpe.colegiomayor.cl\/wp-content\/uploads\/2025\/08\/meneses-wide-1024x576.png",1024,576,true],"1536x1536":["https:\/\/webpe.colegiomayor.cl\/wp-content\/uploads\/2025\/08\/meneses-wide-1200x675.png",1200,675,true],"2048x2048":["https:\/\/webpe.colegiomayor.cl\/wp-content\/uploads\/2025\/08\/meneses-wide-1200x675.png",1200,675,true],"post-thumbnail":["https:\/\/webpe.colegiomayor.cl\/wp-content\/uploads\/2025\/08\/meneses-wide-150x84.png",150,84,true],"ed-school-featured-image":["https:\/\/webpe.colegiomayor.cl\/wp-content\/uploads\/2025\/08\/meneses-wide-990x500.png",990,500,true],"ed-school-medium":["https:\/\/webpe.colegiomayor.cl\/wp-content\/uploads\/2025\/08\/meneses-wide-768x510.png",768,510,true],"ed-school-medium-alt":["https:\/\/webpe.colegiomayor.cl\/wp-content\/uploads\/2025\/08\/meneses-wide-768x410.png",768,410,true],"ed-school-square":["https:\/\/webpe.colegiomayor.cl\/wp-content\/uploads\/2025\/08\/meneses-wide-768x675.png",768,675,true],"ed-school-square-small":["https:\/\/webpe.colegiomayor.cl\/wp-content\/uploads\/2025\/08\/meneses-wide-420x420.png",420,420,true]},"rttpg_author":{"display_name":"Francisco Arriagada","author_link":"https:\/\/webpe.colegiomayor.cl\/?author=11"},"rttpg_comment":0,"rttpg_category":"<a href=\"https:\/\/webpe.colegiomayor.cl\/?cat=24\" rel=\"category\">COMUNICACIONES<\/a> <a href=\"https:\/\/webpe.colegiomayor.cl\/?cat=38\" rel=\"category\">Comunicaciones-NEWS<\/a> <a href=\"https:\/\/webpe.colegiomayor.cl\/?cat=25\" rel=\"category\">DEPORTES<\/a> <a href=\"https:\/\/webpe.colegiomayor.cl\/?cat=44\" rel=\"category\">NOTICIAS<\/a>","rttpg_excerpt":"El estudiante Marcelo Meneses ha vivido una semana intensa de preparaci\u00f3n de cara a la Final Nacional de los JDE 2025, instancia que re\u00fane a los mejores atletas escolares del pa\u00eds. Durante el s\u00e1bado y el mi\u00e9rcoles, Marcelo particip\u00f3 en el entrenamiento de relevos 5&#215;80&nbsp;&hellip;","_links":{"self":[{"href":"https:\/\/webpe.colegiomayor.cl\/index.php?rest_route=\/wp\/v2\/posts\/39261","targetHints":{"allow":["GET"]}}],"collection":[{"href":"https:\/\/webpe.colegiomayor.cl\/index.php?rest_route=\/wp\/v2\/posts"}],"about":[{"href":"https:\/\/webpe.colegiomayor.cl\/index.php?rest_route=\/wp\/v2\/types\/post"}],"author":[{"embeddable":true,"href":"https:\/\/webpe.colegiomayor.cl\/index.php?rest_route=\/wp\/v2\/users\/11"}],"replies":[{"embeddable":true,"href":"https:\/\/webpe.colegiomayor.cl\/index.php?rest_route=%2Fwp%2Fv2%2Fcomments&post=39261"}],"version-history":[{"count":1,"href":"https:\/\/webpe.colegiomayor.cl\/index.php?rest_route=\/wp\/v2\/posts\/39261\/revisions"}],"predecessor-version":[{"id":39263,"href":"https:\/\/webpe.colegiomayor.cl\/index.php?rest_route=\/wp\/v2\/posts\/39261\/revisions\/39263"}],"wp:featuredmedia":[{"embeddable":true,"href":"https:\/\/webpe.colegiomayor.cl\/index.php?rest_route=\/wp\/v2\/media\/39262"}],"wp:attachment":[{"href":"https:\/\/webpe.colegiomayor.cl\/index.php?rest_route=%2Fwp%2Fv2%2Fmedia&parent=39261"}],"wp:term":[{"taxonomy":"category","embeddable":true,"href":"https:\/\/webpe.colegiomayor.cl\/index.php?rest_route=%2Fwp%2Fv2%2Fcategories&post=39261"},{"taxonomy":"post_tag","embeddable":true,"href":"https:\/\/webpe.colegiomayor.cl\/index.php?rest_route=%2Fwp%2Fv2%2Ftags&post=39261"}],"curies":[{"name":"wp","href":"https:\/\/api.w.org\/{rel}","templated":true}]}}