{"id":39186,"date":"2025-08-21T16:01:05","date_gmt":"2025-08-21T19:01:05","guid":{"rendered":"https:\/\/webpe.colegiomayor.cl\/?p=39186"},"modified":"2025-08-22T12:54:53","modified_gmt":"2025-08-22T15:54:53","slug":"actividades-selecciones-deportivas-sabado-23-de-agosto","status":"publish","type":"post","link":"https:\/\/webpe.colegiomayor.cl\/?p=39186","title":{"rendered":"Actividades Selecciones Deportivas &#8211; S\u00e1bado 23 de agosto"},"content":{"rendered":"\n<!DOCTYPE html>\n<html lang=\"es\">\n<head>\n  <meta charset=\"UTF-8\">\n  <title>Programa Selecciones Deportivas \u2014 23 de Agosto (modificado)<\/title>\n  <link href=\"https:\/\/fonts.googleapis.com\/css2?family=Montserrat:wght@400;600&#038;display=swap\" rel=\"stylesheet\">\n  <style>\n    body {\n      font-family: 'Montserrat', sans-serif;\n      margin: 20px;\n      background: #f9f9f9;\n      color: #333;\n    }\n    h1, h2, h3 {\n      font-weight: 600;\n    }\n    .programa {\n      max-width: 900px;\n      margin: auto;\n      background: #fff;\n      padding: 20px;\n      border-radius: 12px;\n      box-shadow: 0 4px 10px rgba(0,0,0,0.1);\n    }\n    .intro {\n      text-align: center;\n      margin-bottom: 12px;\n    }\n    .alerta {\n      color: #c0392b;\n      font-weight: 600;\n      text-align: center;\n      margin-bottom: 12px;\n    }\n    .aviso {\n      background: #fff8e6;\n      border-left: 6px solid #f39c12;\n      padding: 12px 16px;\n      border-radius: 8px;\n      margin-bottom: 16px;\n      line-height: 1.4;\n    }\n    .leyenda {\n      display: flex;\n      flex-wrap: wrap;\n      gap: 10px;\n      justify-content: center;\n      margin-bottom: 18px;\n    }\n    .leyenda .tag {\n      display: flex;\n      align-items: center;\n      gap: 6px;\n      padding: 6px 12px;\n      border-radius: 12px;\n      color: #fff;\n      font-size: 0.9rem;\n      font-weight: 600;\n    }\n    .disciplina {\n      padding: 15px;\n      border-radius: 10px;\n      margin-bottom: 18px;\n      color: #fff;\n    }\n    .disciplina h2 {\n      margin-top: 0;\n    }\n    \/* colores por disciplina *\/\n    .atletismo { background: #27ae60; }\n    .basquetbol { background: #2980b9; }\n    .gimnasia { background: #8e44ad; }\n    .natacion { background: #16a085; }\n    .tenis { background: #d35400; }\n    .cheerleader { background: #c0392b; }\n    .voleibol-masculino { background: #2c3e50; }\n    .voleibol-femenino { background: #e67e22; }\n    .futbol { background: #7f8c8d; }\n\n    \/* estado *\/\n    .estado {\n      display: inline-block;\n      margin-top: 8px;\n      padding: 6px 10px;\n      border-radius: 10px;\n      font-weight: 700;\n      font-size: 0.9rem;\n    }\n    .suspendido { background: rgba(0,0,0,0.15); color: #000; }\n    .normal { background: rgba(255,255,255,0.18); color: #fff; }\n\n    \/* listas de resumen *\/\n    .resumen {\n      display: flex;\n      gap: 18px;\n      flex-wrap: wrap;\n      justify-content: center;\n      margin-bottom: 18px;\n    }\n    .resumen .card {\n      min-width: 260px;\n      background: #f7f7f7;\n      padding: 12px;\n      border-radius: 10px;\n      box-shadow: 0 2px 6px rgba(0,0,0,0.04);\n      color: #222;\n    }\n    .resumen h3 { margin-top: 0; }\n    .resumen ul { margin: 8px 0 0 18px; }\n    .badge-suspend { display:inline-block; padding:4px 8px; border-radius:8px; background:#c0392b; color:#fff; font-weight:700; margin-right:8px; }\n    .badge-normal { display:inline-block; padding:4px 8px; border-radius:8px; background:#27ae60; color:#fff; font-weight:700; margin-right:8px; }\n\n    @media (max-width:600px){\n      .resumen { flex-direction: column; align-items: stretch; }\n    }\n  <\/style>\n<\/head>\n<body>\n  <div class=\"programa\">\n    <div class=\"intro\">\n      <h1>Selecciones Deportivas<\/h1>\n      <h2>S\u00e1bado 23 de agosto<\/h2>\n    <\/div>\n\n    <div class=\"alerta\">Actividades sujetas a cambio por razones clim\u00e1ticas<\/div>\n\n    <div class=\"aviso\">\n      informamos que, como medida de prevenci\u00f3n, ante la situaci\u00f3n de fr\u00edo extremo pronosticado para ma\u00f1ana, primero para resguardar la salud de nuestros estudiantes, profesores y la falta de espacios cerrados para realizar nuestras actividades normales, hemos tomado la decisi\u00f3n de suspender algunas de nuestras selecciones que trabajan al aire libre.\n    <\/div>\n\n    <div class=\"resumen\">\n      <div class=\"card\">\n        <h3><span class=\"badge-suspend\">Suspenden<\/span> Selecciones que suspenden sus actividades<\/h3>\n        <ul>\n          <li>Tenis<\/li>\n          <li>Atletismo<\/li>\n          <li>V\u00f3leibol (foro)<\/li>\n          <li>B\u00e1squetbol \u2014 Partido amistoso con Colegio Matilde Huici y entrenamiento (Multicanchas Estadio Mayor) suspendidos<\/li>\n          <li>Cheerleader (foro)<\/li>\n          <li>F\u00fatbol (Partido de visita suspendido)<\/li>\n        <\/ul>\n      <\/div>\n\n      <div class=\"card\">\n        <h3><span class=\"badge-normal\">Contin\u00faan<\/span> Selecciones que realizan actividades normales<\/h3>\n        <ul>\n          <li>Gimnasia (carpeta Estadio Mayor)<\/li>\n          <li>V\u00f3leibol (torneo UC, carpeta Estadio Mayor)<\/li>\n          <li>Nataci\u00f3n (piscina Estadio Mayor)<\/li>\n          <li>B\u00e1squetbol (Copa UC \u2014 encuentros en Colegio Tabancura) <\/li>\n        <\/ul>\n      <\/div>\n    <\/div>\n\n    <div class=\"leyenda\">\n      <div class=\"tag\" style=\"background:#27ae60\">Atletismo<\/div>\n      <div class=\"tag\" style=\"background:#2980b9\">B\u00e1squetbol<\/div>\n      <div class=\"tag\" style=\"background:#8e44ad\">Gimnasia Art\u00edstica<\/div>\n      <div class=\"tag\" style=\"background:#16a085\">Nataci\u00f3n<\/div>\n      <div class=\"tag\" style=\"background:#d35400\">Tenis<\/div>\n      <div class=\"tag\" style=\"background:#c0392b\">Cheerleader<\/div>\n      <div class=\"tag\" style=\"background:#2c3e50\">Voleibol Masculino<\/div>\n      <div class=\"tag\" style=\"background:#e67e22\">Voleibol Femenino<\/div>\n      <div class=\"tag\" style=\"background:#7f8c8d\">F\u00fatbol<\/div>\n    <\/div>\n\n    <!-- Disciplinas -->\n\n    <div class=\"disciplina atletismo\">\n      <h2>Atletismo<\/h2>\n      <p><strong>Estado:<\/strong> <span class=\"estado suspendido\">Actividad suspendida \u2014 fr\u00edo extremo<\/span><\/p>\n      <p><strong>Concentraci\u00f3n:<\/strong> Colegio Verbo Divino, final de los Juegos Deportivos Escolares (citados).<\/p>\n      <p><strong>Citaci\u00f3n:<\/strong> 10:30 hrs.<\/p>\n      <p><strong>Direcci\u00f3n:<\/strong> Av. Presidente Errazuriz #4055, Las Condes.<\/p>\n      <p><strong>Profesora a cargo:<\/strong> \u00darsula Rebolledo.<\/p>\n      <p><strong>Entrenamiento:<\/strong><\/p>\n      <p>09:00 a 10:30 hrs. \u2014 Categor\u00edas Preparatoria e Infantil<\/p>\n      <p>10:30 a 12:00 hrs. \u2014 Categor\u00edas Intermedia y Superior<\/p>\n      <p><strong>Lugar:<\/strong> Pista Estadio Mayor<\/p>\n      <p><strong>Profesores a cargo:<\/strong> Carlos Soto, Mario G\u00f3mez, Claudio Ulloa<\/p>\n    <\/div>\n\n    <div class=\"disciplina basquetbol\">\n      <h2>B\u00e1squetbol<\/h2>\n      <p><strong>Estado:<\/strong> <span class=\"estado normal\">Actividad normal \u2014 excepto partido amistoso y entrenamiento suspendidos<\/span><\/p>\n      <p><strong>Copa UC<\/strong><\/p>\n      <p>Rival: Colegio Tabancura<\/p>\n      <p>Serie Infantil \u2014 Horario: 09:00 hrs. (Citaci\u00f3n 08:35 hrs.)<\/p>\n      <p>Serie Mini \u2014 Horario: 10:15 hrs. (Citaci\u00f3n 09:30 hrs.)<\/p>\n      <p><strong>Lugar:<\/strong> Colegio Tabancura, Las Hualtatas #10650, Vitacura<\/p>\n      <p><strong>Profesor a cargo:<\/strong> Carlos Cerecera<\/p>\n      <p><strong>Partido Amistoso:<\/strong> <span class=\"estado suspendido\">Colegio Matilde Huici Navas, Categor\u00eda 2009-2010, 11:00 hrs. \u2014 SUSPENDIDO<\/span><\/p>\n      <p><strong>Entrenamiento:<\/strong> <span class=\"estado suspendido\">Selecciones Intermedia y Superior, 09:00 &#8211; 10:30 hrs. Multicanchas Estadio Mayor \u2014 SUSPENDIDO<\/span><\/p>\n      <p><strong>Profesor a cargo:<\/strong> Nicol\u00e1s Ortiz<\/p>\n    <\/div>\n\n    <div class=\"disciplina gimnasia\">\n      <h2>Gimnasia Art\u00edstica<\/h2>\n      <p><strong>Estado:<\/strong> <span class=\"estado normal\">Actividad normal \u2014 recinto cerrado<\/span><\/p>\n      <p><strong>Campeonato nivel 1 de LEGA<\/strong><\/p>\n      <p><strong>Lugar:<\/strong> Colegio Bicentenario Ant\u00e1rtica Chilena, Las Hualtatas 7440, Vitacura<\/p>\n      <p><strong>Horario citaci\u00f3n:<\/strong> 07:50 hrs.<\/p>\n      <p><strong>Profesores a cargo:<\/strong> Catalina Cuevas, Loreto Erazo<\/p>\n      <p><strong>Entrenamiento:<\/strong><\/p>\n      <p>09:00 a 10:30 hrs. \u2014 Nivel 0-2<\/p>\n      <p>10:30 a 12:00 hrs. \u2014 Nivel 3-4-5<\/p>\n      <p><strong>Profesor a cargo:<\/strong> Yabhet Oblitas<\/p>\n    <\/div>\n\n    <div class=\"disciplina natacion\">\n      <h2>Nataci\u00f3n<\/h2>\n      <p><strong>Estado:<\/strong> <span class=\"estado normal\">Actividad normal \u2014 recinto cerrado<\/span><\/p>\n      <p><strong>Entrenamiento:<\/strong> Grupo 1ro a 5to b\u00e1sico \u2014 11:00 a 12:00 hrs. Piscina Estadio Mayor<\/p>\n      <p><strong>Profesora a cargo:<\/strong> Katalina Bravo<\/p>\n      <p><strong>Copa Chile 1 \u2014 Grupo Competencia:<\/strong> Estadio Nacional<\/p>\n      <p>S\u00e1bado: 07:30 a 20:00 hrs. \/ Domingo: 07:30 a 14:00 hrs.<\/p>\n      <p><strong>Profesores a cargo:<\/strong> Sim\u00f3n Fern\u00e1ndez, Mat\u00edas Jaque<\/p>\n    <\/div>\n\n    <div class=\"disciplina tenis\">\n      <h2>Tenis<\/h2>\n      <p><strong>Estado:<\/strong> <span class=\"estado suspendido\">Actividad suspendida \u2014 trabaja al aire libre<\/span><\/p>\n      <p><strong>Entrenamiento:<\/strong> Canchas de tenis, Estadio Mayor<\/p>\n      <p>Primer grupo Infantil: 09:00 a 10:30 hrs.<\/p>\n      <p>Segundo grupo Intermedia: 10:30 a 12:00 hrs.<\/p>\n      <p><strong>Profesor a cargo:<\/strong> Hern\u00e1n P\u00e9rez<\/p>\n    <\/div>\n\n    <div class=\"disciplina cheerleader\">\n      <h2>Cheerleader<\/h2>\n      <p><strong>Estado:<\/strong> <span class=\"estado suspendido\">Actividad suspendida (foro)<\/span><\/p>\n      <p><strong>Categor\u00eda Senior:<\/strong> 07:30 a 09:00 hrs., Gimnasio Hurac\u00e1n, Walker Mart\u00ednez 5520, San Miguel<\/p>\n      <p><strong>Categor\u00eda Junior:<\/strong> 10:00 a 12:00 hrs., Foro Colegio Mayor Pe\u00f1alol\u00e9n<\/p>\n      <p><strong>Profesores a cargo:<\/strong> Daniela Acu\u00f1a, Ricardo Vergara<\/p>\n    <\/div>\n\n    <div class=\"disciplina voleibol-masculino\">\n      <h2>Voleibol Masculino<\/h2>\n      <p><strong>Estado:<\/strong> <span class=\"estado normal\">Actividad seg\u00fan programaci\u00f3n (carpeta \/ torneo)<\/span><\/p>\n      <p><strong>Torneo UC:<\/strong> Rival: St Thomas Morus<\/p>\n      <p>Lugar: Carpeta, Colegio Mayor Pe\u00f1alol\u00e9n<\/p>\n      <p>Infantil \u2014 Citaci\u00f3n: 08:15 hrs., Partido: 09:00 hrs.<\/p>\n      <p>Mini \u2014 Citaci\u00f3n: 09:00 hrs., Partido: 10:00 hrs.<\/p>\n      <p><strong>Entrenamiento:<\/strong> Foro \u2014 Superior: 09:00 a 10:30 hrs., Mini (2014-2013): 10:30 a 12:00 hrs.<\/p>\n      <p><strong>Profesores a cargo:<\/strong> Valent\u00edn Tamayo, Joaqu\u00edn M\u00e9ndez<\/p>\n    <\/div>\n\n    <div class=\"disciplina voleibol-femenino\">\n      <h2>Voleibol Femenino<\/h2>\n      <p><strong>Estado:<\/strong> <span class=\"estado normal\">Actividad seg\u00fan programaci\u00f3n (carpeta)<\/span><\/p>\n      <p><strong>Torneo UC:<\/strong> Rival: Lincoln San Bernardo<\/p>\n      <p>Lugar: Carpeta, Colegio Mayor Pe\u00f1alol\u00e9n<\/p>\n      <p>Infantil \u2014 Citaci\u00f3n: 10:00 hrs.<\/p>\n      <p>Mini \u2014 Citaci\u00f3n: 11:00 hrs.<\/p>\n      <p><strong>Entrenamiento:<\/strong> Foro \u2014 09:00 a 10:30 hrs. Mini (2014-2013)<\/p>\n      <p>Infantil \u2014 11:00 hrs., Mini \u2014 12:00 hrs., Lugar: Carpeta Estadio Mayor<\/p>\n      <p><strong>Profesores a cargo:<\/strong> Pablo Beltr\u00e1n, Cristian Henr\u00edquez<\/p>\n    <\/div>\n\n    <div class=\"disciplina futbol\">\n      <h2>F\u00fatbol<\/h2>\n      <p><strong>Estado:<\/strong> <span class=\"estado suspendido\">Partido de visita suspendido<\/span><\/p>\n      <p><strong>Torneo UC:<\/strong> Rival: Colegio Don Orione<\/p>\n      <p>Direcci\u00f3n: Av. Pedro Aguirre Cerda 7335, Cerrillos<\/p>\n      <p>Serie Mini \u2014 Citaci\u00f3n: 09:15 hrs., Partido: 10:00 hrs.<\/p>\n      <p>Serie Infantil \u2014 Citaci\u00f3n: 10:00 hrs., Partido: 11:15 hrs.<\/p>\n      <p>Series Intermedia y Superior \u2014 Sin actividad<\/p>\n      <p><strong>Profesores a cargo:<\/strong> Pablo S\u00e1nchez, Edgard Vargas<\/p>\n    <\/div>\n\n  <\/div>\n<\/body>\n<\/html>\n\n\n\n\n<p><\/p>\n","protected":false},"excerpt":{"rendered":"<p>Programa Selecciones Deportivas \u2014 23 de Agosto (modificado) Selecciones Deportivas S\u00e1bado 23 de agosto Actividades sujetas a cambio por razones clim\u00e1ticas informamos que, como medida de prevenci\u00f3n, ante la situaci\u00f3n de fr\u00edo extremo pronosticado para ma\u00f1ana, primero para resguardar la salud de nuestros estudiantes, profesores&nbsp;<a href=\"https:\/\/webpe.colegiomayor.cl\/?p=39186\">&hellip;<\/a><\/p>\n","protected":false},"author":11,"featured_media":39204,"comment_status":"closed","ping_status":"closed","sticky":false,"template":"","format":"standard","meta":{"content-type":"","footnotes":""},"categories":[25,44],"tags":[],"class_list":["post-39186","post","type-post","status-publish","format-standard","has-post-thumbnail","hentry","category-deportes","category-noticias","odd"],"rttpg_featured_image_url":{"full":["https:\/\/webpe.colegiomayor.cl\/wp-content\/uploads\/2025\/08\/IMG_5762-1.jpg",1920,1280,false],"landscape":["https:\/\/webpe.colegiomayor.cl\/wp-content\/uploads\/2025\/08\/IMG_5762-1.jpg",1920,1280,false],"portraits":["https:\/\/webpe.colegiomayor.cl\/wp-content\/uploads\/2025\/08\/IMG_5762-1.jpg",1920,1280,false],"thumbnail":["https:\/\/webpe.colegiomayor.cl\/wp-content\/uploads\/2025\/08\/IMG_5762-1-150x150.jpg",150,150,true],"medium":["https:\/\/webpe.colegiomayor.cl\/wp-content\/uploads\/2025\/08\/IMG_5762-1-300x200.jpg",300,200,true],"large":["https:\/\/webpe.colegiomayor.cl\/wp-content\/uploads\/2025\/08\/IMG_5762-1-1024x683.jpg",1024,683,true],"1536x1536":["https:\/\/webpe.colegiomayor.cl\/wp-content\/uploads\/2025\/08\/IMG_5762-1-1536x1024.jpg",1536,1024,true],"2048x2048":["https:\/\/webpe.colegiomayor.cl\/wp-content\/uploads\/2025\/08\/IMG_5762-1-1920x1280.jpg",1920,1280,true],"post-thumbnail":["https:\/\/webpe.colegiomayor.cl\/wp-content\/uploads\/2025\/08\/IMG_5762-1-150x100.jpg",150,100,true],"ed-school-featured-image":["https:\/\/webpe.colegiomayor.cl\/wp-content\/uploads\/2025\/08\/IMG_5762-1-990x500.jpg",990,500,true],"ed-school-medium":["https:\/\/webpe.colegiomayor.cl\/wp-content\/uploads\/2025\/08\/IMG_5762-1-768x510.jpg",768,510,true],"ed-school-medium-alt":["https:\/\/webpe.colegiomayor.cl\/wp-content\/uploads\/2025\/08\/IMG_5762-1-768x410.jpg",768,410,true],"ed-school-square":["https:\/\/webpe.colegiomayor.cl\/wp-content\/uploads\/2025\/08\/IMG_5762-1-768x768.jpg",768,768,true],"ed-school-square-small":["https:\/\/webpe.colegiomayor.cl\/wp-content\/uploads\/2025\/08\/IMG_5762-1-420x420.jpg",420,420,true]},"rttpg_author":{"display_name":"Francisco Arriagada","author_link":"https:\/\/webpe.colegiomayor.cl\/?author=11"},"rttpg_comment":0,"rttpg_category":"<a href=\"https:\/\/webpe.colegiomayor.cl\/?cat=25\" rel=\"category\">DEPORTES<\/a> <a href=\"https:\/\/webpe.colegiomayor.cl\/?cat=44\" rel=\"category\">NOTICIAS<\/a>","rttpg_excerpt":"Programa Selecciones Deportivas \u2014 23 de Agosto (modificado) Selecciones Deportivas S\u00e1bado 23 de agosto Actividades sujetas a cambio por razones clim\u00e1ticas informamos que, como medida de prevenci\u00f3n, ante la situaci\u00f3n de fr\u00edo extremo pronosticado para ma\u00f1ana, primero para resguardar la salud de nuestros estudiantes, profesores&nbsp;&hellip;","_links":{"self":[{"href":"https:\/\/webpe.colegiomayor.cl\/index.php?rest_route=\/wp\/v2\/posts\/39186","targetHints":{"allow":["GET"]}}],"collection":[{"href":"https:\/\/webpe.colegiomayor.cl\/index.php?rest_route=\/wp\/v2\/posts"}],"about":[{"href":"https:\/\/webpe.colegiomayor.cl\/index.php?rest_route=\/wp\/v2\/types\/post"}],"author":[{"embeddable":true,"href":"https:\/\/webpe.colegiomayor.cl\/index.php?rest_route=\/wp\/v2\/users\/11"}],"replies":[{"embeddable":true,"href":"https:\/\/webpe.colegiomayor.cl\/index.php?rest_route=%2Fwp%2Fv2%2Fcomments&post=39186"}],"version-history":[{"count":6,"href":"https:\/\/webpe.colegiomayor.cl\/index.php?rest_route=\/wp\/v2\/posts\/39186\/revisions"}],"predecessor-version":[{"id":39211,"href":"https:\/\/webpe.colegiomayor.cl\/index.php?rest_route=\/wp\/v2\/posts\/39186\/revisions\/39211"}],"wp:featuredmedia":[{"embeddable":true,"href":"https:\/\/webpe.colegiomayor.cl\/index.php?rest_route=\/wp\/v2\/media\/39204"}],"wp:attachment":[{"href":"https:\/\/webpe.colegiomayor.cl\/index.php?rest_route=%2Fwp%2Fv2%2Fmedia&parent=39186"}],"wp:term":[{"taxonomy":"category","embeddable":true,"href":"https:\/\/webpe.colegiomayor.cl\/index.php?rest_route=%2Fwp%2Fv2%2Fcategories&post=39186"},{"taxonomy":"post_tag","embeddable":true,"href":"https:\/\/webpe.colegiomayor.cl\/index.php?rest_route=%2Fwp%2Fv2%2Ftags&post=39186"}],"curies":[{"name":"wp","href":"https:\/\/api.w.org\/{rel}","templated":true}]}}