{"id":39097,"date":"2025-08-13T13:47:39","date_gmt":"2025-08-13T16:47:39","guid":{"rendered":"https:\/\/webpe.colegiomayor.cl\/?p=39097"},"modified":"2025-08-13T13:52:54","modified_gmt":"2025-08-13T16:52:54","slug":"informe-de-resultados-del-primer-semestre-seleccion-de-gimnasia-artistica-en-lega","status":"publish","type":"post","link":"https:\/\/webpe.colegiomayor.cl\/?p=39097","title":{"rendered":"Informe de Resultados del Primer Semestre \u2013 Selecci\u00f3n de Gimnasia Art\u00edstica en LEGA"},"content":{"rendered":"\n<p>Queremos compartir los excelentes resultados obtenidos por nuestra selecci\u00f3n de gimnasia art\u00edstica durante el primer semestre en la Liga Escolar LEGA.<\/p>\n\n\n\n<p>A lo largo de las diez fechas de competencia, nuestro colegio se mantuvo en la \u00e9lite, logrando permanecer siempre en el podio y demostrando un rendimiento constante y de alta calidad. Gracias al esfuerzo, la dedicaci\u00f3n y el talento de nuestras gimnastas, nos coronamos como colegio campe\u00f3n con un total de 665 puntos, qued\u00e1ndonos con el primer lugar del primer semestre en la categor\u00eda Honor, destac\u00e1ndonos entre todos los colegios participantes.<\/p>\n\n\n\n<p>Adem\u00e1s, nos enorgullece informar que nuestro colegio tambi\u00e9n se llev\u00f3 la <strong>Copa LEGA<\/strong> en este primer semestre, un torneo que reuni\u00f3 a m\u00e1s de 15 equipos \u2014incluyendo clubes y colegios\u2014 y que fue una verdadera fiesta de la gimnasia art\u00edstica.<\/p>\n\n\n\n<p>Estos logros reflejan el compromiso de nuestras gimnastas, entrenadores, apoderados y del colegio, que apoya y fomenta el deporte. Felicitamos a cada una de las participantes por su esfuerzo y dedicaci\u00f3n, y agradecemos a todos quienes hacen posible que sigamos alcanzando metas y dejando en alto el nombre de nuestra instituci\u00f3n.<\/p>\n\n\n\n<p>\u00a1Vamos por m\u00e1s \u00e9xitos en este segundo semestre!<\/p>\n\n\n<style>.uid-4bd85fc59a98fe86  .gt3pg-isotope-item {\n\tpadding-right: 20px;\n\tpadding-bottom: 20px;\n}\n.uid-4bd85fc59a98fe86  .gallery-isotope-wrapper {\n\tmargin-right: -20px;\n\tmargin-bottom: -20px;\n}\n<\/style><div id=\"uid-4bd85fc59a98fe86\" data-gt3pg-block=\"masonry\" data-index=\"1\" class=\"gt3-photo-gallery-pro--isotope_gallery uid-4bd85fc59a98fe86 gt3pg-pro--wrapper gt3pg-pro--masonry \">\t\t<div data-cols=\"3\" data-cols-tablet=\"3\" data-cols-mobile=\"2\" class=\"gt3pg-isotope-gallery columns-3 hover-default gallery-masonry corner-standard\" data-settings=\"{&quot;lightbox&quot;:{&quot;enable&quot;:true,&quot;options&quot;:{&quot;instance&quot;:1}},&quot;id&quot;:1,&quot;uid&quot;:&quot;uid-4bd85fc59a98fe86&quot;,&quot;modules&quot;:[&quot;Lightbox&quot;],&quot;lightboxArray&quot;:[{&quot;href&quot;:&quot;https:\\\/\\\/webpe.colegiomayor.cl\\\/wp-content\\\/uploads\\\/2025\\\/08\\\/WhatsApp-Image-2025-08-12-at-14.26.34-scaled.jpeg&quot;,&quot;title&quot;:&quot;WhatsApp Image 2025-08-12 at 14.26.34&quot;,&quot;thumbnail&quot;:&quot;https:\\\/\\\/webpe.colegiomayor.cl\\\/wp-content\\\/uploads\\\/2025\\\/08\\\/WhatsApp-Image-2025-08-12-at-14.26.34-scaled-150x150.jpeg&quot;,&quot;description&quot;:&quot;&quot;,&quot;is_video&quot;:0,&quot;image_id&quot;:39098,&quot;width&quot;:1920,&quot;height&quot;:2560},{&quot;href&quot;:&quot;https:\\\/\\\/webpe.colegiomayor.cl\\\/wp-content\\\/uploads\\\/2025\\\/08\\\/WhatsApp-Image-2025-08-12-at-14.26.38.jpeg&quot;,&quot;title&quot;:&quot;WhatsApp Image 2025-08-12 at 14.26.38&quot;,&quot;thumbnail&quot;:&quot;https:\\\/\\\/webpe.colegiomayor.cl\\\/wp-content\\\/uploads\\\/2025\\\/08\\\/WhatsApp-Image-2025-08-12-at-14.26.38-150x150.jpeg&quot;,&quot;description&quot;:&quot;&quot;,&quot;is_video&quot;:0,&quot;image_id&quot;:39099,&quot;width&quot;:1600,&quot;height&quot;:1200},{&quot;href&quot;:&quot;https:\\\/\\\/webpe.colegiomayor.cl\\\/wp-content\\\/uploads\\\/2025\\\/08\\\/WhatsApp-Image-2025-08-12-at-14.26.39-scaled.jpeg&quot;,&quot;title&quot;:&quot;WhatsApp Image 2025-08-12 at 14.26.39&quot;,&quot;thumbnail&quot;:&quot;https:\\\/\\\/webpe.colegiomayor.cl\\\/wp-content\\\/uploads\\\/2025\\\/08\\\/WhatsApp-Image-2025-08-12-at-14.26.39-scaled-150x150.jpeg&quot;,&quot;description&quot;:&quot;&quot;,&quot;is_video&quot;:0,&quot;image_id&quot;:39100,&quot;width&quot;:1920,&quot;height&quot;:2560},{&quot;href&quot;:&quot;https:\\\/\\\/webpe.colegiomayor.cl\\\/wp-content\\\/uploads\\\/2025\\\/08\\\/WhatsApp-Image-2025-08-12-at-14.26.40-1-scaled.jpeg&quot;,&quot;title&quot;:&quot;WhatsApp Image 2025-08-12 at 14.26.40 (1)&quot;,&quot;thumbnail&quot;:&quot;https:\\\/\\\/webpe.colegiomayor.cl\\\/wp-content\\\/uploads\\\/2025\\\/08\\\/WhatsApp-Image-2025-08-12-at-14.26.40-1-scaled-150x150.jpeg&quot;,&quot;description&quot;:&quot;&quot;,&quot;is_video&quot;:0,&quot;image_id&quot;:39101,&quot;width&quot;:2184,&quot;height&quot;:2560},{&quot;href&quot;:&quot;https:\\\/\\\/webpe.colegiomayor.cl\\\/wp-content\\\/uploads\\\/2025\\\/08\\\/WhatsApp-Image-2025-08-12-at-14.26.40.jpeg&quot;,&quot;title&quot;:&quot;WhatsApp Image 2025-08-12 at 14.26.40&quot;,&quot;thumbnail&quot;:&quot;https:\\\/\\\/webpe.colegiomayor.cl\\\/wp-content\\\/uploads\\\/2025\\\/08\\\/WhatsApp-Image-2025-08-12-at-14.26.40-150x150.jpeg&quot;,&quot;description&quot;:&quot;&quot;,&quot;is_video&quot;:0,&quot;image_id&quot;:39102,&quot;width&quot;:1600,&quot;height&quot;:1200},{&quot;href&quot;:&quot;https:\\\/\\\/webpe.colegiomayor.cl\\\/wp-content\\\/uploads\\\/2025\\\/08\\\/WhatsApp-Image-2025-08-12-at-14.26.42-scaled.jpeg&quot;,&quot;title&quot;:&quot;WhatsApp Image 2025-08-12 at 14.26.42&quot;,&quot;thumbnail&quot;:&quot;https:\\\/\\\/webpe.colegiomayor.cl\\\/wp-content\\\/uploads\\\/2025\\\/08\\\/WhatsApp-Image-2025-08-12-at-14.26.42-scaled-150x150.jpeg&quot;,&quot;description&quot;:&quot;&quot;,&quot;is_video&quot;:0,&quot;image_id&quot;:39103,&quot;width&quot;:2560,&quot;height&quot;:1920},{&quot;href&quot;:&quot;https:\\\/\\\/webpe.colegiomayor.cl\\\/wp-content\\\/uploads\\\/2025\\\/08\\\/WhatsApp-Image-2025-08-02-at-12.17.08.jpeg&quot;,&quot;title&quot;:&quot;WhatsApp Image 2025-08-02 at 12.17.08&quot;,&quot;thumbnail&quot;:&quot;https:\\\/\\\/webpe.colegiomayor.cl\\\/wp-content\\\/uploads\\\/2025\\\/08\\\/WhatsApp-Image-2025-08-02-at-12.17.08-150x150.jpeg&quot;,&quot;description&quot;:&quot;&quot;,&quot;is_video&quot;:0,&quot;image_id&quot;:39104,&quot;width&quot;:1200,&quot;height&quot;:1600},{&quot;href&quot;:&quot;https:\\\/\\\/webpe.colegiomayor.cl\\\/wp-content\\\/uploads\\\/2025\\\/08\\\/WhatsApp-Image-2025-08-12-at-14.26.40-2.jpeg&quot;,&quot;title&quot;:&quot;WhatsApp Image 2025-08-12 at 14.26.40 (2)&quot;,&quot;thumbnail&quot;:&quot;https:\\\/\\\/webpe.colegiomayor.cl\\\/wp-content\\\/uploads\\\/2025\\\/08\\\/WhatsApp-Image-2025-08-12-at-14.26.40-2-150x150.jpeg&quot;,&quot;description&quot;:&quot;&quot;,&quot;is_video&quot;:0,&quot;image_id&quot;:39105,&quot;width&quot;:1600,&quot;height&quot;:1200},{&quot;href&quot;:&quot;https:\\\/\\\/webpe.colegiomayor.cl\\\/wp-content\\\/uploads\\\/2025\\\/08\\\/WhatsApp-Image-2025-08-12-at-14.26.41.jpeg&quot;,&quot;title&quot;:&quot;WhatsApp Image 2025-08-12 at 14.26.41&quot;,&quot;thumbnail&quot;:&quot;https:\\\/\\\/webpe.colegiomayor.cl\\\/wp-content\\\/uploads\\\/2025\\\/08\\\/WhatsApp-Image-2025-08-12-at-14.26.41-150x150.jpeg&quot;,&quot;description&quot;:&quot;&quot;,&quot;is_video&quot;:0,&quot;image_id&quot;:39106,&quot;width&quot;:1200,&quot;height&quot;:1600}],&quot;items&quot;:[{&quot;href&quot;:&quot;https:\\\/\\\/webpe.colegiomayor.cl\\\/wp-content\\\/uploads\\\/2025\\\/08\\\/WhatsApp-Image-2025-08-12-at-14.26.34-scaled.jpeg&quot;,&quot;title&quot;:&quot;WhatsApp Image 2025-08-12 at 14.26.34&quot;,&quot;thumbnail&quot;:&quot;https:\\\/\\\/webpe.colegiomayor.cl\\\/wp-content\\\/uploads\\\/2025\\\/08\\\/WhatsApp-Image-2025-08-12-at-14.26.34-scaled-150x150.jpeg&quot;,&quot;description&quot;:&quot;&quot;,&quot;is_video&quot;:0,&quot;image_id&quot;:39098,&quot;width&quot;:1920,&quot;height&quot;:2560},{&quot;href&quot;:&quot;https:\\\/\\\/webpe.colegiomayor.cl\\\/wp-content\\\/uploads\\\/2025\\\/08\\\/WhatsApp-Image-2025-08-12-at-14.26.38.jpeg&quot;,&quot;title&quot;:&quot;WhatsApp Image 2025-08-12 at 14.26.38&quot;,&quot;thumbnail&quot;:&quot;https:\\\/\\\/webpe.colegiomayor.cl\\\/wp-content\\\/uploads\\\/2025\\\/08\\\/WhatsApp-Image-2025-08-12-at-14.26.38-150x150.jpeg&quot;,&quot;description&quot;:&quot;&quot;,&quot;is_video&quot;:0,&quot;image_id&quot;:39099,&quot;width&quot;:1600,&quot;height&quot;:1200},{&quot;href&quot;:&quot;https:\\\/\\\/webpe.colegiomayor.cl\\\/wp-content\\\/uploads\\\/2025\\\/08\\\/WhatsApp-Image-2025-08-12-at-14.26.39-scaled.jpeg&quot;,&quot;title&quot;:&quot;WhatsApp Image 2025-08-12 at 14.26.39&quot;,&quot;thumbnail&quot;:&quot;https:\\\/\\\/webpe.colegiomayor.cl\\\/wp-content\\\/uploads\\\/2025\\\/08\\\/WhatsApp-Image-2025-08-12-at-14.26.39-scaled-150x150.jpeg&quot;,&quot;description&quot;:&quot;&quot;,&quot;is_video&quot;:0,&quot;image_id&quot;:39100,&quot;width&quot;:1920,&quot;height&quot;:2560},{&quot;href&quot;:&quot;https:\\\/\\\/webpe.colegiomayor.cl\\\/wp-content\\\/uploads\\\/2025\\\/08\\\/WhatsApp-Image-2025-08-12-at-14.26.40-1-scaled.jpeg&quot;,&quot;title&quot;:&quot;WhatsApp Image 2025-08-12 at 14.26.40 (1)&quot;,&quot;thumbnail&quot;:&quot;https:\\\/\\\/webpe.colegiomayor.cl\\\/wp-content\\\/uploads\\\/2025\\\/08\\\/WhatsApp-Image-2025-08-12-at-14.26.40-1-scaled-150x150.jpeg&quot;,&quot;description&quot;:&quot;&quot;,&quot;is_video&quot;:0,&quot;image_id&quot;:39101,&quot;width&quot;:2184,&quot;height&quot;:2560},{&quot;href&quot;:&quot;https:\\\/\\\/webpe.colegiomayor.cl\\\/wp-content\\\/uploads\\\/2025\\\/08\\\/WhatsApp-Image-2025-08-12-at-14.26.40.jpeg&quot;,&quot;title&quot;:&quot;WhatsApp Image 2025-08-12 at 14.26.40&quot;,&quot;thumbnail&quot;:&quot;https:\\\/\\\/webpe.colegiomayor.cl\\\/wp-content\\\/uploads\\\/2025\\\/08\\\/WhatsApp-Image-2025-08-12-at-14.26.40-150x150.jpeg&quot;,&quot;description&quot;:&quot;&quot;,&quot;is_video&quot;:0,&quot;image_id&quot;:39102,&quot;width&quot;:1600,&quot;height&quot;:1200},{&quot;href&quot;:&quot;https:\\\/\\\/webpe.colegiomayor.cl\\\/wp-content\\\/uploads\\\/2025\\\/08\\\/WhatsApp-Image-2025-08-12-at-14.26.42-scaled.jpeg&quot;,&quot;title&quot;:&quot;WhatsApp Image 2025-08-12 at 14.26.42&quot;,&quot;thumbnail&quot;:&quot;https:\\\/\\\/webpe.colegiomayor.cl\\\/wp-content\\\/uploads\\\/2025\\\/08\\\/WhatsApp-Image-2025-08-12-at-14.26.42-scaled-150x150.jpeg&quot;,&quot;description&quot;:&quot;&quot;,&quot;is_video&quot;:0,&quot;image_id&quot;:39103,&quot;width&quot;:2560,&quot;height&quot;:1920},{&quot;href&quot;:&quot;https:\\\/\\\/webpe.colegiomayor.cl\\\/wp-content\\\/uploads\\\/2025\\\/08\\\/WhatsApp-Image-2025-08-02-at-12.17.08.jpeg&quot;,&quot;title&quot;:&quot;WhatsApp Image 2025-08-02 at 12.17.08&quot;,&quot;thumbnail&quot;:&quot;https:\\\/\\\/webpe.colegiomayor.cl\\\/wp-content\\\/uploads\\\/2025\\\/08\\\/WhatsApp-Image-2025-08-02-at-12.17.08-150x150.jpeg&quot;,&quot;description&quot;:&quot;&quot;,&quot;is_video&quot;:0,&quot;image_id&quot;:39104,&quot;width&quot;:1200,&quot;height&quot;:1600},{&quot;href&quot;:&quot;https:\\\/\\\/webpe.colegiomayor.cl\\\/wp-content\\\/uploads\\\/2025\\\/08\\\/WhatsApp-Image-2025-08-12-at-14.26.40-2.jpeg&quot;,&quot;title&quot;:&quot;WhatsApp Image 2025-08-12 at 14.26.40 (2)&quot;,&quot;thumbnail&quot;:&quot;https:\\\/\\\/webpe.colegiomayor.cl\\\/wp-content\\\/uploads\\\/2025\\\/08\\\/WhatsApp-Image-2025-08-12-at-14.26.40-2-150x150.jpeg&quot;,&quot;description&quot;:&quot;&quot;,&quot;is_video&quot;:0,&quot;image_id&quot;:39105,&quot;width&quot;:1600,&quot;height&quot;:1200},{&quot;href&quot;:&quot;https:\\\/\\\/webpe.colegiomayor.cl\\\/wp-content\\\/uploads\\\/2025\\\/08\\\/WhatsApp-Image-2025-08-12-at-14.26.41.jpeg&quot;,&quot;title&quot;:&quot;WhatsApp Image 2025-08-12 at 14.26.41&quot;,&quot;thumbnail&quot;:&quot;https:\\\/\\\/webpe.colegiomayor.cl\\\/wp-content\\\/uploads\\\/2025\\\/08\\\/WhatsApp-Image-2025-08-12-at-14.26.41-150x150.jpeg&quot;,&quot;description&quot;:&quot;&quot;,&quot;is_video&quot;:0,&quot;image_id&quot;:39106,&quot;width&quot;:1200,&quot;height&quot;:1600}]}\">\r\n\t\t\t<div class=\"gallery-isotope-wrapper\">\r\n\t\t\t\t<div class=\"gt3pg-isotope-item loading \" ><div class=\"isotope_item-wrapper\"><a href=\"https:\/\/webpe.colegiomayor.cl\/wp-content\/uploads\/2025\/08\/WhatsApp-Image-2025-08-12-at-14.26.34-scaled.jpeg\" class=\"gt3pg-lightbox\" data-elementor-open-lightbox=\"no\"><div class=\"img-wrapper \"><img loading=\"lazy\" decoding=\"async\" width=\"768\" height=\"1024\" src=\"https:\/\/webpe.colegiomayor.cl\/wp-content\/uploads\/2025\/08\/WhatsApp-Image-2025-08-12-at-14.26.34-scaled.jpeg\" class=\"skip-lazy gt3-lazy-image\" alt=\"\" data-lazy-srcset=\"https:\/\/webpe.colegiomayor.cl\/wp-content\/uploads\/2025\/08\/WhatsApp-Image-2025-08-12-at-14.26.34-scaled.jpeg 1920w, https:\/\/webpe.colegiomayor.cl\/wp-content\/uploads\/2025\/08\/WhatsApp-Image-2025-08-12-at-14.26.34-scaled-225x300.jpeg 225w, https:\/\/webpe.colegiomayor.cl\/wp-content\/uploads\/2025\/08\/WhatsApp-Image-2025-08-12-at-14.26.34-scaled-768x1024.jpeg 768w\" data-lazy-sizes=\"(max-width: 768px) 100vw, 768px\" data-lazy-src=\"https:\/\/webpe.colegiomayor.cl\/wp-content\/uploads\/2025\/08\/WhatsApp-Image-2025-08-12-at-14.26.34-scaled.jpeg?is-pending-load=1\" srcset=\"data:image\/png;base64,iVBORw0KGgoAAAANSUhEUgAAAE0AAABmCAYAAACOYhxFAAAACXBIWXMAAA7EAAAOxAGVKw4bAAAANUlEQVR42u3BgQAAAADDoPlTX+EAVQEAAAAAAAAAAAAAAAAAAAAAAAAAAAAAAAAAAAAAAMBrex4AARQEIPwAAAAASUVORK5CYII=\" \/><\/div><\/a><\/div><\/div><div class=\"gt3pg-isotope-item loading \" ><div class=\"isotope_item-wrapper\"><a href=\"https:\/\/webpe.colegiomayor.cl\/wp-content\/uploads\/2025\/08\/WhatsApp-Image-2025-08-12-at-14.26.38.jpeg\" class=\"gt3pg-lightbox\" data-elementor-open-lightbox=\"no\"><div class=\"img-wrapper \"><img loading=\"lazy\" decoding=\"async\" width=\"768\" height=\"576\" src=\"https:\/\/webpe.colegiomayor.cl\/wp-content\/uploads\/2025\/08\/WhatsApp-Image-2025-08-12-at-14.26.38.jpeg\" class=\"skip-lazy gt3-lazy-image\" alt=\"\" data-lazy-srcset=\"https:\/\/webpe.colegiomayor.cl\/wp-content\/uploads\/2025\/08\/WhatsApp-Image-2025-08-12-at-14.26.38.jpeg 1600w, https:\/\/webpe.colegiomayor.cl\/wp-content\/uploads\/2025\/08\/WhatsApp-Image-2025-08-12-at-14.26.38-300x225.jpeg 300w\" data-lazy-sizes=\"(max-width: 768px) 100vw, 768px\" data-lazy-src=\"https:\/\/webpe.colegiomayor.cl\/wp-content\/uploads\/2025\/08\/WhatsApp-Image-2025-08-12-at-14.26.38.jpeg?is-pending-load=1\" srcset=\"data:image\/png;base64,iVBORw0KGgoAAAANSUhEUgAAAE0AAAA5CAYAAABzuqZnAAAACXBIWXMAAA7EAAAOxAGVKw4bAAAAKElEQVR42u3BMQEAAADCoPVPbQlPoAAAAAAAAAAAAAAAAAAAAAAADgZEzQABzhJDggAAAABJRU5ErkJggg==\" \/><\/div><\/a><\/div><\/div><div class=\"gt3pg-isotope-item loading \" ><div class=\"isotope_item-wrapper\"><a href=\"https:\/\/webpe.colegiomayor.cl\/wp-content\/uploads\/2025\/08\/WhatsApp-Image-2025-08-12-at-14.26.39-scaled.jpeg\" class=\"gt3pg-lightbox\" data-elementor-open-lightbox=\"no\"><div class=\"img-wrapper \"><img loading=\"lazy\" decoding=\"async\" width=\"768\" height=\"1024\" src=\"https:\/\/webpe.colegiomayor.cl\/wp-content\/uploads\/2025\/08\/WhatsApp-Image-2025-08-12-at-14.26.39-scaled.jpeg\" class=\"skip-lazy gt3-lazy-image\" alt=\"\" data-lazy-srcset=\"https:\/\/webpe.colegiomayor.cl\/wp-content\/uploads\/2025\/08\/WhatsApp-Image-2025-08-12-at-14.26.39-scaled.jpeg 1920w, https:\/\/webpe.colegiomayor.cl\/wp-content\/uploads\/2025\/08\/WhatsApp-Image-2025-08-12-at-14.26.39-scaled-225x300.jpeg 225w, https:\/\/webpe.colegiomayor.cl\/wp-content\/uploads\/2025\/08\/WhatsApp-Image-2025-08-12-at-14.26.39-scaled-768x1024.jpeg 768w\" data-lazy-sizes=\"(max-width: 768px) 100vw, 768px\" data-lazy-src=\"https:\/\/webpe.colegiomayor.cl\/wp-content\/uploads\/2025\/08\/WhatsApp-Image-2025-08-12-at-14.26.39-scaled.jpeg?is-pending-load=1\" srcset=\"data:image\/png;base64,iVBORw0KGgoAAAANSUhEUgAAAE0AAABmCAYAAACOYhxFAAAACXBIWXMAAA7EAAAOxAGVKw4bAAAANUlEQVR42u3BgQAAAADDoPlTX+EAVQEAAAAAAAAAAAAAAAAAAAAAAAAAAAAAAAAAAAAAAMBrex4AARQEIPwAAAAASUVORK5CYII=\" \/><\/div><\/a><\/div><\/div><div class=\"gt3pg-isotope-item loading \" ><div class=\"isotope_item-wrapper\"><a href=\"https:\/\/webpe.colegiomayor.cl\/wp-content\/uploads\/2025\/08\/WhatsApp-Image-2025-08-12-at-14.26.40-1-scaled.jpeg\" class=\"gt3pg-lightbox\" data-elementor-open-lightbox=\"no\"><div class=\"img-wrapper \"><img loading=\"lazy\" decoding=\"async\" width=\"768\" height=\"900\" src=\"https:\/\/webpe.colegiomayor.cl\/wp-content\/uploads\/2025\/08\/WhatsApp-Image-2025-08-12-at-14.26.40-1-scaled.jpeg\" class=\"skip-lazy gt3-lazy-image\" alt=\"\" data-lazy-srcset=\"https:\/\/webpe.colegiomayor.cl\/wp-content\/uploads\/2025\/08\/WhatsApp-Image-2025-08-12-at-14.26.40-1-scaled.jpeg 2184w, https:\/\/webpe.colegiomayor.cl\/wp-content\/uploads\/2025\/08\/WhatsApp-Image-2025-08-12-at-14.26.40-1-scaled-256x300.jpeg 256w\" data-lazy-sizes=\"(max-width: 768px) 100vw, 768px\" data-lazy-src=\"https:\/\/webpe.colegiomayor.cl\/wp-content\/uploads\/2025\/08\/WhatsApp-Image-2025-08-12-at-14.26.40-1-scaled.jpeg?is-pending-load=1\" srcset=\"data:image\/png;base64,iVBORw0KGgoAAAANSUhEUgAAAE0AAABaCAYAAAD92tuTAAAACXBIWXMAAA7EAAAOxAGVKw4bAAAAMUlEQVR42u3BAQ0AAADCoPdPbQ8HFAAAAAAAAAAAAAAAAAAAAAAAAAAAAAAAAAAA8GNsogABk54Y3QAAAABJRU5ErkJggg==\" \/><\/div><\/a><\/div><\/div><div class=\"gt3pg-isotope-item loading \" ><div class=\"isotope_item-wrapper\"><a href=\"https:\/\/webpe.colegiomayor.cl\/wp-content\/uploads\/2025\/08\/WhatsApp-Image-2025-08-12-at-14.26.40.jpeg\" class=\"gt3pg-lightbox\" data-elementor-open-lightbox=\"no\"><div class=\"img-wrapper \"><img loading=\"lazy\" decoding=\"async\" width=\"768\" height=\"576\" src=\"https:\/\/webpe.colegiomayor.cl\/wp-content\/uploads\/2025\/08\/WhatsApp-Image-2025-08-12-at-14.26.40.jpeg\" class=\"skip-lazy gt3-lazy-image\" alt=\"\" data-lazy-srcset=\"https:\/\/webpe.colegiomayor.cl\/wp-content\/uploads\/2025\/08\/WhatsApp-Image-2025-08-12-at-14.26.40.jpeg 1600w, https:\/\/webpe.colegiomayor.cl\/wp-content\/uploads\/2025\/08\/WhatsApp-Image-2025-08-12-at-14.26.40-300x225.jpeg 300w\" data-lazy-sizes=\"(max-width: 768px) 100vw, 768px\" data-lazy-src=\"https:\/\/webpe.colegiomayor.cl\/wp-content\/uploads\/2025\/08\/WhatsApp-Image-2025-08-12-at-14.26.40.jpeg?is-pending-load=1\" srcset=\"data:image\/png;base64,iVBORw0KGgoAAAANSUhEUgAAAE0AAAA5CAYAAABzuqZnAAAACXBIWXMAAA7EAAAOxAGVKw4bAAAAKElEQVR42u3BMQEAAADCoPVPbQlPoAAAAAAAAAAAAAAAAAAAAAAADgZEzQABzhJDggAAAABJRU5ErkJggg==\" \/><\/div><\/a><\/div><\/div><div class=\"gt3pg-isotope-item loading \" ><div class=\"isotope_item-wrapper\"><a href=\"https:\/\/webpe.colegiomayor.cl\/wp-content\/uploads\/2025\/08\/WhatsApp-Image-2025-08-12-at-14.26.42-scaled.jpeg\" class=\"gt3pg-lightbox\" data-elementor-open-lightbox=\"no\"><div class=\"img-wrapper \"><img loading=\"lazy\" decoding=\"async\" width=\"768\" height=\"576\" src=\"https:\/\/webpe.colegiomayor.cl\/wp-content\/uploads\/2025\/08\/WhatsApp-Image-2025-08-12-at-14.26.42-scaled.jpeg\" class=\"skip-lazy gt3-lazy-image\" alt=\"\" data-lazy-srcset=\"https:\/\/webpe.colegiomayor.cl\/wp-content\/uploads\/2025\/08\/WhatsApp-Image-2025-08-12-at-14.26.42-scaled.jpeg 2560w, https:\/\/webpe.colegiomayor.cl\/wp-content\/uploads\/2025\/08\/WhatsApp-Image-2025-08-12-at-14.26.42-scaled-300x225.jpeg 300w\" data-lazy-sizes=\"(max-width: 768px) 100vw, 768px\" data-lazy-src=\"https:\/\/webpe.colegiomayor.cl\/wp-content\/uploads\/2025\/08\/WhatsApp-Image-2025-08-12-at-14.26.42-scaled.jpeg?is-pending-load=1\" srcset=\"data:image\/png;base64,iVBORw0KGgoAAAANSUhEUgAAAE0AAAA5CAYAAABzuqZnAAAACXBIWXMAAA7EAAAOxAGVKw4bAAAAKElEQVR42u3BMQEAAADCoPVPbQlPoAAAAAAAAAAAAAAAAAAAAAAADgZEzQABzhJDggAAAABJRU5ErkJggg==\" \/><\/div><\/a><\/div><\/div><div class=\"gt3pg-isotope-item loading \" ><div class=\"isotope_item-wrapper\"><a href=\"https:\/\/webpe.colegiomayor.cl\/wp-content\/uploads\/2025\/08\/WhatsApp-Image-2025-08-02-at-12.17.08.jpeg\" class=\"gt3pg-lightbox\" data-elementor-open-lightbox=\"no\"><div class=\"img-wrapper \"><img loading=\"lazy\" decoding=\"async\" width=\"768\" height=\"1024\" src=\"https:\/\/webpe.colegiomayor.cl\/wp-content\/uploads\/2025\/08\/WhatsApp-Image-2025-08-02-at-12.17.08.jpeg\" class=\"skip-lazy gt3-lazy-image\" alt=\"\" data-lazy-srcset=\"https:\/\/webpe.colegiomayor.cl\/wp-content\/uploads\/2025\/08\/WhatsApp-Image-2025-08-02-at-12.17.08.jpeg 1200w, https:\/\/webpe.colegiomayor.cl\/wp-content\/uploads\/2025\/08\/WhatsApp-Image-2025-08-02-at-12.17.08-225x300.jpeg 225w, https:\/\/webpe.colegiomayor.cl\/wp-content\/uploads\/2025\/08\/WhatsApp-Image-2025-08-02-at-12.17.08-768x1024.jpeg 768w\" data-lazy-sizes=\"(max-width: 768px) 100vw, 768px\" data-lazy-src=\"https:\/\/webpe.colegiomayor.cl\/wp-content\/uploads\/2025\/08\/WhatsApp-Image-2025-08-02-at-12.17.08.jpeg?is-pending-load=1\" srcset=\"data:image\/png;base64,iVBORw0KGgoAAAANSUhEUgAAAE0AAABmCAYAAACOYhxFAAAACXBIWXMAAA7EAAAOxAGVKw4bAAAANUlEQVR42u3BgQAAAADDoPlTX+EAVQEAAAAAAAAAAAAAAAAAAAAAAAAAAAAAAAAAAAAAAMBrex4AARQEIPwAAAAASUVORK5CYII=\" \/><\/div><\/a><\/div><\/div><div class=\"gt3pg-isotope-item loading \" ><div class=\"isotope_item-wrapper\"><a href=\"https:\/\/webpe.colegiomayor.cl\/wp-content\/uploads\/2025\/08\/WhatsApp-Image-2025-08-12-at-14.26.40-2.jpeg\" class=\"gt3pg-lightbox\" data-elementor-open-lightbox=\"no\"><div class=\"img-wrapper \"><img loading=\"lazy\" decoding=\"async\" width=\"768\" height=\"576\" src=\"https:\/\/webpe.colegiomayor.cl\/wp-content\/uploads\/2025\/08\/WhatsApp-Image-2025-08-12-at-14.26.40-2.jpeg\" class=\"skip-lazy gt3-lazy-image\" alt=\"\" data-lazy-srcset=\"https:\/\/webpe.colegiomayor.cl\/wp-content\/uploads\/2025\/08\/WhatsApp-Image-2025-08-12-at-14.26.40-2.jpeg 1600w, https:\/\/webpe.colegiomayor.cl\/wp-content\/uploads\/2025\/08\/WhatsApp-Image-2025-08-12-at-14.26.40-2-300x225.jpeg 300w, https:\/\/webpe.colegiomayor.cl\/wp-content\/uploads\/2025\/08\/WhatsApp-Image-2025-08-12-at-14.26.40-2-150x113.jpeg 150w\" data-lazy-sizes=\"(max-width: 768px) 100vw, 768px\" data-lazy-src=\"https:\/\/webpe.colegiomayor.cl\/wp-content\/uploads\/2025\/08\/WhatsApp-Image-2025-08-12-at-14.26.40-2.jpeg?is-pending-load=1\" srcset=\"data:image\/png;base64,iVBORw0KGgoAAAANSUhEUgAAAE0AAAA5CAYAAABzuqZnAAAACXBIWXMAAA7EAAAOxAGVKw4bAAAAKElEQVR42u3BMQEAAADCoPVPbQlPoAAAAAAAAAAAAAAAAAAAAAAADgZEzQABzhJDggAAAABJRU5ErkJggg==\" \/><\/div><\/a><\/div><\/div><div class=\"gt3pg-isotope-item loading \" ><div class=\"isotope_item-wrapper\"><a href=\"https:\/\/webpe.colegiomayor.cl\/wp-content\/uploads\/2025\/08\/WhatsApp-Image-2025-08-12-at-14.26.41.jpeg\" class=\"gt3pg-lightbox\" data-elementor-open-lightbox=\"no\"><div class=\"img-wrapper \"><img loading=\"lazy\" decoding=\"async\" width=\"768\" height=\"1024\" src=\"https:\/\/webpe.colegiomayor.cl\/wp-content\/uploads\/2025\/08\/WhatsApp-Image-2025-08-12-at-14.26.41.jpeg\" class=\"skip-lazy gt3-lazy-image\" alt=\"\" data-lazy-srcset=\"https:\/\/webpe.colegiomayor.cl\/wp-content\/uploads\/2025\/08\/WhatsApp-Image-2025-08-12-at-14.26.41.jpeg 1200w, https:\/\/webpe.colegiomayor.cl\/wp-content\/uploads\/2025\/08\/WhatsApp-Image-2025-08-12-at-14.26.41-225x300.jpeg 225w, https:\/\/webpe.colegiomayor.cl\/wp-content\/uploads\/2025\/08\/WhatsApp-Image-2025-08-12-at-14.26.41-768x1024.jpeg 768w\" data-lazy-sizes=\"(max-width: 768px) 100vw, 768px\" data-lazy-src=\"https:\/\/webpe.colegiomayor.cl\/wp-content\/uploads\/2025\/08\/WhatsApp-Image-2025-08-12-at-14.26.41.jpeg?is-pending-load=1\" srcset=\"data:image\/png;base64,iVBORw0KGgoAAAANSUhEUgAAAE0AAABmCAYAAACOYhxFAAAACXBIWXMAAA7EAAAOxAGVKw4bAAAANUlEQVR42u3BgQAAAADDoPlTX+EAVQEAAAAAAAAAAAAAAAAAAAAAAAAAAAAAAAAAAAAAAMBrex4AARQEIPwAAAAASUVORK5CYII=\" \/><\/div><\/a><\/div><\/div>\t\t\t<\/div>\r\n\t\t<\/div>\r\n\t\t<script type=\"application\/json\" id=\"settings--uid-4bd85fc59a98fe86\">{\"lightbox\":{\"enable\":true,\"options\":{\"instance\":1}},\"id\":1,\"uid\":\"uid-4bd85fc59a98fe86\",\"modules\":[\"Lightbox\"],\"lightboxArray\":[{\"href\":\"https:\\\/\\\/webpe.colegiomayor.cl\\\/wp-content\\\/uploads\\\/2025\\\/08\\\/WhatsApp-Image-2025-08-12-at-14.26.34-scaled.jpeg\",\"title\":\"WhatsApp Image 2025-08-12 at 14.26.34\",\"thumbnail\":\"https:\\\/\\\/webpe.colegiomayor.cl\\\/wp-content\\\/uploads\\\/2025\\\/08\\\/WhatsApp-Image-2025-08-12-at-14.26.34-scaled-150x150.jpeg\",\"description\":\"\",\"is_video\":0,\"image_id\":39098,\"width\":1920,\"height\":2560},{\"href\":\"https:\\\/\\\/webpe.colegiomayor.cl\\\/wp-content\\\/uploads\\\/2025\\\/08\\\/WhatsApp-Image-2025-08-12-at-14.26.38.jpeg\",\"title\":\"WhatsApp Image 2025-08-12 at 14.26.38\",\"thumbnail\":\"https:\\\/\\\/webpe.colegiomayor.cl\\\/wp-content\\\/uploads\\\/2025\\\/08\\\/WhatsApp-Image-2025-08-12-at-14.26.38-150x150.jpeg\",\"description\":\"\",\"is_video\":0,\"image_id\":39099,\"width\":1600,\"height\":1200},{\"href\":\"https:\\\/\\\/webpe.colegiomayor.cl\\\/wp-content\\\/uploads\\\/2025\\\/08\\\/WhatsApp-Image-2025-08-12-at-14.26.39-scaled.jpeg\",\"title\":\"WhatsApp Image 2025-08-12 at 14.26.39\",\"thumbnail\":\"https:\\\/\\\/webpe.colegiomayor.cl\\\/wp-content\\\/uploads\\\/2025\\\/08\\\/WhatsApp-Image-2025-08-12-at-14.26.39-scaled-150x150.jpeg\",\"description\":\"\",\"is_video\":0,\"image_id\":39100,\"width\":1920,\"height\":2560},{\"href\":\"https:\\\/\\\/webpe.colegiomayor.cl\\\/wp-content\\\/uploads\\\/2025\\\/08\\\/WhatsApp-Image-2025-08-12-at-14.26.40-1-scaled.jpeg\",\"title\":\"WhatsApp Image 2025-08-12 at 14.26.40 (1)\",\"thumbnail\":\"https:\\\/\\\/webpe.colegiomayor.cl\\\/wp-content\\\/uploads\\\/2025\\\/08\\\/WhatsApp-Image-2025-08-12-at-14.26.40-1-scaled-150x150.jpeg\",\"description\":\"\",\"is_video\":0,\"image_id\":39101,\"width\":2184,\"height\":2560},{\"href\":\"https:\\\/\\\/webpe.colegiomayor.cl\\\/wp-content\\\/uploads\\\/2025\\\/08\\\/WhatsApp-Image-2025-08-12-at-14.26.40.jpeg\",\"title\":\"WhatsApp Image 2025-08-12 at 14.26.40\",\"thumbnail\":\"https:\\\/\\\/webpe.colegiomayor.cl\\\/wp-content\\\/uploads\\\/2025\\\/08\\\/WhatsApp-Image-2025-08-12-at-14.26.40-150x150.jpeg\",\"description\":\"\",\"is_video\":0,\"image_id\":39102,\"width\":1600,\"height\":1200},{\"href\":\"https:\\\/\\\/webpe.colegiomayor.cl\\\/wp-content\\\/uploads\\\/2025\\\/08\\\/WhatsApp-Image-2025-08-12-at-14.26.42-scaled.jpeg\",\"title\":\"WhatsApp Image 2025-08-12 at 14.26.42\",\"thumbnail\":\"https:\\\/\\\/webpe.colegiomayor.cl\\\/wp-content\\\/uploads\\\/2025\\\/08\\\/WhatsApp-Image-2025-08-12-at-14.26.42-scaled-150x150.jpeg\",\"description\":\"\",\"is_video\":0,\"image_id\":39103,\"width\":2560,\"height\":1920},{\"href\":\"https:\\\/\\\/webpe.colegiomayor.cl\\\/wp-content\\\/uploads\\\/2025\\\/08\\\/WhatsApp-Image-2025-08-02-at-12.17.08.jpeg\",\"title\":\"WhatsApp Image 2025-08-02 at 12.17.08\",\"thumbnail\":\"https:\\\/\\\/webpe.colegiomayor.cl\\\/wp-content\\\/uploads\\\/2025\\\/08\\\/WhatsApp-Image-2025-08-02-at-12.17.08-150x150.jpeg\",\"description\":\"\",\"is_video\":0,\"image_id\":39104,\"width\":1200,\"height\":1600},{\"href\":\"https:\\\/\\\/webpe.colegiomayor.cl\\\/wp-content\\\/uploads\\\/2025\\\/08\\\/WhatsApp-Image-2025-08-12-at-14.26.40-2.jpeg\",\"title\":\"WhatsApp Image 2025-08-12 at 14.26.40 (2)\",\"thumbnail\":\"https:\\\/\\\/webpe.colegiomayor.cl\\\/wp-content\\\/uploads\\\/2025\\\/08\\\/WhatsApp-Image-2025-08-12-at-14.26.40-2-150x150.jpeg\",\"description\":\"\",\"is_video\":0,\"image_id\":39105,\"width\":1600,\"height\":1200},{\"href\":\"https:\\\/\\\/webpe.colegiomayor.cl\\\/wp-content\\\/uploads\\\/2025\\\/08\\\/WhatsApp-Image-2025-08-12-at-14.26.41.jpeg\",\"title\":\"WhatsApp Image 2025-08-12 at 14.26.41\",\"thumbnail\":\"https:\\\/\\\/webpe.colegiomayor.cl\\\/wp-content\\\/uploads\\\/2025\\\/08\\\/WhatsApp-Image-2025-08-12-at-14.26.41-150x150.jpeg\",\"description\":\"\",\"is_video\":0,\"image_id\":39106,\"width\":1200,\"height\":1600}],\"items\":[{\"href\":\"https:\\\/\\\/webpe.colegiomayor.cl\\\/wp-content\\\/uploads\\\/2025\\\/08\\\/WhatsApp-Image-2025-08-12-at-14.26.34-scaled.jpeg\",\"title\":\"WhatsApp Image 2025-08-12 at 14.26.34\",\"thumbnail\":\"https:\\\/\\\/webpe.colegiomayor.cl\\\/wp-content\\\/uploads\\\/2025\\\/08\\\/WhatsApp-Image-2025-08-12-at-14.26.34-scaled-150x150.jpeg\",\"description\":\"\",\"is_video\":0,\"image_id\":39098,\"width\":1920,\"height\":2560},{\"href\":\"https:\\\/\\\/webpe.colegiomayor.cl\\\/wp-content\\\/uploads\\\/2025\\\/08\\\/WhatsApp-Image-2025-08-12-at-14.26.38.jpeg\",\"title\":\"WhatsApp Image 2025-08-12 at 14.26.38\",\"thumbnail\":\"https:\\\/\\\/webpe.colegiomayor.cl\\\/wp-content\\\/uploads\\\/2025\\\/08\\\/WhatsApp-Image-2025-08-12-at-14.26.38-150x150.jpeg\",\"description\":\"\",\"is_video\":0,\"image_id\":39099,\"width\":1600,\"height\":1200},{\"href\":\"https:\\\/\\\/webpe.colegiomayor.cl\\\/wp-content\\\/uploads\\\/2025\\\/08\\\/WhatsApp-Image-2025-08-12-at-14.26.39-scaled.jpeg\",\"title\":\"WhatsApp Image 2025-08-12 at 14.26.39\",\"thumbnail\":\"https:\\\/\\\/webpe.colegiomayor.cl\\\/wp-content\\\/uploads\\\/2025\\\/08\\\/WhatsApp-Image-2025-08-12-at-14.26.39-scaled-150x150.jpeg\",\"description\":\"\",\"is_video\":0,\"image_id\":39100,\"width\":1920,\"height\":2560},{\"href\":\"https:\\\/\\\/webpe.colegiomayor.cl\\\/wp-content\\\/uploads\\\/2025\\\/08\\\/WhatsApp-Image-2025-08-12-at-14.26.40-1-scaled.jpeg\",\"title\":\"WhatsApp Image 2025-08-12 at 14.26.40 (1)\",\"thumbnail\":\"https:\\\/\\\/webpe.colegiomayor.cl\\\/wp-content\\\/uploads\\\/2025\\\/08\\\/WhatsApp-Image-2025-08-12-at-14.26.40-1-scaled-150x150.jpeg\",\"description\":\"\",\"is_video\":0,\"image_id\":39101,\"width\":2184,\"height\":2560},{\"href\":\"https:\\\/\\\/webpe.colegiomayor.cl\\\/wp-content\\\/uploads\\\/2025\\\/08\\\/WhatsApp-Image-2025-08-12-at-14.26.40.jpeg\",\"title\":\"WhatsApp Image 2025-08-12 at 14.26.40\",\"thumbnail\":\"https:\\\/\\\/webpe.colegiomayor.cl\\\/wp-content\\\/uploads\\\/2025\\\/08\\\/WhatsApp-Image-2025-08-12-at-14.26.40-150x150.jpeg\",\"description\":\"\",\"is_video\":0,\"image_id\":39102,\"width\":1600,\"height\":1200},{\"href\":\"https:\\\/\\\/webpe.colegiomayor.cl\\\/wp-content\\\/uploads\\\/2025\\\/08\\\/WhatsApp-Image-2025-08-12-at-14.26.42-scaled.jpeg\",\"title\":\"WhatsApp Image 2025-08-12 at 14.26.42\",\"thumbnail\":\"https:\\\/\\\/webpe.colegiomayor.cl\\\/wp-content\\\/uploads\\\/2025\\\/08\\\/WhatsApp-Image-2025-08-12-at-14.26.42-scaled-150x150.jpeg\",\"description\":\"\",\"is_video\":0,\"image_id\":39103,\"width\":2560,\"height\":1920},{\"href\":\"https:\\\/\\\/webpe.colegiomayor.cl\\\/wp-content\\\/uploads\\\/2025\\\/08\\\/WhatsApp-Image-2025-08-02-at-12.17.08.jpeg\",\"title\":\"WhatsApp Image 2025-08-02 at 12.17.08\",\"thumbnail\":\"https:\\\/\\\/webpe.colegiomayor.cl\\\/wp-content\\\/uploads\\\/2025\\\/08\\\/WhatsApp-Image-2025-08-02-at-12.17.08-150x150.jpeg\",\"description\":\"\",\"is_video\":0,\"image_id\":39104,\"width\":1200,\"height\":1600},{\"href\":\"https:\\\/\\\/webpe.colegiomayor.cl\\\/wp-content\\\/uploads\\\/2025\\\/08\\\/WhatsApp-Image-2025-08-12-at-14.26.40-2.jpeg\",\"title\":\"WhatsApp Image 2025-08-12 at 14.26.40 (2)\",\"thumbnail\":\"https:\\\/\\\/webpe.colegiomayor.cl\\\/wp-content\\\/uploads\\\/2025\\\/08\\\/WhatsApp-Image-2025-08-12-at-14.26.40-2-150x150.jpeg\",\"description\":\"\",\"is_video\":0,\"image_id\":39105,\"width\":1600,\"height\":1200},{\"href\":\"https:\\\/\\\/webpe.colegiomayor.cl\\\/wp-content\\\/uploads\\\/2025\\\/08\\\/WhatsApp-Image-2025-08-12-at-14.26.41.jpeg\",\"title\":\"WhatsApp Image 2025-08-12 at 14.26.41\",\"thumbnail\":\"https:\\\/\\\/webpe.colegiomayor.cl\\\/wp-content\\\/uploads\\\/2025\\\/08\\\/WhatsApp-Image-2025-08-12-at-14.26.41-150x150.jpeg\",\"description\":\"\",\"is_video\":0,\"image_id\":39106,\"width\":1200,\"height\":1600}]}<\/script>\r\n\t\t<\/div>","protected":false},"excerpt":{"rendered":"<p>Queremos compartir los excelentes resultados obtenidos por nuestra selecci\u00f3n de gimnasia art\u00edstica durante el primer semestre en la Liga Escolar LEGA. A lo largo de las diez fechas de competencia, nuestro colegio se mantuvo en la \u00e9lite, logrando permanecer siempre en el podio y demostrando&nbsp;<a href=\"https:\/\/webpe.colegiomayor.cl\/?p=39097\">&hellip;<\/a><\/p>\n","protected":false},"author":11,"featured_media":39105,"comment_status":"closed","ping_status":"closed","sticky":false,"template":"","format":"standard","meta":{"content-type":"","footnotes":""},"categories":[24,38,25,44],"tags":[89,87,66,61,64,88],"class_list":["post-39097","post","type-post","status-publish","format-standard","has-post-thumbnail","hentry","category-comunicaciones","category-comunicaciones-news","category-deportes","category-noticias","tag-colegio-campeon","tag-copa-lega","tag-deporte-escolar","tag-gimnasia-artistica","tag-liga-escolar","tag-logros-deportivos","odd"],"rttpg_featured_image_url":{"full":["https:\/\/webpe.colegiomayor.cl\/wp-content\/uploads\/2025\/08\/WhatsApp-Image-2025-08-12-at-14.26.40-2.jpeg",1600,1200,false],"landscape":["https:\/\/webpe.colegiomayor.cl\/wp-content\/uploads\/2025\/08\/WhatsApp-Image-2025-08-12-at-14.26.40-2.jpeg",1600,1200,false],"portraits":["https:\/\/webpe.colegiomayor.cl\/wp-content\/uploads\/2025\/08\/WhatsApp-Image-2025-08-12-at-14.26.40-2.jpeg",1600,1200,false],"thumbnail":["https:\/\/webpe.colegiomayor.cl\/wp-content\/uploads\/2025\/08\/WhatsApp-Image-2025-08-12-at-14.26.40-2-150x150.jpeg",150,150,true],"medium":["https:\/\/webpe.colegiomayor.cl\/wp-content\/uploads\/2025\/08\/WhatsApp-Image-2025-08-12-at-14.26.40-2-300x225.jpeg",300,225,true],"large":["https:\/\/webpe.colegiomayor.cl\/wp-content\/uploads\/2025\/08\/WhatsApp-Image-2025-08-12-at-14.26.40-2-1024x768.jpeg",1024,768,true],"1536x1536":["https:\/\/webpe.colegiomayor.cl\/wp-content\/uploads\/2025\/08\/WhatsApp-Image-2025-08-12-at-14.26.40-2-1536x1152.jpeg",1536,1152,true],"2048x2048":["https:\/\/webpe.colegiomayor.cl\/wp-content\/uploads\/2025\/08\/WhatsApp-Image-2025-08-12-at-14.26.40-2-1600x1200.jpeg",1600,1200,true],"post-thumbnail":["https:\/\/webpe.colegiomayor.cl\/wp-content\/uploads\/2025\/08\/WhatsApp-Image-2025-08-12-at-14.26.40-2-150x113.jpeg",150,113,true],"ed-school-featured-image":["https:\/\/webpe.colegiomayor.cl\/wp-content\/uploads\/2025\/08\/WhatsApp-Image-2025-08-12-at-14.26.40-2-990x500.jpeg",990,500,true],"ed-school-medium":["https:\/\/webpe.colegiomayor.cl\/wp-content\/uploads\/2025\/08\/WhatsApp-Image-2025-08-12-at-14.26.40-2-768x510.jpeg",768,510,true],"ed-school-medium-alt":["https:\/\/webpe.colegiomayor.cl\/wp-content\/uploads\/2025\/08\/WhatsApp-Image-2025-08-12-at-14.26.40-2-768x410.jpeg",768,410,true],"ed-school-square":["https:\/\/webpe.colegiomayor.cl\/wp-content\/uploads\/2025\/08\/WhatsApp-Image-2025-08-12-at-14.26.40-2-768x768.jpeg",768,768,true],"ed-school-square-small":["https:\/\/webpe.colegiomayor.cl\/wp-content\/uploads\/2025\/08\/WhatsApp-Image-2025-08-12-at-14.26.40-2-420x420.jpeg",420,420,true]},"rttpg_author":{"display_name":"Francisco Arriagada","author_link":"https:\/\/webpe.colegiomayor.cl\/?author=11"},"rttpg_comment":0,"rttpg_category":"<a href=\"https:\/\/webpe.colegiomayor.cl\/?cat=24\" rel=\"category\">COMUNICACIONES<\/a> <a href=\"https:\/\/webpe.colegiomayor.cl\/?cat=38\" rel=\"category\">Comunicaciones-NEWS<\/a> <a href=\"https:\/\/webpe.colegiomayor.cl\/?cat=25\" rel=\"category\">DEPORTES<\/a> <a href=\"https:\/\/webpe.colegiomayor.cl\/?cat=44\" rel=\"category\">NOTICIAS<\/a>","rttpg_excerpt":"Queremos compartir los excelentes resultados obtenidos por nuestra selecci\u00f3n de gimnasia art\u00edstica durante el primer semestre en la Liga Escolar LEGA. A lo largo de las diez fechas de competencia, nuestro colegio se mantuvo en la \u00e9lite, logrando permanecer siempre en el podio y demostrando&nbsp;&hellip;","_links":{"self":[{"href":"https:\/\/webpe.colegiomayor.cl\/index.php?rest_route=\/wp\/v2\/posts\/39097","targetHints":{"allow":["GET"]}}],"collection":[{"href":"https:\/\/webpe.colegiomayor.cl\/index.php?rest_route=\/wp\/v2\/posts"}],"about":[{"href":"https:\/\/webpe.colegiomayor.cl\/index.php?rest_route=\/wp\/v2\/types\/post"}],"author":[{"embeddable":true,"href":"https:\/\/webpe.colegiomayor.cl\/index.php?rest_route=\/wp\/v2\/users\/11"}],"replies":[{"embeddable":true,"href":"https:\/\/webpe.colegiomayor.cl\/index.php?rest_route=%2Fwp%2Fv2%2Fcomments&post=39097"}],"version-history":[{"count":1,"href":"https:\/\/webpe.colegiomayor.cl\/index.php?rest_route=\/wp\/v2\/posts\/39097\/revisions"}],"predecessor-version":[{"id":39107,"href":"https:\/\/webpe.colegiomayor.cl\/index.php?rest_route=\/wp\/v2\/posts\/39097\/revisions\/39107"}],"wp:featuredmedia":[{"embeddable":true,"href":"https:\/\/webpe.colegiomayor.cl\/index.php?rest_route=\/wp\/v2\/media\/39105"}],"wp:attachment":[{"href":"https:\/\/webpe.colegiomayor.cl\/index.php?rest_route=%2Fwp%2Fv2%2Fmedia&parent=39097"}],"wp:term":[{"taxonomy":"category","embeddable":true,"href":"https:\/\/webpe.colegiomayor.cl\/index.php?rest_route=%2Fwp%2Fv2%2Fcategories&post=39097"},{"taxonomy":"post_tag","embeddable":true,"href":"https:\/\/webpe.colegiomayor.cl\/index.php?rest_route=%2Fwp%2Fv2%2Ftags&post=39097"}],"curies":[{"name":"wp","href":"https:\/\/api.w.org\/{rel}","templated":true}]}}