{"id":39091,"date":"2025-08-12T02:45:27","date_gmt":"2025-08-12T05:45:27","guid":{"rendered":"https:\/\/webpe.colegiomayor.cl\/?p=39091"},"modified":"2025-08-12T02:45:27","modified_gmt":"2025-08-12T05:45:27","slug":"suspension-de-actividades-deportivas-sabado-16-de-agosto","status":"publish","type":"post","link":"https:\/\/webpe.colegiomayor.cl\/?p=39091","title":{"rendered":"Suspensi\u00f3n de actividades deportivas s\u00e1bado 16 de agosto"},"content":{"rendered":"\n<p>Estimadas Familias<\/p>\n\n\n\n<p>Junto con saludar y esperando se encuentren bien, por medio del presente recordamos que \u00e9ste s\u00e1bado 16 de agosto, est\u00e1n&nbsp;suspendidas&nbsp;las actividades&nbsp;deportivas&nbsp;por fin de semana largo.<\/p>\n\n\n\n<p>Saludos cordiales.<\/p>\n\n\n\n<p>&nbsp;&nbsp;&nbsp;&nbsp;&nbsp;&nbsp;&nbsp;&nbsp;&nbsp;&nbsp;&nbsp;&nbsp;&nbsp; Claudia Lena G\u00e1lvez&nbsp;&nbsp;&nbsp;&nbsp;&nbsp;&nbsp;&nbsp;&nbsp;&nbsp;&nbsp;&nbsp;&nbsp;&nbsp;&nbsp;&nbsp;&nbsp;&nbsp;&nbsp;&nbsp;&nbsp;&nbsp;&nbsp;&nbsp;&nbsp;&nbsp;&nbsp;&nbsp;&nbsp; &nbsp;&nbsp;&nbsp;&nbsp;&nbsp;&nbsp;&nbsp;&nbsp;&nbsp;&nbsp;&nbsp;&nbsp;&nbsp;&nbsp;&nbsp;&nbsp;&nbsp;&nbsp;&nbsp;&nbsp;&nbsp;&nbsp;&nbsp;&nbsp;&nbsp;&nbsp;&nbsp;Ra\u00fal Briones G\u00f3ngora<\/p>\n\n\n\n<p>Jefa de departamento de Educaci\u00f3n F\u00edsica&nbsp;&nbsp;&nbsp;&nbsp;&nbsp;&nbsp; &nbsp;&nbsp;&nbsp;&nbsp;&nbsp;&nbsp;&nbsp;&nbsp;&nbsp;&nbsp;Coordinador de Escuelas y Selecciones deportivas<\/p>\n","protected":false},"excerpt":{"rendered":"<p>Estimadas Familias Junto con saludar y esperando se encuentren bien, por medio del presente recordamos que \u00e9ste s\u00e1bado 16 de agosto, est\u00e1n&nbsp;suspendidas&nbsp;las actividades&nbsp;deportivas&nbsp;por fin de semana largo. Saludos cordiales. &nbsp;&nbsp;&nbsp;&nbsp;&nbsp;&nbsp;&nbsp;&nbsp;&nbsp;&nbsp;&nbsp;&nbsp;&nbsp; Claudia Lena G\u00e1lvez&nbsp;&nbsp;&nbsp;&nbsp;&nbsp;&nbsp;&nbsp;&nbsp;&nbsp;&nbsp;&nbsp;&nbsp;&nbsp;&nbsp;&nbsp;&nbsp;&nbsp;&nbsp;&nbsp;&nbsp;&nbsp;&nbsp;&nbsp;&nbsp;&nbsp;&nbsp;&nbsp;&nbsp; &nbsp;&nbsp;&nbsp;&nbsp;&nbsp;&nbsp;&nbsp;&nbsp;&nbsp;&nbsp;&nbsp;&nbsp;&nbsp;&nbsp;&nbsp;&nbsp;&nbsp;&nbsp;&nbsp;&nbsp;&nbsp;&nbsp;&nbsp;&nbsp;&nbsp;&nbsp;&nbsp;Ra\u00fal Briones G\u00f3ngora Jefa de departamento de Educaci\u00f3n F\u00edsica&nbsp;&nbsp;&nbsp;&nbsp;&nbsp;&nbsp; &nbsp;&nbsp;&nbsp;&nbsp;&nbsp;&nbsp;&nbsp;&nbsp;&nbsp;&nbsp;Coordinador de Escuelas&nbsp;<a href=\"https:\/\/webpe.colegiomayor.cl\/?p=39091\">&hellip;<\/a><\/p>\n","protected":false},"author":11,"featured_media":39092,"comment_status":"closed","ping_status":"closed","sticky":false,"template":"","format":"standard","meta":{"content-type":"","footnotes":""},"categories":[38,25,1,44],"tags":[],"class_list":["post-39091","post","type-post","status-publish","format-standard","has-post-thumbnail","hentry","category-comunicaciones-news","category-deportes","category-categoria-3","category-noticias","odd"],"rttpg_featured_image_url":{"full":["https:\/\/webpe.colegiomayor.cl\/wp-content\/uploads\/2025\/08\/SUSPENDIDAS-ACTIVIDADES-SELECCIONES-DEPORTIVAS-POR-FIN-DE-SEMANA-LARGO.jpg",1200,675,false],"landscape":["https:\/\/webpe.colegiomayor.cl\/wp-content\/uploads\/2025\/08\/SUSPENDIDAS-ACTIVIDADES-SELECCIONES-DEPORTIVAS-POR-FIN-DE-SEMANA-LARGO.jpg",1200,675,false],"portraits":["https:\/\/webpe.colegiomayor.cl\/wp-content\/uploads\/2025\/08\/SUSPENDIDAS-ACTIVIDADES-SELECCIONES-DEPORTIVAS-POR-FIN-DE-SEMANA-LARGO.jpg",1200,675,false],"thumbnail":["https:\/\/webpe.colegiomayor.cl\/wp-content\/uploads\/2025\/08\/SUSPENDIDAS-ACTIVIDADES-SELECCIONES-DEPORTIVAS-POR-FIN-DE-SEMANA-LARGO-150x150.jpg",150,150,true],"medium":["https:\/\/webpe.colegiomayor.cl\/wp-content\/uploads\/2025\/08\/SUSPENDIDAS-ACTIVIDADES-SELECCIONES-DEPORTIVAS-POR-FIN-DE-SEMANA-LARGO-300x169.jpg",300,169,true],"large":["https:\/\/webpe.colegiomayor.cl\/wp-content\/uploads\/2025\/08\/SUSPENDIDAS-ACTIVIDADES-SELECCIONES-DEPORTIVAS-POR-FIN-DE-SEMANA-LARGO-1024x576.jpg",1024,576,true],"1536x1536":["https:\/\/webpe.colegiomayor.cl\/wp-content\/uploads\/2025\/08\/SUSPENDIDAS-ACTIVIDADES-SELECCIONES-DEPORTIVAS-POR-FIN-DE-SEMANA-LARGO-1200x675.jpg",1200,675,true],"2048x2048":["https:\/\/webpe.colegiomayor.cl\/wp-content\/uploads\/2025\/08\/SUSPENDIDAS-ACTIVIDADES-SELECCIONES-DEPORTIVAS-POR-FIN-DE-SEMANA-LARGO-1200x675.jpg",1200,675,true],"post-thumbnail":["https:\/\/webpe.colegiomayor.cl\/wp-content\/uploads\/2025\/08\/SUSPENDIDAS-ACTIVIDADES-SELECCIONES-DEPORTIVAS-POR-FIN-DE-SEMANA-LARGO-150x84.jpg",150,84,true],"ed-school-featured-image":["https:\/\/webpe.colegiomayor.cl\/wp-content\/uploads\/2025\/08\/SUSPENDIDAS-ACTIVIDADES-SELECCIONES-DEPORTIVAS-POR-FIN-DE-SEMANA-LARGO-990x500.jpg",990,500,true],"ed-school-medium":["https:\/\/webpe.colegiomayor.cl\/wp-content\/uploads\/2025\/08\/SUSPENDIDAS-ACTIVIDADES-SELECCIONES-DEPORTIVAS-POR-FIN-DE-SEMANA-LARGO-768x510.jpg",768,510,true],"ed-school-medium-alt":["https:\/\/webpe.colegiomayor.cl\/wp-content\/uploads\/2025\/08\/SUSPENDIDAS-ACTIVIDADES-SELECCIONES-DEPORTIVAS-POR-FIN-DE-SEMANA-LARGO-768x410.jpg",768,410,true],"ed-school-square":["https:\/\/webpe.colegiomayor.cl\/wp-content\/uploads\/2025\/08\/SUSPENDIDAS-ACTIVIDADES-SELECCIONES-DEPORTIVAS-POR-FIN-DE-SEMANA-LARGO-768x675.jpg",768,675,true],"ed-school-square-small":["https:\/\/webpe.colegiomayor.cl\/wp-content\/uploads\/2025\/08\/SUSPENDIDAS-ACTIVIDADES-SELECCIONES-DEPORTIVAS-POR-FIN-DE-SEMANA-LARGO-420x420.jpg",420,420,true]},"rttpg_author":{"display_name":"Francisco Arriagada","author_link":"https:\/\/webpe.colegiomayor.cl\/?author=11"},"rttpg_comment":0,"rttpg_category":"<a href=\"https:\/\/webpe.colegiomayor.cl\/?cat=38\" rel=\"category\">Comunicaciones-NEWS<\/a> <a href=\"https:\/\/webpe.colegiomayor.cl\/?cat=25\" rel=\"category\">DEPORTES<\/a> <a href=\"https:\/\/webpe.colegiomayor.cl\/?cat=1\" rel=\"category\">NOTICIAS<\/a> <a href=\"https:\/\/webpe.colegiomayor.cl\/?cat=44\" rel=\"category\">NOTICIAS<\/a>","rttpg_excerpt":"Estimadas Familias Junto con saludar y esperando se encuentren bien, por medio del presente recordamos que \u00e9ste s\u00e1bado 16 de agosto, est\u00e1n&nbsp;suspendidas&nbsp;las actividades&nbsp;deportivas&nbsp;por fin de semana largo. Saludos cordiales. &nbsp;&nbsp;&nbsp;&nbsp;&nbsp;&nbsp;&nbsp;&nbsp;&nbsp;&nbsp;&nbsp;&nbsp;&nbsp; Claudia Lena G\u00e1lvez&nbsp;&nbsp;&nbsp;&nbsp;&nbsp;&nbsp;&nbsp;&nbsp;&nbsp;&nbsp;&nbsp;&nbsp;&nbsp;&nbsp;&nbsp;&nbsp;&nbsp;&nbsp;&nbsp;&nbsp;&nbsp;&nbsp;&nbsp;&nbsp;&nbsp;&nbsp;&nbsp;&nbsp; &nbsp;&nbsp;&nbsp;&nbsp;&nbsp;&nbsp;&nbsp;&nbsp;&nbsp;&nbsp;&nbsp;&nbsp;&nbsp;&nbsp;&nbsp;&nbsp;&nbsp;&nbsp;&nbsp;&nbsp;&nbsp;&nbsp;&nbsp;&nbsp;&nbsp;&nbsp;&nbsp;Ra\u00fal Briones G\u00f3ngora Jefa de departamento de Educaci\u00f3n F\u00edsica&nbsp;&nbsp;&nbsp;&nbsp;&nbsp;&nbsp; &nbsp;&nbsp;&nbsp;&nbsp;&nbsp;&nbsp;&nbsp;&nbsp;&nbsp;&nbsp;Coordinador de Escuelas&nbsp;&hellip;","_links":{"self":[{"href":"https:\/\/webpe.colegiomayor.cl\/index.php?rest_route=\/wp\/v2\/posts\/39091","targetHints":{"allow":["GET"]}}],"collection":[{"href":"https:\/\/webpe.colegiomayor.cl\/index.php?rest_route=\/wp\/v2\/posts"}],"about":[{"href":"https:\/\/webpe.colegiomayor.cl\/index.php?rest_route=\/wp\/v2\/types\/post"}],"author":[{"embeddable":true,"href":"https:\/\/webpe.colegiomayor.cl\/index.php?rest_route=\/wp\/v2\/users\/11"}],"replies":[{"embeddable":true,"href":"https:\/\/webpe.colegiomayor.cl\/index.php?rest_route=%2Fwp%2Fv2%2Fcomments&post=39091"}],"version-history":[{"count":1,"href":"https:\/\/webpe.colegiomayor.cl\/index.php?rest_route=\/wp\/v2\/posts\/39091\/revisions"}],"predecessor-version":[{"id":39093,"href":"https:\/\/webpe.colegiomayor.cl\/index.php?rest_route=\/wp\/v2\/posts\/39091\/revisions\/39093"}],"wp:featuredmedia":[{"embeddable":true,"href":"https:\/\/webpe.colegiomayor.cl\/index.php?rest_route=\/wp\/v2\/media\/39092"}],"wp:attachment":[{"href":"https:\/\/webpe.colegiomayor.cl\/index.php?rest_route=%2Fwp%2Fv2%2Fmedia&parent=39091"}],"wp:term":[{"taxonomy":"category","embeddable":true,"href":"https:\/\/webpe.colegiomayor.cl\/index.php?rest_route=%2Fwp%2Fv2%2Fcategories&post=39091"},{"taxonomy":"post_tag","embeddable":true,"href":"https:\/\/webpe.colegiomayor.cl\/index.php?rest_route=%2Fwp%2Fv2%2Ftags&post=39091"}],"curies":[{"name":"wp","href":"https:\/\/api.w.org\/{rel}","templated":true}]}}