{"id":39082,"date":"2025-08-07T12:38:11","date_gmt":"2025-08-07T15:38:11","guid":{"rendered":"https:\/\/webpe.colegiomayor.cl\/?p=39082"},"modified":"2025-08-07T13:55:37","modified_gmt":"2025-08-07T16:55:37","slug":"orgullo-mayor-nuestro-estudiante-esteban-castro-sera-parte-del-congreso-jovenes-futuro-2025","status":"publish","type":"post","link":"https:\/\/webpe.colegiomayor.cl\/?p=39082","title":{"rendered":"Orgullo Mayor: Nuestro estudiante Esteban Castro ser\u00e1 parte del Congreso J\u00f3venes Futuro 2025"},"content":{"rendered":"\n<p><em>Tras dise\u00f1ar un proyecto que busca reducir la contaminaci\u00f3n atmosf\u00e9rica mediante un filtro de aire elaborado con zeolita, el joven de 14 a\u00f1os de nuestro Colegio Mayor de Pe\u00f1alol\u00e9n, ser\u00e1 uno de los j\u00f3venes participantes del evento organizado por Congreso Futuro, el Senado de Chile y la Fundaci\u00f3n Encuentros del Futuro.<\/em><\/p>\n\n\n\n<p>Nuestro estudiante Esteban Castro, de primero medio del Colegio Mayor de Pe\u00f1alol\u00e9n, ha sido invitado a participar en el Congreso J\u00f3venes Futuro 2025, el mayor espacio de encuentro juvenil del pa\u00eds. El evento se desarrollar\u00e1 este jueves 7 y viernes 8 de agosto en la sede del Congreso Nacional en Santiago, y contar\u00e1 con m\u00e1s de 30 expositores nacionales e internacionales vinculados a la ciencia, la innovaci\u00f3n, las artes y el activismo juvenil.<\/p>\n\n\n\n<p>Esteban, de 14 a\u00f1os, participar\u00e1 en un conversatorio junto a la creadora del proyecto Alegr\u00eda que Cura, Matilda Aguirre, y el bi\u00f3logo y divulgador cient\u00edfico Sergio Villagr\u00e1n. La instancia reunir\u00e1 a j\u00f3venes influyentes que, desde sus experiencias personales, est\u00e1n impulsando transformaciones en sus comunidades. \u201cPara m\u00ed significa la oportunidad de conocer otros puntos de vista, de compartir y conversar, y que eso me permita crecer y tambi\u00e9n aportar a otros\u201d, se\u00f1ala Esteban sobre su participaci\u00f3n.<\/p>\n\n\n\n<p>La invitaci\u00f3n responde al impacto que ha tenido el proyecto cient\u00edfico que desarroll\u00f3 durante 2024, titulado \u201cReducci\u00f3n de contaminaci\u00f3n por CO\u2082 utilizando un filtro de zeolita\u201d. Esta iniciativa busca reducir la contaminaci\u00f3n atmosf\u00e9rica mediante un filtro purificador de aire elaborado con zeolita, mineral capaz de absorber di\u00f3xido de carbono. El dispositivo, dise\u00f1ado por nuestro estudiante, est\u00e1 pensado para instalarse en tubos de escape de autom\u00f3viles, y proyecta una disminuci\u00f3n de hasta 83% de los gases contaminantes emitidos.<\/p>\n\n\n\n<p>El trabajo de Esteban ha sido reconocido tanto en Chile como en el extranjero. En noviembre de 2024 fue distinguido en la ExpoCiencias Nacional Chile, y en mayo de este a\u00f1o obtuvo el primer lugar en la categor\u00eda Medio Ambiente en la ExpoCiencias Nacional Milset Brasil 2025, destacando entre m\u00e1s de 200 iniciativas cient\u00edficas juveniles del continente. Un mes despu\u00e9s, fue invitado a presentar su proyecto ante la Comisi\u00f3n de Futuro, Ciencias y Tecnolog\u00eda de la C\u00e1mara de Diputados.<\/p>\n\n\n\n<p>Desde su experiencia, Esteban no solo valora el reconocimiento, sino tambi\u00e9n el aprendizaje compartido. \u201cSer\u00e1 una instancia de di\u00e1logo, an\u00e1lisis y retroalimentaci\u00f3n desde nuestras propias vivencias. Espero aprender nuevas ideas, formas de mejorar y tambi\u00e9n poder aportar desde lo que yo he vivido\u201d, expresa.<\/p>\n\n\n\n<p>Como comunidad educativa, nos enorgullece profundamente ver c\u00f3mo uno de nuestros estudiantes avanza con determinaci\u00f3n en su camino cient\u00edfico, siempre acompa\u00f1ado del compromiso de su familia y del cuerpo docente. Esteban destaca especialmente el rol de sus profesores: \u201cMis profesores, particularmente Gonzalo Lara, Ver\u00f3nica Salas y, en especial, mi profesora Macarena Hern\u00e1ndez, han influido mucho en este desarrollo. Adem\u00e1s, el colegio me entrega los espacios necesarios para participar en estas instancias y me apoya constantemente\u201d.<\/p>\n\n\n\n<p>Su madre, Jacqueline Sep\u00falveda, tambi\u00e9n valora el proceso formativo vivido por su hijo. \u201cLo m\u00e1s importante es que Esteban es un adolescente con opini\u00f3n, informado, con ganas de ser escuchado. Los j\u00f3venes intelectualmente inquietos nos exigen m\u00e1s como madres y padres, pero vale la pena. De eso se trata: de explorar el mundo junto a ellos y apoyarlos lo mejor posible\u201d.<\/p>\n\n\n\n<p>El Congreso J\u00f3venes Futuro 2025 es organizado por Congreso Futuro, el Senado de Chile y la Fundaci\u00f3n Encuentros del Futuro, y busca visibilizar y amplificar las voces de una nueva generaci\u00f3n de l\u00edderes. Contar\u00e1 con la participaci\u00f3n de exponentes como Dylantero (streamer), Melissa Mu\u00f1oz (creadora de AutistApp), Seamoon (cantante), Gabriela Arriagada (experta en \u00e9tica de la inteligencia artificial) e Isidora Uribe (activista por la inclusi\u00f3n), entre otros.<\/p>\n\n\n\n<p>La transmisi\u00f3n oficial podr\u00e1 seguirse a trav\u00e9s de <a href=\"http:\/\/www.congresofuturo.cl\" data-type=\"link\" data-id=\"www.congresofuturo.cl\">www.congresofuturo.cl<\/a>, TV Senado, UChile TV, Conciencia 24.7, UES TV, NTV e INJUV. Las inscripciones son gratuitas y est\u00e1n disponibles en: <a href=\"https:\/\/jovenes.congresofuturo.cl\">https:\/\/jovenes.congresofuturo.cl<\/a><\/p>\n\n\n<div id=\"gt3pg_gallery1\" class=\"gt3pg_galleryid-39082 gt3pg_gallery-columns-3 gt3pg_photo_gallery gt3pg-corner-type-standard gt3pg_hover-default gt3pg-type-rectangle\" data-size=\"thumbnail\" data-type=\"rectangle\" data-corner=\"standard\" data-link=\"lightbox\" data-margin=\"30\" data-instance=\"1\"><dl class=\"gt3pg_gallery-item gt3pg_element\"><div class=\"gt3pg_item_main_wrapper\"><div class=\"gt3pg_item-wrapper\"><a href=\"https:\/\/webpe.colegiomayor.cl\/wp-content\/uploads\/2025\/05\/IMG_5650-1-768x576.jpg\" class=\"gt3pg_swipebox \" data-description=\"\"><div class=\"gt3pg_img_wrap landscape\" style=\"background-image: url(https:\/\/webpe.colegiomayor.cl\/wp-content\/uploads\/2025\/05\/IMG_5650-1-768x576.jpg);\" data-width=\"2560\" data-height=\"1920\" data-i=\"1\" >\r\n<img decoding=\"async\" src=\"https:\/\/webpe.colegiomayor.cl\/wp-content\/uploads\/2025\/05\/IMG_5650-1-768x576.jpg\" title=\"IMG_5650\" alt=\"\" \/>\r\n<\/div><\/a>\n<\/div>\n <\/div><\/dl>\n<dl class=\"gt3pg_gallery-item gt3pg_element\"><div class=\"gt3pg_item_main_wrapper\"><div class=\"gt3pg_item-wrapper\"><a href=\"https:\/\/webpe.colegiomayor.cl\/wp-content\/uploads\/2025\/05\/IMG_5613-768x1024.jpg\" class=\"gt3pg_swipebox \" data-description=\"\"><div class=\"gt3pg_img_wrap portrait\" style=\"background-image: url(https:\/\/webpe.colegiomayor.cl\/wp-content\/uploads\/2025\/05\/IMG_5613-768x1024.jpg);\" data-width=\"1920\" data-height=\"2560\" data-i=\"2\" >\r\n<img decoding=\"async\" src=\"https:\/\/webpe.colegiomayor.cl\/wp-content\/uploads\/2025\/05\/IMG_5613-768x1024.jpg\" title=\"IMG_5613\" alt=\"\" \/>\r\n<\/div><\/a>\n<\/div>\n <\/div><\/dl>\n<dl class=\"gt3pg_gallery-item gt3pg_element\"><div class=\"gt3pg_item_main_wrapper\"><div class=\"gt3pg_item-wrapper\"><a href=\"https:\/\/webpe.colegiomayor.cl\/wp-content\/uploads\/2025\/05\/IMG_5576-768x1024.jpg\" class=\"gt3pg_swipebox \" data-description=\"\"><div class=\"gt3pg_img_wrap portrait\" style=\"background-image: url(https:\/\/webpe.colegiomayor.cl\/wp-content\/uploads\/2025\/05\/IMG_5576-768x1024.jpg);\" data-width=\"1920\" data-height=\"2560\" data-i=\"3\" >\r\n<img decoding=\"async\" src=\"https:\/\/webpe.colegiomayor.cl\/wp-content\/uploads\/2025\/05\/IMG_5576-768x1024.jpg\" title=\"IMG_5576\" alt=\"\" \/>\r\n<\/div><\/a>\n<\/div>\n <\/div><\/dl>\n<dl class=\"gt3pg_gallery-item gt3pg_element\"><div class=\"gt3pg_item_main_wrapper\"><div class=\"gt3pg_item-wrapper\"><a href=\"https:\/\/webpe.colegiomayor.cl\/wp-content\/uploads\/2025\/05\/IMG_5558-768x463.jpg\" class=\"gt3pg_swipebox \" data-description=\"\"><div class=\"gt3pg_img_wrap landscape\" style=\"background-image: url(https:\/\/webpe.colegiomayor.cl\/wp-content\/uploads\/2025\/05\/IMG_5558-768x463.jpg);\" data-width=\"2560\" data-height=\"1545\" data-i=\"4\" >\r\n<img decoding=\"async\" src=\"https:\/\/webpe.colegiomayor.cl\/wp-content\/uploads\/2025\/05\/IMG_5558-768x463.jpg\" title=\"IMG_5558\" alt=\"\" \/>\r\n<\/div><\/a>\n<\/div>\n <\/div><\/dl>\n<dl class=\"gt3pg_gallery-item gt3pg_element\"><div class=\"gt3pg_item_main_wrapper\"><div class=\"gt3pg_item-wrapper\"><a href=\"https:\/\/webpe.colegiomayor.cl\/wp-content\/uploads\/2025\/05\/IMG_5557-1-768x560.jpg\" class=\"gt3pg_swipebox \" data-description=\"\"><div class=\"gt3pg_img_wrap landscape\" style=\"background-image: url(https:\/\/webpe.colegiomayor.cl\/wp-content\/uploads\/2025\/05\/IMG_5557-1-768x560.jpg);\" data-width=\"2560\" data-height=\"1866\" data-i=\"5\" >\r\n<img decoding=\"async\" src=\"https:\/\/webpe.colegiomayor.cl\/wp-content\/uploads\/2025\/05\/IMG_5557-1-768x560.jpg\" title=\"IMG_5557\" alt=\"\" \/>\r\n<\/div><\/a>\n<\/div>\n <\/div><\/dl>\n<\/div>\n <style type='text\/css'>\r\n\t\t\t#gt3pg_gallery1 .gt3pg_item_main_wrapper {\r\n\t\t\t\tpadding: 15px\r\n\t\t\t}\r\n\t\t\t<\/style>\n\t\t","protected":false},"excerpt":{"rendered":"<p>Tras dise\u00f1ar un proyecto que busca reducir la contaminaci\u00f3n atmosf\u00e9rica mediante un filtro de aire elaborado con zeolita, el joven de 14 a\u00f1os de nuestro Colegio Mayor de Pe\u00f1alol\u00e9n, ser\u00e1 uno de los j\u00f3venes participantes del evento organizado por Congreso Futuro, el Senado de Chile&nbsp;<a href=\"https:\/\/webpe.colegiomayor.cl\/?p=39082\">&hellip;<\/a><\/p>\n","protected":false},"author":11,"featured_media":39085,"comment_status":"closed","ping_status":"closed","sticky":false,"template":"","format":"standard","meta":{"content-type":"","footnotes":""},"categories":[23,24,38,44,29],"tags":[],"class_list":["post-39082","post","type-post","status-publish","format-standard","has-post-thumbnail","hentry","category-actualidad","category-comunicaciones","category-comunicaciones-news","category-noticias","category-orientacion","odd"],"rttpg_featured_image_url":{"full":["https:\/\/webpe.colegiomayor.cl\/wp-content\/uploads\/2025\/08\/esteban-filtro-zeolita-ciencias-joven-cientifico.jpg",1440,810,false],"landscape":["https:\/\/webpe.colegiomayor.cl\/wp-content\/uploads\/2025\/08\/esteban-filtro-zeolita-ciencias-joven-cientifico.jpg",1440,810,false],"portraits":["https:\/\/webpe.colegiomayor.cl\/wp-content\/uploads\/2025\/08\/esteban-filtro-zeolita-ciencias-joven-cientifico.jpg",1440,810,false],"thumbnail":["https:\/\/webpe.colegiomayor.cl\/wp-content\/uploads\/2025\/08\/esteban-filtro-zeolita-ciencias-joven-cientifico-150x150.jpg",150,150,true],"medium":["https:\/\/webpe.colegiomayor.cl\/wp-content\/uploads\/2025\/08\/esteban-filtro-zeolita-ciencias-joven-cientifico-300x169.jpg",300,169,true],"large":["https:\/\/webpe.colegiomayor.cl\/wp-content\/uploads\/2025\/08\/esteban-filtro-zeolita-ciencias-joven-cientifico-1024x576.jpg",1024,576,true],"1536x1536":["https:\/\/webpe.colegiomayor.cl\/wp-content\/uploads\/2025\/08\/esteban-filtro-zeolita-ciencias-joven-cientifico-1440x810.jpg",1440,810,true],"2048x2048":["https:\/\/webpe.colegiomayor.cl\/wp-content\/uploads\/2025\/08\/esteban-filtro-zeolita-ciencias-joven-cientifico-1440x810.jpg",1440,810,true],"post-thumbnail":["https:\/\/webpe.colegiomayor.cl\/wp-content\/uploads\/2025\/08\/esteban-filtro-zeolita-ciencias-joven-cientifico-150x84.jpg",150,84,true],"ed-school-featured-image":["https:\/\/webpe.colegiomayor.cl\/wp-content\/uploads\/2025\/08\/esteban-filtro-zeolita-ciencias-joven-cientifico-990x500.jpg",990,500,true],"ed-school-medium":["https:\/\/webpe.colegiomayor.cl\/wp-content\/uploads\/2025\/08\/esteban-filtro-zeolita-ciencias-joven-cientifico-768x510.jpg",768,510,true],"ed-school-medium-alt":["https:\/\/webpe.colegiomayor.cl\/wp-content\/uploads\/2025\/08\/esteban-filtro-zeolita-ciencias-joven-cientifico-768x410.jpg",768,410,true],"ed-school-square":["https:\/\/webpe.colegiomayor.cl\/wp-content\/uploads\/2025\/08\/esteban-filtro-zeolita-ciencias-joven-cientifico-768x768.jpg",768,768,true],"ed-school-square-small":["https:\/\/webpe.colegiomayor.cl\/wp-content\/uploads\/2025\/08\/esteban-filtro-zeolita-ciencias-joven-cientifico-420x420.jpg",420,420,true]},"rttpg_author":{"display_name":"Francisco Arriagada","author_link":"https:\/\/webpe.colegiomayor.cl\/?author=11"},"rttpg_comment":0,"rttpg_category":"<a href=\"https:\/\/webpe.colegiomayor.cl\/?cat=23\" rel=\"category\">COLEGIO<\/a> <a href=\"https:\/\/webpe.colegiomayor.cl\/?cat=24\" rel=\"category\">COMUNICACIONES<\/a> <a href=\"https:\/\/webpe.colegiomayor.cl\/?cat=38\" rel=\"category\">Comunicaciones-NEWS<\/a> <a href=\"https:\/\/webpe.colegiomayor.cl\/?cat=44\" rel=\"category\">NOTICIAS<\/a> <a href=\"https:\/\/webpe.colegiomayor.cl\/?cat=29\" rel=\"category\">RUTA DE APRENDIZAJE<\/a>","rttpg_excerpt":"Tras dise\u00f1ar un proyecto que busca reducir la contaminaci\u00f3n atmosf\u00e9rica mediante un filtro de aire elaborado con zeolita, el joven de 14 a\u00f1os de nuestro Colegio Mayor de Pe\u00f1alol\u00e9n, ser\u00e1 uno de los j\u00f3venes participantes del evento organizado por Congreso Futuro, el Senado de Chile&nbsp;&hellip;","_links":{"self":[{"href":"https:\/\/webpe.colegiomayor.cl\/index.php?rest_route=\/wp\/v2\/posts\/39082","targetHints":{"allow":["GET"]}}],"collection":[{"href":"https:\/\/webpe.colegiomayor.cl\/index.php?rest_route=\/wp\/v2\/posts"}],"about":[{"href":"https:\/\/webpe.colegiomayor.cl\/index.php?rest_route=\/wp\/v2\/types\/post"}],"author":[{"embeddable":true,"href":"https:\/\/webpe.colegiomayor.cl\/index.php?rest_route=\/wp\/v2\/users\/11"}],"replies":[{"embeddable":true,"href":"https:\/\/webpe.colegiomayor.cl\/index.php?rest_route=%2Fwp%2Fv2%2Fcomments&post=39082"}],"version-history":[{"count":1,"href":"https:\/\/webpe.colegiomayor.cl\/index.php?rest_route=\/wp\/v2\/posts\/39082\/revisions"}],"predecessor-version":[{"id":39086,"href":"https:\/\/webpe.colegiomayor.cl\/index.php?rest_route=\/wp\/v2\/posts\/39082\/revisions\/39086"}],"wp:featuredmedia":[{"embeddable":true,"href":"https:\/\/webpe.colegiomayor.cl\/index.php?rest_route=\/wp\/v2\/media\/39085"}],"wp:attachment":[{"href":"https:\/\/webpe.colegiomayor.cl\/index.php?rest_route=%2Fwp%2Fv2%2Fmedia&parent=39082"}],"wp:term":[{"taxonomy":"category","embeddable":true,"href":"https:\/\/webpe.colegiomayor.cl\/index.php?rest_route=%2Fwp%2Fv2%2Fcategories&post=39082"},{"taxonomy":"post_tag","embeddable":true,"href":"https:\/\/webpe.colegiomayor.cl\/index.php?rest_route=%2Fwp%2Fv2%2Ftags&post=39082"}],"curies":[{"name":"wp","href":"https:\/\/api.w.org\/{rel}","templated":true}]}}