{"id":39071,"date":"2025-08-06T11:22:09","date_gmt":"2025-08-06T14:22:09","guid":{"rendered":"https:\/\/webpe.colegiomayor.cl\/?p=39071"},"modified":"2025-08-06T11:28:02","modified_gmt":"2025-08-06T14:28:02","slug":"atletas-del-area-de-medio-fondo-destacan-en-tradicional-cross-country-de-talagante","status":"publish","type":"post","link":"https:\/\/webpe.colegiomayor.cl\/?p=39071","title":{"rendered":"Atletas del \u00e1rea de medio fondo destacan en tradicional Cross Country de Talagante"},"content":{"rendered":"\n<p>El pasado domingo 3 de agosto, la selecci\u00f3n de atletismo del \u00e1rea de medio fondo particip\u00f3 en una nueva edici\u00f3n del tradicional Cross Country de la comuna de Talagante, obteniendo destacados resultados en diversas categor\u00edas.<\/p>\n\n\n\n<p>Entre los logros m\u00e1s relevantes se encuentran:<\/p>\n\n\n\n<ul class=\"wp-block-list\">\n<li><strong>Luciano Bahamondes<\/strong>, 2\u00b0 lugar en categor\u00eda Intermedia.<\/li>\n\n\n\n<li><strong>Montserrat Flores<\/strong>, 3\u00b0 lugar en categor\u00eda Infantil.<\/li>\n\n\n\n<li><strong>Aline De Almeida<\/strong>, 4\u00b0 lugar en categor\u00eda Peneca.<\/li>\n\n\n\n<li><strong>Ronald Vera<\/strong> y <strong>Diego Fr\u00edas<\/strong>, 4\u00b0 y 5\u00b0 lugar en categor\u00eda Peneca, respectivamente.<\/li>\n\n\n\n<li><strong>Paula Castillo<\/strong>, 6\u00b0 lugar en categor\u00eda Infantil.<\/li>\n\n\n\n<li><strong>Alonso M\u00e9ndez<\/strong>, 8\u00b0 lugar en categor\u00eda Infantil.<\/li>\n<\/ul>\n\n\n\n<p>La destacada participaci\u00f3n de estos estudiantes refleja el esfuerzo y compromiso del equipo, que contin\u00faa creciendo y proyect\u00e1ndose con fuerza en el \u00e1mbito del atletismo escolar.<\/p>\n\n\n\n<p>La instituci\u00f3n agradece profundamente el apoyo de los apoderados y acompa\u00f1antes que estuvieron presentes durante la jornada, la cual se vivi\u00f3 en un ambiente deportivo y familiar.<\/p>\n\n\n\n<p>Desde ya, el equipo se prepara para su pr\u00f3xima competencia, programada para el <strong>7 de septiembre<\/strong>, con el firme objetivo de seguir en la senda del alto rendimiento y desarrollo deportivo.<\/p>\n\n\n\n<p><strong>\u201cA seguir en la senda del alto vuelo, proyectando a este maravilloso equipo.\u201d<\/strong><\/p>\n\n\n<div id=\"gt3pg_gallery1\" class=\"gt3pg_galleryid-39071 gt3pg_gallery-columns-2 gt3pg_photo_gallery gt3pg-corner-type-rounded gt3pg_hover-default gt3pg-type-rectangle\" data-size=\"thumbnail\" data-type=\"rectangle\" data-corner=\"rounded\" data-link=\"lightbox\" data-margin=\"30\" data-instance=\"1\"><dl class=\"gt3pg_gallery-item gt3pg_element\"><div class=\"gt3pg_item_main_wrapper\"><div class=\"gt3pg_item-wrapper\"><a href=\"https:\/\/webpe.colegiomayor.cl\/wp-content\/uploads\/2025\/08\/WhatsApp-Image-2025-08-03-at-5.44.05-PM.jpeg\" class=\"gt3pg_swipebox \" data-description=\"\"><div class=\"gt3pg_img_wrap portrait\" style=\"background-image: url(https:\/\/webpe.colegiomayor.cl\/wp-content\/uploads\/2025\/08\/WhatsApp-Image-2025-08-03-at-5.44.05-PM.jpeg);\" data-width=\"1200\" data-height=\"1600\" data-i=\"1\" >\r\n<img decoding=\"async\" src=\"https:\/\/webpe.colegiomayor.cl\/wp-content\/uploads\/2025\/08\/WhatsApp-Image-2025-08-03-at-5.44.05-PM.jpeg\" title=\"WhatsApp Image 2025-08-03 at 5.44.05 PM\" alt=\"\" \/>\r\n<\/div><\/a>\n<\/div>\n <\/div><\/dl>\n<dl class=\"gt3pg_gallery-item gt3pg_element\"><div class=\"gt3pg_item_main_wrapper\"><div class=\"gt3pg_item-wrapper\"><a href=\"https:\/\/webpe.colegiomayor.cl\/wp-content\/uploads\/2025\/08\/WhatsApp-Image-2025-08-03-at-5.44.06-PM.jpeg\" class=\"gt3pg_swipebox \" data-description=\"\"><div class=\"gt3pg_img_wrap landscape\" style=\"background-image: url(https:\/\/webpe.colegiomayor.cl\/wp-content\/uploads\/2025\/08\/WhatsApp-Image-2025-08-03-at-5.44.06-PM.jpeg);\" data-width=\"1600\" data-height=\"1200\" data-i=\"2\" >\r\n<img decoding=\"async\" src=\"https:\/\/webpe.colegiomayor.cl\/wp-content\/uploads\/2025\/08\/WhatsApp-Image-2025-08-03-at-5.44.06-PM.jpeg\" title=\"WhatsApp Image 2025-08-03 at 5.44.06 PM\" alt=\"\" \/>\r\n<\/div><\/a>\n<\/div>\n <\/div><\/dl>\n<dl class=\"gt3pg_gallery-item gt3pg_element\"><div class=\"gt3pg_item_main_wrapper\"><div class=\"gt3pg_item-wrapper\"><a href=\"https:\/\/webpe.colegiomayor.cl\/wp-content\/uploads\/2025\/08\/WhatsApp-Image-2025-08-03-at-5.44.07-PM.jpeg\" class=\"gt3pg_swipebox \" data-description=\"\"><div class=\"gt3pg_img_wrap landscape\" style=\"background-image: url(https:\/\/webpe.colegiomayor.cl\/wp-content\/uploads\/2025\/08\/WhatsApp-Image-2025-08-03-at-5.44.07-PM.jpeg);\" data-width=\"1600\" data-height=\"1200\" data-i=\"3\" >\r\n<img decoding=\"async\" src=\"https:\/\/webpe.colegiomayor.cl\/wp-content\/uploads\/2025\/08\/WhatsApp-Image-2025-08-03-at-5.44.07-PM.jpeg\" title=\"WhatsApp Image 2025-08-03 at 5.44.07 PM\" alt=\"\" \/>\r\n<\/div><\/a>\n<\/div>\n <\/div><\/dl>\n<dl class=\"gt3pg_gallery-item gt3pg_element\"><div class=\"gt3pg_item_main_wrapper\"><div class=\"gt3pg_item-wrapper\"><a href=\"https:\/\/webpe.colegiomayor.cl\/wp-content\/uploads\/2025\/08\/WhatsApp-Image-2025-08-03-at-5.44.08-PM.jpeg\" class=\"gt3pg_swipebox \" data-description=\"\"><div class=\"gt3pg_img_wrap landscape\" style=\"background-image: url(https:\/\/webpe.colegiomayor.cl\/wp-content\/uploads\/2025\/08\/WhatsApp-Image-2025-08-03-at-5.44.08-PM.jpeg);\" data-width=\"1600\" data-height=\"1200\" data-i=\"4\" >\r\n<img decoding=\"async\" src=\"https:\/\/webpe.colegiomayor.cl\/wp-content\/uploads\/2025\/08\/WhatsApp-Image-2025-08-03-at-5.44.08-PM.jpeg\" title=\"WhatsApp Image 2025-08-03 at 5.44.08 PM\" alt=\"\" \/>\r\n<\/div><\/a>\n<\/div>\n <\/div><\/dl>\n<\/div>\n <style type='text\/css'>\r\n\t\t\t#gt3pg_gallery1 .gt3pg_item_main_wrapper {\r\n\t\t\t\tpadding: 15px\r\n\t\t\t}\r\n\t\t\t<\/style>\n\t\t","protected":false},"excerpt":{"rendered":"<p>El pasado domingo 3 de agosto, la selecci\u00f3n de atletismo del \u00e1rea de medio fondo particip\u00f3 en una nueva edici\u00f3n del tradicional Cross Country de la comuna de Talagante, obteniendo destacados resultados en diversas categor\u00edas. Entre los logros m\u00e1s relevantes se encuentran: La destacada participaci\u00f3n&nbsp;<a href=\"https:\/\/webpe.colegiomayor.cl\/?p=39071\">&hellip;<\/a><\/p>\n","protected":false},"author":11,"featured_media":39073,"comment_status":"closed","ping_status":"closed","sticky":false,"template":"","format":"standard","meta":{"content-type":"","footnotes":""},"categories":[24,38,25,44],"tags":[82,83,85,81,86,84],"class_list":["post-39071","post","type-post","status-publish","format-standard","has-post-thumbnail","hentry","category-comunicaciones","category-comunicaciones-news","category-deportes","category-noticias","tag-atletas","tag-atletismo","tag-cross","tag-cross-country","tag-estudiantes","tag-trekking","odd"],"rttpg_featured_image_url":{"full":["https:\/\/webpe.colegiomayor.cl\/wp-content\/uploads\/2025\/08\/WhatsApp-Image-2025-08-03-at-5.44.06-PM.jpeg",1600,1200,false],"landscape":["https:\/\/webpe.colegiomayor.cl\/wp-content\/uploads\/2025\/08\/WhatsApp-Image-2025-08-03-at-5.44.06-PM.jpeg",1600,1200,false],"portraits":["https:\/\/webpe.colegiomayor.cl\/wp-content\/uploads\/2025\/08\/WhatsApp-Image-2025-08-03-at-5.44.06-PM.jpeg",1600,1200,false],"thumbnail":["https:\/\/webpe.colegiomayor.cl\/wp-content\/uploads\/2025\/08\/WhatsApp-Image-2025-08-03-at-5.44.06-PM-150x150.jpeg",150,150,true],"medium":["https:\/\/webpe.colegiomayor.cl\/wp-content\/uploads\/2025\/08\/WhatsApp-Image-2025-08-03-at-5.44.06-PM-300x225.jpeg",300,225,true],"large":["https:\/\/webpe.colegiomayor.cl\/wp-content\/uploads\/2025\/08\/WhatsApp-Image-2025-08-03-at-5.44.06-PM-1024x768.jpeg",1024,768,true],"1536x1536":["https:\/\/webpe.colegiomayor.cl\/wp-content\/uploads\/2025\/08\/WhatsApp-Image-2025-08-03-at-5.44.06-PM-1536x1152.jpeg",1536,1152,true],"2048x2048":["https:\/\/webpe.colegiomayor.cl\/wp-content\/uploads\/2025\/08\/WhatsApp-Image-2025-08-03-at-5.44.06-PM-1600x1200.jpeg",1600,1200,true],"post-thumbnail":["https:\/\/webpe.colegiomayor.cl\/wp-content\/uploads\/2025\/08\/WhatsApp-Image-2025-08-03-at-5.44.06-PM-150x113.jpeg",150,113,true],"ed-school-featured-image":["https:\/\/webpe.colegiomayor.cl\/wp-content\/uploads\/2025\/08\/WhatsApp-Image-2025-08-03-at-5.44.06-PM-990x500.jpeg",990,500,true],"ed-school-medium":["https:\/\/webpe.colegiomayor.cl\/wp-content\/uploads\/2025\/08\/WhatsApp-Image-2025-08-03-at-5.44.06-PM-768x510.jpeg",768,510,true],"ed-school-medium-alt":["https:\/\/webpe.colegiomayor.cl\/wp-content\/uploads\/2025\/08\/WhatsApp-Image-2025-08-03-at-5.44.06-PM-768x410.jpeg",768,410,true],"ed-school-square":["https:\/\/webpe.colegiomayor.cl\/wp-content\/uploads\/2025\/08\/WhatsApp-Image-2025-08-03-at-5.44.06-PM-768x768.jpeg",768,768,true],"ed-school-square-small":["https:\/\/webpe.colegiomayor.cl\/wp-content\/uploads\/2025\/08\/WhatsApp-Image-2025-08-03-at-5.44.06-PM-420x420.jpeg",420,420,true]},"rttpg_author":{"display_name":"Francisco Arriagada","author_link":"https:\/\/webpe.colegiomayor.cl\/?author=11"},"rttpg_comment":0,"rttpg_category":"<a href=\"https:\/\/webpe.colegiomayor.cl\/?cat=24\" rel=\"category\">COMUNICACIONES<\/a> <a href=\"https:\/\/webpe.colegiomayor.cl\/?cat=38\" rel=\"category\">Comunicaciones-NEWS<\/a> <a href=\"https:\/\/webpe.colegiomayor.cl\/?cat=25\" rel=\"category\">DEPORTES<\/a> <a href=\"https:\/\/webpe.colegiomayor.cl\/?cat=44\" rel=\"category\">NOTICIAS<\/a>","rttpg_excerpt":"El pasado domingo 3 de agosto, la selecci\u00f3n de atletismo del \u00e1rea de medio fondo particip\u00f3 en una nueva edici\u00f3n del tradicional Cross Country de la comuna de Talagante, obteniendo destacados resultados en diversas categor\u00edas. Entre los logros m\u00e1s relevantes se encuentran: La destacada participaci\u00f3n&nbsp;&hellip;","_links":{"self":[{"href":"https:\/\/webpe.colegiomayor.cl\/index.php?rest_route=\/wp\/v2\/posts\/39071","targetHints":{"allow":["GET"]}}],"collection":[{"href":"https:\/\/webpe.colegiomayor.cl\/index.php?rest_route=\/wp\/v2\/posts"}],"about":[{"href":"https:\/\/webpe.colegiomayor.cl\/index.php?rest_route=\/wp\/v2\/types\/post"}],"author":[{"embeddable":true,"href":"https:\/\/webpe.colegiomayor.cl\/index.php?rest_route=\/wp\/v2\/users\/11"}],"replies":[{"embeddable":true,"href":"https:\/\/webpe.colegiomayor.cl\/index.php?rest_route=%2Fwp%2Fv2%2Fcomments&post=39071"}],"version-history":[{"count":1,"href":"https:\/\/webpe.colegiomayor.cl\/index.php?rest_route=\/wp\/v2\/posts\/39071\/revisions"}],"predecessor-version":[{"id":39077,"href":"https:\/\/webpe.colegiomayor.cl\/index.php?rest_route=\/wp\/v2\/posts\/39071\/revisions\/39077"}],"wp:featuredmedia":[{"embeddable":true,"href":"https:\/\/webpe.colegiomayor.cl\/index.php?rest_route=\/wp\/v2\/media\/39073"}],"wp:attachment":[{"href":"https:\/\/webpe.colegiomayor.cl\/index.php?rest_route=%2Fwp%2Fv2%2Fmedia&parent=39071"}],"wp:term":[{"taxonomy":"category","embeddable":true,"href":"https:\/\/webpe.colegiomayor.cl\/index.php?rest_route=%2Fwp%2Fv2%2Fcategories&post=39071"},{"taxonomy":"post_tag","embeddable":true,"href":"https:\/\/webpe.colegiomayor.cl\/index.php?rest_route=%2Fwp%2Fv2%2Ftags&post=39071"}],"curies":[{"name":"wp","href":"https:\/\/api.w.org\/{rel}","templated":true}]}}