{"id":39066,"date":"2025-08-04T15:17:49","date_gmt":"2025-08-04T18:17:49","guid":{"rendered":"https:\/\/webpe.colegiomayor.cl\/?p=39066"},"modified":"2025-08-06T11:22:02","modified_gmt":"2025-08-06T14:22:02","slug":"gimnastas-del-colegio-mayor-lideran-la-decima-fecha-de-la-lega-y-encabezan-el-ranking-general","status":"publish","type":"post","link":"https:\/\/webpe.colegiomayor.cl\/?p=39066","title":{"rendered":"Gimnastas del Colegio Mayor lideran la d\u00e9cima fecha de la LEGA y encabezan el ranking general"},"content":{"rendered":"\n<p>El pasado s\u00e1bado 2 de agosto se desarroll\u00f3 la d\u00e9cima fecha de la Liga Escolar de Gimnasia Art\u00edstica (LEGA), en las instalaciones del Colegio La Maisonnette. Esta jornada marc\u00f3 el cierre del calendario competitivo del primer semestre y cont\u00f3 con la participaci\u00f3n de gimnastas en los niveles 4, 5, 6 y 7.<\/p>\n\n\n\n<p>El Colegio Mayor se present\u00f3 con equipo completo, integrado por diez gimnastas que compitieron con un alto nivel t\u00e9cnico, destacando por su disciplina y compromiso en cada una de las rutinas.<\/p>\n\n\n\n<p>En la sumatoria del All Around, el rendimiento individual fue especialmente sobresaliente. En particular, se destac\u00f3 Matilde Lobos, quien obtuvo el primer lugar en el nivel 4, franja 3, y logr\u00f3 ascender al nivel 5, como resultado de un trabajo sostenido a lo largo de la temporada.<\/p>\n\n\n\n<p>En la competencia por equipos, el Colegio Mayor obtuvo el primer lugar, consolidando una destacada campa\u00f1a durante el semestre. Este resultado, sumado a lo alcanzado en fechas anteriores, permiti\u00f3 que el colegio se ubicara en el primer lugar del ranking general por instituciones, reflejando el esfuerzo conjunto del equipo t\u00e9cnico, las deportistas y sus familias.<\/p>\n\n\n\n<figure class=\"wp-block-gallery has-nested-images columns-default is-cropped wp-block-gallery-1 is-layout-flex wp-block-gallery-is-layout-flex\">\n<figure class=\"wp-block-image size-large\"><img loading=\"lazy\" decoding=\"async\" width=\"768\" height=\"1024\" data-id=\"39069\" src=\"https:\/\/webpe.colegiomayor.cl\/wp-content\/uploads\/2025\/08\/IMG_8699-768x1024.jpeg\" alt=\"\" class=\"wp-image-39069\" srcset=\"https:\/\/webpe.colegiomayor.cl\/wp-content\/uploads\/2025\/08\/IMG_8699-768x1024.jpeg 768w, https:\/\/webpe.colegiomayor.cl\/wp-content\/uploads\/2025\/08\/IMG_8699-225x300.jpeg 225w, https:\/\/webpe.colegiomayor.cl\/wp-content\/uploads\/2025\/08\/IMG_8699-1152x1536.jpeg 1152w, https:\/\/webpe.colegiomayor.cl\/wp-content\/uploads\/2025\/08\/IMG_8699-1536x2048.jpeg 1536w, https:\/\/webpe.colegiomayor.cl\/wp-content\/uploads\/2025\/08\/IMG_8699-113x150.jpeg 113w, https:\/\/webpe.colegiomayor.cl\/wp-content\/uploads\/2025\/08\/IMG_8699-scaled.jpeg 1920w\" sizes=\"auto, (max-width: 768px) 100vw, 768px\" \/><\/figure>\n\n\n\n<figure class=\"wp-block-image size-large\"><img loading=\"lazy\" decoding=\"async\" width=\"768\" height=\"1024\" data-id=\"39068\" src=\"https:\/\/webpe.colegiomayor.cl\/wp-content\/uploads\/2025\/08\/ce0ea873-5300-46d9-9637-87209af6d9a4-768x1024.jpeg\" alt=\"\" class=\"wp-image-39068\" srcset=\"https:\/\/webpe.colegiomayor.cl\/wp-content\/uploads\/2025\/08\/ce0ea873-5300-46d9-9637-87209af6d9a4-768x1024.jpeg 768w, https:\/\/webpe.colegiomayor.cl\/wp-content\/uploads\/2025\/08\/ce0ea873-5300-46d9-9637-87209af6d9a4-225x300.jpeg 225w, https:\/\/webpe.colegiomayor.cl\/wp-content\/uploads\/2025\/08\/ce0ea873-5300-46d9-9637-87209af6d9a4-1152x1536.jpeg 1152w, https:\/\/webpe.colegiomayor.cl\/wp-content\/uploads\/2025\/08\/ce0ea873-5300-46d9-9637-87209af6d9a4-113x150.jpeg 113w, https:\/\/webpe.colegiomayor.cl\/wp-content\/uploads\/2025\/08\/ce0ea873-5300-46d9-9637-87209af6d9a4.jpeg 1200w\" sizes=\"auto, (max-width: 768px) 100vw, 768px\" \/><\/figure>\n<\/figure>\n","protected":false},"excerpt":{"rendered":"<p>El pasado s\u00e1bado 2 de agosto se desarroll\u00f3 la d\u00e9cima fecha de la Liga Escolar de Gimnasia Art\u00edstica (LEGA), en las instalaciones del Colegio La Maisonnette. Esta jornada marc\u00f3 el cierre del calendario competitivo del primer semestre y cont\u00f3 con la participaci\u00f3n de gimnastas en&nbsp;<a href=\"https:\/\/webpe.colegiomayor.cl\/?p=39066\">&hellip;<\/a><\/p>\n","protected":false},"author":11,"featured_media":39067,"comment_status":"closed","ping_status":"closed","sticky":false,"template":"","format":"standard","meta":{"content-type":"","footnotes":""},"categories":[24,38,25,44],"tags":[62,61,63,64],"class_list":["post-39066","post","type-post","status-publish","format-standard","has-post-thumbnail","hentry","category-comunicaciones","category-comunicaciones-news","category-deportes","category-noticias","tag-gimnasia","tag-gimnasia-artistica","tag-lega","tag-liga-escolar","odd"],"rttpg_featured_image_url":{"full":["https:\/\/webpe.colegiomayor.cl\/wp-content\/uploads\/2025\/08\/seleccion-gimnasia.png",1440,810,false],"landscape":["https:\/\/webpe.colegiomayor.cl\/wp-content\/uploads\/2025\/08\/seleccion-gimnasia.png",1440,810,false],"portraits":["https:\/\/webpe.colegiomayor.cl\/wp-content\/uploads\/2025\/08\/seleccion-gimnasia.png",1440,810,false],"thumbnail":["https:\/\/webpe.colegiomayor.cl\/wp-content\/uploads\/2025\/08\/seleccion-gimnasia-150x150.png",150,150,true],"medium":["https:\/\/webpe.colegiomayor.cl\/wp-content\/uploads\/2025\/08\/seleccion-gimnasia-300x169.png",300,169,true],"large":["https:\/\/webpe.colegiomayor.cl\/wp-content\/uploads\/2025\/08\/seleccion-gimnasia-1024x576.png",1024,576,true],"1536x1536":["https:\/\/webpe.colegiomayor.cl\/wp-content\/uploads\/2025\/08\/seleccion-gimnasia-1440x810.png",1440,810,true],"2048x2048":["https:\/\/webpe.colegiomayor.cl\/wp-content\/uploads\/2025\/08\/seleccion-gimnasia-1440x810.png",1440,810,true],"post-thumbnail":["https:\/\/webpe.colegiomayor.cl\/wp-content\/uploads\/2025\/08\/seleccion-gimnasia-150x84.png",150,84,true],"ed-school-featured-image":["https:\/\/webpe.colegiomayor.cl\/wp-content\/uploads\/2025\/08\/seleccion-gimnasia-990x500.png",990,500,true],"ed-school-medium":["https:\/\/webpe.colegiomayor.cl\/wp-content\/uploads\/2025\/08\/seleccion-gimnasia-768x510.png",768,510,true],"ed-school-medium-alt":["https:\/\/webpe.colegiomayor.cl\/wp-content\/uploads\/2025\/08\/seleccion-gimnasia-768x410.png",768,410,true],"ed-school-square":["https:\/\/webpe.colegiomayor.cl\/wp-content\/uploads\/2025\/08\/seleccion-gimnasia-768x768.png",768,768,true],"ed-school-square-small":["https:\/\/webpe.colegiomayor.cl\/wp-content\/uploads\/2025\/08\/seleccion-gimnasia-420x420.png",420,420,true]},"rttpg_author":{"display_name":"Francisco Arriagada","author_link":"https:\/\/webpe.colegiomayor.cl\/?author=11"},"rttpg_comment":0,"rttpg_category":"<a href=\"https:\/\/webpe.colegiomayor.cl\/?cat=24\" rel=\"category\">COMUNICACIONES<\/a> <a href=\"https:\/\/webpe.colegiomayor.cl\/?cat=38\" rel=\"category\">Comunicaciones-NEWS<\/a> <a href=\"https:\/\/webpe.colegiomayor.cl\/?cat=25\" rel=\"category\">DEPORTES<\/a> <a href=\"https:\/\/webpe.colegiomayor.cl\/?cat=44\" rel=\"category\">NOTICIAS<\/a>","rttpg_excerpt":"El pasado s\u00e1bado 2 de agosto se desarroll\u00f3 la d\u00e9cima fecha de la Liga Escolar de Gimnasia Art\u00edstica (LEGA), en las instalaciones del Colegio La Maisonnette. Esta jornada marc\u00f3 el cierre del calendario competitivo del primer semestre y cont\u00f3 con la participaci\u00f3n de gimnastas en&nbsp;&hellip;","_links":{"self":[{"href":"https:\/\/webpe.colegiomayor.cl\/index.php?rest_route=\/wp\/v2\/posts\/39066","targetHints":{"allow":["GET"]}}],"collection":[{"href":"https:\/\/webpe.colegiomayor.cl\/index.php?rest_route=\/wp\/v2\/posts"}],"about":[{"href":"https:\/\/webpe.colegiomayor.cl\/index.php?rest_route=\/wp\/v2\/types\/post"}],"author":[{"embeddable":true,"href":"https:\/\/webpe.colegiomayor.cl\/index.php?rest_route=\/wp\/v2\/users\/11"}],"replies":[{"embeddable":true,"href":"https:\/\/webpe.colegiomayor.cl\/index.php?rest_route=%2Fwp%2Fv2%2Fcomments&post=39066"}],"version-history":[{"count":1,"href":"https:\/\/webpe.colegiomayor.cl\/index.php?rest_route=\/wp\/v2\/posts\/39066\/revisions"}],"predecessor-version":[{"id":39070,"href":"https:\/\/webpe.colegiomayor.cl\/index.php?rest_route=\/wp\/v2\/posts\/39066\/revisions\/39070"}],"wp:featuredmedia":[{"embeddable":true,"href":"https:\/\/webpe.colegiomayor.cl\/index.php?rest_route=\/wp\/v2\/media\/39067"}],"wp:attachment":[{"href":"https:\/\/webpe.colegiomayor.cl\/index.php?rest_route=%2Fwp%2Fv2%2Fmedia&parent=39066"}],"wp:term":[{"taxonomy":"category","embeddable":true,"href":"https:\/\/webpe.colegiomayor.cl\/index.php?rest_route=%2Fwp%2Fv2%2Fcategories&post=39066"},{"taxonomy":"post_tag","embeddable":true,"href":"https:\/\/webpe.colegiomayor.cl\/index.php?rest_route=%2Fwp%2Fv2%2Ftags&post=39066"}],"curies":[{"name":"wp","href":"https:\/\/api.w.org\/{rel}","templated":true}]}}