{"id":39050,"date":"2025-08-01T13:21:48","date_gmt":"2025-08-01T16:21:48","guid":{"rendered":"https:\/\/webpe.colegiomayor.cl\/?p=39050"},"modified":"2025-08-01T13:31:32","modified_gmt":"2025-08-01T16:31:32","slug":"actividades-selecciones-deportivas-sabado-2-de-agosto","status":"publish","type":"post","link":"https:\/\/webpe.colegiomayor.cl\/?p=39050","title":{"rendered":"Actividades Selecciones Deportivas &#8211; S\u00e1bado 2 de agosto"},"content":{"rendered":"\n<hr class=\"wp-block-separator has-alpha-channel-opacity\"\/>\n\n\n\n<h2 class=\"wp-block-heading has-cyan-bluish-gray-background-color has-background\">Atletismo<\/h2>\n\n\n\n<p><br><strong>Entrenamiento habitual<\/strong><\/p>\n\n\n\n<ul class=\"wp-block-list\">\n<li><strong>Categor\u00eda Preparatoria e Infantil:<\/strong> de 09:00 a 10:30 horas<\/li>\n\n\n\n<li><strong>Categor\u00eda Intermedia y Superior:<\/strong> de 10:30 a 12:00 horas<\/li>\n<\/ul>\n\n\n\n<p><strong>Profesores a cargo:<\/strong><br>Carlos Soto<br>Mario G\u00f3mez<br>Claudio Ulloa<br>\u00darsula Rebolledo<\/p>\n\n\n\n<hr class=\"wp-block-separator has-alpha-channel-opacity\"\/>\n\n\n\n<p><strong>Domingo 3 de agosto<\/strong><br><strong>Competencia Cross Country<\/strong><\/p>\n\n\n\n<p><strong>Profesor a cargo:<\/strong> Claudio Ulloa<\/p>\n\n\n\n<p><strong>Lugar:<\/strong> Parque Tegualda, Talagante<\/p>\n\n\n\n<p><strong>Direcci\u00f3n:<\/strong> Avda. Bernardo O\u2019Higgins #3201, Comuna de Talagante<\/p>\n\n\n\n<p><strong>Hora:<\/strong> 09:00 hrs.<\/p>\n\n\n\n<hr class=\"wp-block-separator has-alpha-channel-opacity\"\/>\n\n\n\n<h2 class=\"wp-block-heading has-cyan-bluish-gray-background-color has-background\">B\u00e1squetbol<\/h2>\n\n\n\n<p><strong>Partido Amistoso<\/strong><br><strong>Rival:<\/strong> Colegio Notre Dame<\/p>\n\n\n\n<ul class=\"wp-block-list\">\n<li><strong>Mini:<\/strong> 09:00 hrs.<\/li>\n\n\n\n<li><strong>Infantil:<\/strong> 10:00 hrs.<\/li>\n\n\n\n<li><strong>Profesor a cargo:<\/strong> Carlos Cerecera<\/li>\n<\/ul>\n\n\n\n<hr class=\"wp-block-separator has-alpha-channel-opacity\"\/>\n\n\n\n<p><strong>Series Intermedia y Superior<\/strong><br><strong>Entrenamiento:<\/strong> de 11:00 a 12:00 hrs.<br><strong>Lugar:<\/strong> Carpeta norte del gimnasio<br><strong>Profesor a cargo:<\/strong> Nicol\u00e1s Ortiz<\/p>\n\n\n\n<p><\/p>\n\n\n\n<hr class=\"wp-block-separator has-alpha-channel-opacity\"\/>\n\n\n\n<h2 class=\"wp-block-heading has-cyan-bluish-gray-background-color has-background\">Gimnasia Art\u00edstica<\/h2>\n\n\n\n<p><strong>Competencia Niveles 4, 5, 6 y 7<\/strong><br><strong>Lugar:<\/strong> Colegio La Maisonnette<br><strong>Citaci\u00f3n:<\/strong> 08:45 hrs.<br><strong>Profesores a cargo:<\/strong><br>Yabhet Oblitas<br>Millaray Albornoz<\/p>\n\n\n\n<hr class=\"wp-block-separator has-alpha-channel-opacity\"\/>\n\n\n\n<p><strong>Entrenamiento<\/strong><\/p>\n\n\n\n<p><strong>Lugar:<\/strong> Carpeta Estadio Mayor<\/p>\n\n\n\n<ul class=\"wp-block-list\">\n<li><strong>Nivel 0 (Inicial):<\/strong> de 09:00 a 10:30 hrs.<\/li>\n\n\n\n<li><strong>Niveles 1 y 2:<\/strong> de 10:30 a 12:00 hrs.<\/li>\n<\/ul>\n\n\n\n<p><strong>Profesores a cargo:<\/strong><br>Loreto Erazo<br>Catalina Cuevas<\/p>\n\n\n\n<hr class=\"wp-block-separator has-alpha-channel-opacity\"\/>\n\n\n\n<h2 class=\"wp-block-heading has-cyan-bluish-gray-background-color has-background\">Nataci\u00f3n<\/h2>\n\n\n\n<p><strong>Entrenamiento<\/strong><\/p>\n\n\n\n<p><strong>Lugar:<\/strong> Piscina Estadio Mayor<\/p>\n\n\n\n<ul class=\"wp-block-list\">\n<li><strong>Grupo Competencia:<\/strong> de 09:00 a 11:00 hrs.<\/li>\n\n\n\n<li><strong>Grupo 1\u00b0 a 5\u00b0 B\u00e1sico:<\/strong> de 11:00 a 12:00 hrs.<\/li>\n<\/ul>\n\n\n\n<p><strong>Profesores a cargo:<\/strong><br>Sim\u00f3n Fern\u00e1ndez<br>Mat\u00edas Jaque<br>Katalina Bravo<\/p>\n\n\n\n<hr class=\"wp-block-separator has-alpha-channel-opacity\"\/>\n\n\n\n<h2 class=\"wp-block-heading has-cyan-bluish-gray-background-color has-background\">Tenis<\/h2>\n\n\n\n<p><strong>Entrenamiento<\/strong><br><strong>Lugar:<\/strong> Cancha techada, Estadio Mayor<\/p>\n\n\n\n<ul class=\"wp-block-list\">\n<li><strong>Primer grupo (Infantil):<\/strong> de 09:00 a 10:30 hrs.<\/li>\n\n\n\n<li><strong>Segundo grupo (Intermedia):<\/strong> de 10:30 a 12:00 hrs.<\/li>\n<\/ul>\n\n\n\n<p><strong>Profesor a cargo:<\/strong><br>Hern\u00e1n P\u00e9rez<\/p>\n\n\n\n<hr class=\"wp-block-separator has-alpha-channel-opacity\"\/>\n\n\n\n<h2 class=\"wp-block-heading has-cyan-bluish-gray-background-color has-background\">Cheerleader<\/h2>\n\n\n\n<p><p data-start=\"72\" data-end=\"132\"><strong data-start=\"72\" data-end=\"89\">Entrenamiento<\/strong><br><strong data-start=\"92\" data-end=\"102\">Lugar:<\/strong> Foro, Colegio Mayor Pe\u00f1alol\u00e9n<\/p><\/p>\n\n\n\n<p><p data-start=\"72\" data-end=\"132\"><strong data-start=\"136\" data-end=\"157\">Categor\u00eda Junior:<\/strong> de 08:30 a 11:00 hrs.<\/p><\/p>\n\n\n\n<p><p data-start=\"72\" data-end=\"132\"><strong data-start=\"184\" data-end=\"205\">Categor\u00eda Senior:<\/strong> de 11:00 a 13:00 hrs.<br><\/p><strong data-start=\"229\" data-end=\"252\">Profesores a cargo:<\/strong><br>Daniela Acu\u00f1a<br>Ricardo Vergara<\/p>\n\n\n\n<hr class=\"wp-block-separator has-alpha-channel-opacity\"\/>\n\n\n\n<h2 class=\"wp-block-heading has-cyan-bluish-gray-background-color has-background\">Voleibol Masculino<\/h2>\n\n\n\n<p><strong>Partido Amistoso<\/strong><br><strong>Rival:<\/strong> SS.CC. Alameda<br><strong>Lugar:<\/strong> Foro, Colegio Mayor Pe\u00f1alol\u00e9n<\/p>\n\n\n\n<ul class=\"wp-block-list\">\n<li><strong>Categor\u00eda Mini:<\/strong> de 09:00 a 10:30 hrs.<\/li>\n\n\n\n<li><strong>Categor\u00eda Infantil:<\/strong> de 10:30 a 12:00 hrs.<\/li>\n<\/ul>\n\n\n\n<p><strong>Profesores a cargo:<\/strong><br>Valent\u00edn Tamayo<br>Joaqu\u00edn M\u00e9ndez<\/p>\n\n\n\n<hr class=\"wp-block-separator has-alpha-channel-opacity\"\/>\n\n\n\n<h2 class=\"wp-block-heading has-cyan-bluish-gray-background-color has-background\">Voleibol Femenino<\/h2>\n\n\n\n<p><strong>Partido Amistoso<\/strong><br><strong>Rival:<\/strong> SS.CC. Alameda<br><strong>Lugar:<\/strong> Foro, Colegio Mayor Pe\u00f1alol\u00e9n<\/p>\n\n\n\n<ul class=\"wp-block-list\">\n<li><strong>Categor\u00eda Mini:<\/strong> de 09:00 a 10:30 hrs.<\/li>\n\n\n\n<li><strong>Categor\u00eda Infantil:<\/strong> de 10:30 a 12:00 hrs.<\/li>\n<\/ul>\n\n\n\n<p><strong>Profesores a cargo:<\/strong><br>Pablo Beltr\u00e1n<br>Christian Henr\u00edquez<\/p>\n\n\n\n<hr class=\"wp-block-separator has-alpha-channel-opacity\"\/>\n\n\n\n<h2 class=\"wp-block-heading has-cyan-bluish-gray-background-color has-background\">F\u00fatbol<\/h2>\n\n\n\n<p><strong>Torneo UC<\/strong><br><strong>Rival:<\/strong> Colegio Padre Hurtado<br><strong>Lugar:<\/strong> Cancha Estadio Mayor<\/p>\n\n\n\n<ul class=\"wp-block-list\">\n<li><strong>Serie Intermedia<\/strong>\n<ul class=\"wp-block-list\">\n<li><strong>Citaci\u00f3n:<\/strong> 08:30 hrs.<\/li>\n\n\n\n<li><strong>Partido:<\/strong> 09:15 hrs.<\/li>\n<\/ul>\n<\/li>\n<\/ul>\n\n\n\n<hr class=\"wp-block-separator has-alpha-channel-opacity\"\/>\n\n\n\n<p><strong>Entrenamiento<\/strong><\/p>\n\n\n\n<ul class=\"wp-block-list\">\n<li><strong>Serie Mini:<\/strong> de 09:00 a 10:00 hrs.<\/li>\n\n\n\n<li><strong>Serie Superior:<\/strong> de 10:00 a 11:00 hrs.<\/li>\n\n\n\n<li><strong>Serie Infantil:<\/strong> de 11:00 a 12:00 hrs.<\/li>\n<\/ul>\n\n\n\n<p><strong>Profesores a cargo:<\/strong><br>Pablo S\u00e1nchez<br>Edgard Vargas<\/p>\n","protected":false},"excerpt":{"rendered":"<p>Atletismo Entrenamiento habitual Profesores a cargo:Carlos SotoMario G\u00f3mezClaudio Ulloa\u00darsula Rebolledo Domingo 3 de agostoCompetencia Cross Country Profesor a cargo: Claudio Ulloa Lugar: Parque Tegualda, Talagante Direcci\u00f3n: Avda. Bernardo O\u2019Higgins #3201, Comuna de Talagante Hora: 09:00 hrs. B\u00e1squetbol Partido AmistosoRival: Colegio Notre Dame Series Intermedia y&nbsp;<a href=\"https:\/\/webpe.colegiomayor.cl\/?p=39050\">&hellip;<\/a><\/p>\n","protected":false},"author":11,"featured_media":38922,"comment_status":"closed","ping_status":"closed","sticky":false,"template":"","format":"standard","meta":{"content-type":"","footnotes":""},"categories":[25,44],"tags":[],"class_list":["post-39050","post","type-post","status-publish","format-standard","has-post-thumbnail","hentry","category-deportes","category-noticias","odd"],"rttpg_featured_image_url":{"full":["https:\/\/webpe.colegiomayor.cl\/wp-content\/uploads\/2025\/07\/basket-court.jpeg",1600,896,false],"landscape":["https:\/\/webpe.colegiomayor.cl\/wp-content\/uploads\/2025\/07\/basket-court.jpeg",1600,896,false],"portraits":["https:\/\/webpe.colegiomayor.cl\/wp-content\/uploads\/2025\/07\/basket-court.jpeg",1600,896,false],"thumbnail":["https:\/\/webpe.colegiomayor.cl\/wp-content\/uploads\/2025\/07\/basket-court-150x150.jpeg",150,150,true],"medium":["https:\/\/webpe.colegiomayor.cl\/wp-content\/uploads\/2025\/07\/basket-court-300x168.jpeg",300,168,true],"large":["https:\/\/webpe.colegiomayor.cl\/wp-content\/uploads\/2025\/07\/basket-court-1024x573.jpeg",1024,573,true],"1536x1536":["https:\/\/webpe.colegiomayor.cl\/wp-content\/uploads\/2025\/07\/basket-court-1536x860.jpeg",1536,860,true],"2048x2048":["https:\/\/webpe.colegiomayor.cl\/wp-content\/uploads\/2025\/07\/basket-court-1600x896.jpeg",1600,896,true],"post-thumbnail":["https:\/\/webpe.colegiomayor.cl\/wp-content\/uploads\/2025\/07\/basket-court-150x84.jpeg",150,84,true],"ed-school-featured-image":["https:\/\/webpe.colegiomayor.cl\/wp-content\/uploads\/2025\/07\/basket-court-990x500.jpeg",990,500,true],"ed-school-medium":["https:\/\/webpe.colegiomayor.cl\/wp-content\/uploads\/2025\/07\/basket-court-768x510.jpeg",768,510,true],"ed-school-medium-alt":["https:\/\/webpe.colegiomayor.cl\/wp-content\/uploads\/2025\/07\/basket-court-768x410.jpeg",768,410,true],"ed-school-square":["https:\/\/webpe.colegiomayor.cl\/wp-content\/uploads\/2025\/07\/basket-court-768x768.jpeg",768,768,true],"ed-school-square-small":["https:\/\/webpe.colegiomayor.cl\/wp-content\/uploads\/2025\/07\/basket-court-420x420.jpeg",420,420,true]},"rttpg_author":{"display_name":"Francisco Arriagada","author_link":"https:\/\/webpe.colegiomayor.cl\/?author=11"},"rttpg_comment":0,"rttpg_category":"<a href=\"https:\/\/webpe.colegiomayor.cl\/?cat=25\" rel=\"category\">DEPORTES<\/a> <a href=\"https:\/\/webpe.colegiomayor.cl\/?cat=44\" rel=\"category\">NOTICIAS<\/a>","rttpg_excerpt":"Atletismo Entrenamiento habitual Profesores a cargo:Carlos SotoMario G\u00f3mezClaudio Ulloa\u00darsula Rebolledo Domingo 3 de agostoCompetencia Cross Country Profesor a cargo: Claudio Ulloa Lugar: Parque Tegualda, Talagante Direcci\u00f3n: Avda. Bernardo O\u2019Higgins #3201, Comuna de Talagante Hora: 09:00 hrs. B\u00e1squetbol Partido AmistosoRival: Colegio Notre Dame Series Intermedia y&nbsp;&hellip;","_links":{"self":[{"href":"https:\/\/webpe.colegiomayor.cl\/index.php?rest_route=\/wp\/v2\/posts\/39050","targetHints":{"allow":["GET"]}}],"collection":[{"href":"https:\/\/webpe.colegiomayor.cl\/index.php?rest_route=\/wp\/v2\/posts"}],"about":[{"href":"https:\/\/webpe.colegiomayor.cl\/index.php?rest_route=\/wp\/v2\/types\/post"}],"author":[{"embeddable":true,"href":"https:\/\/webpe.colegiomayor.cl\/index.php?rest_route=\/wp\/v2\/users\/11"}],"replies":[{"embeddable":true,"href":"https:\/\/webpe.colegiomayor.cl\/index.php?rest_route=%2Fwp%2Fv2%2Fcomments&post=39050"}],"version-history":[{"count":2,"href":"https:\/\/webpe.colegiomayor.cl\/index.php?rest_route=\/wp\/v2\/posts\/39050\/revisions"}],"predecessor-version":[{"id":39052,"href":"https:\/\/webpe.colegiomayor.cl\/index.php?rest_route=\/wp\/v2\/posts\/39050\/revisions\/39052"}],"wp:featuredmedia":[{"embeddable":true,"href":"https:\/\/webpe.colegiomayor.cl\/index.php?rest_route=\/wp\/v2\/media\/38922"}],"wp:attachment":[{"href":"https:\/\/webpe.colegiomayor.cl\/index.php?rest_route=%2Fwp%2Fv2%2Fmedia&parent=39050"}],"wp:term":[{"taxonomy":"category","embeddable":true,"href":"https:\/\/webpe.colegiomayor.cl\/index.php?rest_route=%2Fwp%2Fv2%2Fcategories&post=39050"},{"taxonomy":"post_tag","embeddable":true,"href":"https:\/\/webpe.colegiomayor.cl\/index.php?rest_route=%2Fwp%2Fv2%2Ftags&post=39050"}],"curies":[{"name":"wp","href":"https:\/\/api.w.org\/{rel}","templated":true}]}}