{"id":38984,"date":"2025-07-28T12:46:50","date_gmt":"2025-07-28T15:46:50","guid":{"rendered":"https:\/\/webpe.colegiomayor.cl\/?p=38984"},"modified":"2025-07-28T12:53:19","modified_gmt":"2025-07-28T15:53:19","slug":"encuentro-de-minivoley-reune-a-jovenes-deportistas-en-una-jornada-llena-de-energia-y-companerismo","status":"publish","type":"post","link":"https:\/\/webpe.colegiomayor.cl\/?p=38984","title":{"rendered":"Encuentro de miniv\u00f3ley re\u00fane a j\u00f3venes deportistas en una jornada llena de energ\u00eda y compa\u00f1erismo"},"content":{"rendered":"\n<h4 class=\"wp-block-heading\">El pasado <strong>s\u00e1bado 26 de julio<\/strong>, nuestro colegio fue sede de una <strong>masiva jornada de miniv\u00f3ley<\/strong>, dirigida a estudiantes de <strong>3\u00b0, 4\u00b0 y 5\u00b0 b\u00e1sico<\/strong>.<\/h4>\n\n\n\n<p>La actividad cont\u00f3 con la participaci\u00f3n especial de los colegios <strong>Trewhela\u2019s<\/strong>, <strong>Lo Barnechea<\/strong> y el <strong>Club Estadio Mayor<\/strong>, quienes se sumaron como invitados a esta enriquecedora instancia deportiva.<\/p>\n\n\n\n<p>M\u00e1s all\u00e1 de ser una <strong>iniciaci\u00f3n al \u00e1mbito competitivo<\/strong>, el encuentro se transform\u00f3 en un valioso espacio de <strong>convivencia, trabajo en equipo e intercambio de experiencias<\/strong> entre ni\u00f1os y ni\u00f1as que comparten la pasi\u00f3n por el deporte.<\/p>\n\n\n\n<p>Nos llena de orgullo el entusiasmo mostrado por cada participante, lo que nos motiva a seguir promoviendo este tipo de actividades que fortalecen los lazos entre comunidades educativas y fomentan una formaci\u00f3n integral.<\/p>\n\n\n\n<p><em>Adjuntamos a continuaci\u00f3n una galer\u00eda con fotograf\u00edas del evento.<\/em><\/p>\n\n\n<style>.uid-9f63a88cfc8e550c  .gt3pg-isotope-item {\n\tpadding-right: 20px;\n\tpadding-bottom: 20px;\n}\n.uid-9f63a88cfc8e550c  .gallery-isotope-wrapper {\n\tmargin-right: -20px;\n\tmargin-bottom: -20px;\n}\n<\/style><div id=\"uid-9f63a88cfc8e550c\" data-gt3pg-block=\"masonry\" data-index=\"1\" class=\"gt3-photo-gallery-pro--isotope_gallery uid-9f63a88cfc8e550c gt3pg-pro--wrapper gt3pg-pro--masonry \">\t\t<div data-cols=\"3\" data-cols-tablet=\"3\" data-cols-mobile=\"2\" class=\"gt3pg-isotope-gallery columns-3 hover-default gallery-masonry corner-standard\" data-settings=\"{&quot;lightbox&quot;:{&quot;enable&quot;:true,&quot;options&quot;:{&quot;instance&quot;:1}},&quot;id&quot;:1,&quot;uid&quot;:&quot;uid-9f63a88cfc8e550c&quot;,&quot;modules&quot;:[&quot;Lightbox&quot;],&quot;lightboxArray&quot;:[{&quot;href&quot;:&quot;https:\\\/\\\/webpe.colegiomayor.cl\\\/wp-content\\\/uploads\\\/2025\\\/07\\\/masivo-26-1.jpg&quot;,&quot;title&quot;:&quot;masivo 26 - 1&quot;,&quot;thumbnail&quot;:&quot;https:\\\/\\\/webpe.colegiomayor.cl\\\/wp-content\\\/uploads\\\/2025\\\/07\\\/masivo-26-1-150x150.jpg&quot;,&quot;description&quot;:&quot;&quot;,&quot;is_video&quot;:0,&quot;image_id&quot;:38985,&quot;width&quot;:1200,&quot;height&quot;:1600},{&quot;href&quot;:&quot;https:\\\/\\\/webpe.colegiomayor.cl\\\/wp-content\\\/uploads\\\/2025\\\/07\\\/masivo-26-2.jpg&quot;,&quot;title&quot;:&quot;masivo 26 - 2&quot;,&quot;thumbnail&quot;:&quot;https:\\\/\\\/webpe.colegiomayor.cl\\\/wp-content\\\/uploads\\\/2025\\\/07\\\/masivo-26-2-150x150.jpg&quot;,&quot;description&quot;:&quot;&quot;,&quot;is_video&quot;:0,&quot;image_id&quot;:38986,&quot;width&quot;:1200,&quot;height&quot;:1600},{&quot;href&quot;:&quot;https:\\\/\\\/webpe.colegiomayor.cl\\\/wp-content\\\/uploads\\\/2025\\\/07\\\/masivo-26-3.jpg&quot;,&quot;title&quot;:&quot;masivo 26 - 3&quot;,&quot;thumbnail&quot;:&quot;https:\\\/\\\/webpe.colegiomayor.cl\\\/wp-content\\\/uploads\\\/2025\\\/07\\\/masivo-26-3-150x150.jpg&quot;,&quot;description&quot;:&quot;&quot;,&quot;is_video&quot;:0,&quot;image_id&quot;:38987,&quot;width&quot;:1600,&quot;height&quot;:1200},{&quot;href&quot;:&quot;https:\\\/\\\/webpe.colegiomayor.cl\\\/wp-content\\\/uploads\\\/2025\\\/07\\\/masivo-26-4.jpg&quot;,&quot;title&quot;:&quot;masivo 26 - 4&quot;,&quot;thumbnail&quot;:&quot;https:\\\/\\\/webpe.colegiomayor.cl\\\/wp-content\\\/uploads\\\/2025\\\/07\\\/masivo-26-4-150x150.jpg&quot;,&quot;description&quot;:&quot;&quot;,&quot;is_video&quot;:0,&quot;image_id&quot;:38988,&quot;width&quot;:1600,&quot;height&quot;:1200}],&quot;items&quot;:[{&quot;href&quot;:&quot;https:\\\/\\\/webpe.colegiomayor.cl\\\/wp-content\\\/uploads\\\/2025\\\/07\\\/masivo-26-1.jpg&quot;,&quot;title&quot;:&quot;masivo 26 - 1&quot;,&quot;thumbnail&quot;:&quot;https:\\\/\\\/webpe.colegiomayor.cl\\\/wp-content\\\/uploads\\\/2025\\\/07\\\/masivo-26-1-150x150.jpg&quot;,&quot;description&quot;:&quot;&quot;,&quot;is_video&quot;:0,&quot;image_id&quot;:38985,&quot;width&quot;:1200,&quot;height&quot;:1600},{&quot;href&quot;:&quot;https:\\\/\\\/webpe.colegiomayor.cl\\\/wp-content\\\/uploads\\\/2025\\\/07\\\/masivo-26-2.jpg&quot;,&quot;title&quot;:&quot;masivo 26 - 2&quot;,&quot;thumbnail&quot;:&quot;https:\\\/\\\/webpe.colegiomayor.cl\\\/wp-content\\\/uploads\\\/2025\\\/07\\\/masivo-26-2-150x150.jpg&quot;,&quot;description&quot;:&quot;&quot;,&quot;is_video&quot;:0,&quot;image_id&quot;:38986,&quot;width&quot;:1200,&quot;height&quot;:1600},{&quot;href&quot;:&quot;https:\\\/\\\/webpe.colegiomayor.cl\\\/wp-content\\\/uploads\\\/2025\\\/07\\\/masivo-26-3.jpg&quot;,&quot;title&quot;:&quot;masivo 26 - 3&quot;,&quot;thumbnail&quot;:&quot;https:\\\/\\\/webpe.colegiomayor.cl\\\/wp-content\\\/uploads\\\/2025\\\/07\\\/masivo-26-3-150x150.jpg&quot;,&quot;description&quot;:&quot;&quot;,&quot;is_video&quot;:0,&quot;image_id&quot;:38987,&quot;width&quot;:1600,&quot;height&quot;:1200},{&quot;href&quot;:&quot;https:\\\/\\\/webpe.colegiomayor.cl\\\/wp-content\\\/uploads\\\/2025\\\/07\\\/masivo-26-4.jpg&quot;,&quot;title&quot;:&quot;masivo 26 - 4&quot;,&quot;thumbnail&quot;:&quot;https:\\\/\\\/webpe.colegiomayor.cl\\\/wp-content\\\/uploads\\\/2025\\\/07\\\/masivo-26-4-150x150.jpg&quot;,&quot;description&quot;:&quot;&quot;,&quot;is_video&quot;:0,&quot;image_id&quot;:38988,&quot;width&quot;:1600,&quot;height&quot;:1200}]}\">\r\n\t\t\t<div class=\"gallery-isotope-wrapper\">\r\n\t\t\t\t<div class=\"gt3pg-isotope-item loading \" ><div class=\"isotope_item-wrapper\"><a href=\"https:\/\/webpe.colegiomayor.cl\/wp-content\/uploads\/2025\/07\/masivo-26-1.jpg\" class=\"gt3pg-lightbox\" data-elementor-open-lightbox=\"no\"><div class=\"img-wrapper \"><img loading=\"lazy\" decoding=\"async\" width=\"768\" height=\"1024\" src=\"https:\/\/webpe.colegiomayor.cl\/wp-content\/uploads\/2025\/07\/masivo-26-1.jpg\" class=\"skip-lazy gt3-lazy-image\" alt=\"\" data-lazy-srcset=\"https:\/\/webpe.colegiomayor.cl\/wp-content\/uploads\/2025\/07\/masivo-26-1.jpg 1200w, https:\/\/webpe.colegiomayor.cl\/wp-content\/uploads\/2025\/07\/masivo-26-1-225x300.jpg 225w, https:\/\/webpe.colegiomayor.cl\/wp-content\/uploads\/2025\/07\/masivo-26-1-768x1024.jpg 768w, https:\/\/webpe.colegiomayor.cl\/wp-content\/uploads\/2025\/07\/masivo-26-1-113x150.jpg 113w\" data-lazy-sizes=\"(max-width: 768px) 100vw, 768px\" data-lazy-src=\"https:\/\/webpe.colegiomayor.cl\/wp-content\/uploads\/2025\/07\/masivo-26-1.jpg?is-pending-load=1\" srcset=\"data:image\/png;base64,iVBORw0KGgoAAAANSUhEUgAAAE0AAABmCAYAAACOYhxFAAAACXBIWXMAAA7EAAAOxAGVKw4bAAAANUlEQVR42u3BgQAAAADDoPlTX+EAVQEAAAAAAAAAAAAAAAAAAAAAAAAAAAAAAAAAAAAAAMBrex4AARQEIPwAAAAASUVORK5CYII=\" \/><\/div><\/a><\/div><\/div><div class=\"gt3pg-isotope-item loading \" ><div class=\"isotope_item-wrapper\"><a href=\"https:\/\/webpe.colegiomayor.cl\/wp-content\/uploads\/2025\/07\/masivo-26-2.jpg\" class=\"gt3pg-lightbox\" data-elementor-open-lightbox=\"no\"><div class=\"img-wrapper \"><img loading=\"lazy\" decoding=\"async\" width=\"768\" height=\"1024\" src=\"https:\/\/webpe.colegiomayor.cl\/wp-content\/uploads\/2025\/07\/masivo-26-2.jpg\" class=\"skip-lazy gt3-lazy-image\" alt=\"\" data-lazy-srcset=\"https:\/\/webpe.colegiomayor.cl\/wp-content\/uploads\/2025\/07\/masivo-26-2.jpg 1200w, https:\/\/webpe.colegiomayor.cl\/wp-content\/uploads\/2025\/07\/masivo-26-2-225x300.jpg 225w, https:\/\/webpe.colegiomayor.cl\/wp-content\/uploads\/2025\/07\/masivo-26-2-768x1024.jpg 768w\" data-lazy-sizes=\"(max-width: 768px) 100vw, 768px\" data-lazy-src=\"https:\/\/webpe.colegiomayor.cl\/wp-content\/uploads\/2025\/07\/masivo-26-2.jpg?is-pending-load=1\" srcset=\"data:image\/png;base64,iVBORw0KGgoAAAANSUhEUgAAAE0AAABmCAYAAACOYhxFAAAACXBIWXMAAA7EAAAOxAGVKw4bAAAANUlEQVR42u3BgQAAAADDoPlTX+EAVQEAAAAAAAAAAAAAAAAAAAAAAAAAAAAAAAAAAAAAAMBrex4AARQEIPwAAAAASUVORK5CYII=\" \/><\/div><\/a><\/div><\/div><div class=\"gt3pg-isotope-item loading \" ><div class=\"isotope_item-wrapper\"><a href=\"https:\/\/webpe.colegiomayor.cl\/wp-content\/uploads\/2025\/07\/masivo-26-3.jpg\" class=\"gt3pg-lightbox\" data-elementor-open-lightbox=\"no\"><div class=\"img-wrapper \"><img loading=\"lazy\" decoding=\"async\" width=\"768\" height=\"576\" src=\"https:\/\/webpe.colegiomayor.cl\/wp-content\/uploads\/2025\/07\/masivo-26-3.jpg\" class=\"skip-lazy gt3-lazy-image\" alt=\"\" data-lazy-srcset=\"https:\/\/webpe.colegiomayor.cl\/wp-content\/uploads\/2025\/07\/masivo-26-3.jpg 1600w, https:\/\/webpe.colegiomayor.cl\/wp-content\/uploads\/2025\/07\/masivo-26-3-300x225.jpg 300w\" data-lazy-sizes=\"(max-width: 768px) 100vw, 768px\" data-lazy-src=\"https:\/\/webpe.colegiomayor.cl\/wp-content\/uploads\/2025\/07\/masivo-26-3.jpg?is-pending-load=1\" srcset=\"data:image\/png;base64,iVBORw0KGgoAAAANSUhEUgAAAE0AAAA5CAYAAABzuqZnAAAACXBIWXMAAA7EAAAOxAGVKw4bAAAAKElEQVR42u3BMQEAAADCoPVPbQlPoAAAAAAAAAAAAAAAAAAAAAAADgZEzQABzhJDggAAAABJRU5ErkJggg==\" \/><\/div><\/a><\/div><\/div><div class=\"gt3pg-isotope-item loading \" ><div class=\"isotope_item-wrapper\"><a href=\"https:\/\/webpe.colegiomayor.cl\/wp-content\/uploads\/2025\/07\/masivo-26-4.jpg\" class=\"gt3pg-lightbox\" data-elementor-open-lightbox=\"no\"><div class=\"img-wrapper \"><img loading=\"lazy\" decoding=\"async\" width=\"768\" height=\"576\" src=\"https:\/\/webpe.colegiomayor.cl\/wp-content\/uploads\/2025\/07\/masivo-26-4.jpg\" class=\"skip-lazy gt3-lazy-image\" alt=\"\" data-lazy-srcset=\"https:\/\/webpe.colegiomayor.cl\/wp-content\/uploads\/2025\/07\/masivo-26-4.jpg 1600w, https:\/\/webpe.colegiomayor.cl\/wp-content\/uploads\/2025\/07\/masivo-26-4-300x225.jpg 300w\" data-lazy-sizes=\"(max-width: 768px) 100vw, 768px\" data-lazy-src=\"https:\/\/webpe.colegiomayor.cl\/wp-content\/uploads\/2025\/07\/masivo-26-4.jpg?is-pending-load=1\" srcset=\"data:image\/png;base64,iVBORw0KGgoAAAANSUhEUgAAAE0AAAA5CAYAAABzuqZnAAAACXBIWXMAAA7EAAAOxAGVKw4bAAAAKElEQVR42u3BMQEAAADCoPVPbQlPoAAAAAAAAAAAAAAAAAAAAAAADgZEzQABzhJDggAAAABJRU5ErkJggg==\" \/><\/div><\/a><\/div><\/div>\t\t\t<\/div>\r\n\t\t<\/div>\r\n\t\t<script type=\"application\/json\" id=\"settings--uid-9f63a88cfc8e550c\">{\"lightbox\":{\"enable\":true,\"options\":{\"instance\":1}},\"id\":1,\"uid\":\"uid-9f63a88cfc8e550c\",\"modules\":[\"Lightbox\"],\"lightboxArray\":[{\"href\":\"https:\\\/\\\/webpe.colegiomayor.cl\\\/wp-content\\\/uploads\\\/2025\\\/07\\\/masivo-26-1.jpg\",\"title\":\"masivo 26 - 1\",\"thumbnail\":\"https:\\\/\\\/webpe.colegiomayor.cl\\\/wp-content\\\/uploads\\\/2025\\\/07\\\/masivo-26-1-150x150.jpg\",\"description\":\"\",\"is_video\":0,\"image_id\":38985,\"width\":1200,\"height\":1600},{\"href\":\"https:\\\/\\\/webpe.colegiomayor.cl\\\/wp-content\\\/uploads\\\/2025\\\/07\\\/masivo-26-2.jpg\",\"title\":\"masivo 26 - 2\",\"thumbnail\":\"https:\\\/\\\/webpe.colegiomayor.cl\\\/wp-content\\\/uploads\\\/2025\\\/07\\\/masivo-26-2-150x150.jpg\",\"description\":\"\",\"is_video\":0,\"image_id\":38986,\"width\":1200,\"height\":1600},{\"href\":\"https:\\\/\\\/webpe.colegiomayor.cl\\\/wp-content\\\/uploads\\\/2025\\\/07\\\/masivo-26-3.jpg\",\"title\":\"masivo 26 - 3\",\"thumbnail\":\"https:\\\/\\\/webpe.colegiomayor.cl\\\/wp-content\\\/uploads\\\/2025\\\/07\\\/masivo-26-3-150x150.jpg\",\"description\":\"\",\"is_video\":0,\"image_id\":38987,\"width\":1600,\"height\":1200},{\"href\":\"https:\\\/\\\/webpe.colegiomayor.cl\\\/wp-content\\\/uploads\\\/2025\\\/07\\\/masivo-26-4.jpg\",\"title\":\"masivo 26 - 4\",\"thumbnail\":\"https:\\\/\\\/webpe.colegiomayor.cl\\\/wp-content\\\/uploads\\\/2025\\\/07\\\/masivo-26-4-150x150.jpg\",\"description\":\"\",\"is_video\":0,\"image_id\":38988,\"width\":1600,\"height\":1200}],\"items\":[{\"href\":\"https:\\\/\\\/webpe.colegiomayor.cl\\\/wp-content\\\/uploads\\\/2025\\\/07\\\/masivo-26-1.jpg\",\"title\":\"masivo 26 - 1\",\"thumbnail\":\"https:\\\/\\\/webpe.colegiomayor.cl\\\/wp-content\\\/uploads\\\/2025\\\/07\\\/masivo-26-1-150x150.jpg\",\"description\":\"\",\"is_video\":0,\"image_id\":38985,\"width\":1200,\"height\":1600},{\"href\":\"https:\\\/\\\/webpe.colegiomayor.cl\\\/wp-content\\\/uploads\\\/2025\\\/07\\\/masivo-26-2.jpg\",\"title\":\"masivo 26 - 2\",\"thumbnail\":\"https:\\\/\\\/webpe.colegiomayor.cl\\\/wp-content\\\/uploads\\\/2025\\\/07\\\/masivo-26-2-150x150.jpg\",\"description\":\"\",\"is_video\":0,\"image_id\":38986,\"width\":1200,\"height\":1600},{\"href\":\"https:\\\/\\\/webpe.colegiomayor.cl\\\/wp-content\\\/uploads\\\/2025\\\/07\\\/masivo-26-3.jpg\",\"title\":\"masivo 26 - 3\",\"thumbnail\":\"https:\\\/\\\/webpe.colegiomayor.cl\\\/wp-content\\\/uploads\\\/2025\\\/07\\\/masivo-26-3-150x150.jpg\",\"description\":\"\",\"is_video\":0,\"image_id\":38987,\"width\":1600,\"height\":1200},{\"href\":\"https:\\\/\\\/webpe.colegiomayor.cl\\\/wp-content\\\/uploads\\\/2025\\\/07\\\/masivo-26-4.jpg\",\"title\":\"masivo 26 - 4\",\"thumbnail\":\"https:\\\/\\\/webpe.colegiomayor.cl\\\/wp-content\\\/uploads\\\/2025\\\/07\\\/masivo-26-4-150x150.jpg\",\"description\":\"\",\"is_video\":0,\"image_id\":38988,\"width\":1600,\"height\":1200}]}<\/script>\r\n\t\t<\/div>","protected":false},"excerpt":{"rendered":"<p>El pasado s\u00e1bado 26 de julio, nuestro colegio fue sede de una masiva jornada de miniv\u00f3ley, dirigida a estudiantes de 3\u00b0, 4\u00b0 y 5\u00b0 b\u00e1sico. La actividad cont\u00f3 con la participaci\u00f3n especial de los colegios Trewhela\u2019s, Lo Barnechea y el Club Estadio Mayor, quienes se&nbsp;<a href=\"https:\/\/webpe.colegiomayor.cl\/?p=38984\">&hellip;<\/a><\/p>\n","protected":false},"author":11,"featured_media":38985,"comment_status":"closed","ping_status":"closed","sticky":false,"template":"","format":"standard","meta":{"content-type":"","footnotes":""},"categories":[24,38,25,44],"tags":[68,70,66,67,69,65],"class_list":["post-38984","post","type-post","status-publish","format-standard","has-post-thumbnail","hentry","category-comunicaciones","category-comunicaciones-news","category-deportes","category-noticias","tag-colegio-mayor","tag-convivencia-escolar","tag-deporte-escolar","tag-encuentro-deportivo","tag-formacion-integral","tag-minivoley","odd"],"rttpg_featured_image_url":{"full":["https:\/\/webpe.colegiomayor.cl\/wp-content\/uploads\/2025\/07\/masivo-26-1.jpg",1200,1600,false],"landscape":["https:\/\/webpe.colegiomayor.cl\/wp-content\/uploads\/2025\/07\/masivo-26-1.jpg",1200,1600,false],"portraits":["https:\/\/webpe.colegiomayor.cl\/wp-content\/uploads\/2025\/07\/masivo-26-1.jpg",1200,1600,false],"thumbnail":["https:\/\/webpe.colegiomayor.cl\/wp-content\/uploads\/2025\/07\/masivo-26-1-150x150.jpg",150,150,true],"medium":["https:\/\/webpe.colegiomayor.cl\/wp-content\/uploads\/2025\/07\/masivo-26-1-225x300.jpg",225,300,true],"large":["https:\/\/webpe.colegiomayor.cl\/wp-content\/uploads\/2025\/07\/masivo-26-1-768x1024.jpg",768,1024,true],"1536x1536":["https:\/\/webpe.colegiomayor.cl\/wp-content\/uploads\/2025\/07\/masivo-26-1-1152x1536.jpg",1152,1536,true],"2048x2048":["https:\/\/webpe.colegiomayor.cl\/wp-content\/uploads\/2025\/07\/masivo-26-1-1200x1600.jpg",1200,1600,true],"post-thumbnail":["https:\/\/webpe.colegiomayor.cl\/wp-content\/uploads\/2025\/07\/masivo-26-1-113x150.jpg",113,150,true],"ed-school-featured-image":["https:\/\/webpe.colegiomayor.cl\/wp-content\/uploads\/2025\/07\/masivo-26-1-990x500.jpg",990,500,true],"ed-school-medium":["https:\/\/webpe.colegiomayor.cl\/wp-content\/uploads\/2025\/07\/masivo-26-1-768x510.jpg",768,510,true],"ed-school-medium-alt":["https:\/\/webpe.colegiomayor.cl\/wp-content\/uploads\/2025\/07\/masivo-26-1-768x410.jpg",768,410,true],"ed-school-square":["https:\/\/webpe.colegiomayor.cl\/wp-content\/uploads\/2025\/07\/masivo-26-1-768x768.jpg",768,768,true],"ed-school-square-small":["https:\/\/webpe.colegiomayor.cl\/wp-content\/uploads\/2025\/07\/masivo-26-1-420x420.jpg",420,420,true]},"rttpg_author":{"display_name":"Francisco Arriagada","author_link":"https:\/\/webpe.colegiomayor.cl\/?author=11"},"rttpg_comment":0,"rttpg_category":"<a href=\"https:\/\/webpe.colegiomayor.cl\/?cat=24\" rel=\"category\">COMUNICACIONES<\/a> <a href=\"https:\/\/webpe.colegiomayor.cl\/?cat=38\" rel=\"category\">Comunicaciones-NEWS<\/a> <a href=\"https:\/\/webpe.colegiomayor.cl\/?cat=25\" rel=\"category\">DEPORTES<\/a> <a href=\"https:\/\/webpe.colegiomayor.cl\/?cat=44\" rel=\"category\">NOTICIAS<\/a>","rttpg_excerpt":"El pasado s\u00e1bado 26 de julio, nuestro colegio fue sede de una masiva jornada de miniv\u00f3ley, dirigida a estudiantes de 3\u00b0, 4\u00b0 y 5\u00b0 b\u00e1sico. La actividad cont\u00f3 con la participaci\u00f3n especial de los colegios Trewhela\u2019s, Lo Barnechea y el Club Estadio Mayor, quienes se&nbsp;&hellip;","_links":{"self":[{"href":"https:\/\/webpe.colegiomayor.cl\/index.php?rest_route=\/wp\/v2\/posts\/38984","targetHints":{"allow":["GET"]}}],"collection":[{"href":"https:\/\/webpe.colegiomayor.cl\/index.php?rest_route=\/wp\/v2\/posts"}],"about":[{"href":"https:\/\/webpe.colegiomayor.cl\/index.php?rest_route=\/wp\/v2\/types\/post"}],"author":[{"embeddable":true,"href":"https:\/\/webpe.colegiomayor.cl\/index.php?rest_route=\/wp\/v2\/users\/11"}],"replies":[{"embeddable":true,"href":"https:\/\/webpe.colegiomayor.cl\/index.php?rest_route=%2Fwp%2Fv2%2Fcomments&post=38984"}],"version-history":[{"count":2,"href":"https:\/\/webpe.colegiomayor.cl\/index.php?rest_route=\/wp\/v2\/posts\/38984\/revisions"}],"predecessor-version":[{"id":38990,"href":"https:\/\/webpe.colegiomayor.cl\/index.php?rest_route=\/wp\/v2\/posts\/38984\/revisions\/38990"}],"wp:featuredmedia":[{"embeddable":true,"href":"https:\/\/webpe.colegiomayor.cl\/index.php?rest_route=\/wp\/v2\/media\/38985"}],"wp:attachment":[{"href":"https:\/\/webpe.colegiomayor.cl\/index.php?rest_route=%2Fwp%2Fv2%2Fmedia&parent=38984"}],"wp:term":[{"taxonomy":"category","embeddable":true,"href":"https:\/\/webpe.colegiomayor.cl\/index.php?rest_route=%2Fwp%2Fv2%2Fcategories&post=38984"},{"taxonomy":"post_tag","embeddable":true,"href":"https:\/\/webpe.colegiomayor.cl\/index.php?rest_route=%2Fwp%2Fv2%2Ftags&post=38984"}],"curies":[{"name":"wp","href":"https:\/\/api.w.org\/{rel}","templated":true}]}}