{"id":38978,"date":"2025-07-28T11:35:46","date_gmt":"2025-07-28T14:35:46","guid":{"rendered":"https:\/\/webpe.colegiomayor.cl\/?p=38978"},"modified":"2025-07-28T11:44:49","modified_gmt":"2025-07-28T14:44:49","slug":"destacada-participacion-del-colegio-mayor-en-la-liga-escolar-de-gimnasia-artistica-lega-nivel-3","status":"publish","type":"post","link":"https:\/\/webpe.colegiomayor.cl\/?p=38978","title":{"rendered":"Destacada Participaci\u00f3n del Colegio Mayor en la Liga Escolar de Gimnasia Art\u00edstica (LEGA) \u2013 Nivel 3"},"content":{"rendered":"\n<h3 class=\"wp-block-heading\"><strong>\ud83d\udccc Informaci\u00f3n General del Evento<\/strong><\/h3>\n\n\n\n<p>El d\u00eda <strong>s\u00e1bado 26 de julio<\/strong> se llev\u00f3 a cabo en nuestro colegio la competencia correspondiente al <strong>Nivel 3<\/strong> de la <strong>Liga Escolar de Gimnasia Art\u00edstica (LEGA)<\/strong>.<\/p>\n\n\n\n<p>La jornada cont\u00f3 con la participaci\u00f3n de <strong>22 colegios<\/strong> y un total de <strong>150 gimnastas<\/strong>, agrupadas en <strong>5 franjas competitivas<\/strong>.<\/p>\n\n\n\n<p>La competencia se dividi\u00f3 en dos bloques:<\/p>\n\n\n\n<ul class=\"wp-block-list\">\n<li><strong>Divisi\u00f3n Honor<\/strong>, con la participaci\u00f3n de <strong>9 colegios<\/strong>, dio inicio a la jornada a las <strong>08:00 horas<\/strong>.<\/li>\n\n\n\n<li><strong>Divisi\u00f3n Proyecci\u00f3n<\/strong>, con <strong>13 colegios participantes<\/strong>, comenz\u00f3 a las <strong>11:00 horas<\/strong>.<\/li>\n<\/ul>\n\n\n\n<p>El evento concluy\u00f3 exitosamente a las <strong>14:00 horas<\/strong>, desarroll\u00e1ndose sin retrasos y seg\u00fan lo planificado.<\/p>\n\n\n\n<hr class=\"wp-block-separator has-alpha-channel-opacity\"\/>\n\n\n\n<h4 class=\"wp-block-heading\">\ud83e\udd38\u200d\u2640\ufe0f Participaci\u00f3n del Colegio Mayor<\/h4>\n\n\n\n<p>Nuestro colegio particip\u00f3 en la <strong>Divisi\u00f3n Honor<\/strong> con su <strong>equipo completo<\/strong>, conformado por <strong>10 gimnastas<\/strong>, quienes compitieron en las franjas <strong>3, 4 y 5<\/strong>.<\/p>\n\n\n\n<p>El equipo obtuvo un <strong>s\u00f3lido primer lugar por equipos<\/strong>, demostrando un alto nivel t\u00e9cnico y de ejecuci\u00f3n.<\/p>\n\n\n\n<p>A nivel individual, se destaca el desempe\u00f1o de las gimnastas <strong>Millaray Moreno<\/strong> y <strong>Gabriela Rojas<\/strong> (ambas de la <strong>franja 3<\/strong>), quienes por su sobresaliente presentaci\u00f3n <strong>ascender\u00e1n al Nivel 4<\/strong>.<\/p>\n\n\n\n<hr class=\"wp-block-separator has-alpha-channel-opacity\"\/>\n\n\n\n<h4 class=\"wp-block-heading\">\u2705 Evaluaci\u00f3n del Desarrollo del Evento<\/h4>\n\n\n\n<p>La jornada se desarroll\u00f3 de manera <strong>fluida<\/strong>, cumpliendo en su totalidad con el cronograma establecido.<\/p>\n\n\n\n<p>Se mantuvo un ambiente de <strong>respeto, orden y sana competencia<\/strong> entre todos los colegios participantes.<\/p>\n\n\n\n<p>No se registraron lesiones ni situaciones que comprometieran el bienestar de las participantes.<\/p>\n\n\n\n<p>Destacamos la <strong>activa participaci\u00f3n y compromiso de los apoderados<\/strong> de nuestro colegio, quienes acompa\u00f1aron a nuestras gimnastas durante toda la jornada.<\/p>\n\n\n\n<figure class=\"wp-block-image size-large\"><img loading=\"lazy\" decoding=\"async\" width=\"768\" height=\"1024\" src=\"https:\/\/webpe.colegiomayor.cl\/wp-content\/uploads\/2025\/07\/9d956fb6-7c5d-4132-b2d5-21e25c92d353-768x1024.jpg\" alt=\"\" class=\"wp-image-38981\" srcset=\"https:\/\/webpe.colegiomayor.cl\/wp-content\/uploads\/2025\/07\/9d956fb6-7c5d-4132-b2d5-21e25c92d353-768x1024.jpg 768w, https:\/\/webpe.colegiomayor.cl\/wp-content\/uploads\/2025\/07\/9d956fb6-7c5d-4132-b2d5-21e25c92d353-225x300.jpg 225w, https:\/\/webpe.colegiomayor.cl\/wp-content\/uploads\/2025\/07\/9d956fb6-7c5d-4132-b2d5-21e25c92d353-1152x1536.jpg 1152w, https:\/\/webpe.colegiomayor.cl\/wp-content\/uploads\/2025\/07\/9d956fb6-7c5d-4132-b2d5-21e25c92d353-113x150.jpg 113w, https:\/\/webpe.colegiomayor.cl\/wp-content\/uploads\/2025\/07\/9d956fb6-7c5d-4132-b2d5-21e25c92d353.jpg 1200w\" sizes=\"auto, (max-width: 768px) 100vw, 768px\" \/><\/figure>\n","protected":false},"excerpt":{"rendered":"<p>\ud83d\udccc Informaci\u00f3n General del Evento El d\u00eda s\u00e1bado 26 de julio se llev\u00f3 a cabo en nuestro colegio la competencia correspondiente al Nivel 3 de la Liga Escolar de Gimnasia Art\u00edstica (LEGA). La jornada cont\u00f3 con la participaci\u00f3n de 22 colegios y un total de&nbsp;<a href=\"https:\/\/webpe.colegiomayor.cl\/?p=38978\">&hellip;<\/a><\/p>\n","protected":false},"author":11,"featured_media":38979,"comment_status":"closed","ping_status":"closed","sticky":false,"template":"","format":"standard","meta":{"content-type":"","footnotes":""},"categories":[24,38,25,44],"tags":[62,61,63,64],"class_list":["post-38978","post","type-post","status-publish","format-standard","has-post-thumbnail","hentry","category-comunicaciones","category-comunicaciones-news","category-deportes","category-noticias","tag-gimnasia","tag-gimnasia-artistica","tag-lega","tag-liga-escolar","odd"],"rttpg_featured_image_url":{"full":["https:\/\/webpe.colegiomayor.cl\/wp-content\/uploads\/2025\/07\/1b046c4e-bbf8-49df-ae1a-a49e543146fc.jpg",1600,1200,false],"landscape":["https:\/\/webpe.colegiomayor.cl\/wp-content\/uploads\/2025\/07\/1b046c4e-bbf8-49df-ae1a-a49e543146fc.jpg",1600,1200,false],"portraits":["https:\/\/webpe.colegiomayor.cl\/wp-content\/uploads\/2025\/07\/1b046c4e-bbf8-49df-ae1a-a49e543146fc.jpg",1600,1200,false],"thumbnail":["https:\/\/webpe.colegiomayor.cl\/wp-content\/uploads\/2025\/07\/1b046c4e-bbf8-49df-ae1a-a49e543146fc-150x150.jpg",150,150,true],"medium":["https:\/\/webpe.colegiomayor.cl\/wp-content\/uploads\/2025\/07\/1b046c4e-bbf8-49df-ae1a-a49e543146fc-300x225.jpg",300,225,true],"large":["https:\/\/webpe.colegiomayor.cl\/wp-content\/uploads\/2025\/07\/1b046c4e-bbf8-49df-ae1a-a49e543146fc-1024x768.jpg",1024,768,true],"1536x1536":["https:\/\/webpe.colegiomayor.cl\/wp-content\/uploads\/2025\/07\/1b046c4e-bbf8-49df-ae1a-a49e543146fc-1536x1152.jpg",1536,1152,true],"2048x2048":["https:\/\/webpe.colegiomayor.cl\/wp-content\/uploads\/2025\/07\/1b046c4e-bbf8-49df-ae1a-a49e543146fc-1600x1200.jpg",1600,1200,true],"post-thumbnail":["https:\/\/webpe.colegiomayor.cl\/wp-content\/uploads\/2025\/07\/1b046c4e-bbf8-49df-ae1a-a49e543146fc-150x113.jpg",150,113,true],"ed-school-featured-image":["https:\/\/webpe.colegiomayor.cl\/wp-content\/uploads\/2025\/07\/1b046c4e-bbf8-49df-ae1a-a49e543146fc-990x500.jpg",990,500,true],"ed-school-medium":["https:\/\/webpe.colegiomayor.cl\/wp-content\/uploads\/2025\/07\/1b046c4e-bbf8-49df-ae1a-a49e543146fc-768x510.jpg",768,510,true],"ed-school-medium-alt":["https:\/\/webpe.colegiomayor.cl\/wp-content\/uploads\/2025\/07\/1b046c4e-bbf8-49df-ae1a-a49e543146fc-768x410.jpg",768,410,true],"ed-school-square":["https:\/\/webpe.colegiomayor.cl\/wp-content\/uploads\/2025\/07\/1b046c4e-bbf8-49df-ae1a-a49e543146fc-768x768.jpg",768,768,true],"ed-school-square-small":["https:\/\/webpe.colegiomayor.cl\/wp-content\/uploads\/2025\/07\/1b046c4e-bbf8-49df-ae1a-a49e543146fc-420x420.jpg",420,420,true]},"rttpg_author":{"display_name":"Francisco Arriagada","author_link":"https:\/\/webpe.colegiomayor.cl\/?author=11"},"rttpg_comment":0,"rttpg_category":"<a href=\"https:\/\/webpe.colegiomayor.cl\/?cat=24\" rel=\"category\">COMUNICACIONES<\/a> <a href=\"https:\/\/webpe.colegiomayor.cl\/?cat=38\" rel=\"category\">Comunicaciones-NEWS<\/a> <a href=\"https:\/\/webpe.colegiomayor.cl\/?cat=25\" rel=\"category\">DEPORTES<\/a> <a href=\"https:\/\/webpe.colegiomayor.cl\/?cat=44\" rel=\"category\">NOTICIAS<\/a>","rttpg_excerpt":"\ud83d\udccc Informaci\u00f3n General del Evento El d\u00eda s\u00e1bado 26 de julio se llev\u00f3 a cabo en nuestro colegio la competencia correspondiente al Nivel 3 de la Liga Escolar de Gimnasia Art\u00edstica (LEGA). La jornada cont\u00f3 con la participaci\u00f3n de 22 colegios y un total de&nbsp;&hellip;","_links":{"self":[{"href":"https:\/\/webpe.colegiomayor.cl\/index.php?rest_route=\/wp\/v2\/posts\/38978","targetHints":{"allow":["GET"]}}],"collection":[{"href":"https:\/\/webpe.colegiomayor.cl\/index.php?rest_route=\/wp\/v2\/posts"}],"about":[{"href":"https:\/\/webpe.colegiomayor.cl\/index.php?rest_route=\/wp\/v2\/types\/post"}],"author":[{"embeddable":true,"href":"https:\/\/webpe.colegiomayor.cl\/index.php?rest_route=\/wp\/v2\/users\/11"}],"replies":[{"embeddable":true,"href":"https:\/\/webpe.colegiomayor.cl\/index.php?rest_route=%2Fwp%2Fv2%2Fcomments&post=38978"}],"version-history":[{"count":2,"href":"https:\/\/webpe.colegiomayor.cl\/index.php?rest_route=\/wp\/v2\/posts\/38978\/revisions"}],"predecessor-version":[{"id":38983,"href":"https:\/\/webpe.colegiomayor.cl\/index.php?rest_route=\/wp\/v2\/posts\/38978\/revisions\/38983"}],"wp:featuredmedia":[{"embeddable":true,"href":"https:\/\/webpe.colegiomayor.cl\/index.php?rest_route=\/wp\/v2\/media\/38979"}],"wp:attachment":[{"href":"https:\/\/webpe.colegiomayor.cl\/index.php?rest_route=%2Fwp%2Fv2%2Fmedia&parent=38978"}],"wp:term":[{"taxonomy":"category","embeddable":true,"href":"https:\/\/webpe.colegiomayor.cl\/index.php?rest_route=%2Fwp%2Fv2%2Fcategories&post=38978"},{"taxonomy":"post_tag","embeddable":true,"href":"https:\/\/webpe.colegiomayor.cl\/index.php?rest_route=%2Fwp%2Fv2%2Ftags&post=38978"}],"curies":[{"name":"wp","href":"https:\/\/api.w.org\/{rel}","templated":true}]}}