{"id":38969,"date":"2025-07-25T18:08:42","date_gmt":"2025-07-25T21:08:42","guid":{"rendered":"https:\/\/webpe.colegiomayor.cl\/?p=38969"},"modified":"2025-08-01T16:06:40","modified_gmt":"2025-08-01T19:06:40","slug":"selecciones-deportivas-sabado-26-de-julio","status":"publish","type":"post","link":"https:\/\/webpe.colegiomayor.cl\/?p=38969","title":{"rendered":"Selecciones Deportivas &#8211; S\u00e1bado 26 de julio"},"content":{"rendered":"\n<hr class=\"wp-block-separator has-alpha-channel-opacity\"\/>\n\n\n\n<h2 class=\"wp-block-heading has-cyan-bluish-gray-background-color has-background\">Atletismo<\/h2>\n\n\n\n<p>Entrenamiento normal<br>Hora: 09:00 a 10:30 hrs. categor\u00eda preparatoria e infantil.<br>Hora: 10:30 a 12:00 hrs. categor\u00eda intermedia y superior.<br>Lugar: Pista de atletismo Estadio Mayor<br>Profesores a cargo:<br>Carlos Soto<br>Mario G\u00f3mez<br>Claudio Ulloa<\/p>\n\n\n\n<hr class=\"wp-block-separator has-alpha-channel-opacity\"\/>\n\n\n\n<h2 class=\"wp-block-heading has-cyan-bluish-gray-background-color has-background\">B\u00e1squetbol<\/h2>\n\n\n\n<p>Liforbasket<br>Ceremonia de finalizaci\u00f3n<br>Mini primer a\u00f1o<br>Horario de partidos:<\/p>\n\n\n\n<ol class=\"wp-block-list\">\n<li>Colegio Mayor Vs the Kent School A. 09:00 hrs.<\/li>\n\n\n\n<li>Club ABC vs Colegio Mayor 09:30 hrs.<\/li>\n\n\n\n<li>Colegio Mayor vs San isidro 10:00 hrs.<br>Lugar: Colegio San Ignacio El Bosque, Ubicado en Av. Pocuro 2801, comuna de<br>Providencia.<br>Profesor a cargo:<br>Carlos Cerecera<\/li>\n<\/ol>\n\n\n\n<p>Entrenamiento<br>Intermedia 09:00 hrs.<br>Superior 10:30 hrs.<br>Multicanchas<br>Profesor a cargo:<br>Nicol\u00e1s Ortiz<\/p>\n\n\n\n<hr class=\"wp-block-separator has-alpha-channel-opacity\"\/>\n\n\n\n<h2 class=\"wp-block-heading has-cyan-bluish-gray-background-color has-background\">Gimnasia Art\u00edstica<\/h2>\n\n\n\n<p>Competencia nivel 3<br>Hora: 08:00 a 14:00 hrs.<br>Lugar: Carpeta Estadio Mayor<br>Profesores a cargo:<br>Loreto Erazo<br>Millaray Albornoz<br>Yabhet Oblitas<\/p>\n\n\n\n<hr class=\"wp-block-separator has-alpha-channel-opacity\"\/>\n\n\n\n<h2 class=\"wp-block-heading has-cyan-bluish-gray-background-color has-background\">Nataci\u00f3n<\/h2>\n\n\n\n<p>Entrenamiento<br>Hora: 09:00 a 11:00 Grupo Competencia<br>Hora: 11:00 a 12:00 Grupo 1ro a 5to b\u00e1sico<br>Lugar: Piscina Estadio Mayor<br>Profesores:<br>Sim\u00f3n Fern\u00e1ndez<br>Mat\u00edas Jaque<br>Katalina Bravo<\/p>\n\n\n\n<hr class=\"wp-block-separator has-alpha-channel-opacity\"\/>\n\n\n\n<h2 class=\"wp-block-heading has-cyan-bluish-gray-background-color has-background\">Tenis<\/h2>\n\n\n\n<p>Entrenamiento suspendido<br>Etapa 14 Circuito Entretenis 2025<br>Club Sirio<br>Torneo entre tenis 26 y 27 de Julio.<br>Direcci\u00f3n: Av. Vitacura #8751, Vitacura.<br>Horario por definir seg\u00fan la categor\u00eda<br>Profesor a cargo:<br>Hernan P\u00e9rez<br>Claudio Catal\u00e1n<\/p>\n\n\n\n<hr class=\"wp-block-separator has-alpha-channel-opacity\"\/>\n\n\n\n<h2 class=\"wp-block-heading has-cyan-bluish-gray-background-color has-background\">Cheerleader<\/h2>\n\n\n\n<p>Entrenamiento<br>09:00 a 10:45 hrs. categor\u00eda Junior<br>\u206010:45 a 12:30 hrs. categor\u00eda Senior<br>Lugar: Foro Colegio Mayor<br>Profesores a cargo:<br>Daniela Acu\u00f1a<br>Ricardo Vergara <\/p>\n\n\n\n<hr class=\"wp-block-separator has-alpha-channel-opacity\"\/>\n\n\n\n<h2 class=\"wp-block-heading has-cyan-bluish-gray-background-color has-background\">Voleibol Masculino<\/h2>\n\n\n\n<p>Masivo de Minivolley<br>Categor\u00eda escuela y mini (1\u00b0, 2\u00b0, 3\u00b0, 4\u00b0 y 5\u00b0)<br>Lugar: Cancha techada<br>Citaci\u00f3n: 08:45 hrs.<br>Hora de inicio: 09:00 hrs.<br>Hora de t\u00e9rmino 11:00 hrs.<br>Profesores a cargo:<br>Joaqu\u00edn M\u00e9ndez<br>Fernanda Montoya<br>Entrenamiento<br>Categor\u00eda mini (6\u00b0 y 7\u00b0)<br>Lugar: FORO<br>Hora: 09:00 a 10:30<br>Categor\u00edas infantil y superior (8\u00b0 en adelante)<br>Lugar: FORO<br>Hora: 10:30 a 12:00 hrs.<br>Profesor a cargo:<br>Valent\u00edn Tamayo<\/p>\n\n\n\n<hr class=\"wp-block-separator has-alpha-channel-opacity\"\/>\n\n\n\n<h2 class=\"wp-block-heading has-cyan-bluish-gray-background-color has-background\">Voleibol Femenino<\/h2>\n\n\n\n<p>Entrenamiento<br>Lugar: Foro Colegio Mayor<br>Categor\u00eda mini: 09:00-10:30 hrs.<br>Categor\u00eda infantil: 10:30-12:00 hrs.<br>Profesores a cargo:<br>Fernanda Montoya<br>\u2060Pablo Beltr\u00e1n<\/p>\n\n\n\n<hr class=\"wp-block-separator has-alpha-channel-opacity\"\/>\n\n\n\n<h2 class=\"wp-block-heading has-cyan-bluish-gray-background-color has-background\">F\u00fatbol<\/h2>\n\n\n\n<p>Torneo UC<br>Rival: Colegio Padre Hurtado<br>Lugar: Cancha Estadio Mayor<br>SUPERIOR<br>citaci\u00f3n 8:30 hrs<br>Partido 9:15 hrs<br>INFANTIL<br>Entrenamiento<br>11:00 a 12:00 hrs.<br>Profesores a cargo:<br>Pablo S\u00e1nchez<br>Edgard Vargas<\/p>\n","protected":false},"excerpt":{"rendered":"<p>Atletismo Entrenamiento normalHora: 09:00 a 10:30 hrs. categor\u00eda preparatoria e infantil.Hora: 10:30 a 12:00 hrs. categor\u00eda intermedia y superior.Lugar: Pista de atletismo Estadio MayorProfesores a cargo:Carlos SotoMario G\u00f3mezClaudio Ulloa B\u00e1squetbol LiforbasketCeremonia de finalizaci\u00f3nMini primer a\u00f1oHorario de partidos: EntrenamientoIntermedia 09:00 hrs.Superior 10:30 hrs.MulticanchasProfesor a cargo:Nicol\u00e1s Ortiz&nbsp;<a href=\"https:\/\/webpe.colegiomayor.cl\/?p=38969\">&hellip;<\/a><\/p>\n","protected":false},"author":11,"featured_media":38923,"comment_status":"closed","ping_status":"closed","sticky":false,"template":"","format":"standard","meta":{"content-type":"","footnotes":""},"categories":[25,44],"tags":[],"class_list":["post-38969","post","type-post","status-publish","format-standard","has-post-thumbnail","hentry","category-deportes","category-noticias","odd"],"rttpg_featured_image_url":{"full":["https:\/\/webpe.colegiomayor.cl\/wp-content\/uploads\/2025\/07\/cheer.jpeg",1600,975,false],"landscape":["https:\/\/webpe.colegiomayor.cl\/wp-content\/uploads\/2025\/07\/cheer.jpeg",1600,975,false],"portraits":["https:\/\/webpe.colegiomayor.cl\/wp-content\/uploads\/2025\/07\/cheer.jpeg",1600,975,false],"thumbnail":["https:\/\/webpe.colegiomayor.cl\/wp-content\/uploads\/2025\/07\/cheer-150x150.jpeg",150,150,true],"medium":["https:\/\/webpe.colegiomayor.cl\/wp-content\/uploads\/2025\/07\/cheer-300x183.jpeg",300,183,true],"large":["https:\/\/webpe.colegiomayor.cl\/wp-content\/uploads\/2025\/07\/cheer-1024x624.jpeg",1024,624,true],"1536x1536":["https:\/\/webpe.colegiomayor.cl\/wp-content\/uploads\/2025\/07\/cheer-1536x936.jpeg",1536,936,true],"2048x2048":["https:\/\/webpe.colegiomayor.cl\/wp-content\/uploads\/2025\/07\/cheer-1600x975.jpeg",1600,975,true],"post-thumbnail":["https:\/\/webpe.colegiomayor.cl\/wp-content\/uploads\/2025\/07\/cheer-150x91.jpeg",150,91,true],"ed-school-featured-image":["https:\/\/webpe.colegiomayor.cl\/wp-content\/uploads\/2025\/07\/cheer-990x500.jpeg",990,500,true],"ed-school-medium":["https:\/\/webpe.colegiomayor.cl\/wp-content\/uploads\/2025\/07\/cheer-768x510.jpeg",768,510,true],"ed-school-medium-alt":["https:\/\/webpe.colegiomayor.cl\/wp-content\/uploads\/2025\/07\/cheer-768x410.jpeg",768,410,true],"ed-school-square":["https:\/\/webpe.colegiomayor.cl\/wp-content\/uploads\/2025\/07\/cheer-768x768.jpeg",768,768,true],"ed-school-square-small":["https:\/\/webpe.colegiomayor.cl\/wp-content\/uploads\/2025\/07\/cheer-420x420.jpeg",420,420,true]},"rttpg_author":{"display_name":"Francisco Arriagada","author_link":"https:\/\/webpe.colegiomayor.cl\/?author=11"},"rttpg_comment":0,"rttpg_category":"<a href=\"https:\/\/webpe.colegiomayor.cl\/?cat=25\" rel=\"category\">DEPORTES<\/a> <a href=\"https:\/\/webpe.colegiomayor.cl\/?cat=44\" rel=\"category\">NOTICIAS<\/a>","rttpg_excerpt":"Atletismo Entrenamiento normalHora: 09:00 a 10:30 hrs. categor\u00eda preparatoria e infantil.Hora: 10:30 a 12:00 hrs. categor\u00eda intermedia y superior.Lugar: Pista de atletismo Estadio MayorProfesores a cargo:Carlos SotoMario G\u00f3mezClaudio Ulloa B\u00e1squetbol LiforbasketCeremonia de finalizaci\u00f3nMini primer a\u00f1oHorario de partidos: EntrenamientoIntermedia 09:00 hrs.Superior 10:30 hrs.MulticanchasProfesor a cargo:Nicol\u00e1s Ortiz&nbsp;&hellip;","_links":{"self":[{"href":"https:\/\/webpe.colegiomayor.cl\/index.php?rest_route=\/wp\/v2\/posts\/38969","targetHints":{"allow":["GET"]}}],"collection":[{"href":"https:\/\/webpe.colegiomayor.cl\/index.php?rest_route=\/wp\/v2\/posts"}],"about":[{"href":"https:\/\/webpe.colegiomayor.cl\/index.php?rest_route=\/wp\/v2\/types\/post"}],"author":[{"embeddable":true,"href":"https:\/\/webpe.colegiomayor.cl\/index.php?rest_route=\/wp\/v2\/users\/11"}],"replies":[{"embeddable":true,"href":"https:\/\/webpe.colegiomayor.cl\/index.php?rest_route=%2Fwp%2Fv2%2Fcomments&post=38969"}],"version-history":[{"count":1,"href":"https:\/\/webpe.colegiomayor.cl\/index.php?rest_route=\/wp\/v2\/posts\/38969\/revisions"}],"predecessor-version":[{"id":38971,"href":"https:\/\/webpe.colegiomayor.cl\/index.php?rest_route=\/wp\/v2\/posts\/38969\/revisions\/38971"}],"wp:featuredmedia":[{"embeddable":true,"href":"https:\/\/webpe.colegiomayor.cl\/index.php?rest_route=\/wp\/v2\/media\/38923"}],"wp:attachment":[{"href":"https:\/\/webpe.colegiomayor.cl\/index.php?rest_route=%2Fwp%2Fv2%2Fmedia&parent=38969"}],"wp:term":[{"taxonomy":"category","embeddable":true,"href":"https:\/\/webpe.colegiomayor.cl\/index.php?rest_route=%2Fwp%2Fv2%2Fcategories&post=38969"},{"taxonomy":"post_tag","embeddable":true,"href":"https:\/\/webpe.colegiomayor.cl\/index.php?rest_route=%2Fwp%2Fv2%2Ftags&post=38969"}],"curies":[{"name":"wp","href":"https:\/\/api.w.org\/{rel}","templated":true}]}}