{"id":38960,"date":"2025-07-22T11:44:34","date_gmt":"2025-07-22T14:44:34","guid":{"rendered":"https:\/\/webpe.colegiomayor.cl\/?p=38960"},"modified":"2025-07-25T10:43:15","modified_gmt":"2025-07-25T13:43:15","slug":"2da-jornada-vocacional-para-estudiantes-de-iv-medio","status":"publish","type":"post","link":"https:\/\/webpe.colegiomayor.cl\/?p=38960","title":{"rendered":"2da.\u00a0Jornada Vocacional para estudiantes de IV\u00b0 Medio"},"content":{"rendered":"\n<p>Estimados\/as Madres, Padres y Apoderados\/as,<\/p>\n\n\n\n<p>Esperamos que ustedes y sus familias se encuentren muy bien.<\/p>\n\n\n\n<p>Les escribimos para informarles que la direcci\u00f3n del 3\u00b0 ciclo, en conjunto con el CPA, est\u00e1 coordinando la&nbsp;<strong>2da&nbsp;Jornada Vocacional para los\/as alumnos\/as de 4\u00b0 Medio<\/strong>.<\/p>\n\n\n\n<p>Esta iniciativa surge de la inquietud de los\/as propios\/as estudiantes por conocer diversas carreras &#8220;desde adentro&#8221;, es decir, desde la perspectiva de quienes ya las estudiaron y se desarrollan profesionalmente en esas \u00e1reas.<\/p>\n\n\n\n<p>Por este motivo, los\/as invitamos a inscribirse voluntariamente si cuentan con experiencia en alguna de las siguientes profesiones:<\/p>\n\n\n\n<ul class=\"wp-block-list\">\n<li><strong>\u00c1rea Cient\u00edfica:<\/strong>&nbsp;M\u00e9dico\/a, Tecn\u00f3logo\/a m\u00e9dico\/a, Enfermero\/a, Obstetra, Kinesi\u00f3logo\/a, Odont\u00f3logo\/a, Qu\u00edmico\/a farmac\u00e9utico\/a, M\u00e9dico\/a veterinario\/a, Agr\u00f3nomo\/a, Bioqu\u00edmico\/a, Bi\u00f3logo\/a Marino\/a.<\/li>\n\n\n\n<li><strong>\u00c1rea Matem\u00e1tica:<\/strong>&nbsp;Ingeniero\/a civil, Ingeniero\/a civil el\u00e9ctrico\/a, Ingeniero\/a civil industrial, Ingeniero\/a inform\u00e1tico\/a, Ingeniero\/a comercial, Ingeniero\/a de ejecuci\u00f3n (cualquier \u00e1rea, ej: mec\u00e1nica, minas, el\u00e9ctrico, etc.), Administrador\/a de empresas.<\/li>\n\n\n\n<li><strong>\u00c1rea Humanista:<\/strong>&nbsp;Abogado\/a, Periodista, Psic\u00f3logo\/a, Trabajador\/a social, Soci\u00f3logo\/a, Publicista, Profesional de las Comunicaciones.<\/li>\n\n\n\n<li><strong>\u00c1rea Art\u00edstica:<\/strong>&nbsp;Arte (Cine, M\u00fasica, Pl\u00e1stica, Danza, otros), Dise\u00f1o (Gr\u00e1fico, Industrial, de vestuario, de interiores, de juegos -Game designer-, etc.).<\/li>\n<\/ul>\n\n\n\n<p>La jornada se realizar\u00e1 en el colegio el&nbsp;<strong>martes 12 de agosto de 2025, desde las 8:00 hasta las 10:00 hrs.<\/strong>&nbsp;Es importante que quienes se inscriban cuenten con disponibilidad desde las&nbsp;<strong>7:45 hasta las 10:30 hrs.<\/strong><\/p>\n\n\n\n<p>En caso de tener alguna duda, pueden comunicarse con las encargadas de la organizaci\u00f3n:<\/p>\n\n\n\n<ul class=\"wp-block-list\">\n<li><strong>Katherine Vargas<\/strong>&nbsp;(Presidenta CPA):&nbsp;<a href=\"mailto:presidentacpa@cmpe.cl\" target=\"_blank\" rel=\"noreferrer noopener\">presidenta.cpa@cmpe.cl<\/a>&nbsp;\/ +56978078685<\/li>\n\n\n\n<li><strong>Roc\u00edo Fiedler<\/strong>&nbsp;(Solidaridad CPA):&nbsp;<a href=\"mailto:solidaridad.cpa@cmpe.cl\" target=\"_blank\" rel=\"noreferrer noopener\">solidaridad.cpa@cmpe.cl<\/a>&nbsp;\/ +56968348402<\/li>\n<\/ul>\n\n\n\n<p>Desde ya, muchas gracias por su valiosa colaboraci\u00f3n.<\/p>\n\n\n\n<p>Se despiden&nbsp;cordialmente.<\/p>\n\n\n\n<p>Katherine Vargas y Rocio&nbsp;Fiedler.<\/p>\n\n\n\n<p><strong>Centro de Padres Colegio Mayor Pe\u00f1alol\u00e9n.<\/strong><\/p>\n\n\n\n<div class=\"wp-block-buttons is-content-justification-center is-layout-flex wp-container-core-buttons-is-layout-16018d1d wp-block-buttons-is-layout-flex\">\n<div class=\"wp-block-button has-custom-width wp-block-button__width-50\"><a class=\"wp-block-button__link has-text-align-center wp-element-button\" href=\"https:\/\/forms.gle\/3zrUqiXzRQ9egeFb7\"><strong>INSCR\u00cdBETE AC\u00c1<\/strong><\/a><\/div>\n<\/div>\n\n\n\n<p><\/p>\n\n\n\n<p class=\"has-small-font-size\"><\/p>\n\n\n\n<p><\/p>\n","protected":false},"excerpt":{"rendered":"<p>Estimados\/as Madres, Padres y Apoderados\/as, Esperamos que ustedes y sus familias se encuentren muy bien. Les escribimos para informarles que la direcci\u00f3n del 3\u00b0 ciclo, en conjunto con el CPA, est\u00e1 coordinando la&nbsp;2da&nbsp;Jornada Vocacional para los\/as alumnos\/as de 4\u00b0 Medio. Esta iniciativa surge de la&nbsp;<a href=\"https:\/\/webpe.colegiomayor.cl\/?p=38960\">&hellip;<\/a><\/p>\n","protected":false},"author":11,"featured_media":38968,"comment_status":"closed","ping_status":"closed","sticky":false,"template":"","format":"standard","meta":{"content-type":"","footnotes":""},"categories":[26,24,38,44],"tags":[],"class_list":["post-38960","post","type-post","status-publish","format-standard","has-post-thumbnail","hentry","category-clase_invertida","category-comunicaciones","category-comunicaciones-news","category-noticias","odd"],"rttpg_featured_image_url":{"full":["https:\/\/webpe.colegiomayor.cl\/wp-content\/uploads\/2025\/07\/2da-Jornada-Vocacional-para-losas-alumnosas-de-4\u00b0-Medio.2.jpg",1200,675,false],"landscape":["https:\/\/webpe.colegiomayor.cl\/wp-content\/uploads\/2025\/07\/2da-Jornada-Vocacional-para-losas-alumnosas-de-4\u00b0-Medio.2.jpg",1200,675,false],"portraits":["https:\/\/webpe.colegiomayor.cl\/wp-content\/uploads\/2025\/07\/2da-Jornada-Vocacional-para-losas-alumnosas-de-4\u00b0-Medio.2.jpg",1200,675,false],"thumbnail":["https:\/\/webpe.colegiomayor.cl\/wp-content\/uploads\/2025\/07\/2da-Jornada-Vocacional-para-losas-alumnosas-de-4\u00b0-Medio.2-150x150.jpg",150,150,true],"medium":["https:\/\/webpe.colegiomayor.cl\/wp-content\/uploads\/2025\/07\/2da-Jornada-Vocacional-para-losas-alumnosas-de-4\u00b0-Medio.2-300x169.jpg",300,169,true],"large":["https:\/\/webpe.colegiomayor.cl\/wp-content\/uploads\/2025\/07\/2da-Jornada-Vocacional-para-losas-alumnosas-de-4\u00b0-Medio.2-1024x576.jpg",1024,576,true],"1536x1536":["https:\/\/webpe.colegiomayor.cl\/wp-content\/uploads\/2025\/07\/2da-Jornada-Vocacional-para-losas-alumnosas-de-4\u00b0-Medio.2-1200x675.jpg",1200,675,true],"2048x2048":["https:\/\/webpe.colegiomayor.cl\/wp-content\/uploads\/2025\/07\/2da-Jornada-Vocacional-para-losas-alumnosas-de-4\u00b0-Medio.2-1200x675.jpg",1200,675,true],"post-thumbnail":["https:\/\/webpe.colegiomayor.cl\/wp-content\/uploads\/2025\/07\/2da-Jornada-Vocacional-para-losas-alumnosas-de-4\u00b0-Medio.2-150x84.jpg",150,84,true],"ed-school-featured-image":["https:\/\/webpe.colegiomayor.cl\/wp-content\/uploads\/2025\/07\/2da-Jornada-Vocacional-para-losas-alumnosas-de-4\u00b0-Medio.2-990x500.jpg",990,500,true],"ed-school-medium":["https:\/\/webpe.colegiomayor.cl\/wp-content\/uploads\/2025\/07\/2da-Jornada-Vocacional-para-losas-alumnosas-de-4\u00b0-Medio.2-768x510.jpg",768,510,true],"ed-school-medium-alt":["https:\/\/webpe.colegiomayor.cl\/wp-content\/uploads\/2025\/07\/2da-Jornada-Vocacional-para-losas-alumnosas-de-4\u00b0-Medio.2-768x410.jpg",768,410,true],"ed-school-square":["https:\/\/webpe.colegiomayor.cl\/wp-content\/uploads\/2025\/07\/2da-Jornada-Vocacional-para-losas-alumnosas-de-4\u00b0-Medio.2-768x675.jpg",768,675,true],"ed-school-square-small":["https:\/\/webpe.colegiomayor.cl\/wp-content\/uploads\/2025\/07\/2da-Jornada-Vocacional-para-losas-alumnosas-de-4\u00b0-Medio.2-420x420.jpg",420,420,true]},"rttpg_author":{"display_name":"Francisco Arriagada","author_link":"https:\/\/webpe.colegiomayor.cl\/?author=11"},"rttpg_comment":0,"rttpg_category":"<a href=\"https:\/\/webpe.colegiomayor.cl\/?cat=26\" rel=\"category\">APRENDIZAJE ACTIVO<\/a> <a href=\"https:\/\/webpe.colegiomayor.cl\/?cat=24\" rel=\"category\">COMUNICACIONES<\/a> <a href=\"https:\/\/webpe.colegiomayor.cl\/?cat=38\" rel=\"category\">Comunicaciones-NEWS<\/a> <a href=\"https:\/\/webpe.colegiomayor.cl\/?cat=44\" rel=\"category\">NOTICIAS<\/a>","rttpg_excerpt":"Estimados\/as Madres, Padres y Apoderados\/as, Esperamos que ustedes y sus familias se encuentren muy bien. Les escribimos para informarles que la direcci\u00f3n del 3\u00b0 ciclo, en conjunto con el CPA, est\u00e1 coordinando la&nbsp;2da&nbsp;Jornada Vocacional para los\/as alumnos\/as de 4\u00b0 Medio. Esta iniciativa surge de la&nbsp;&hellip;","_links":{"self":[{"href":"https:\/\/webpe.colegiomayor.cl\/index.php?rest_route=\/wp\/v2\/posts\/38960","targetHints":{"allow":["GET"]}}],"collection":[{"href":"https:\/\/webpe.colegiomayor.cl\/index.php?rest_route=\/wp\/v2\/posts"}],"about":[{"href":"https:\/\/webpe.colegiomayor.cl\/index.php?rest_route=\/wp\/v2\/types\/post"}],"author":[{"embeddable":true,"href":"https:\/\/webpe.colegiomayor.cl\/index.php?rest_route=\/wp\/v2\/users\/11"}],"replies":[{"embeddable":true,"href":"https:\/\/webpe.colegiomayor.cl\/index.php?rest_route=%2Fwp%2Fv2%2Fcomments&post=38960"}],"version-history":[{"count":3,"href":"https:\/\/webpe.colegiomayor.cl\/index.php?rest_route=\/wp\/v2\/posts\/38960\/revisions"}],"predecessor-version":[{"id":38967,"href":"https:\/\/webpe.colegiomayor.cl\/index.php?rest_route=\/wp\/v2\/posts\/38960\/revisions\/38967"}],"wp:featuredmedia":[{"embeddable":true,"href":"https:\/\/webpe.colegiomayor.cl\/index.php?rest_route=\/wp\/v2\/media\/38968"}],"wp:attachment":[{"href":"https:\/\/webpe.colegiomayor.cl\/index.php?rest_route=%2Fwp%2Fv2%2Fmedia&parent=38960"}],"wp:term":[{"taxonomy":"category","embeddable":true,"href":"https:\/\/webpe.colegiomayor.cl\/index.php?rest_route=%2Fwp%2Fv2%2Fcategories&post=38960"},{"taxonomy":"post_tag","embeddable":true,"href":"https:\/\/webpe.colegiomayor.cl\/index.php?rest_route=%2Fwp%2Fv2%2Ftags&post=38960"}],"curies":[{"name":"wp","href":"https:\/\/api.w.org\/{rel}","templated":true}]}}