{"id":38945,"date":"2025-07-18T16:18:52","date_gmt":"2025-07-18T19:18:52","guid":{"rendered":"https:\/\/webpe.colegiomayor.cl\/?p=38945"},"modified":"2025-07-18T16:26:54","modified_gmt":"2025-07-18T19:26:54","slug":"participacion-historica-de-chile-y-del-colegio-mayor-en-el-1er-torneo-promesas-olimpicas-asuncion-2025","status":"publish","type":"post","link":"https:\/\/webpe.colegiomayor.cl\/?p=38945","title":{"rendered":"Participaci\u00f3n Hist\u00f3rica de Chile y del Colegio Mayor en el &#8220;1er. Torneo Promesas Ol\u00edmpicas &#8211; Asunci\u00f3n 2025&#8221;"},"content":{"rendered":"\n<p><strong>Entre el 9 y el 14 de julio de 2025<\/strong> se llev\u00f3 a cabo el <strong>Primer Torneo Sudamericano \u201cPromesas Ol\u00edmpicas\u201d<\/strong> en la ciudad de Asunci\u00f3n, Paraguay, una competencia in\u00e9dita que reuni\u00f3 a las futuras generaciones del deporte sudamericano en un escenario de primer nivel: el Parque Ol\u00edmpico, que alberga el moderno Centro Acu\u00e1tico Ol\u00edmpico (CAO), dotado con tecnolog\u00eda de \u00faltima generaci\u00f3n y est\u00e1ndares internacionales.<\/p>\n\n\n\n<p>Esta primera edici\u00f3n marc\u00f3 un hito hist\u00f3rico tanto para el deporte chileno como para nuestra comunidad escolar, al contar con una destacada participaci\u00f3n de la delegaci\u00f3n nacional, la cual estuvo compuesta por <strong>47 nadadores de entre 9 y 13 a\u00f1os<\/strong> (categor\u00edas Infantil C, Infantil A, Infantil B1 e Infantil B2), acompa\u00f1ados por cinco entrenadores.<\/p>\n\n\n\n<p><strong>Chile obtuvo un resultado sobresaliente, consiguiendo 31 medallas (3 de oro, 13 de plata y 15 de bronce), adem\u00e1s de tres reconocimientos por equipos:<\/strong><\/p>\n\n\n\n<ul class=\"wp-block-list\">\n<li>Segundo lugar en la categor\u00eda Infantil (2013\u20132012)<\/li>\n\n\n\n<li>Tercer lugar en la categor\u00eda Menor (2014\u20132015)<\/li>\n\n\n\n<li>Tercer lugar en la sumatoria general de puntajes entre todas las categor\u00edas participantes<\/li>\n<\/ul>\n\n\n\n<p>Dentro de este importante logro nacional, el <strong>Colegio Mayor de Pe\u00f1alol\u00e9n<\/strong> tuvo una participaci\u00f3n especialmente significativa, con seis estudiantes seleccionados y la presencia del profesor de Educaci\u00f3n F\u00edsica y t\u00e9cnico del equipo infantil, <strong>Sim\u00f3n Fern\u00e1ndez<\/strong>, quien acompa\u00f1\u00f3 y lider\u00f3 a nuestros deportistas durante esta exigente competencia.<\/p>\n\n\n\n<p>Nuestros estudiantes demostraron un alto compromiso, disciplina, esp\u00edritu deportivo y un profundo sentido de representaci\u00f3n, dejando en alto el nombre de nuestro pa\u00eds y del colegio en una instancia internacional de gran proyecci\u00f3n.<\/p>\n\n\n\n<hr class=\"wp-block-separator has-alpha-channel-opacity\"\/>\n\n\n\n<h3 class=\"wp-block-heading\"><strong>Resultados individuales de los estudiantes del Colegio Mayor de Pe\u00f1alol\u00e9n<\/strong><\/h3>\n\n\n\n<p><strong>Alicia Vald\u00e9s<\/strong><\/p>\n\n\n\n<ul class=\"wp-block-list\">\n<li>1\u00ba lugar \u2013 100 m mariposa<\/li>\n\n\n\n<li>3\u00ba lugar \u2013 200 m combinado<\/li>\n\n\n\n<li>3\u00ba lugar \u2013 400 m libre<\/li>\n\n\n\n<li>7\u00ba lugar \u2013 50 m libre<\/li>\n\n\n\n<li>8\u00ba lugar \u2013 100 m espalda<\/li>\n<\/ul>\n\n\n\n<p><strong>Julieta Fern\u00e1ndez<\/strong><\/p>\n\n\n\n<ul class=\"wp-block-list\">\n<li>5\u00ba lugar \u2013 200 m combinado<\/li>\n\n\n\n<li>6\u00ba lugar \u2013 100 m pecho<\/li>\n\n\n\n<li>7\u00ba lugar \u2013 100 m espalda<\/li>\n\n\n\n<li>12\u00ba lugar \u2013 100 m mariposa<\/li>\n\n\n\n<li>18\u00ba lugar \u2013 50 m libre<\/li>\n<\/ul>\n\n\n\n<p><strong>Raffaella Falcone<\/strong><\/p>\n\n\n\n<ul class=\"wp-block-list\">\n<li>5\u00ba lugar \u2013 200 m libre<\/li>\n\n\n\n<li>7\u00ba lugar \u2013 50 m libre<\/li>\n\n\n\n<li>8\u00ba lugar \u2013 100 m mariposa<\/li>\n\n\n\n<li>9\u00ba lugar \u2013 100 m libre<\/li>\n<\/ul>\n\n\n\n<p><strong>Gabriela Lobos<\/strong><\/p>\n\n\n\n<ul class=\"wp-block-list\">\n<li>5\u00ba lugar \u2013 50 m mariposa<\/li>\n\n\n\n<li>5\u00ba lugar \u2013 200 m libre<\/li>\n\n\n\n<li>8\u00ba lugar \u2013 200 m combinado<\/li>\n\n\n\n<li>8\u00ba lugar \u2013 50 m espalda<\/li>\n\n\n\n<li>9\u00ba lugar \u2013 50 m libre<\/li>\n\n\n\n<li>12\u00ba lugar \u2013 50 m pecho<\/li>\n<\/ul>\n\n\n\n<p><strong>Agust\u00edn Guerrero<\/strong><\/p>\n\n\n\n<ul class=\"wp-block-list\">\n<li>10\u00ba lugar \u2013 100 m espalda<\/li>\n\n\n\n<li>10\u00ba lugar \u2013 100 m mariposa<\/li>\n\n\n\n<li>11\u00ba lugar \u2013 100 m libre<\/li>\n\n\n\n<li>12\u00ba lugar \u2013 200 m combinado<\/li>\n\n\n\n<li>14\u00ba lugar \u2013 50 m libre<\/li>\n<\/ul>\n\n\n\n<p><strong>Mat\u00edas Ch\u00e1vez<\/strong><\/p>\n\n\n\n<ul class=\"wp-block-list\">\n<li>2\u00ba lugar \u2013 200 m combinado<\/li>\n\n\n\n<li>6\u00ba lugar \u2013 50 m pecho<\/li>\n\n\n\n<li>6\u00ba lugar \u2013 200 m libre<\/li>\n\n\n\n<li>7\u00ba lugar \u2013 50 m libre<\/li>\n\n\n\n<li>8\u00ba lugar \u2013 50 m mariposa<\/li>\n\n\n\n<li>15\u00ba lugar \u2013 50 m espalda<\/li>\n<\/ul>\n\n\n\n<hr class=\"wp-block-separator has-alpha-channel-opacity\"\/>\n\n\n\n<p>Esta experiencia no solo refuerza el compromiso de nuestros estudiantes con la <strong>excelencia deportiva<\/strong>, sino que tambi\u00e9n abre nuevas puertas para futuras competencias internacionales, consolidando al <strong>Colegio Mayor de Pe\u00f1alol\u00e9n<\/strong> como un referente en el desarrollo integral de sus alumnos.<\/p>\n\n\n\n<p><strong>\u00a1Felicitamos con orgullo a nuestros deportistas y a su t\u00e9cnico Sim\u00f3n Fern\u00e1ndez por este logro hist\u00f3rico!<\/strong><\/p>\n\n\n\n<figure class=\"wp-block-gallery has-nested-images columns-default is-cropped wp-block-gallery-1 is-layout-flex wp-block-gallery-is-layout-flex\">\n<figure class=\"wp-block-image size-large\"><img loading=\"lazy\" decoding=\"async\" width=\"1024\" height=\"577\" data-id=\"38948\" src=\"https:\/\/webpe.colegiomayor.cl\/wp-content\/uploads\/2025\/07\/WhatsApp-Image-2025-07-15-at-10.07.541-1024x577.jpeg\" alt=\"\" class=\"wp-image-38948\" srcset=\"https:\/\/webpe.colegiomayor.cl\/wp-content\/uploads\/2025\/07\/WhatsApp-Image-2025-07-15-at-10.07.541-1024x577.jpeg 1024w, https:\/\/webpe.colegiomayor.cl\/wp-content\/uploads\/2025\/07\/WhatsApp-Image-2025-07-15-at-10.07.541-300x169.jpeg 300w, https:\/\/webpe.colegiomayor.cl\/wp-content\/uploads\/2025\/07\/WhatsApp-Image-2025-07-15-at-10.07.541-768x432.jpeg 768w, https:\/\/webpe.colegiomayor.cl\/wp-content\/uploads\/2025\/07\/WhatsApp-Image-2025-07-15-at-10.07.541-1536x865.jpeg 1536w, https:\/\/webpe.colegiomayor.cl\/wp-content\/uploads\/2025\/07\/WhatsApp-Image-2025-07-15-at-10.07.541-2048x1153.jpeg 2048w, https:\/\/webpe.colegiomayor.cl\/wp-content\/uploads\/2025\/07\/WhatsApp-Image-2025-07-15-at-10.07.541-150x84.jpeg 150w\" sizes=\"auto, (max-width: 1024px) 100vw, 1024px\" \/><\/figure>\n\n\n\n<figure class=\"wp-block-image size-large\"><img loading=\"lazy\" decoding=\"async\" width=\"828\" height=\"529\" data-id=\"38949\" src=\"https:\/\/webpe.colegiomayor.cl\/wp-content\/uploads\/2025\/07\/WhatsApp-Image-2025-07-15-at-10.08.58.jpeg\" alt=\"\" class=\"wp-image-38949\" srcset=\"https:\/\/webpe.colegiomayor.cl\/wp-content\/uploads\/2025\/07\/WhatsApp-Image-2025-07-15-at-10.08.58.jpeg 828w, https:\/\/webpe.colegiomayor.cl\/wp-content\/uploads\/2025\/07\/WhatsApp-Image-2025-07-15-at-10.08.58-300x192.jpeg 300w, https:\/\/webpe.colegiomayor.cl\/wp-content\/uploads\/2025\/07\/WhatsApp-Image-2025-07-15-at-10.08.58-768x491.jpeg 768w, https:\/\/webpe.colegiomayor.cl\/wp-content\/uploads\/2025\/07\/WhatsApp-Image-2025-07-15-at-10.08.58-150x96.jpeg 150w\" sizes=\"auto, (max-width: 828px) 100vw, 828px\" \/><\/figure>\n\n\n\n<figure class=\"wp-block-image size-large\"><img loading=\"lazy\" decoding=\"async\" width=\"768\" height=\"1024\" data-id=\"38947\" src=\"https:\/\/webpe.colegiomayor.cl\/wp-content\/uploads\/2025\/07\/WhatsApp-Image-2025-07-15-at-10.06.53-768x1024.jpeg\" alt=\"\" class=\"wp-image-38947\" srcset=\"https:\/\/webpe.colegiomayor.cl\/wp-content\/uploads\/2025\/07\/WhatsApp-Image-2025-07-15-at-10.06.53-768x1024.jpeg 768w, https:\/\/webpe.colegiomayor.cl\/wp-content\/uploads\/2025\/07\/WhatsApp-Image-2025-07-15-at-10.06.53-225x300.jpeg 225w, https:\/\/webpe.colegiomayor.cl\/wp-content\/uploads\/2025\/07\/WhatsApp-Image-2025-07-15-at-10.06.53-113x150.jpeg 113w, https:\/\/webpe.colegiomayor.cl\/wp-content\/uploads\/2025\/07\/WhatsApp-Image-2025-07-15-at-10.06.53.jpeg 960w\" sizes=\"auto, (max-width: 768px) 100vw, 768px\" \/><\/figure>\n\n\n\n<figure class=\"wp-block-image size-large\"><img loading=\"lazy\" decoding=\"async\" width=\"828\" height=\"488\" data-id=\"38946\" src=\"https:\/\/webpe.colegiomayor.cl\/wp-content\/uploads\/2025\/07\/WhatsApp-Image-2025-07-15-at-10.09.50.jpeg\" alt=\"\" class=\"wp-image-38946\" srcset=\"https:\/\/webpe.colegiomayor.cl\/wp-content\/uploads\/2025\/07\/WhatsApp-Image-2025-07-15-at-10.09.50.jpeg 828w, https:\/\/webpe.colegiomayor.cl\/wp-content\/uploads\/2025\/07\/WhatsApp-Image-2025-07-15-at-10.09.50-300x177.jpeg 300w, https:\/\/webpe.colegiomayor.cl\/wp-content\/uploads\/2025\/07\/WhatsApp-Image-2025-07-15-at-10.09.50-768x453.jpeg 768w, https:\/\/webpe.colegiomayor.cl\/wp-content\/uploads\/2025\/07\/WhatsApp-Image-2025-07-15-at-10.09.50-150x88.jpeg 150w\" sizes=\"auto, (max-width: 828px) 100vw, 828px\" \/><\/figure>\n<\/figure>\n\n\n\n<p class=\"has-text-align-left\" style=\"font-size:10px\"><\/p>\n\n\n\n<p class=\"has-small-font-size\"><\/p>\n\n\n\n<p><\/p>\n","protected":false},"excerpt":{"rendered":"<p>Entre el 9 y el 14 de julio de 2025 se llev\u00f3 a cabo el Primer Torneo Sudamericano \u201cPromesas Ol\u00edmpicas\u201d en la ciudad de Asunci\u00f3n, Paraguay, una competencia in\u00e9dita que reuni\u00f3 a las futuras generaciones del deporte sudamericano en un escenario de primer nivel: el&nbsp;<a href=\"https:\/\/webpe.colegiomayor.cl\/?p=38945\">&hellip;<\/a><\/p>\n","protected":false},"author":11,"featured_media":38950,"comment_status":"closed","ping_status":"closed","sticky":false,"template":"","format":"standard","meta":{"content-type":"","footnotes":""},"categories":[24,38,25,44],"tags":[],"class_list":["post-38945","post","type-post","status-publish","format-standard","has-post-thumbnail","hentry","category-comunicaciones","category-comunicaciones-news","category-deportes","category-noticias","odd"],"rttpg_featured_image_url":{"full":["https:\/\/webpe.colegiomayor.cl\/wp-content\/uploads\/2025\/07\/WhatsApp-Image-2025-07-15-at-10.09.50-1.jpeg",828,488,false],"landscape":["https:\/\/webpe.colegiomayor.cl\/wp-content\/uploads\/2025\/07\/WhatsApp-Image-2025-07-15-at-10.09.50-1.jpeg",828,488,false],"portraits":["https:\/\/webpe.colegiomayor.cl\/wp-content\/uploads\/2025\/07\/WhatsApp-Image-2025-07-15-at-10.09.50-1.jpeg",828,488,false],"thumbnail":["https:\/\/webpe.colegiomayor.cl\/wp-content\/uploads\/2025\/07\/WhatsApp-Image-2025-07-15-at-10.09.50-1-150x150.jpeg",150,150,true],"medium":["https:\/\/webpe.colegiomayor.cl\/wp-content\/uploads\/2025\/07\/WhatsApp-Image-2025-07-15-at-10.09.50-1-300x177.jpeg",300,177,true],"large":["https:\/\/webpe.colegiomayor.cl\/wp-content\/uploads\/2025\/07\/WhatsApp-Image-2025-07-15-at-10.09.50-1-828x488.jpeg",828,488,true],"1536x1536":["https:\/\/webpe.colegiomayor.cl\/wp-content\/uploads\/2025\/07\/WhatsApp-Image-2025-07-15-at-10.09.50-1-828x488.jpeg",828,488,true],"2048x2048":["https:\/\/webpe.colegiomayor.cl\/wp-content\/uploads\/2025\/07\/WhatsApp-Image-2025-07-15-at-10.09.50-1-828x488.jpeg",828,488,true],"post-thumbnail":["https:\/\/webpe.colegiomayor.cl\/wp-content\/uploads\/2025\/07\/WhatsApp-Image-2025-07-15-at-10.09.50-1-150x88.jpeg",150,88,true],"ed-school-featured-image":["https:\/\/webpe.colegiomayor.cl\/wp-content\/uploads\/2025\/07\/WhatsApp-Image-2025-07-15-at-10.09.50-1-828x488.jpeg",828,488,true],"ed-school-medium":["https:\/\/webpe.colegiomayor.cl\/wp-content\/uploads\/2025\/07\/WhatsApp-Image-2025-07-15-at-10.09.50-1-768x488.jpeg",768,488,true],"ed-school-medium-alt":["https:\/\/webpe.colegiomayor.cl\/wp-content\/uploads\/2025\/07\/WhatsApp-Image-2025-07-15-at-10.09.50-1-768x410.jpeg",768,410,true],"ed-school-square":["https:\/\/webpe.colegiomayor.cl\/wp-content\/uploads\/2025\/07\/WhatsApp-Image-2025-07-15-at-10.09.50-1-768x488.jpeg",768,488,true],"ed-school-square-small":["https:\/\/webpe.colegiomayor.cl\/wp-content\/uploads\/2025\/07\/WhatsApp-Image-2025-07-15-at-10.09.50-1-420x420.jpeg",420,420,true]},"rttpg_author":{"display_name":"Francisco Arriagada","author_link":"https:\/\/webpe.colegiomayor.cl\/?author=11"},"rttpg_comment":0,"rttpg_category":"<a href=\"https:\/\/webpe.colegiomayor.cl\/?cat=24\" rel=\"category\">COMUNICACIONES<\/a> <a href=\"https:\/\/webpe.colegiomayor.cl\/?cat=38\" rel=\"category\">Comunicaciones-NEWS<\/a> <a href=\"https:\/\/webpe.colegiomayor.cl\/?cat=25\" rel=\"category\">DEPORTES<\/a> <a href=\"https:\/\/webpe.colegiomayor.cl\/?cat=44\" rel=\"category\">NOTICIAS<\/a>","rttpg_excerpt":"Entre el 9 y el 14 de julio de 2025 se llev\u00f3 a cabo el Primer Torneo Sudamericano \u201cPromesas Ol\u00edmpicas\u201d en la ciudad de Asunci\u00f3n, Paraguay, una competencia in\u00e9dita que reuni\u00f3 a las futuras generaciones del deporte sudamericano en un escenario de primer nivel: el&nbsp;&hellip;","_links":{"self":[{"href":"https:\/\/webpe.colegiomayor.cl\/index.php?rest_route=\/wp\/v2\/posts\/38945","targetHints":{"allow":["GET"]}}],"collection":[{"href":"https:\/\/webpe.colegiomayor.cl\/index.php?rest_route=\/wp\/v2\/posts"}],"about":[{"href":"https:\/\/webpe.colegiomayor.cl\/index.php?rest_route=\/wp\/v2\/types\/post"}],"author":[{"embeddable":true,"href":"https:\/\/webpe.colegiomayor.cl\/index.php?rest_route=\/wp\/v2\/users\/11"}],"replies":[{"embeddable":true,"href":"https:\/\/webpe.colegiomayor.cl\/index.php?rest_route=%2Fwp%2Fv2%2Fcomments&post=38945"}],"version-history":[{"count":1,"href":"https:\/\/webpe.colegiomayor.cl\/index.php?rest_route=\/wp\/v2\/posts\/38945\/revisions"}],"predecessor-version":[{"id":38951,"href":"https:\/\/webpe.colegiomayor.cl\/index.php?rest_route=\/wp\/v2\/posts\/38945\/revisions\/38951"}],"wp:featuredmedia":[{"embeddable":true,"href":"https:\/\/webpe.colegiomayor.cl\/index.php?rest_route=\/wp\/v2\/media\/38950"}],"wp:attachment":[{"href":"https:\/\/webpe.colegiomayor.cl\/index.php?rest_route=%2Fwp%2Fv2%2Fmedia&parent=38945"}],"wp:term":[{"taxonomy":"category","embeddable":true,"href":"https:\/\/webpe.colegiomayor.cl\/index.php?rest_route=%2Fwp%2Fv2%2Fcategories&post=38945"},{"taxonomy":"post_tag","embeddable":true,"href":"https:\/\/webpe.colegiomayor.cl\/index.php?rest_route=%2Fwp%2Fv2%2Ftags&post=38945"}],"curies":[{"name":"wp","href":"https:\/\/api.w.org\/{rel}","templated":true}]}}