{"id":38942,"date":"2025-07-15T16:15:01","date_gmt":"2025-07-15T19:15:01","guid":{"rendered":"https:\/\/webpe.colegiomayor.cl\/?p=38942"},"modified":"2025-07-18T16:18:00","modified_gmt":"2025-07-18T19:18:00","slug":"seleccion-junior-y-senior-del-colegio-mayor-brillan-en-campamento-de-perfeccionamiento-tecnico-de-cschile","status":"publish","type":"post","link":"https:\/\/webpe.colegiomayor.cl\/?p=38942","title":{"rendered":"Selecci\u00f3n Junior y Senior del Colegio Mayor brillan en Campamento de Perfeccionamiento T\u00e9cnico de CSCHILE"},"content":{"rendered":"\n<p>Con entusiasmo, compromiso y esp\u00edritu deportivo, las selecciones Junior y Senior de cheerleading del Colegio Mayor de Pe\u00f1alol\u00e9n participaron en el destacado <strong>Campamento de Perfeccionamiento T\u00e9cnico de la compa\u00f1\u00eda CSCHILE<\/strong>, realizado en nuestras propias instalaciones el pasado domingo 13 de julio.<\/p>\n\n\n\n<p>La jornada fue dirigida por <strong>J\u00fapiter Muro<\/strong>, entrenador de la Selecci\u00f3n Nacional de Cheerleaders de Chile, junto a un experimentado staff compuesto por seleccionados nacionales. Esta instancia permiti\u00f3 a nuestras deportistas entrenar con referentes del cheerleading nacional, perfeccionando habilidades t\u00e9cnicas individuales y grupales.<\/p>\n\n\n\n<p>Este campamento, organizado por la compa\u00f1\u00eda CSCHILE, <strong>se realiza desde hace m\u00e1s de 15 a\u00f1os en diferentes regiones del pa\u00eds<\/strong>, reuniendo a cientos de deportistas con el objetivo de potenciar el nivel t\u00e9cnico, fomentar el esp\u00edritu deportivo y generar redes entre equipos y comunidades del cheerleading nacional.<\/p>\n\n\n\n<p>Durante la jornada, nuestras seleccionadas participaron activamente en bloques de formaci\u00f3n t\u00e9cnica, trabajo de stunts, gimnasia y din\u00e1micas enfocadas en fortalecer el <strong>trabajo en equipo y la cohesi\u00f3n grupal<\/strong>, aspectos fundamentales para el rendimiento deportivo y el desarrollo personal.<\/p>\n\n\n\n<p><strong>Integrantes de ambas selecciones fueron destacadas por su desempe\u00f1o en las actividades de danza y expresi\u00f3n esc\u00e9nica. En particular, la deportista Josefa \u00c1ngel fue reconocida como la atleta con mejor ejecuci\u00f3n en la competencia individual de saltos, entre m\u00e1s de 270 participantes. Adem\u00e1s, la categor\u00eda Senior fue condecorada con el &#8220;Spirit Stick&#8221;, s\u00edmbolo que premia al equipo que refleja mayor compa\u00f1erismo, energ\u00eda y actitud positiva a lo largo del evento.<\/strong><\/p>\n\n\n\n<p>Queremos destacar y agradecer profundamente a los <strong>padres y apoderados de ambas selecciones<\/strong>, quienes han sido un pilar fundamental en este proceso, brindando constante apoyo y colaborando activamente en la gesti\u00f3n de actividades. Su compromiso y entusiasmo han sido claves para el desarrollo y proyecci\u00f3n de nuestros equipos.<\/p>\n\n\n\n<p>Felicitamos a nuestras representantes por su destacada participaci\u00f3n, compromiso y por dejar en alto el nombre del Colegio Mayor de Pe\u00f1alol\u00e9n. \u00a1Seguimos creciendo con fuerza y pasi\u00f3n por el cheer!<\/p>\n\n\n\n<p><em>Se adjuntan fotograf\u00edas de la jornada.<\/em><\/p>\n\n\n\n<figure class=\"wp-block-image\"><img decoding=\"async\" src=\"https:\/\/lh7-rt.googleusercontent.com\/docsz\/AD_4nXcZ9KSoGsZlQP-KTEydtXOlYfoBE9stSoa-xTid1bDs1ItT_NxiaTrcNcyqSNdSxnhX8jDTdrfY_9hEIUlUXrlcsqhyLMSfmNU7WNsF4ciDgnILdAWsGrAugIe4A3D9yCax7kWfD6-mmJfx1odxai4?key=jfWoUvH2vrpG3cfr7Mkupg\" alt=\"WhatsApp Image 2025-07-15 at 11.02.37 AM.jpeg\"\/><\/figure>\n\n\n\n<figure class=\"wp-block-image\"><img decoding=\"async\" src=\"https:\/\/lh7-rt.googleusercontent.com\/docsz\/AD_4nXeNQnXxVZbU9nZeVtbyn04Z8CF0ZNMXXoEANFLb5n3_9PNGrwqxX80OzqC8B0fWOni4YjMDvDpbXehnE7lu_XKgk8BqIONpye6VIb7bqJg1IIsxVgbC2JdRaEZGjlb4Nn1B2r9wwznlkTG0ivV_60Y?key=jfWoUvH2vrpG3cfr7Mkupg\" alt=\"WhatsApp Image 2025-07-15 at 11.02.36 AM (1).jpeg\"\/><\/figure>\n\n\n\n<figure class=\"wp-block-image\"><img decoding=\"async\" src=\"https:\/\/lh7-rt.googleusercontent.com\/docsz\/AD_4nXc2WXkDTNbKbKKkbl2T4bPKVUnuK4ge852ssvPm6jWRiXtl7YXxHOzEr_YIoPZMZN1CNpgvttOvAmESCPLTm754Sl0_MTRSDXDl4r1qxhAjoXohvZBCGlmwcsIZXNRZbsdRlUur2N9SFL5ToUZrlQ?key=jfWoUvH2vrpG3cfr7Mkupg\" alt=\"WhatsApp Image 2025-07-15 at 11.02.36 AM.jpeg\"\/><\/figure>\n\n\n\n<figure class=\"wp-block-image\"><img decoding=\"async\" src=\"https:\/\/lh7-rt.googleusercontent.com\/docsz\/AD_4nXex1gNxam9b4PJCA64NER4ErWs6y9puJfz0wV3a44UlZAbhVTBZ0V3t-jVvrtzU-HqIzGDHUx6gCDPOi9alRAI5a86PN0ScV-UB30fdv14JttZ2ZUAILxMvWQAbBPbU3KE9VQQvqYLlPA1BQSdgoqA?key=jfWoUvH2vrpG3cfr7Mkupg\" alt=\"WhatsApp Image 2025-07-15 at 11.02.37 AM (1).jpeg\"\/><\/figure>\n\n\n\n<figure class=\"wp-block-image\"><img decoding=\"async\" src=\"https:\/\/lh7-rt.googleusercontent.com\/docsz\/AD_4nXe3h_Ww8JDeE6sYSxWgHfBiANdY3vJCMn1z5XKewNpyCRN6HttMTZcF9sNbugWWA4oJDMbwsRoDLlOK1V_re6yyCQcCAB_tqOzQp2XIVAzTU7vd9fMnd_3CKn-B9CQ_olQlnOQXxn1KcpKpIjc2zUA?key=jfWoUvH2vrpG3cfr7Mkupg\" alt=\"WhatsApp Image 2025-07-15 at 11.02.37 AM (2).jpeg\"\/><\/figure>\n\n\n\n<figure class=\"wp-block-gallery has-nested-images columns-default is-cropped wp-block-gallery-1 is-layout-flex wp-block-gallery-is-layout-flex\"><\/figure>\n\n\n\n<p class=\"has-text-align-left\" style=\"font-size:10px\"><\/p>\n\n\n\n<p class=\"has-small-font-size\"><\/p>\n\n\n\n<p><\/p>\n","protected":false},"excerpt":{"rendered":"<p>Con entusiasmo, compromiso y esp\u00edritu deportivo, las selecciones Junior y Senior de cheerleading del Colegio Mayor de Pe\u00f1alol\u00e9n participaron en el destacado Campamento de Perfeccionamiento T\u00e9cnico de la compa\u00f1\u00eda CSCHILE, realizado en nuestras propias instalaciones el pasado domingo 13 de julio. La jornada fue dirigida&nbsp;<a href=\"https:\/\/webpe.colegiomayor.cl\/?p=38942\">&hellip;<\/a><\/p>\n","protected":false},"author":11,"featured_media":38943,"comment_status":"closed","ping_status":"closed","sticky":false,"template":"","format":"standard","meta":{"content-type":"","footnotes":""},"categories":[24,38,25,44],"tags":[],"class_list":["post-38942","post","type-post","status-publish","format-standard","has-post-thumbnail","hentry","category-comunicaciones","category-comunicaciones-news","category-deportes","category-noticias","odd"],"rttpg_featured_image_url":{"full":["https:\/\/webpe.colegiomayor.cl\/wp-content\/uploads\/2025\/07\/CHEER-CMPE.png",1050,491,false],"landscape":["https:\/\/webpe.colegiomayor.cl\/wp-content\/uploads\/2025\/07\/CHEER-CMPE.png",1050,491,false],"portraits":["https:\/\/webpe.colegiomayor.cl\/wp-content\/uploads\/2025\/07\/CHEER-CMPE.png",1050,491,false],"thumbnail":["https:\/\/webpe.colegiomayor.cl\/wp-content\/uploads\/2025\/07\/CHEER-CMPE-150x150.png",150,150,true],"medium":["https:\/\/webpe.colegiomayor.cl\/wp-content\/uploads\/2025\/07\/CHEER-CMPE-300x140.png",300,140,true],"large":["https:\/\/webpe.colegiomayor.cl\/wp-content\/uploads\/2025\/07\/CHEER-CMPE-1024x479.png",1024,479,true],"1536x1536":["https:\/\/webpe.colegiomayor.cl\/wp-content\/uploads\/2025\/07\/CHEER-CMPE-1050x491.png",1050,491,true],"2048x2048":["https:\/\/webpe.colegiomayor.cl\/wp-content\/uploads\/2025\/07\/CHEER-CMPE-1050x491.png",1050,491,true],"post-thumbnail":["https:\/\/webpe.colegiomayor.cl\/wp-content\/uploads\/2025\/07\/CHEER-CMPE-150x70.png",150,70,true],"ed-school-featured-image":["https:\/\/webpe.colegiomayor.cl\/wp-content\/uploads\/2025\/07\/CHEER-CMPE-990x491.png",990,491,true],"ed-school-medium":["https:\/\/webpe.colegiomayor.cl\/wp-content\/uploads\/2025\/07\/CHEER-CMPE-768x491.png",768,491,true],"ed-school-medium-alt":["https:\/\/webpe.colegiomayor.cl\/wp-content\/uploads\/2025\/07\/CHEER-CMPE-768x410.png",768,410,true],"ed-school-square":["https:\/\/webpe.colegiomayor.cl\/wp-content\/uploads\/2025\/07\/CHEER-CMPE-768x491.png",768,491,true],"ed-school-square-small":["https:\/\/webpe.colegiomayor.cl\/wp-content\/uploads\/2025\/07\/CHEER-CMPE-420x420.png",420,420,true]},"rttpg_author":{"display_name":"Francisco Arriagada","author_link":"https:\/\/webpe.colegiomayor.cl\/?author=11"},"rttpg_comment":0,"rttpg_category":"<a href=\"https:\/\/webpe.colegiomayor.cl\/?cat=24\" rel=\"category\">COMUNICACIONES<\/a> <a href=\"https:\/\/webpe.colegiomayor.cl\/?cat=38\" rel=\"category\">Comunicaciones-NEWS<\/a> <a href=\"https:\/\/webpe.colegiomayor.cl\/?cat=25\" rel=\"category\">DEPORTES<\/a> <a href=\"https:\/\/webpe.colegiomayor.cl\/?cat=44\" rel=\"category\">NOTICIAS<\/a>","rttpg_excerpt":"Con entusiasmo, compromiso y esp\u00edritu deportivo, las selecciones Junior y Senior de cheerleading del Colegio Mayor de Pe\u00f1alol\u00e9n participaron en el destacado Campamento de Perfeccionamiento T\u00e9cnico de la compa\u00f1\u00eda CSCHILE, realizado en nuestras propias instalaciones el pasado domingo 13 de julio. La jornada fue dirigida&nbsp;&hellip;","_links":{"self":[{"href":"https:\/\/webpe.colegiomayor.cl\/index.php?rest_route=\/wp\/v2\/posts\/38942","targetHints":{"allow":["GET"]}}],"collection":[{"href":"https:\/\/webpe.colegiomayor.cl\/index.php?rest_route=\/wp\/v2\/posts"}],"about":[{"href":"https:\/\/webpe.colegiomayor.cl\/index.php?rest_route=\/wp\/v2\/types\/post"}],"author":[{"embeddable":true,"href":"https:\/\/webpe.colegiomayor.cl\/index.php?rest_route=\/wp\/v2\/users\/11"}],"replies":[{"embeddable":true,"href":"https:\/\/webpe.colegiomayor.cl\/index.php?rest_route=%2Fwp%2Fv2%2Fcomments&post=38942"}],"version-history":[{"count":1,"href":"https:\/\/webpe.colegiomayor.cl\/index.php?rest_route=\/wp\/v2\/posts\/38942\/revisions"}],"predecessor-version":[{"id":38944,"href":"https:\/\/webpe.colegiomayor.cl\/index.php?rest_route=\/wp\/v2\/posts\/38942\/revisions\/38944"}],"wp:featuredmedia":[{"embeddable":true,"href":"https:\/\/webpe.colegiomayor.cl\/index.php?rest_route=\/wp\/v2\/media\/38943"}],"wp:attachment":[{"href":"https:\/\/webpe.colegiomayor.cl\/index.php?rest_route=%2Fwp%2Fv2%2Fmedia&parent=38942"}],"wp:term":[{"taxonomy":"category","embeddable":true,"href":"https:\/\/webpe.colegiomayor.cl\/index.php?rest_route=%2Fwp%2Fv2%2Fcategories&post=38942"},{"taxonomy":"post_tag","embeddable":true,"href":"https:\/\/webpe.colegiomayor.cl\/index.php?rest_route=%2Fwp%2Fv2%2Ftags&post=38942"}],"curies":[{"name":"wp","href":"https:\/\/api.w.org\/{rel}","templated":true}]}}