{"id":38925,"date":"2025-07-17T17:20:57","date_gmt":"2025-07-17T20:20:57","guid":{"rendered":"https:\/\/webpe.colegiomayor.cl\/?p=38925"},"modified":"2025-07-17T17:34:38","modified_gmt":"2025-07-17T20:34:38","slug":"selecciones-deportivas-sabado-19-de-julio","status":"publish","type":"post","link":"https:\/\/webpe.colegiomayor.cl\/?p=38925","title":{"rendered":"Selecciones Deportivas &#8211; S\u00e1bado 19 de julio"},"content":{"rendered":"\n<hr class=\"wp-block-separator has-alpha-channel-opacity\"\/>\n\n\n\n<h2 class=\"wp-block-heading has-cyan-bluish-gray-background-color has-background\">Atletismo<\/h2>\n\n\n\n<p>Entrenamiento programado con colegios invitados.<\/p>\n\n\n\n<ol class=\"wp-block-list\">\n<li>Colegio Teresiano Enrique de Osso.<\/li>\n\n\n\n<li>Colegio Nuestra Se\u00f1ora<\/li>\n\n\n\n<li>The English Institute<br>Hora de citaci\u00f3n:<br>09:00 a 10:30 hrs. categor\u00edas Preparatoria e Infantil<br>10:30 a 12:00 hrs. categor\u00edas Intermedia y Superior.<br>Lugar: Pista Estadio Mayor<br>Profesores a cargo:<br>Carlos Soto<br>Mario G\u00f3mez<br>Claudio Ulloa<\/li>\n<\/ol>\n\n\n\n<hr class=\"wp-block-separator has-alpha-channel-opacity\"\/>\n\n\n\n<h2 class=\"wp-block-heading has-cyan-bluish-gray-background-color has-background\">B\u00e1squetbol<\/h2>\n\n\n\n<p>Semifinales UC<br>Serie Superior<br>Rival: Liceo Salesianos Manuel Arriar\u00e1n Barros<br>Hora: 11:30 hrs.<br>Intermedia<br>Rival: La Salle La Florida<br>Hora: 12:45 hrs.<br>Sede: Colegio Domingo Matte, Puente Alto.<br>Direcci\u00f3n: Tocornal Grez #440, comuna de Puente Alto.<br>Profesores a cargo:<br>Carlos Cerecera<br>Nicol\u00e1s Ortiz<\/p>\n\n\n\n<hr class=\"wp-block-separator has-alpha-channel-opacity\"\/>\n\n\n\n<h2 class=\"wp-block-heading has-cyan-bluish-gray-background-color has-background\">Gimnasia Art\u00edstica<\/h2>\n\n\n\n<p>Entrenamiento normal<br>Hora: 09:00 a 10:30 hrs.<br>Niveles 0,1,2,4,5 y 6<br>Hora: 10:30 a 12:00 hrs.<br>Niveles: 0 (preseleccionadas), 1, 2 y 3.<br>Profesores a cargo:<br>Loreto Erazo<br>Yabhet Oblitas<br>Millaray Albornoz<\/p>\n\n\n\n<hr class=\"wp-block-separator has-alpha-channel-opacity\"\/>\n\n\n\n<h2 class=\"wp-block-heading has-cyan-bluish-gray-background-color has-background\">Nataci\u00f3n<\/h2>\n\n\n\n<p><strong>Sin Actividades<\/strong><\/p>\n\n\n\n<hr class=\"wp-block-separator has-alpha-channel-opacity\"\/>\n\n\n\n<h2 class=\"wp-block-heading has-cyan-bluish-gray-background-color has-background\">Tenis<\/h2>\n\n\n\n<p>Entrenamiento<br>Lugar: Canchas de Tenis, Estadio Mayor<br>Primer grupo infantil<br>Hora: 09:00 a 10:30 hrs.<br>Segundo grupo Intermedia<br>Hora: 10:30 a 12:00 hrs.<br>Profesor a cargo:<br>Hernan P\u00e9rez<\/p>\n\n\n\n<hr class=\"wp-block-separator has-alpha-channel-opacity\"\/>\n\n\n\n<h2 class=\"wp-block-heading has-cyan-bluish-gray-background-color has-background\">Cheerleader<\/h2>\n\n\n\n<p>Categor\u00eda Junior<br>Hora: 09.00 a 10:45 hrs.<br>Categor\u00eda Senior<br>Hora: 10:45 a 12:30 hrs.<br>Lugar: Foro, Colegio Mayor<br>Profesores a cargo:<br>Daniela Acu\u00f1a<br>Ricardo Vergara<\/p>\n\n\n\n<hr class=\"wp-block-separator has-alpha-channel-opacity\"\/>\n\n\n\n<h2 class=\"wp-block-heading has-cyan-bluish-gray-background-color has-background\">Voleibol Masculino<\/h2>\n\n\n\n<p>Categor\u00eda Mini<br>Entrenamiento<br>Lugar: Carpeta Estadio Mayor<br>Hora: 09:00 a 10:30 hrs.<br>Categor\u00edas Infantil y Superior<br>Entrenamiento<br>Lugar: Carpeta Estadio Mayor<br>Hora: 10:30 a 12:00 hrs.<br>Profesor a cargo:<br>Valent\u00edn Tamayo<br>\u2060Joaquin M\u00e9ndez<\/p>\n\n\n\n<hr class=\"wp-block-separator has-alpha-channel-opacity\"\/>\n\n\n\n<h2 class=\"wp-block-heading has-cyan-bluish-gray-background-color has-background\">Voleibol Femenino<\/h2>\n\n\n\n<p>Encuentros Amistosos<br>Lugar: Foro Colegio Mayor Pe\u00f1alol\u00e9n<br>Categor\u00eda Mini: 09:00 hrs.<br>Categor\u00edas Infantil: 10:00 hrs.<br>Categor\u00eda Superior: 11:00 hrs.<br>Profesores a cargo:<br>\u2060Pablo Beltr\u00e1n<br>Fernanda Montoya<\/p>\n\n\n\n<hr class=\"wp-block-separator has-alpha-channel-opacity\"\/>\n\n\n\n<h2 class=\"wp-block-heading has-cyan-bluish-gray-background-color has-background\">F\u00fatbol<\/h2>\n\n\n\n<p>Serie Infantil<br>Torneo AFUTCOP<br>Rival: Colegio SSCC Manquehue<br>Direcci\u00f3n: Padre Damian Deveuster #2215, comuna de Vitacura.<br>Citaci\u00f3n: 09:15 hrs.<br>Partido: 10:00 hrs.<br>Serie Mini<br>Entrenamiento<br>Hora: 09:00 hrs.<br>Lugar: Cancha Estadio Mayor<br>Profesores a cargo:<br>Pablo S\u00e1nchez<br>Edgard Vargas<\/p>\n","protected":false},"excerpt":{"rendered":"<p>Atletismo Entrenamiento programado con colegios invitados. B\u00e1squetbol Semifinales UCSerie SuperiorRival: Liceo Salesianos Manuel Arriar\u00e1n BarrosHora: 11:30 hrs.IntermediaRival: La Salle La FloridaHora: 12:45 hrs.Sede: Colegio Domingo Matte, Puente Alto.Direcci\u00f3n: Tocornal Grez #440, comuna de Puente Alto.Profesores a cargo:Carlos CereceraNicol\u00e1s Ortiz Gimnasia Art\u00edstica Entrenamiento normalHora: 09:00 a&nbsp;<a href=\"https:\/\/webpe.colegiomayor.cl\/?p=38925\">&hellip;<\/a><\/p>\n","protected":false},"author":11,"featured_media":38927,"comment_status":"closed","ping_status":"closed","sticky":false,"template":"","format":"standard","meta":{"content-type":"","footnotes":""},"categories":[25,44],"tags":[],"class_list":["post-38925","post","type-post","status-publish","format-standard","has-post-thumbnail","hentry","category-deportes","category-noticias","odd"],"rttpg_featured_image_url":{"full":["https:\/\/webpe.colegiomayor.cl\/wp-content\/uploads\/2025\/07\/foro.jpg",1440,810,false],"landscape":["https:\/\/webpe.colegiomayor.cl\/wp-content\/uploads\/2025\/07\/foro.jpg",1440,810,false],"portraits":["https:\/\/webpe.colegiomayor.cl\/wp-content\/uploads\/2025\/07\/foro.jpg",1440,810,false],"thumbnail":["https:\/\/webpe.colegiomayor.cl\/wp-content\/uploads\/2025\/07\/foro-150x150.jpg",150,150,true],"medium":["https:\/\/webpe.colegiomayor.cl\/wp-content\/uploads\/2025\/07\/foro-300x169.jpg",300,169,true],"large":["https:\/\/webpe.colegiomayor.cl\/wp-content\/uploads\/2025\/07\/foro-1024x576.jpg",1024,576,true],"1536x1536":["https:\/\/webpe.colegiomayor.cl\/wp-content\/uploads\/2025\/07\/foro-1440x810.jpg",1440,810,true],"2048x2048":["https:\/\/webpe.colegiomayor.cl\/wp-content\/uploads\/2025\/07\/foro-1440x810.jpg",1440,810,true],"post-thumbnail":["https:\/\/webpe.colegiomayor.cl\/wp-content\/uploads\/2025\/07\/foro-150x84.jpg",150,84,true],"ed-school-featured-image":["https:\/\/webpe.colegiomayor.cl\/wp-content\/uploads\/2025\/07\/foro-990x500.jpg",990,500,true],"ed-school-medium":["https:\/\/webpe.colegiomayor.cl\/wp-content\/uploads\/2025\/07\/foro-768x510.jpg",768,510,true],"ed-school-medium-alt":["https:\/\/webpe.colegiomayor.cl\/wp-content\/uploads\/2025\/07\/foro-768x410.jpg",768,410,true],"ed-school-square":["https:\/\/webpe.colegiomayor.cl\/wp-content\/uploads\/2025\/07\/foro-768x768.jpg",768,768,true],"ed-school-square-small":["https:\/\/webpe.colegiomayor.cl\/wp-content\/uploads\/2025\/07\/foro-420x420.jpg",420,420,true]},"rttpg_author":{"display_name":"Francisco Arriagada","author_link":"https:\/\/webpe.colegiomayor.cl\/?author=11"},"rttpg_comment":0,"rttpg_category":"<a href=\"https:\/\/webpe.colegiomayor.cl\/?cat=25\" rel=\"category\">DEPORTES<\/a> <a href=\"https:\/\/webpe.colegiomayor.cl\/?cat=44\" rel=\"category\">NOTICIAS<\/a>","rttpg_excerpt":"Atletismo Entrenamiento programado con colegios invitados. B\u00e1squetbol Semifinales UCSerie SuperiorRival: Liceo Salesianos Manuel Arriar\u00e1n BarrosHora: 11:30 hrs.IntermediaRival: La Salle La FloridaHora: 12:45 hrs.Sede: Colegio Domingo Matte, Puente Alto.Direcci\u00f3n: Tocornal Grez #440, comuna de Puente Alto.Profesores a cargo:Carlos CereceraNicol\u00e1s Ortiz Gimnasia Art\u00edstica Entrenamiento normalHora: 09:00 a&nbsp;&hellip;","_links":{"self":[{"href":"https:\/\/webpe.colegiomayor.cl\/index.php?rest_route=\/wp\/v2\/posts\/38925","targetHints":{"allow":["GET"]}}],"collection":[{"href":"https:\/\/webpe.colegiomayor.cl\/index.php?rest_route=\/wp\/v2\/posts"}],"about":[{"href":"https:\/\/webpe.colegiomayor.cl\/index.php?rest_route=\/wp\/v2\/types\/post"}],"author":[{"embeddable":true,"href":"https:\/\/webpe.colegiomayor.cl\/index.php?rest_route=\/wp\/v2\/users\/11"}],"replies":[{"embeddable":true,"href":"https:\/\/webpe.colegiomayor.cl\/index.php?rest_route=%2Fwp%2Fv2%2Fcomments&post=38925"}],"version-history":[{"count":2,"href":"https:\/\/webpe.colegiomayor.cl\/index.php?rest_route=\/wp\/v2\/posts\/38925\/revisions"}],"predecessor-version":[{"id":38928,"href":"https:\/\/webpe.colegiomayor.cl\/index.php?rest_route=\/wp\/v2\/posts\/38925\/revisions\/38928"}],"wp:featuredmedia":[{"embeddable":true,"href":"https:\/\/webpe.colegiomayor.cl\/index.php?rest_route=\/wp\/v2\/media\/38927"}],"wp:attachment":[{"href":"https:\/\/webpe.colegiomayor.cl\/index.php?rest_route=%2Fwp%2Fv2%2Fmedia&parent=38925"}],"wp:term":[{"taxonomy":"category","embeddable":true,"href":"https:\/\/webpe.colegiomayor.cl\/index.php?rest_route=%2Fwp%2Fv2%2Fcategories&post=38925"},{"taxonomy":"post_tag","embeddable":true,"href":"https:\/\/webpe.colegiomayor.cl\/index.php?rest_route=%2Fwp%2Fv2%2Ftags&post=38925"}],"curies":[{"name":"wp","href":"https:\/\/api.w.org\/{rel}","templated":true}]}}